
{"id":9089,"date":"2010-04-23T02:57:12","date_gmt":"2010-04-23T05:57:12","guid":{"rendered":"http:\/\/www.oarcanjo.net\/site\/?p=9089"},"modified":"2010-05-01T14:28:08","modified_gmt":"2010-05-01T17:28:08","slug":"banda-balsamo","status":"publish","type":"post","link":"https:\/\/www.oarcanjo.net\/site\/banda-balsamo\/","title":{"rendered":"Banda B\u00e1lsamo"},"content":{"rendered":"<p><em>Alexandre Leone<\/em><\/p>\n<p>No dia 21 de abril de 2010 apresentou-se na Festa do Jubileu de Ouro dos 50 anos da Par\u00f3quia S\u00e3o Miguel Arcanjo, ap\u00f3s a missa campal, uma banda bastante marcante no seu estilo. Eu j\u00e1 havia tido um contato com este pessoal que deixou uma impress\u00e3o forte e marcante, ao falar e evangelizar atrav\u00e9s da m\u00fasica. Formada de pessoas simples de labuta di\u00e1ria e de forte criatividade e carisma musical que nos s\u00e1bados e domingos de todos os meses s\u00e3o abnegados cantores, int\u00e9rpretes e compositores populares que se entregam \u00e0 Palavra de Jesus, de Deus. Dividiram com dignidade um espa\u00e7o art\u00edstico com os mais renomados padres cantores, Pe. Zezinho e Jo\u00e3ozinho, e fizeram bonito.<\/p>\n<p><img loading=\"lazy\" decoding=\"async\" class=\"aligncenter size-full wp-image-9230\" title=\"Banda B\u00e1lsamo na festa do jubileu de ouro da par\u00f3quia S\u00e3o Miguel Arcanjo\" src=\"http:\/\/www.oarcanjo.net\/site\/wp-content\/uploads\/banda-balsamo-001.jpg\" alt=\"Banda B\u00e1lsamo na festa do jubileu de ouro da par\u00f3quia S\u00e3o Miguel Arcanjo\" width=\"450\" height=\"301\" srcset=\"https:\/\/www.oarcanjo.net\/site\/wp-content\/uploads\/banda-balsamo-001.jpg 450w, https:\/\/www.oarcanjo.net\/site\/wp-content\/uploads\/banda-balsamo-001-300x200.jpg 300w\" sizes=\"(max-width: 450px) 100vw, 450px\" \/><\/p>\n<p>Esta banda tem na sua caminhada 15 aninhos de vida, fazendo um som cat\u00f3lico voltado \u00e0 evangeliza\u00e7\u00e3o, usando como fonte inspiradora a palavra de Deus, Jesus e Maria, apoiadas na Renova\u00e7\u00e3o Carism\u00e1tica em Cristo (RCC). Usam como palco as par\u00f3quias Santa Ad\u00e9lia, Santo Ant\u00f4nio de P\u00e1dua e tamb\u00e9m a S\u00e3o Miguel do Jardim Conquista.<\/p>\n<p>Formada por 9 integrantes, Thatiana, Leila, Wagner, Rog\u00e9rio, M\u00e1rcio, Jeferson, Daniel, Igor e F\u00e1bio, faz o seu som com ritmos de rock, blues, baladas e reggae que contagiam os jovens a dan\u00e7ar as m\u00fasicas orando, louvando a Deus, o que acredito deva alegrar muito ao nosso Pai. Mas a miss\u00e3o destes jovens, alguns casados, \u00e9 falar na mesma l\u00edngua que os jovens falam; eles pregam com a m\u00fasica, e falam abertamente sobre sexo, droga, virgindade, namoro sem sexo, aborto e doen\u00e7as transmiss\u00edveis sexualmente e no meio das drogas. Al\u00e9m de deterem o minist\u00e9rio da m\u00fasica carregam consigo a palavra de Deus.<\/p>\n<p><img loading=\"lazy\" decoding=\"async\" class=\"aligncenter size-full wp-image-9231\" title=\"Banda B\u00e1lsamo na festa do jubileu de ouro da par\u00f3quia S\u00e3o Miguel Arcanjo\" src=\"http:\/\/www.oarcanjo.net\/site\/wp-content\/uploads\/banda-balsamo-002.jpg\" alt=\"Banda B\u00e1lsamo na festa do jubileu de ouro da par\u00f3quia S\u00e3o Miguel Arcanjo\" width=\"450\" height=\"301\" srcset=\"https:\/\/www.oarcanjo.net\/site\/wp-content\/uploads\/banda-balsamo-002.jpg 450w, https:\/\/www.oarcanjo.net\/site\/wp-content\/uploads\/banda-balsamo-002-300x200.jpg 300w\" sizes=\"(max-width: 450px) 100vw, 450px\" \/><\/p>\n<p>Meu encanto e respeito por estas pessoas foi muito al\u00e9m da sua apresenta\u00e7\u00e3o, eu comecei a falar que tratava-se de um grupo abnegado, prova disso \u00e9 que um dos integrantes veio fazer o show com uma forte dor de garganta, com febre e foi o que mais pulou na apresenta\u00e7\u00e3o. Fiquei sabendo tamb\u00e9m que um deles estava com o seu filho menor no hospital internado. Isto realmente me deixou muito preocupado e eu n\u00e3o posso deixar de lado o fato de agradecer a todos os integrantes pela apresenta\u00e7\u00e3o, foram brilhantes, de uma luz maravilhosa.<\/p>\n<p>Em nome desta par\u00f3quia, S\u00e3o Miguel Arcanjo, deste site que participo e da amizade de todos os envolvidos no evento, venho agradecer muito mesmo a esta banda chamada B\u00e1lsamo.<\/p>\n<p>Veja o encerramento da festa do jubileu da par\u00f3quia com a animada Banda B\u00e1lsamo:<\/p>\n<p><object classid=\"clsid:d27cdb6e-ae6d-11cf-96b8-444553540000\" width=\"560\" height=\"315\" codebase=\"http:\/\/download.macromedia.com\/pub\/shockwave\/cabs\/flash\/swflash.cab#version=6,0,40,0\"><param name=\"allowfullscreen\" value=\"true\" \/><param name=\"allowscriptaccess\" value=\"always\" \/><param name=\"src\" value=\"http:\/\/vimeo.com\/moogaloop.swf?clip_id=11376971&amp;server=vimeo.com&amp;show_title=0&amp;show_byline=0&amp;show_portrait=0&amp;color=ff9933&amp;fullscreen=1\" \/><embed type=\"application\/x-shockwave-flash\" width=\"560\" height=\"315\" src=\"http:\/\/vimeo.com\/moogaloop.swf?clip_id=11376971&amp;server=vimeo.com&amp;show_title=0&amp;show_byline=0&amp;show_portrait=0&amp;color=ff9933&amp;fullscreen=1\" allowscriptaccess=\"always\" allowfullscreen=\"true\"><\/embed><\/object><\/p>\n<p><object classid=\"clsid:d27cdb6e-ae6d-11cf-96b8-444553540000\" width=\"560\" height=\"315\" codebase=\"http:\/\/download.macromedia.com\/pub\/shockwave\/cabs\/flash\/swflash.cab#version=6,0,40,0\"><param name=\"allowfullscreen\" value=\"true\" \/><param name=\"allowscriptaccess\" value=\"always\" \/><param name=\"src\" value=\"http:\/\/vimeo.com\/moogaloop.swf?clip_id=11380517&amp;server=vimeo.com&amp;show_title=0&amp;show_byline=0&amp;show_portrait=0&amp;color=ff9933&amp;fullscreen=1\" \/><embed type=\"application\/x-shockwave-flash\" width=\"560\" height=\"315\" src=\"http:\/\/vimeo.com\/moogaloop.swf?clip_id=11380517&amp;server=vimeo.com&amp;show_title=0&amp;show_byline=0&amp;show_portrait=0&amp;color=ff9933&amp;fullscreen=1\" allowscriptaccess=\"always\" allowfullscreen=\"true\"><\/embed><\/object><\/p>\n<div id=\"themify_builder_content-9089\" data-postid=\"9089\" class=\"themify_builder_content themify_builder_content-9089 themify_builder themify_builder_front\">\n\t<\/div>\n<!-- \/themify_builder_content -->","protected":false},"excerpt":{"rendered":"<p>Alexandre Leone No dia 21 de abril de 2010 apresentou-se na Festa do Jubileu de Ouro dos 50 anos da Par\u00f3quia S\u00e3o Miguel Arcanjo, ap\u00f3s a missa campal, uma banda bastante marcante no seu estilo. Eu j\u00e1 havia tido um contato com este pessoal que deixou uma impress\u00e3o forte e marcante, ao falar e evangelizar [&hellip;]<\/p>\n","protected":false},"author":5,"featured_media":0,"comment_status":"open","ping_status":"open","sticky":false,"template":"","format":"standard","meta":{"ngg_post_thumbnail":0,"footnotes":""},"categories":[8,280],"tags":[1575,1558,1453],"yoast_head":"<!-- This site is optimized with the Yoast SEO plugin v23.5 - https:\/\/yoast.com\/wordpress\/plugins\/seo\/ -->\n<title>Banda B\u00e1lsamo - O Arcanjo no ar<\/title>\n<meta name=\"robots\" content=\"index, follow, max-snippet:-1, max-image-preview:large, max-video-preview:-1\" \/>\n<link rel=\"canonical\" href=\"https:\/\/www.oarcanjo.net\/site\/banda-balsamo\/\" \/>\n<meta property=\"og:locale\" content=\"pt_BR\" \/>\n<meta property=\"og:type\" content=\"article\" \/>\n<meta property=\"og:title\" content=\"Banda B\u00e1lsamo - O Arcanjo no ar\" \/>\n<meta property=\"og:description\" content=\"Alexandre Leone No dia 21 de abril de 2010 apresentou-se na Festa do Jubileu de Ouro dos 50 anos da Par\u00f3quia S\u00e3o Miguel Arcanjo, ap\u00f3s a missa campal, uma banda bastante marcante no seu estilo. Eu j\u00e1 havia tido um contato com este pessoal que deixou uma impress\u00e3o forte e marcante, ao falar e evangelizar [&hellip;]\" \/>\n<meta property=\"og:url\" content=\"https:\/\/www.oarcanjo.net\/site\/banda-balsamo\/\" \/>\n<meta property=\"og:site_name\" content=\"O Arcanjo no ar\" \/>\n<meta property=\"article:publisher\" content=\"https:\/\/www.facebook.com\/OArcanjoNoAr\/\" \/>\n<meta property=\"article:published_time\" content=\"2010-04-23T05:57:12+00:00\" \/>\n<meta property=\"article:modified_time\" content=\"2010-05-01T17:28:08+00:00\" \/>\n<meta property=\"og:image\" content=\"http:\/\/www.oarcanjo.net\/site\/wp-content\/uploads\/banda-balsamo-001.jpg\" \/>\n<meta name=\"author\" content=\"editor\" \/>\n<meta name=\"twitter:card\" content=\"summary_large_image\" \/>\n<meta name=\"twitter:label1\" content=\"Escrito por\" \/>\n\t<meta name=\"twitter:data1\" content=\"editor\" \/>\n\t<meta name=\"twitter:label2\" content=\"Est. tempo de leitura\" \/>\n\t<meta name=\"twitter:data2\" content=\"2 minutos\" \/>\n<script type=\"application\/ld+json\" class=\"yoast-schema-graph\">{\"@context\":\"https:\/\/schema.org\",\"@graph\":[{\"@type\":\"Article\",\"@id\":\"https:\/\/www.oarcanjo.net\/site\/banda-balsamo\/#article\",\"isPartOf\":{\"@id\":\"https:\/\/www.oarcanjo.net\/site\/banda-balsamo\/\"},\"author\":{\"name\":\"editor\",\"@id\":\"https:\/\/www.oarcanjo.net\/site\/#\/schema\/person\/f7024d007863202483a31326673a0838\"},\"headline\":\"Banda B\u00e1lsamo\",\"datePublished\":\"2010-04-23T05:57:12+00:00\",\"dateModified\":\"2010-05-01T17:28:08+00:00\",\"mainEntityOfPage\":{\"@id\":\"https:\/\/www.oarcanjo.net\/site\/banda-balsamo\/\"},\"wordCount\":449,\"commentCount\":18,\"publisher\":{\"@id\":\"https:\/\/www.oarcanjo.net\/site\/#organization\"},\"image\":{\"@id\":\"https:\/\/www.oarcanjo.net\/site\/banda-balsamo\/#primaryimage\"},\"thumbnailUrl\":\"http:\/\/www.oarcanjo.net\/site\/wp-content\/uploads\/banda-balsamo-001.jpg\",\"keywords\":[\"B\u00e1lsamo\",\"Jubileu de Ouro\",\"Par\u00f3quia S\u00e3o Miguel Arcanjo\"],\"articleSection\":[\"Not\u00edcias\",\"V\u00eddeos\"],\"inLanguage\":\"pt-BR\",\"potentialAction\":[{\"@type\":\"CommentAction\",\"name\":\"Comment\",\"target\":[\"https:\/\/www.oarcanjo.net\/site\/banda-balsamo\/#respond\"]}]},{\"@type\":\"WebPage\",\"@id\":\"https:\/\/www.oarcanjo.net\/site\/banda-balsamo\/\",\"url\":\"https:\/\/www.oarcanjo.net\/site\/banda-balsamo\/\",\"name\":\"Banda B\u00e1lsamo - O Arcanjo no ar\",\"isPartOf\":{\"@id\":\"https:\/\/www.oarcanjo.net\/site\/#website\"},\"primaryImageOfPage\":{\"@id\":\"https:\/\/www.oarcanjo.net\/site\/banda-balsamo\/#primaryimage\"},\"image\":{\"@id\":\"https:\/\/www.oarcanjo.net\/site\/banda-balsamo\/#primaryimage\"},\"thumbnailUrl\":\"http:\/\/www.oarcanjo.net\/site\/wp-content\/uploads\/banda-balsamo-001.jpg\",\"datePublished\":\"2010-04-23T05:57:12+00:00\",\"dateModified\":\"2010-05-01T17:28:08+00:00\",\"breadcrumb\":{\"@id\":\"https:\/\/www.oarcanjo.net\/site\/banda-balsamo\/#breadcrumb\"},\"inLanguage\":\"pt-BR\",\"potentialAction\":[{\"@type\":\"ReadAction\",\"target\":[\"https:\/\/www.oarcanjo.net\/site\/banda-balsamo\/\"]}]},{\"@type\":\"ImageObject\",\"inLanguage\":\"pt-BR\",\"@id\":\"https:\/\/www.oarcanjo.net\/site\/banda-balsamo\/#primaryimage\",\"url\":\"https:\/\/www.oarcanjo.net\/site\/wp-content\/uploads\/banda-balsamo-001.jpg\",\"contentUrl\":\"https:\/\/www.oarcanjo.net\/site\/wp-content\/uploads\/banda-balsamo-001.jpg\",\"width\":\"450\",\"height\":\"301\",\"caption\":\"Banda B\u00e1lsamo na festa do jubileu de ouro da par\u00f3quia S\u00e3o Miguel Arcanjo\"},{\"@type\":\"BreadcrumbList\",\"@id\":\"https:\/\/www.oarcanjo.net\/site\/banda-balsamo\/#breadcrumb\",\"itemListElement\":[{\"@type\":\"ListItem\",\"position\":1,\"name\":\"In\u00edcio\",\"item\":\"https:\/\/www.oarcanjo.net\/site\/\"},{\"@type\":\"ListItem\",\"position\":2,\"name\":\"Banda B\u00e1lsamo\"}]},{\"@type\":\"WebSite\",\"@id\":\"https:\/\/www.oarcanjo.net\/site\/#website\",\"url\":\"https:\/\/www.oarcanjo.net\/site\/\",\"name\":\"O Arcanjo no ar\",\"description\":\"Site da Par\u00f3quia S\u00e3o Miguel Arcanjo (Arquidiocese de SP)\",\"publisher\":{\"@id\":\"https:\/\/www.oarcanjo.net\/site\/#organization\"},\"potentialAction\":[{\"@type\":\"SearchAction\",\"target\":{\"@type\":\"EntryPoint\",\"urlTemplate\":\"https:\/\/www.oarcanjo.net\/site\/?s={search_term_string}\"},\"query-input\":{\"@type\":\"PropertyValueSpecification\",\"valueRequired\":true,\"valueName\":\"search_term_string\"}}],\"inLanguage\":\"pt-BR\"},{\"@type\":\"Organization\",\"@id\":\"https:\/\/www.oarcanjo.net\/site\/#organization\",\"name\":\"Par\u00f3quia S\u00e3o Miguel Arcanjo\",\"url\":\"https:\/\/www.oarcanjo.net\/site\/\",\"logo\":{\"@type\":\"ImageObject\",\"inLanguage\":\"pt-BR\",\"@id\":\"https:\/\/www.oarcanjo.net\/site\/#\/schema\/logo\/image\/\",\"url\":\"https:\/\/www.oarcanjo.net\/site\/wp-content\/uploads\/LogoOArcanjo.png\",\"contentUrl\":\"https:\/\/www.oarcanjo.net\/site\/wp-content\/uploads\/LogoOArcanjo.png\",\"width\":319,\"height\":99,\"caption\":\"Par\u00f3quia S\u00e3o Miguel Arcanjo\"},\"image\":{\"@id\":\"https:\/\/www.oarcanjo.net\/site\/#\/schema\/logo\/image\/\"},\"sameAs\":[\"https:\/\/www.facebook.com\/OArcanjoNoAr\/\"]},{\"@type\":\"Person\",\"@id\":\"https:\/\/www.oarcanjo.net\/site\/#\/schema\/person\/f7024d007863202483a31326673a0838\",\"name\":\"editor\",\"sameAs\":[\"http:\/\/www.oarcanjo.net\"]}]}<\/script>\n<!-- \/ Yoast SEO plugin. -->","yoast_head_json":{"title":"Banda B\u00e1lsamo - O Arcanjo no ar","robots":{"index":"index","follow":"follow","max-snippet":"max-snippet:-1","max-image-preview":"max-image-preview:large","max-video-preview":"max-video-preview:-1"},"canonical":"https:\/\/www.oarcanjo.net\/site\/banda-balsamo\/","og_locale":"pt_BR","og_type":"article","og_title":"Banda B\u00e1lsamo - O Arcanjo no ar","og_description":"Alexandre Leone No dia 21 de abril de 2010 apresentou-se na Festa do Jubileu de Ouro dos 50 anos da Par\u00f3quia S\u00e3o Miguel Arcanjo, ap\u00f3s a missa campal, uma banda bastante marcante no seu estilo. Eu j\u00e1 havia tido um contato com este pessoal que deixou uma impress\u00e3o forte e marcante, ao falar e evangelizar [&hellip;]","og_url":"https:\/\/www.oarcanjo.net\/site\/banda-balsamo\/","og_site_name":"O Arcanjo no ar","article_publisher":"https:\/\/www.facebook.com\/OArcanjoNoAr\/","article_published_time":"2010-04-23T05:57:12+00:00","article_modified_time":"2010-05-01T17:28:08+00:00","og_image":[{"url":"http:\/\/www.oarcanjo.net\/site\/wp-content\/uploads\/banda-balsamo-001.jpg"}],"author":"editor","twitter_card":"summary_large_image","twitter_misc":{"Escrito por":"editor","Est. tempo de leitura":"2 minutos"},"schema":{"@context":"https:\/\/schema.org","@graph":[{"@type":"Article","@id":"https:\/\/www.oarcanjo.net\/site\/banda-balsamo\/#article","isPartOf":{"@id":"https:\/\/www.oarcanjo.net\/site\/banda-balsamo\/"},"author":{"name":"editor","@id":"https:\/\/www.oarcanjo.net\/site\/#\/schema\/person\/f7024d007863202483a31326673a0838"},"headline":"Banda B\u00e1lsamo","datePublished":"2010-04-23T05:57:12+00:00","dateModified":"2010-05-01T17:28:08+00:00","mainEntityOfPage":{"@id":"https:\/\/www.oarcanjo.net\/site\/banda-balsamo\/"},"wordCount":449,"commentCount":18,"publisher":{"@id":"https:\/\/www.oarcanjo.net\/site\/#organization"},"image":{"@id":"https:\/\/www.oarcanjo.net\/site\/banda-balsamo\/#primaryimage"},"thumbnailUrl":"http:\/\/www.oarcanjo.net\/site\/wp-content\/uploads\/banda-balsamo-001.jpg","keywords":["B\u00e1lsamo","Jubileu de Ouro","Par\u00f3quia S\u00e3o Miguel Arcanjo"],"articleSection":["Not\u00edcias","V\u00eddeos"],"inLanguage":"pt-BR","potentialAction":[{"@type":"CommentAction","name":"Comment","target":["https:\/\/www.oarcanjo.net\/site\/banda-balsamo\/#respond"]}]},{"@type":"WebPage","@id":"https:\/\/www.oarcanjo.net\/site\/banda-balsamo\/","url":"https:\/\/www.oarcanjo.net\/site\/banda-balsamo\/","name":"Banda B\u00e1lsamo - O Arcanjo no ar","isPartOf":{"@id":"https:\/\/www.oarcanjo.net\/site\/#website"},"primaryImageOfPage":{"@id":"https:\/\/www.oarcanjo.net\/site\/banda-balsamo\/#primaryimage"},"image":{"@id":"https:\/\/www.oarcanjo.net\/site\/banda-balsamo\/#primaryimage"},"thumbnailUrl":"http:\/\/www.oarcanjo.net\/site\/wp-content\/uploads\/banda-balsamo-001.jpg","datePublished":"2010-04-23T05:57:12+00:00","dateModified":"2010-05-01T17:28:08+00:00","breadcrumb":{"@id":"https:\/\/www.oarcanjo.net\/site\/banda-balsamo\/#breadcrumb"},"inLanguage":"pt-BR","potentialAction":[{"@type":"ReadAction","target":["https:\/\/www.oarcanjo.net\/site\/banda-balsamo\/"]}]},{"@type":"ImageObject","inLanguage":"pt-BR","@id":"https:\/\/www.oarcanjo.net\/site\/banda-balsamo\/#primaryimage","url":"https:\/\/www.oarcanjo.net\/site\/wp-content\/uploads\/banda-balsamo-001.jpg","contentUrl":"https:\/\/www.oarcanjo.net\/site\/wp-content\/uploads\/banda-balsamo-001.jpg","width":"450","height":"301","caption":"Banda B\u00e1lsamo na festa do jubileu de ouro da par\u00f3quia S\u00e3o Miguel Arcanjo"},{"@type":"BreadcrumbList","@id":"https:\/\/www.oarcanjo.net\/site\/banda-balsamo\/#breadcrumb","itemListElement":[{"@type":"ListItem","position":1,"name":"In\u00edcio","item":"https:\/\/www.oarcanjo.net\/site\/"},{"@type":"ListItem","position":2,"name":"Banda B\u00e1lsamo"}]},{"@type":"WebSite","@id":"https:\/\/www.oarcanjo.net\/site\/#website","url":"https:\/\/www.oarcanjo.net\/site\/","name":"O Arcanjo no ar","description":"Site da Par\u00f3quia S\u00e3o Miguel Arcanjo (Arquidiocese de SP)","publisher":{"@id":"https:\/\/www.oarcanjo.net\/site\/#organization"},"potentialAction":[{"@type":"SearchAction","target":{"@type":"EntryPoint","urlTemplate":"https:\/\/www.oarcanjo.net\/site\/?s={search_term_string}"},"query-input":{"@type":"PropertyValueSpecification","valueRequired":true,"valueName":"search_term_string"}}],"inLanguage":"pt-BR"},{"@type":"Organization","@id":"https:\/\/www.oarcanjo.net\/site\/#organization","name":"Par\u00f3quia S\u00e3o Miguel Arcanjo","url":"https:\/\/www.oarcanjo.net\/site\/","logo":{"@type":"ImageObject","inLanguage":"pt-BR","@id":"https:\/\/www.oarcanjo.net\/site\/#\/schema\/logo\/image\/","url":"https:\/\/www.oarcanjo.net\/site\/wp-content\/uploads\/LogoOArcanjo.png","contentUrl":"https:\/\/www.oarcanjo.net\/site\/wp-content\/uploads\/LogoOArcanjo.png","width":319,"height":99,"caption":"Par\u00f3quia S\u00e3o Miguel Arcanjo"},"image":{"@id":"https:\/\/www.oarcanjo.net\/site\/#\/schema\/logo\/image\/"},"sameAs":["https:\/\/www.facebook.com\/OArcanjoNoAr\/"]},{"@type":"Person","@id":"https:\/\/www.oarcanjo.net\/site\/#\/schema\/person\/f7024d007863202483a31326673a0838","name":"editor","sameAs":["http:\/\/www.oarcanjo.net"]}]}},"publishpress_future_action":{"enabled":false,"date":"2026-05-06 10:48:27","action":"category","newStatus":"draft","terms":[],"taxonomy":"category"},"publishpress_future_workflow_manual_trigger":{"enabledWorkflows":[]},"_links":{"self":[{"href":"https:\/\/www.oarcanjo.net\/site\/wp-json\/wp\/v2\/posts\/9089"}],"collection":[{"href":"https:\/\/www.oarcanjo.net\/site\/wp-json\/wp\/v2\/posts"}],"about":[{"href":"https:\/\/www.oarcanjo.net\/site\/wp-json\/wp\/v2\/types\/post"}],"author":[{"embeddable":true,"href":"https:\/\/www.oarcanjo.net\/site\/wp-json\/wp\/v2\/users\/5"}],"replies":[{"embeddable":true,"href":"https:\/\/www.oarcanjo.net\/site\/wp-json\/wp\/v2\/comments?post=9089"}],"version-history":[{"count":0,"href":"https:\/\/www.oarcanjo.net\/site\/wp-json\/wp\/v2\/posts\/9089\/revisions"}],"wp:attachment":[{"href":"https:\/\/www.oarcanjo.net\/site\/wp-json\/wp\/v2\/media?parent=9089"}],"wp:term":[{"taxonomy":"category","embeddable":true,"href":"https:\/\/www.oarcanjo.net\/site\/wp-json\/wp\/v2\/categories?post=9089"},{"taxonomy":"post_tag","embeddable":true,"href":"https:\/\/www.oarcanjo.net\/site\/wp-json\/wp\/v2\/tags?post=9089"}],"curies":[{"name":"wp","href":"https:\/\/api.w.org\/{rel}","templated":true}]}}