
{"id":9111,"date":"2010-04-23T12:47:54","date_gmt":"2010-04-23T14:47:54","guid":{"rendered":"http:\/\/www.oarcanjo.net\/site\/?p=9111"},"modified":"2010-04-24T12:49:25","modified_gmt":"2010-04-24T14:49:25","slug":"nota-do-cimi-sobre-o-leilao-da-usina-belo-monte","status":"publish","type":"post","link":"https:\/\/www.oarcanjo.net\/site\/nota-do-cimi-sobre-o-leilao-da-usina-belo-monte\/","title":{"rendered":"Nota do CIMI sobre o leil\u00e3o da usina Belo Monte"},"content":{"rendered":"<p>CIMI<\/p>\n<p>O Conselho Indigenista Mission\u00e1rio repudia a postura intransigente e autorit\u00e1ria do governo brasileiro que insiste na implementa\u00e7\u00e3o do projeto da Usina Hidrel\u00e9trica de Belo Monte, apesar de todas as incertezas, de todos os questionamentos cient\u00edficos e judiciais e de todas as manifesta\u00e7\u00f5es populares contr\u00e1rias a essa insanidade.<\/p>\n<p>Belo Monte n\u00e3o se justifica. O governo vem tentando iludir a popula\u00e7\u00e3o brasileira na perspectiva de constru\u00ed-la &#8220;de qualquer jeito&#8221;. Para tanto, tem feito uso de uma s\u00e9rie de mentiras que denunciamos publicamente. O governo mente aos brasileiros ao dizer que a energia produzida por Belo Monte ser\u00e1 limpa e eficiente. O governo mente aos brasileiros ao dizer que a energia produzida por Belo Monte ser\u00e1 barata e utilizada pela popula\u00e7\u00e3o carente do pa\u00eds. O governo mente aos brasileiros ao dizer que os povos ind\u00edgenas foram consultados no decorrer do processo de licenciamento ambiental.<\/p>\n<p>Denunciamos e repudiamos a transforma\u00e7\u00e3o de Belo Monte num instrumento poderoso de transfer\u00eancia de capital da popula\u00e7\u00e3o brasileira \u00e0 meia d\u00fazia de grandes empresas. Entre isen\u00e7\u00e3o de impostos e juros subsidiados, o governo est\u00e1 simplesmente repassando cerca de R$ 6 bilh\u00f5es ao cons\u00f3rcio vencedor do leil\u00e3o, que pretende construir a usina. \u00c9 de se estranhar que tamanho volume de recursos seja concedido, dessa maneira, em pleno ano eleitoral. Entendemos que esses recursos seriam muito melhor utilizados, caso fossem usados para incentivar a pesquisa e a ado\u00e7\u00e3o de tecnologias alternativas de gera\u00e7\u00e3o de energia, tais como a e\u00f3lica e a solar.<\/p>\n<p>Reafirmamos nossa contrariedade ao modelo energ\u00e9tico adotado pelo atual governo. Um modelo criminoso, baseado em grandes obras, que atinge milhares de pessoas pa\u00eds afora e que beneficia apenas um pequeno grupo de grandes empresas.<\/p>\n<p>Causou-nos perplexidade, tamanha rapidez e agilidade por parte da presid\u00eancia do Tribunal Regional Federal, 1\u00aa. Regi\u00e3o, em analisar e cassar todas as liminares concedidas pela Justi\u00e7a Federal de Altamira que suspendiam a realiza\u00e7\u00e3o do leil\u00e3o neste dia 20 de abril de 2010.<\/p>\n<p>Solidarizamo-nos com todas as comunidades atingidas por esta obra, de modo especial os povos ind\u00edgenas. Reafirmamos a import\u00e2ncia de continuarmos mobilizados e de cabe\u00e7a erguida, unidos, articulados e firmes na luta contra Belo Monte. Uma luta que, confiamos, ser\u00e1 vitoriosa, pois \u00e9, sem nenhuma d\u00favida, uma luta justa.<\/p>\n<p>Bras\u00edlia, DF, 20 de abril de 2010.<\/p>\n<p>Cimi &#8211; Conselho Indigenista Mission\u00e1rio<\/p>\n<div id=\"themify_builder_content-9111\" data-postid=\"9111\" class=\"themify_builder_content themify_builder_content-9111 themify_builder themify_builder_front\">\n\t<\/div>\n<!-- \/themify_builder_content -->","protected":false},"excerpt":{"rendered":"<p>CIMI O Conselho Indigenista Mission\u00e1rio repudia a postura intransigente e autorit\u00e1ria do governo brasileiro que insiste na implementa\u00e7\u00e3o do projeto da Usina Hidrel\u00e9trica de Belo Monte, apesar de todas as incertezas, de todos os questionamentos cient\u00edficos e judiciais e de todas as manifesta\u00e7\u00f5es populares contr\u00e1rias a essa insanidade. Belo Monte n\u00e3o se justifica. O governo [&hellip;]<\/p>\n","protected":false},"author":5,"featured_media":0,"comment_status":"open","ping_status":"open","sticky":false,"template":"","format":"standard","meta":{"ngg_post_thumbnail":0,"footnotes":""},"categories":[8],"tags":[1577,400,63,1580,1579,1578],"yoast_head":"<!-- This site is optimized with the Yoast SEO plugin v23.5 - https:\/\/yoast.com\/wordpress\/plugins\/seo\/ -->\n<title>Nota do CIMI sobre o leil\u00e3o da usina Belo Monte - O Arcanjo no ar<\/title>\n<meta name=\"robots\" content=\"index, follow, max-snippet:-1, max-image-preview:large, max-video-preview:-1\" \/>\n<link rel=\"canonical\" href=\"https:\/\/www.oarcanjo.net\/site\/nota-do-cimi-sobre-o-leilao-da-usina-belo-monte\/\" \/>\n<meta property=\"og:locale\" content=\"pt_BR\" \/>\n<meta property=\"og:type\" content=\"article\" \/>\n<meta property=\"og:title\" content=\"Nota do CIMI sobre o leil\u00e3o da usina Belo Monte - O Arcanjo no ar\" \/>\n<meta property=\"og:description\" content=\"CIMI O Conselho Indigenista Mission\u00e1rio repudia a postura intransigente e autorit\u00e1ria do governo brasileiro que insiste na implementa\u00e7\u00e3o do projeto da Usina Hidrel\u00e9trica de Belo Monte, apesar de todas as incertezas, de todos os questionamentos cient\u00edficos e judiciais e de todas as manifesta\u00e7\u00f5es populares contr\u00e1rias a essa insanidade. Belo Monte n\u00e3o se justifica. O governo [&hellip;]\" \/>\n<meta property=\"og:url\" content=\"https:\/\/www.oarcanjo.net\/site\/nota-do-cimi-sobre-o-leilao-da-usina-belo-monte\/\" \/>\n<meta property=\"og:site_name\" content=\"O Arcanjo no ar\" \/>\n<meta property=\"article:publisher\" content=\"https:\/\/www.facebook.com\/OArcanjoNoAr\/\" \/>\n<meta property=\"article:published_time\" content=\"2010-04-23T14:47:54+00:00\" \/>\n<meta property=\"article:modified_time\" content=\"2010-04-24T14:49:25+00:00\" \/>\n<meta property=\"og:image\" content=\"https:\/\/www.oarcanjo.net\/site\/wp-content\/uploads\/logo-o-arcanjo-no-ar-facebook.png\" \/>\n\t<meta property=\"og:image:width\" content=\"300\" \/>\n\t<meta property=\"og:image:height\" content=\"300\" \/>\n\t<meta property=\"og:image:type\" content=\"image\/png\" \/>\n<meta name=\"author\" content=\"editor\" \/>\n<meta name=\"twitter:card\" content=\"summary_large_image\" \/>\n<meta name=\"twitter:label1\" content=\"Escrito por\" \/>\n\t<meta name=\"twitter:data1\" content=\"editor\" \/>\n\t<meta name=\"twitter:label2\" content=\"Est. tempo de leitura\" \/>\n\t<meta name=\"twitter:data2\" content=\"2 minutos\" \/>\n<script type=\"application\/ld+json\" class=\"yoast-schema-graph\">{\"@context\":\"https:\/\/schema.org\",\"@graph\":[{\"@type\":\"Article\",\"@id\":\"https:\/\/www.oarcanjo.net\/site\/nota-do-cimi-sobre-o-leilao-da-usina-belo-monte\/#article\",\"isPartOf\":{\"@id\":\"https:\/\/www.oarcanjo.net\/site\/nota-do-cimi-sobre-o-leilao-da-usina-belo-monte\/\"},\"author\":{\"name\":\"editor\",\"@id\":\"https:\/\/www.oarcanjo.net\/site\/#\/schema\/person\/f7024d007863202483a31326673a0838\"},\"headline\":\"Nota do CIMI sobre o leil\u00e3o da usina Belo Monte\",\"datePublished\":\"2010-04-23T14:47:54+00:00\",\"dateModified\":\"2010-04-24T14:49:25+00:00\",\"mainEntityOfPage\":{\"@id\":\"https:\/\/www.oarcanjo.net\/site\/nota-do-cimi-sobre-o-leilao-da-usina-belo-monte\/\"},\"wordCount\":418,\"commentCount\":0,\"publisher\":{\"@id\":\"https:\/\/www.oarcanjo.net\/site\/#organization\"},\"keywords\":[\"Belo Monte\",\"CIMI\",\"CNBB\",\"Conselho Indigenista Mission\u00e1rio\",\"energia\",\"hidrel\u00e9trica\"],\"articleSection\":[\"Not\u00edcias\"],\"inLanguage\":\"pt-BR\",\"potentialAction\":[{\"@type\":\"CommentAction\",\"name\":\"Comment\",\"target\":[\"https:\/\/www.oarcanjo.net\/site\/nota-do-cimi-sobre-o-leilao-da-usina-belo-monte\/#respond\"]}]},{\"@type\":\"WebPage\",\"@id\":\"https:\/\/www.oarcanjo.net\/site\/nota-do-cimi-sobre-o-leilao-da-usina-belo-monte\/\",\"url\":\"https:\/\/www.oarcanjo.net\/site\/nota-do-cimi-sobre-o-leilao-da-usina-belo-monte\/\",\"name\":\"Nota do CIMI sobre o leil\u00e3o da usina Belo Monte - O Arcanjo no ar\",\"isPartOf\":{\"@id\":\"https:\/\/www.oarcanjo.net\/site\/#website\"},\"datePublished\":\"2010-04-23T14:47:54+00:00\",\"dateModified\":\"2010-04-24T14:49:25+00:00\",\"breadcrumb\":{\"@id\":\"https:\/\/www.oarcanjo.net\/site\/nota-do-cimi-sobre-o-leilao-da-usina-belo-monte\/#breadcrumb\"},\"inLanguage\":\"pt-BR\",\"potentialAction\":[{\"@type\":\"ReadAction\",\"target\":[\"https:\/\/www.oarcanjo.net\/site\/nota-do-cimi-sobre-o-leilao-da-usina-belo-monte\/\"]}]},{\"@type\":\"BreadcrumbList\",\"@id\":\"https:\/\/www.oarcanjo.net\/site\/nota-do-cimi-sobre-o-leilao-da-usina-belo-monte\/#breadcrumb\",\"itemListElement\":[{\"@type\":\"ListItem\",\"position\":1,\"name\":\"In\u00edcio\",\"item\":\"https:\/\/www.oarcanjo.net\/site\/\"},{\"@type\":\"ListItem\",\"position\":2,\"name\":\"Nota do CIMI sobre o leil\u00e3o da usina Belo Monte\"}]},{\"@type\":\"WebSite\",\"@id\":\"https:\/\/www.oarcanjo.net\/site\/#website\",\"url\":\"https:\/\/www.oarcanjo.net\/site\/\",\"name\":\"O Arcanjo no ar\",\"description\":\"Site da Par\u00f3quia S\u00e3o Miguel Arcanjo (Arquidiocese de SP)\",\"publisher\":{\"@id\":\"https:\/\/www.oarcanjo.net\/site\/#organization\"},\"potentialAction\":[{\"@type\":\"SearchAction\",\"target\":{\"@type\":\"EntryPoint\",\"urlTemplate\":\"https:\/\/www.oarcanjo.net\/site\/?s={search_term_string}\"},\"query-input\":{\"@type\":\"PropertyValueSpecification\",\"valueRequired\":true,\"valueName\":\"search_term_string\"}}],\"inLanguage\":\"pt-BR\"},{\"@type\":\"Organization\",\"@id\":\"https:\/\/www.oarcanjo.net\/site\/#organization\",\"name\":\"Par\u00f3quia S\u00e3o Miguel Arcanjo\",\"url\":\"https:\/\/www.oarcanjo.net\/site\/\",\"logo\":{\"@type\":\"ImageObject\",\"inLanguage\":\"pt-BR\",\"@id\":\"https:\/\/www.oarcanjo.net\/site\/#\/schema\/logo\/image\/\",\"url\":\"https:\/\/www.oarcanjo.net\/site\/wp-content\/uploads\/LogoOArcanjo.png\",\"contentUrl\":\"https:\/\/www.oarcanjo.net\/site\/wp-content\/uploads\/LogoOArcanjo.png\",\"width\":319,\"height\":99,\"caption\":\"Par\u00f3quia S\u00e3o Miguel Arcanjo\"},\"image\":{\"@id\":\"https:\/\/www.oarcanjo.net\/site\/#\/schema\/logo\/image\/\"},\"sameAs\":[\"https:\/\/www.facebook.com\/OArcanjoNoAr\/\"]},{\"@type\":\"Person\",\"@id\":\"https:\/\/www.oarcanjo.net\/site\/#\/schema\/person\/f7024d007863202483a31326673a0838\",\"name\":\"editor\",\"sameAs\":[\"http:\/\/www.oarcanjo.net\"]}]}<\/script>\n<!-- \/ Yoast SEO plugin. -->","yoast_head_json":{"title":"Nota do CIMI sobre o leil\u00e3o da usina Belo Monte - O Arcanjo no ar","robots":{"index":"index","follow":"follow","max-snippet":"max-snippet:-1","max-image-preview":"max-image-preview:large","max-video-preview":"max-video-preview:-1"},"canonical":"https:\/\/www.oarcanjo.net\/site\/nota-do-cimi-sobre-o-leilao-da-usina-belo-monte\/","og_locale":"pt_BR","og_type":"article","og_title":"Nota do CIMI sobre o leil\u00e3o da usina Belo Monte - O Arcanjo no ar","og_description":"CIMI O Conselho Indigenista Mission\u00e1rio repudia a postura intransigente e autorit\u00e1ria do governo brasileiro que insiste na implementa\u00e7\u00e3o do projeto da Usina Hidrel\u00e9trica de Belo Monte, apesar de todas as incertezas, de todos os questionamentos cient\u00edficos e judiciais e de todas as manifesta\u00e7\u00f5es populares contr\u00e1rias a essa insanidade. Belo Monte n\u00e3o se justifica. O governo [&hellip;]","og_url":"https:\/\/www.oarcanjo.net\/site\/nota-do-cimi-sobre-o-leilao-da-usina-belo-monte\/","og_site_name":"O Arcanjo no ar","article_publisher":"https:\/\/www.facebook.com\/OArcanjoNoAr\/","article_published_time":"2010-04-23T14:47:54+00:00","article_modified_time":"2010-04-24T14:49:25+00:00","og_image":[{"width":300,"height":300,"url":"https:\/\/www.oarcanjo.net\/site\/wp-content\/uploads\/logo-o-arcanjo-no-ar-facebook.png","type":"image\/png"}],"author":"editor","twitter_card":"summary_large_image","twitter_misc":{"Escrito por":"editor","Est. tempo de leitura":"2 minutos"},"schema":{"@context":"https:\/\/schema.org","@graph":[{"@type":"Article","@id":"https:\/\/www.oarcanjo.net\/site\/nota-do-cimi-sobre-o-leilao-da-usina-belo-monte\/#article","isPartOf":{"@id":"https:\/\/www.oarcanjo.net\/site\/nota-do-cimi-sobre-o-leilao-da-usina-belo-monte\/"},"author":{"name":"editor","@id":"https:\/\/www.oarcanjo.net\/site\/#\/schema\/person\/f7024d007863202483a31326673a0838"},"headline":"Nota do CIMI sobre o leil\u00e3o da usina Belo Monte","datePublished":"2010-04-23T14:47:54+00:00","dateModified":"2010-04-24T14:49:25+00:00","mainEntityOfPage":{"@id":"https:\/\/www.oarcanjo.net\/site\/nota-do-cimi-sobre-o-leilao-da-usina-belo-monte\/"},"wordCount":418,"commentCount":0,"publisher":{"@id":"https:\/\/www.oarcanjo.net\/site\/#organization"},"keywords":["Belo Monte","CIMI","CNBB","Conselho Indigenista Mission\u00e1rio","energia","hidrel\u00e9trica"],"articleSection":["Not\u00edcias"],"inLanguage":"pt-BR","potentialAction":[{"@type":"CommentAction","name":"Comment","target":["https:\/\/www.oarcanjo.net\/site\/nota-do-cimi-sobre-o-leilao-da-usina-belo-monte\/#respond"]}]},{"@type":"WebPage","@id":"https:\/\/www.oarcanjo.net\/site\/nota-do-cimi-sobre-o-leilao-da-usina-belo-monte\/","url":"https:\/\/www.oarcanjo.net\/site\/nota-do-cimi-sobre-o-leilao-da-usina-belo-monte\/","name":"Nota do CIMI sobre o leil\u00e3o da usina Belo Monte - O Arcanjo no ar","isPartOf":{"@id":"https:\/\/www.oarcanjo.net\/site\/#website"},"datePublished":"2010-04-23T14:47:54+00:00","dateModified":"2010-04-24T14:49:25+00:00","breadcrumb":{"@id":"https:\/\/www.oarcanjo.net\/site\/nota-do-cimi-sobre-o-leilao-da-usina-belo-monte\/#breadcrumb"},"inLanguage":"pt-BR","potentialAction":[{"@type":"ReadAction","target":["https:\/\/www.oarcanjo.net\/site\/nota-do-cimi-sobre-o-leilao-da-usina-belo-monte\/"]}]},{"@type":"BreadcrumbList","@id":"https:\/\/www.oarcanjo.net\/site\/nota-do-cimi-sobre-o-leilao-da-usina-belo-monte\/#breadcrumb","itemListElement":[{"@type":"ListItem","position":1,"name":"In\u00edcio","item":"https:\/\/www.oarcanjo.net\/site\/"},{"@type":"ListItem","position":2,"name":"Nota do CIMI sobre o leil\u00e3o da usina Belo Monte"}]},{"@type":"WebSite","@id":"https:\/\/www.oarcanjo.net\/site\/#website","url":"https:\/\/www.oarcanjo.net\/site\/","name":"O Arcanjo no ar","description":"Site da Par\u00f3quia S\u00e3o Miguel Arcanjo (Arquidiocese de SP)","publisher":{"@id":"https:\/\/www.oarcanjo.net\/site\/#organization"},"potentialAction":[{"@type":"SearchAction","target":{"@type":"EntryPoint","urlTemplate":"https:\/\/www.oarcanjo.net\/site\/?s={search_term_string}"},"query-input":{"@type":"PropertyValueSpecification","valueRequired":true,"valueName":"search_term_string"}}],"inLanguage":"pt-BR"},{"@type":"Organization","@id":"https:\/\/www.oarcanjo.net\/site\/#organization","name":"Par\u00f3quia S\u00e3o Miguel Arcanjo","url":"https:\/\/www.oarcanjo.net\/site\/","logo":{"@type":"ImageObject","inLanguage":"pt-BR","@id":"https:\/\/www.oarcanjo.net\/site\/#\/schema\/logo\/image\/","url":"https:\/\/www.oarcanjo.net\/site\/wp-content\/uploads\/LogoOArcanjo.png","contentUrl":"https:\/\/www.oarcanjo.net\/site\/wp-content\/uploads\/LogoOArcanjo.png","width":319,"height":99,"caption":"Par\u00f3quia S\u00e3o Miguel Arcanjo"},"image":{"@id":"https:\/\/www.oarcanjo.net\/site\/#\/schema\/logo\/image\/"},"sameAs":["https:\/\/www.facebook.com\/OArcanjoNoAr\/"]},{"@type":"Person","@id":"https:\/\/www.oarcanjo.net\/site\/#\/schema\/person\/f7024d007863202483a31326673a0838","name":"editor","sameAs":["http:\/\/www.oarcanjo.net"]}]}},"publishpress_future_action":{"enabled":false,"date":"2026-05-06 14:30:59","action":"category","newStatus":"draft","terms":[],"taxonomy":"category"},"publishpress_future_workflow_manual_trigger":{"enabledWorkflows":[]},"_links":{"self":[{"href":"https:\/\/www.oarcanjo.net\/site\/wp-json\/wp\/v2\/posts\/9111"}],"collection":[{"href":"https:\/\/www.oarcanjo.net\/site\/wp-json\/wp\/v2\/posts"}],"about":[{"href":"https:\/\/www.oarcanjo.net\/site\/wp-json\/wp\/v2\/types\/post"}],"author":[{"embeddable":true,"href":"https:\/\/www.oarcanjo.net\/site\/wp-json\/wp\/v2\/users\/5"}],"replies":[{"embeddable":true,"href":"https:\/\/www.oarcanjo.net\/site\/wp-json\/wp\/v2\/comments?post=9111"}],"version-history":[{"count":0,"href":"https:\/\/www.oarcanjo.net\/site\/wp-json\/wp\/v2\/posts\/9111\/revisions"}],"wp:attachment":[{"href":"https:\/\/www.oarcanjo.net\/site\/wp-json\/wp\/v2\/media?parent=9111"}],"wp:term":[{"taxonomy":"category","embeddable":true,"href":"https:\/\/www.oarcanjo.net\/site\/wp-json\/wp\/v2\/categories?post=9111"},{"taxonomy":"post_tag","embeddable":true,"href":"https:\/\/www.oarcanjo.net\/site\/wp-json\/wp\/v2\/tags?post=9111"}],"curies":[{"name":"wp","href":"https:\/\/api.w.org\/{rel}","templated":true}]}}