
{"id":9136,"date":"2010-04-19T21:52:21","date_gmt":"2010-04-20T00:52:21","guid":{"rendered":"http:\/\/www.oarcanjo.net\/site\/?p=9136"},"modified":"2010-05-16T10:57:11","modified_gmt":"2010-05-16T13:57:11","slug":"zilda-arns-recebe-homenagem-da-camara-municipal-de-sao-paulo","status":"publish","type":"post","link":"https:\/\/www.oarcanjo.net\/site\/zilda-arns-recebe-homenagem-da-camara-municipal-de-sao-paulo\/","title":{"rendered":"Zilda Arns recebe homenagem da C\u00e2mara Municipal de S\u00e3o Paulo"},"content":{"rendered":"<p>Cristiane Reimberg<br \/>\n<em>Coordenadora de comunica\u00e7\u00e3o da Pastoral da Crian\u00e7a\/SP<\/em><\/p>\n<p>Mais uma homenagem foi realizada na cidade de S\u00e3o Paulo \u00e0 Dra. Zilda Arns, morta no terremoto de janeiro no Haiti. A C\u00e2mara Municipal, por iniciativa dos vereadores Eliseu Gabriel e Gabriel Chalita, promoveu solenidade em abril, na qual entregou ao filho da fundadora da Pastoral da Crian\u00e7a, Rog\u00e9rio Arns Neumann, a Medalha Anchieta e um diploma de gratid\u00e3o da cidade.<\/p>\n<p><img decoding=\"async\" title=\"Homenagem \u00e0 Dra. Zilda Arns na C\u00e2mara Municipal de S\u00e3o Paulo\" src=\"http:\/\/www.oarcanjo.net\/site\/wp-content\/uploads\/homenagem-drazilda-002.jpg\" alt=\"Homenagem \u00e0 Dra. Zilda Arns na C\u00e2mara Municipal de S\u00e3o Paulo\" width=\"450\" height=\"338 hspace=\"10\"\" \/><\/p>\n<p>\u201cA grande mensagem da m\u00e3e \u00e9 que todas as pessoas, por mais simples que sejam, t\u00eam um grande papel a representar na vida. A Pastoral da Crian\u00e7a \u00e9 uma rede, que faz com que nos sintamos uma mesma fam\u00edlia\u201d, disse Rog\u00e9rio Arns Neumann, sob muitos aplausos.<\/p>\n<p>Ele ainda se lembrou da \u00faltima vez que esteve com sua m\u00e3e. Ela fazia as malas para ir ao Haiti. Estavam todos na praia. \u201cPerguntei por que ela iria para l\u00e1, deixando as f\u00e9rias com a fam\u00edlia. \u2018Sabe Rog\u00e9rio\u2019, ela me respondeu, \u2018\u00e9 a minha miss\u00e3o, tenho que ir\u2019. Essa \u00e9 a nossa miss\u00e3o, que devemos continuar para que todas as pessoas tenham vida em abund\u00e2ncia\u201d, concluiu o filho emocionado.<\/p>\n<p>O evento contou com a presen\u00e7a dos coordenadores estaduais da Pastoral da Crian\u00e7a e da Pastoral da Pessoa Idosa, al\u00e9m dos arquidiocesanos, das regi\u00f5es episcopais e l\u00edderes das diferentes \u00e1reas. \u201cDra. Zilda deixou um legado de esperan\u00e7a e de f\u00e9. Ela acreditava na pessoa humana e nos ensinou que a pessoa deve ocupar o primeiro lugar\u201d, afirmou o coordenador estadual da Pastoral da Crian\u00e7a, Jos\u00e9 de Anchieta.<\/p>\n<p>\u201cA crian\u00e7a e a pessoa idosa s\u00e3o os pontos mais fr\u00e1geis de uma popula\u00e7\u00e3o. Agimos para que as pessoas que envelhecem tenham seus direitos preservados e para que realmente sejam protegidas\u201d, completa a coordenadora estadual da Pastoral da Pessoa Idosa, Albertina Luiza Felice, conhecida como Ziza.<\/p>\n<p>O padre J\u00falio Lancellotti tamb\u00e9m esteve na homenagem e relembrou os primeiros momentos da Pastoral da Crian\u00e7a em S\u00e3o Paulo, quando Dom Paulo e Dom Luciano, antes da implanta\u00e7\u00e3o, pediram que ele acompanhasse Dra. Zilda na periferia da cidade, na zona leste. \u201cQuando tudo parecia complicado, ela mostrava solu\u00e7\u00f5es simples. Na simplicidade das a\u00e7\u00f5es, mostrou a for\u00e7a do amor\u201d, acredita o padre.<\/p>\n<p><img loading=\"lazy\" decoding=\"async\" title=\"Homenagem \u00e0 Dra. Zilda Arns na C\u00e2mara Municipal de S\u00e3o Paulo\" src=\"http:\/\/www.oarcanjo.net\/site\/wp-content\/uploads\/homenagem-drazilda-001.jpg\" alt=\"Homenagem \u00e0 Dra. Zilda Arns na C\u00e2mara Municipal de S\u00e3o Paulo\" width=\"450\" height=\"338\" \/><\/p>\n<p>J\u00e1 os vereadores destacaram o importante papel da fundadora da Pastoral da Crian\u00e7a e da Pastoral da Pessoa Idosa na sociedade. \u201cQuase todos os fil\u00f3sofos falaram sobre tempo e espa\u00e7o. N\u00e3o decidimos o tempo que as coisas duram. Nossa vida obedece ao tempo, que n\u00e3o est\u00e1 sob o dom\u00ednio humano e se esvai. N\u00e3o dominamos o tempo, mas o espa\u00e7o sim. Posso estender o espa\u00e7o da minha a\u00e7\u00e3o para atender mais pessoas. Quando consigo ampliar isso, deixo uma marca. Dra Zilda ocupou um espa\u00e7o t\u00e3o bonito e marcou seu tempo\u201d, discursou o vereador Gabriel Chalita.<\/p>\n<p>\u201cDra. Zilda lutou pela ess\u00eancia da humanidade, respeitando culturas e etnias. Amparou os mais pobres e os mais fr\u00e1geis, literalmente salvando a vida de crian\u00e7as do Brasil e do mundo. Era uma construtora de humanidade e comunidades fortes\u201d, finalizou o vereador Eliseu Gabriel, que presidiu a sess\u00e3o solene.<\/p>\n<div id=\"themify_builder_content-9136\" data-postid=\"9136\" class=\"themify_builder_content themify_builder_content-9136 themify_builder themify_builder_front\">\n\t<\/div>\n<!-- \/themify_builder_content -->","protected":false},"excerpt":{"rendered":"<p>Cristiane Reimberg Coordenadora de comunica\u00e7\u00e3o da Pastoral da Crian\u00e7a\/SP Mais uma homenagem foi realizada na cidade de S\u00e3o Paulo \u00e0 Dra. Zilda Arns, morta no terremoto de janeiro no Haiti. A C\u00e2mara Municipal, por iniciativa dos vereadores Eliseu Gabriel e Gabriel Chalita, promoveu solenidade em abril, na qual entregou ao filho da fundadora da Pastoral [&hellip;]<\/p>\n","protected":false},"author":5,"featured_media":0,"comment_status":"open","ping_status":"open","sticky":false,"template":"","format":"standard","meta":{"ngg_post_thumbnail":0,"footnotes":""},"categories":[8],"tags":[1223,306],"yoast_head":"<!-- This site is optimized with the Yoast SEO plugin v23.5 - https:\/\/yoast.com\/wordpress\/plugins\/seo\/ -->\n<title>Zilda Arns recebe homenagem da C\u00e2mara Municipal de S\u00e3o Paulo - O Arcanjo no ar<\/title>\n<meta name=\"robots\" content=\"index, follow, max-snippet:-1, max-image-preview:large, max-video-preview:-1\" \/>\n<link rel=\"canonical\" href=\"https:\/\/www.oarcanjo.net\/site\/zilda-arns-recebe-homenagem-da-camara-municipal-de-sao-paulo\/\" \/>\n<meta property=\"og:locale\" content=\"pt_BR\" \/>\n<meta property=\"og:type\" content=\"article\" \/>\n<meta property=\"og:title\" content=\"Zilda Arns recebe homenagem da C\u00e2mara Municipal de S\u00e3o Paulo - O Arcanjo no ar\" \/>\n<meta property=\"og:description\" content=\"Cristiane Reimberg Coordenadora de comunica\u00e7\u00e3o da Pastoral da Crian\u00e7a\/SP Mais uma homenagem foi realizada na cidade de S\u00e3o Paulo \u00e0 Dra. Zilda Arns, morta no terremoto de janeiro no Haiti. A C\u00e2mara Municipal, por iniciativa dos vereadores Eliseu Gabriel e Gabriel Chalita, promoveu solenidade em abril, na qual entregou ao filho da fundadora da Pastoral [&hellip;]\" \/>\n<meta property=\"og:url\" content=\"https:\/\/www.oarcanjo.net\/site\/zilda-arns-recebe-homenagem-da-camara-municipal-de-sao-paulo\/\" \/>\n<meta property=\"og:site_name\" content=\"O Arcanjo no ar\" \/>\n<meta property=\"article:publisher\" content=\"https:\/\/www.facebook.com\/OArcanjoNoAr\/\" \/>\n<meta property=\"article:published_time\" content=\"2010-04-20T00:52:21+00:00\" \/>\n<meta property=\"article:modified_time\" content=\"2010-05-16T13:57:11+00:00\" \/>\n<meta property=\"og:image\" content=\"http:\/\/www.oarcanjo.net\/site\/wp-content\/uploads\/homenagem-drazilda-002.jpg\" \/>\n<meta name=\"author\" content=\"editor\" \/>\n<meta name=\"twitter:card\" content=\"summary_large_image\" \/>\n<meta name=\"twitter:label1\" content=\"Escrito por\" \/>\n\t<meta name=\"twitter:data1\" content=\"editor\" \/>\n\t<meta name=\"twitter:label2\" content=\"Est. tempo de leitura\" \/>\n\t<meta name=\"twitter:data2\" content=\"3 minutos\" \/>\n<script type=\"application\/ld+json\" class=\"yoast-schema-graph\">{\"@context\":\"https:\/\/schema.org\",\"@graph\":[{\"@type\":\"Article\",\"@id\":\"https:\/\/www.oarcanjo.net\/site\/zilda-arns-recebe-homenagem-da-camara-municipal-de-sao-paulo\/#article\",\"isPartOf\":{\"@id\":\"https:\/\/www.oarcanjo.net\/site\/zilda-arns-recebe-homenagem-da-camara-municipal-de-sao-paulo\/\"},\"author\":{\"name\":\"editor\",\"@id\":\"https:\/\/www.oarcanjo.net\/site\/#\/schema\/person\/f7024d007863202483a31326673a0838\"},\"headline\":\"Zilda Arns recebe homenagem da C\u00e2mara Municipal de S\u00e3o Paulo\",\"datePublished\":\"2010-04-20T00:52:21+00:00\",\"dateModified\":\"2010-05-16T13:57:11+00:00\",\"mainEntityOfPage\":{\"@id\":\"https:\/\/www.oarcanjo.net\/site\/zilda-arns-recebe-homenagem-da-camara-municipal-de-sao-paulo\/\"},\"wordCount\":566,\"commentCount\":0,\"publisher\":{\"@id\":\"https:\/\/www.oarcanjo.net\/site\/#organization\"},\"image\":{\"@id\":\"https:\/\/www.oarcanjo.net\/site\/zilda-arns-recebe-homenagem-da-camara-municipal-de-sao-paulo\/#primaryimage\"},\"thumbnailUrl\":\"http:\/\/www.oarcanjo.net\/site\/wp-content\/uploads\/homenagem-drazilda-002.jpg\",\"keywords\":[\"Gabriel Chalita\",\"Zilda Arns\"],\"articleSection\":[\"Not\u00edcias\"],\"inLanguage\":\"pt-BR\",\"potentialAction\":[{\"@type\":\"CommentAction\",\"name\":\"Comment\",\"target\":[\"https:\/\/www.oarcanjo.net\/site\/zilda-arns-recebe-homenagem-da-camara-municipal-de-sao-paulo\/#respond\"]}]},{\"@type\":\"WebPage\",\"@id\":\"https:\/\/www.oarcanjo.net\/site\/zilda-arns-recebe-homenagem-da-camara-municipal-de-sao-paulo\/\",\"url\":\"https:\/\/www.oarcanjo.net\/site\/zilda-arns-recebe-homenagem-da-camara-municipal-de-sao-paulo\/\",\"name\":\"Zilda Arns recebe homenagem da C\u00e2mara Municipal de S\u00e3o Paulo - O Arcanjo no ar\",\"isPartOf\":{\"@id\":\"https:\/\/www.oarcanjo.net\/site\/#website\"},\"primaryImageOfPage\":{\"@id\":\"https:\/\/www.oarcanjo.net\/site\/zilda-arns-recebe-homenagem-da-camara-municipal-de-sao-paulo\/#primaryimage\"},\"image\":{\"@id\":\"https:\/\/www.oarcanjo.net\/site\/zilda-arns-recebe-homenagem-da-camara-municipal-de-sao-paulo\/#primaryimage\"},\"thumbnailUrl\":\"http:\/\/www.oarcanjo.net\/site\/wp-content\/uploads\/homenagem-drazilda-002.jpg\",\"datePublished\":\"2010-04-20T00:52:21+00:00\",\"dateModified\":\"2010-05-16T13:57:11+00:00\",\"breadcrumb\":{\"@id\":\"https:\/\/www.oarcanjo.net\/site\/zilda-arns-recebe-homenagem-da-camara-municipal-de-sao-paulo\/#breadcrumb\"},\"inLanguage\":\"pt-BR\",\"potentialAction\":[{\"@type\":\"ReadAction\",\"target\":[\"https:\/\/www.oarcanjo.net\/site\/zilda-arns-recebe-homenagem-da-camara-municipal-de-sao-paulo\/\"]}]},{\"@type\":\"ImageObject\",\"inLanguage\":\"pt-BR\",\"@id\":\"https:\/\/www.oarcanjo.net\/site\/zilda-arns-recebe-homenagem-da-camara-municipal-de-sao-paulo\/#primaryimage\",\"url\":\"https:\/\/www.oarcanjo.net\/site\/wp-content\/uploads\/homenagem-drazilda-002.jpg\",\"contentUrl\":\"https:\/\/www.oarcanjo.net\/site\/wp-content\/uploads\/homenagem-drazilda-002.jpg\",\"width\":\"450\",\"height\":\"338\",\"caption\":\"Homenagem \u00e0 Dra. Zilda Arns na C\u00e2mara Municipal de S\u00e3o Paulo\"},{\"@type\":\"BreadcrumbList\",\"@id\":\"https:\/\/www.oarcanjo.net\/site\/zilda-arns-recebe-homenagem-da-camara-municipal-de-sao-paulo\/#breadcrumb\",\"itemListElement\":[{\"@type\":\"ListItem\",\"position\":1,\"name\":\"In\u00edcio\",\"item\":\"https:\/\/www.oarcanjo.net\/site\/\"},{\"@type\":\"ListItem\",\"position\":2,\"name\":\"Zilda Arns recebe homenagem da C\u00e2mara Municipal de S\u00e3o Paulo\"}]},{\"@type\":\"WebSite\",\"@id\":\"https:\/\/www.oarcanjo.net\/site\/#website\",\"url\":\"https:\/\/www.oarcanjo.net\/site\/\",\"name\":\"O Arcanjo no ar\",\"description\":\"Site da Par\u00f3quia S\u00e3o Miguel Arcanjo (Arquidiocese de SP)\",\"publisher\":{\"@id\":\"https:\/\/www.oarcanjo.net\/site\/#organization\"},\"potentialAction\":[{\"@type\":\"SearchAction\",\"target\":{\"@type\":\"EntryPoint\",\"urlTemplate\":\"https:\/\/www.oarcanjo.net\/site\/?s={search_term_string}\"},\"query-input\":{\"@type\":\"PropertyValueSpecification\",\"valueRequired\":true,\"valueName\":\"search_term_string\"}}],\"inLanguage\":\"pt-BR\"},{\"@type\":\"Organization\",\"@id\":\"https:\/\/www.oarcanjo.net\/site\/#organization\",\"name\":\"Par\u00f3quia S\u00e3o Miguel Arcanjo\",\"url\":\"https:\/\/www.oarcanjo.net\/site\/\",\"logo\":{\"@type\":\"ImageObject\",\"inLanguage\":\"pt-BR\",\"@id\":\"https:\/\/www.oarcanjo.net\/site\/#\/schema\/logo\/image\/\",\"url\":\"https:\/\/www.oarcanjo.net\/site\/wp-content\/uploads\/LogoOArcanjo.png\",\"contentUrl\":\"https:\/\/www.oarcanjo.net\/site\/wp-content\/uploads\/LogoOArcanjo.png\",\"width\":319,\"height\":99,\"caption\":\"Par\u00f3quia S\u00e3o Miguel Arcanjo\"},\"image\":{\"@id\":\"https:\/\/www.oarcanjo.net\/site\/#\/schema\/logo\/image\/\"},\"sameAs\":[\"https:\/\/www.facebook.com\/OArcanjoNoAr\/\"]},{\"@type\":\"Person\",\"@id\":\"https:\/\/www.oarcanjo.net\/site\/#\/schema\/person\/f7024d007863202483a31326673a0838\",\"name\":\"editor\",\"sameAs\":[\"http:\/\/www.oarcanjo.net\"]}]}<\/script>\n<!-- \/ Yoast SEO plugin. -->","yoast_head_json":{"title":"Zilda Arns recebe homenagem da C\u00e2mara Municipal de S\u00e3o Paulo - O Arcanjo no ar","robots":{"index":"index","follow":"follow","max-snippet":"max-snippet:-1","max-image-preview":"max-image-preview:large","max-video-preview":"max-video-preview:-1"},"canonical":"https:\/\/www.oarcanjo.net\/site\/zilda-arns-recebe-homenagem-da-camara-municipal-de-sao-paulo\/","og_locale":"pt_BR","og_type":"article","og_title":"Zilda Arns recebe homenagem da C\u00e2mara Municipal de S\u00e3o Paulo - O Arcanjo no ar","og_description":"Cristiane Reimberg Coordenadora de comunica\u00e7\u00e3o da Pastoral da Crian\u00e7a\/SP Mais uma homenagem foi realizada na cidade de S\u00e3o Paulo \u00e0 Dra. Zilda Arns, morta no terremoto de janeiro no Haiti. A C\u00e2mara Municipal, por iniciativa dos vereadores Eliseu Gabriel e Gabriel Chalita, promoveu solenidade em abril, na qual entregou ao filho da fundadora da Pastoral [&hellip;]","og_url":"https:\/\/www.oarcanjo.net\/site\/zilda-arns-recebe-homenagem-da-camara-municipal-de-sao-paulo\/","og_site_name":"O Arcanjo no ar","article_publisher":"https:\/\/www.facebook.com\/OArcanjoNoAr\/","article_published_time":"2010-04-20T00:52:21+00:00","article_modified_time":"2010-05-16T13:57:11+00:00","og_image":[{"url":"http:\/\/www.oarcanjo.net\/site\/wp-content\/uploads\/homenagem-drazilda-002.jpg"}],"author":"editor","twitter_card":"summary_large_image","twitter_misc":{"Escrito por":"editor","Est. tempo de leitura":"3 minutos"},"schema":{"@context":"https:\/\/schema.org","@graph":[{"@type":"Article","@id":"https:\/\/www.oarcanjo.net\/site\/zilda-arns-recebe-homenagem-da-camara-municipal-de-sao-paulo\/#article","isPartOf":{"@id":"https:\/\/www.oarcanjo.net\/site\/zilda-arns-recebe-homenagem-da-camara-municipal-de-sao-paulo\/"},"author":{"name":"editor","@id":"https:\/\/www.oarcanjo.net\/site\/#\/schema\/person\/f7024d007863202483a31326673a0838"},"headline":"Zilda Arns recebe homenagem da C\u00e2mara Municipal de S\u00e3o Paulo","datePublished":"2010-04-20T00:52:21+00:00","dateModified":"2010-05-16T13:57:11+00:00","mainEntityOfPage":{"@id":"https:\/\/www.oarcanjo.net\/site\/zilda-arns-recebe-homenagem-da-camara-municipal-de-sao-paulo\/"},"wordCount":566,"commentCount":0,"publisher":{"@id":"https:\/\/www.oarcanjo.net\/site\/#organization"},"image":{"@id":"https:\/\/www.oarcanjo.net\/site\/zilda-arns-recebe-homenagem-da-camara-municipal-de-sao-paulo\/#primaryimage"},"thumbnailUrl":"http:\/\/www.oarcanjo.net\/site\/wp-content\/uploads\/homenagem-drazilda-002.jpg","keywords":["Gabriel Chalita","Zilda Arns"],"articleSection":["Not\u00edcias"],"inLanguage":"pt-BR","potentialAction":[{"@type":"CommentAction","name":"Comment","target":["https:\/\/www.oarcanjo.net\/site\/zilda-arns-recebe-homenagem-da-camara-municipal-de-sao-paulo\/#respond"]}]},{"@type":"WebPage","@id":"https:\/\/www.oarcanjo.net\/site\/zilda-arns-recebe-homenagem-da-camara-municipal-de-sao-paulo\/","url":"https:\/\/www.oarcanjo.net\/site\/zilda-arns-recebe-homenagem-da-camara-municipal-de-sao-paulo\/","name":"Zilda Arns recebe homenagem da C\u00e2mara Municipal de S\u00e3o Paulo - O Arcanjo no ar","isPartOf":{"@id":"https:\/\/www.oarcanjo.net\/site\/#website"},"primaryImageOfPage":{"@id":"https:\/\/www.oarcanjo.net\/site\/zilda-arns-recebe-homenagem-da-camara-municipal-de-sao-paulo\/#primaryimage"},"image":{"@id":"https:\/\/www.oarcanjo.net\/site\/zilda-arns-recebe-homenagem-da-camara-municipal-de-sao-paulo\/#primaryimage"},"thumbnailUrl":"http:\/\/www.oarcanjo.net\/site\/wp-content\/uploads\/homenagem-drazilda-002.jpg","datePublished":"2010-04-20T00:52:21+00:00","dateModified":"2010-05-16T13:57:11+00:00","breadcrumb":{"@id":"https:\/\/www.oarcanjo.net\/site\/zilda-arns-recebe-homenagem-da-camara-municipal-de-sao-paulo\/#breadcrumb"},"inLanguage":"pt-BR","potentialAction":[{"@type":"ReadAction","target":["https:\/\/www.oarcanjo.net\/site\/zilda-arns-recebe-homenagem-da-camara-municipal-de-sao-paulo\/"]}]},{"@type":"ImageObject","inLanguage":"pt-BR","@id":"https:\/\/www.oarcanjo.net\/site\/zilda-arns-recebe-homenagem-da-camara-municipal-de-sao-paulo\/#primaryimage","url":"https:\/\/www.oarcanjo.net\/site\/wp-content\/uploads\/homenagem-drazilda-002.jpg","contentUrl":"https:\/\/www.oarcanjo.net\/site\/wp-content\/uploads\/homenagem-drazilda-002.jpg","width":"450","height":"338","caption":"Homenagem \u00e0 Dra. Zilda Arns na C\u00e2mara Municipal de S\u00e3o Paulo"},{"@type":"BreadcrumbList","@id":"https:\/\/www.oarcanjo.net\/site\/zilda-arns-recebe-homenagem-da-camara-municipal-de-sao-paulo\/#breadcrumb","itemListElement":[{"@type":"ListItem","position":1,"name":"In\u00edcio","item":"https:\/\/www.oarcanjo.net\/site\/"},{"@type":"ListItem","position":2,"name":"Zilda Arns recebe homenagem da C\u00e2mara Municipal de S\u00e3o Paulo"}]},{"@type":"WebSite","@id":"https:\/\/www.oarcanjo.net\/site\/#website","url":"https:\/\/www.oarcanjo.net\/site\/","name":"O Arcanjo no ar","description":"Site da Par\u00f3quia S\u00e3o Miguel Arcanjo (Arquidiocese de SP)","publisher":{"@id":"https:\/\/www.oarcanjo.net\/site\/#organization"},"potentialAction":[{"@type":"SearchAction","target":{"@type":"EntryPoint","urlTemplate":"https:\/\/www.oarcanjo.net\/site\/?s={search_term_string}"},"query-input":{"@type":"PropertyValueSpecification","valueRequired":true,"valueName":"search_term_string"}}],"inLanguage":"pt-BR"},{"@type":"Organization","@id":"https:\/\/www.oarcanjo.net\/site\/#organization","name":"Par\u00f3quia S\u00e3o Miguel Arcanjo","url":"https:\/\/www.oarcanjo.net\/site\/","logo":{"@type":"ImageObject","inLanguage":"pt-BR","@id":"https:\/\/www.oarcanjo.net\/site\/#\/schema\/logo\/image\/","url":"https:\/\/www.oarcanjo.net\/site\/wp-content\/uploads\/LogoOArcanjo.png","contentUrl":"https:\/\/www.oarcanjo.net\/site\/wp-content\/uploads\/LogoOArcanjo.png","width":319,"height":99,"caption":"Par\u00f3quia S\u00e3o Miguel Arcanjo"},"image":{"@id":"https:\/\/www.oarcanjo.net\/site\/#\/schema\/logo\/image\/"},"sameAs":["https:\/\/www.facebook.com\/OArcanjoNoAr\/"]},{"@type":"Person","@id":"https:\/\/www.oarcanjo.net\/site\/#\/schema\/person\/f7024d007863202483a31326673a0838","name":"editor","sameAs":["http:\/\/www.oarcanjo.net"]}]}},"publishpress_future_action":{"enabled":false,"date":"2026-05-06 09:19:02","action":"category","newStatus":"draft","terms":[],"taxonomy":"category"},"publishpress_future_workflow_manual_trigger":{"enabledWorkflows":[]},"_links":{"self":[{"href":"https:\/\/www.oarcanjo.net\/site\/wp-json\/wp\/v2\/posts\/9136"}],"collection":[{"href":"https:\/\/www.oarcanjo.net\/site\/wp-json\/wp\/v2\/posts"}],"about":[{"href":"https:\/\/www.oarcanjo.net\/site\/wp-json\/wp\/v2\/types\/post"}],"author":[{"embeddable":true,"href":"https:\/\/www.oarcanjo.net\/site\/wp-json\/wp\/v2\/users\/5"}],"replies":[{"embeddable":true,"href":"https:\/\/www.oarcanjo.net\/site\/wp-json\/wp\/v2\/comments?post=9136"}],"version-history":[{"count":0,"href":"https:\/\/www.oarcanjo.net\/site\/wp-json\/wp\/v2\/posts\/9136\/revisions"}],"wp:attachment":[{"href":"https:\/\/www.oarcanjo.net\/site\/wp-json\/wp\/v2\/media?parent=9136"}],"wp:term":[{"taxonomy":"category","embeddable":true,"href":"https:\/\/www.oarcanjo.net\/site\/wp-json\/wp\/v2\/categories?post=9136"},{"taxonomy":"post_tag","embeddable":true,"href":"https:\/\/www.oarcanjo.net\/site\/wp-json\/wp\/v2\/tags?post=9136"}],"curies":[{"name":"wp","href":"https:\/\/api.w.org\/{rel}","templated":true}]}}