
{"id":9139,"date":"2010-04-26T22:18:34","date_gmt":"2010-04-27T01:18:34","guid":{"rendered":"http:\/\/www.oarcanjo.net\/site\/?p=9139"},"modified":"2010-07-03T07:14:55","modified_gmt":"2010-07-03T10:14:55","slug":"violencia-e-droga-nas-escolas","status":"publish","type":"post","link":"https:\/\/www.oarcanjo.net\/site\/violencia-e-droga-nas-escolas\/","title":{"rendered":"Viol\u00eancia e droga nas escolas"},"content":{"rendered":"<p>A Pastoral Familiar da Arquidiocese de S\u00e3o Paulo realiza o semin\u00e1rio sobre &#8220;<strong>Viol\u00eancia e drogas nas escolas<\/strong>&#8221; em parceria com Paulinas Livraria. Os temas debatidos ser\u00e3o:<\/p>\n<p>05\/05 &#8211; Viol\u00eancia nas escolas &#8211; como enfrentar o problema?<br \/>\n06\/05 &#8211; Justi\u00e7a terap\u00eautica<br \/>\n07\/05 &#8211; Impactos do uso e abuso de \u00e1lcool e outras drogas na vida do adolescente<\/p>\n<p>Os encontros acontecer\u00e3o das 19h30 \u00e0s 22h,\u00a0no audit\u00f3rio da Paulinas Livraria da rua Domingos de Morais, em frente \u00e0 esta\u00e7\u00e3o Ana Rosa do Metr\u00f4.<\/p>\n<div id=\"themify_builder_content-9139\" data-postid=\"9139\" class=\"themify_builder_content themify_builder_content-9139 themify_builder themify_builder_front\">\n\t<\/div>\n<!-- \/themify_builder_content -->","protected":false},"excerpt":{"rendered":"<p>A Pastoral Familiar da Arquidiocese de S\u00e3o Paulo realiza o semin\u00e1rio sobre &#8220;Viol\u00eancia e drogas nas escolas&#8221; em parceria com Paulinas Livraria. Os temas debatidos ser\u00e3o: 05\/05 &#8211; Viol\u00eancia nas escolas &#8211; como enfrentar o problema? 06\/05 &#8211; Justi\u00e7a terap\u00eautica 07\/05 &#8211; Impactos do uso e abuso de \u00e1lcool e outras drogas na vida do [&hellip;]<\/p>\n","protected":false},"author":5,"featured_media":0,"comment_status":"open","ping_status":"open","sticky":false,"template":"","format":"standard","meta":{"ngg_post_thumbnail":0,"footnotes":""},"categories":[8],"tags":[],"yoast_head":"<!-- This site is optimized with the Yoast SEO plugin v23.5 - https:\/\/yoast.com\/wordpress\/plugins\/seo\/ -->\n<title>Viol\u00eancia e droga nas escolas - O Arcanjo no ar<\/title>\n<meta name=\"robots\" content=\"index, follow, max-snippet:-1, max-image-preview:large, max-video-preview:-1\" \/>\n<link rel=\"canonical\" href=\"https:\/\/www.oarcanjo.net\/site\/violencia-e-droga-nas-escolas\/\" \/>\n<meta property=\"og:locale\" content=\"pt_BR\" \/>\n<meta property=\"og:type\" content=\"article\" \/>\n<meta property=\"og:title\" content=\"Viol\u00eancia e droga nas escolas - O Arcanjo no ar\" \/>\n<meta property=\"og:description\" content=\"A Pastoral Familiar da Arquidiocese de S\u00e3o Paulo realiza o semin\u00e1rio sobre &#8220;Viol\u00eancia e drogas nas escolas&#8221; em parceria com Paulinas Livraria. Os temas debatidos ser\u00e3o: 05\/05 &#8211; Viol\u00eancia nas escolas &#8211; como enfrentar o problema? 06\/05 &#8211; Justi\u00e7a terap\u00eautica 07\/05 &#8211; Impactos do uso e abuso de \u00e1lcool e outras drogas na vida do [&hellip;]\" \/>\n<meta property=\"og:url\" content=\"https:\/\/www.oarcanjo.net\/site\/violencia-e-droga-nas-escolas\/\" \/>\n<meta property=\"og:site_name\" content=\"O Arcanjo no ar\" \/>\n<meta property=\"article:publisher\" content=\"https:\/\/www.facebook.com\/OArcanjoNoAr\/\" \/>\n<meta property=\"article:published_time\" content=\"2010-04-27T01:18:34+00:00\" \/>\n<meta property=\"article:modified_time\" content=\"2010-07-03T10:14:55+00:00\" \/>\n<meta property=\"og:image\" content=\"https:\/\/www.oarcanjo.net\/site\/wp-content\/uploads\/logo-o-arcanjo-no-ar-facebook.png\" \/>\n\t<meta property=\"og:image:width\" content=\"300\" \/>\n\t<meta property=\"og:image:height\" content=\"300\" \/>\n\t<meta property=\"og:image:type\" content=\"image\/png\" \/>\n<meta name=\"author\" content=\"editor\" \/>\n<meta name=\"twitter:card\" content=\"summary_large_image\" \/>\n<meta name=\"twitter:label1\" content=\"Escrito por\" \/>\n\t<meta name=\"twitter:data1\" content=\"editor\" \/>\n<script type=\"application\/ld+json\" class=\"yoast-schema-graph\">{\"@context\":\"https:\/\/schema.org\",\"@graph\":[{\"@type\":\"Article\",\"@id\":\"https:\/\/www.oarcanjo.net\/site\/violencia-e-droga-nas-escolas\/#article\",\"isPartOf\":{\"@id\":\"https:\/\/www.oarcanjo.net\/site\/violencia-e-droga-nas-escolas\/\"},\"author\":{\"name\":\"editor\",\"@id\":\"https:\/\/www.oarcanjo.net\/site\/#\/schema\/person\/f7024d007863202483a31326673a0838\"},\"headline\":\"Viol\u00eancia e droga nas escolas\",\"datePublished\":\"2010-04-27T01:18:34+00:00\",\"dateModified\":\"2010-07-03T10:14:55+00:00\",\"mainEntityOfPage\":{\"@id\":\"https:\/\/www.oarcanjo.net\/site\/violencia-e-droga-nas-escolas\/\"},\"wordCount\":93,\"commentCount\":0,\"publisher\":{\"@id\":\"https:\/\/www.oarcanjo.net\/site\/#organization\"},\"articleSection\":[\"Not\u00edcias\"],\"inLanguage\":\"pt-BR\",\"potentialAction\":[{\"@type\":\"CommentAction\",\"name\":\"Comment\",\"target\":[\"https:\/\/www.oarcanjo.net\/site\/violencia-e-droga-nas-escolas\/#respond\"]}]},{\"@type\":\"WebPage\",\"@id\":\"https:\/\/www.oarcanjo.net\/site\/violencia-e-droga-nas-escolas\/\",\"url\":\"https:\/\/www.oarcanjo.net\/site\/violencia-e-droga-nas-escolas\/\",\"name\":\"Viol\u00eancia e droga nas escolas - O Arcanjo no ar\",\"isPartOf\":{\"@id\":\"https:\/\/www.oarcanjo.net\/site\/#website\"},\"datePublished\":\"2010-04-27T01:18:34+00:00\",\"dateModified\":\"2010-07-03T10:14:55+00:00\",\"breadcrumb\":{\"@id\":\"https:\/\/www.oarcanjo.net\/site\/violencia-e-droga-nas-escolas\/#breadcrumb\"},\"inLanguage\":\"pt-BR\",\"potentialAction\":[{\"@type\":\"ReadAction\",\"target\":[\"https:\/\/www.oarcanjo.net\/site\/violencia-e-droga-nas-escolas\/\"]}]},{\"@type\":\"BreadcrumbList\",\"@id\":\"https:\/\/www.oarcanjo.net\/site\/violencia-e-droga-nas-escolas\/#breadcrumb\",\"itemListElement\":[{\"@type\":\"ListItem\",\"position\":1,\"name\":\"In\u00edcio\",\"item\":\"https:\/\/www.oarcanjo.net\/site\/\"},{\"@type\":\"ListItem\",\"position\":2,\"name\":\"Viol\u00eancia e droga nas escolas\"}]},{\"@type\":\"WebSite\",\"@id\":\"https:\/\/www.oarcanjo.net\/site\/#website\",\"url\":\"https:\/\/www.oarcanjo.net\/site\/\",\"name\":\"O Arcanjo no ar\",\"description\":\"Site da Par\u00f3quia S\u00e3o Miguel Arcanjo (Arquidiocese de SP)\",\"publisher\":{\"@id\":\"https:\/\/www.oarcanjo.net\/site\/#organization\"},\"potentialAction\":[{\"@type\":\"SearchAction\",\"target\":{\"@type\":\"EntryPoint\",\"urlTemplate\":\"https:\/\/www.oarcanjo.net\/site\/?s={search_term_string}\"},\"query-input\":{\"@type\":\"PropertyValueSpecification\",\"valueRequired\":true,\"valueName\":\"search_term_string\"}}],\"inLanguage\":\"pt-BR\"},{\"@type\":\"Organization\",\"@id\":\"https:\/\/www.oarcanjo.net\/site\/#organization\",\"name\":\"Par\u00f3quia S\u00e3o Miguel Arcanjo\",\"url\":\"https:\/\/www.oarcanjo.net\/site\/\",\"logo\":{\"@type\":\"ImageObject\",\"inLanguage\":\"pt-BR\",\"@id\":\"https:\/\/www.oarcanjo.net\/site\/#\/schema\/logo\/image\/\",\"url\":\"https:\/\/www.oarcanjo.net\/site\/wp-content\/uploads\/LogoOArcanjo.png\",\"contentUrl\":\"https:\/\/www.oarcanjo.net\/site\/wp-content\/uploads\/LogoOArcanjo.png\",\"width\":319,\"height\":99,\"caption\":\"Par\u00f3quia S\u00e3o Miguel Arcanjo\"},\"image\":{\"@id\":\"https:\/\/www.oarcanjo.net\/site\/#\/schema\/logo\/image\/\"},\"sameAs\":[\"https:\/\/www.facebook.com\/OArcanjoNoAr\/\"]},{\"@type\":\"Person\",\"@id\":\"https:\/\/www.oarcanjo.net\/site\/#\/schema\/person\/f7024d007863202483a31326673a0838\",\"name\":\"editor\",\"sameAs\":[\"http:\/\/www.oarcanjo.net\"]}]}<\/script>\n<!-- \/ Yoast SEO plugin. -->","yoast_head_json":{"title":"Viol\u00eancia e droga nas escolas - O Arcanjo no ar","robots":{"index":"index","follow":"follow","max-snippet":"max-snippet:-1","max-image-preview":"max-image-preview:large","max-video-preview":"max-video-preview:-1"},"canonical":"https:\/\/www.oarcanjo.net\/site\/violencia-e-droga-nas-escolas\/","og_locale":"pt_BR","og_type":"article","og_title":"Viol\u00eancia e droga nas escolas - O Arcanjo no ar","og_description":"A Pastoral Familiar da Arquidiocese de S\u00e3o Paulo realiza o semin\u00e1rio sobre &#8220;Viol\u00eancia e drogas nas escolas&#8221; em parceria com Paulinas Livraria. Os temas debatidos ser\u00e3o: 05\/05 &#8211; Viol\u00eancia nas escolas &#8211; como enfrentar o problema? 06\/05 &#8211; Justi\u00e7a terap\u00eautica 07\/05 &#8211; Impactos do uso e abuso de \u00e1lcool e outras drogas na vida do [&hellip;]","og_url":"https:\/\/www.oarcanjo.net\/site\/violencia-e-droga-nas-escolas\/","og_site_name":"O Arcanjo no ar","article_publisher":"https:\/\/www.facebook.com\/OArcanjoNoAr\/","article_published_time":"2010-04-27T01:18:34+00:00","article_modified_time":"2010-07-03T10:14:55+00:00","og_image":[{"width":300,"height":300,"url":"https:\/\/www.oarcanjo.net\/site\/wp-content\/uploads\/logo-o-arcanjo-no-ar-facebook.png","type":"image\/png"}],"author":"editor","twitter_card":"summary_large_image","twitter_misc":{"Escrito por":"editor"},"schema":{"@context":"https:\/\/schema.org","@graph":[{"@type":"Article","@id":"https:\/\/www.oarcanjo.net\/site\/violencia-e-droga-nas-escolas\/#article","isPartOf":{"@id":"https:\/\/www.oarcanjo.net\/site\/violencia-e-droga-nas-escolas\/"},"author":{"name":"editor","@id":"https:\/\/www.oarcanjo.net\/site\/#\/schema\/person\/f7024d007863202483a31326673a0838"},"headline":"Viol\u00eancia e droga nas escolas","datePublished":"2010-04-27T01:18:34+00:00","dateModified":"2010-07-03T10:14:55+00:00","mainEntityOfPage":{"@id":"https:\/\/www.oarcanjo.net\/site\/violencia-e-droga-nas-escolas\/"},"wordCount":93,"commentCount":0,"publisher":{"@id":"https:\/\/www.oarcanjo.net\/site\/#organization"},"articleSection":["Not\u00edcias"],"inLanguage":"pt-BR","potentialAction":[{"@type":"CommentAction","name":"Comment","target":["https:\/\/www.oarcanjo.net\/site\/violencia-e-droga-nas-escolas\/#respond"]}]},{"@type":"WebPage","@id":"https:\/\/www.oarcanjo.net\/site\/violencia-e-droga-nas-escolas\/","url":"https:\/\/www.oarcanjo.net\/site\/violencia-e-droga-nas-escolas\/","name":"Viol\u00eancia e droga nas escolas - O Arcanjo no ar","isPartOf":{"@id":"https:\/\/www.oarcanjo.net\/site\/#website"},"datePublished":"2010-04-27T01:18:34+00:00","dateModified":"2010-07-03T10:14:55+00:00","breadcrumb":{"@id":"https:\/\/www.oarcanjo.net\/site\/violencia-e-droga-nas-escolas\/#breadcrumb"},"inLanguage":"pt-BR","potentialAction":[{"@type":"ReadAction","target":["https:\/\/www.oarcanjo.net\/site\/violencia-e-droga-nas-escolas\/"]}]},{"@type":"BreadcrumbList","@id":"https:\/\/www.oarcanjo.net\/site\/violencia-e-droga-nas-escolas\/#breadcrumb","itemListElement":[{"@type":"ListItem","position":1,"name":"In\u00edcio","item":"https:\/\/www.oarcanjo.net\/site\/"},{"@type":"ListItem","position":2,"name":"Viol\u00eancia e droga nas escolas"}]},{"@type":"WebSite","@id":"https:\/\/www.oarcanjo.net\/site\/#website","url":"https:\/\/www.oarcanjo.net\/site\/","name":"O Arcanjo no ar","description":"Site da Par\u00f3quia S\u00e3o Miguel Arcanjo (Arquidiocese de SP)","publisher":{"@id":"https:\/\/www.oarcanjo.net\/site\/#organization"},"potentialAction":[{"@type":"SearchAction","target":{"@type":"EntryPoint","urlTemplate":"https:\/\/www.oarcanjo.net\/site\/?s={search_term_string}"},"query-input":{"@type":"PropertyValueSpecification","valueRequired":true,"valueName":"search_term_string"}}],"inLanguage":"pt-BR"},{"@type":"Organization","@id":"https:\/\/www.oarcanjo.net\/site\/#organization","name":"Par\u00f3quia S\u00e3o Miguel Arcanjo","url":"https:\/\/www.oarcanjo.net\/site\/","logo":{"@type":"ImageObject","inLanguage":"pt-BR","@id":"https:\/\/www.oarcanjo.net\/site\/#\/schema\/logo\/image\/","url":"https:\/\/www.oarcanjo.net\/site\/wp-content\/uploads\/LogoOArcanjo.png","contentUrl":"https:\/\/www.oarcanjo.net\/site\/wp-content\/uploads\/LogoOArcanjo.png","width":319,"height":99,"caption":"Par\u00f3quia S\u00e3o Miguel Arcanjo"},"image":{"@id":"https:\/\/www.oarcanjo.net\/site\/#\/schema\/logo\/image\/"},"sameAs":["https:\/\/www.facebook.com\/OArcanjoNoAr\/"]},{"@type":"Person","@id":"https:\/\/www.oarcanjo.net\/site\/#\/schema\/person\/f7024d007863202483a31326673a0838","name":"editor","sameAs":["http:\/\/www.oarcanjo.net"]}]}},"publishpress_future_action":{"enabled":false,"date":"2026-05-06 09:06:52","action":"category","newStatus":"draft","terms":[],"taxonomy":"category"},"publishpress_future_workflow_manual_trigger":{"enabledWorkflows":[]},"_links":{"self":[{"href":"https:\/\/www.oarcanjo.net\/site\/wp-json\/wp\/v2\/posts\/9139"}],"collection":[{"href":"https:\/\/www.oarcanjo.net\/site\/wp-json\/wp\/v2\/posts"}],"about":[{"href":"https:\/\/www.oarcanjo.net\/site\/wp-json\/wp\/v2\/types\/post"}],"author":[{"embeddable":true,"href":"https:\/\/www.oarcanjo.net\/site\/wp-json\/wp\/v2\/users\/5"}],"replies":[{"embeddable":true,"href":"https:\/\/www.oarcanjo.net\/site\/wp-json\/wp\/v2\/comments?post=9139"}],"version-history":[{"count":0,"href":"https:\/\/www.oarcanjo.net\/site\/wp-json\/wp\/v2\/posts\/9139\/revisions"}],"wp:attachment":[{"href":"https:\/\/www.oarcanjo.net\/site\/wp-json\/wp\/v2\/media?parent=9139"}],"wp:term":[{"taxonomy":"category","embeddable":true,"href":"https:\/\/www.oarcanjo.net\/site\/wp-json\/wp\/v2\/categories?post=9139"},{"taxonomy":"post_tag","embeddable":true,"href":"https:\/\/www.oarcanjo.net\/site\/wp-json\/wp\/v2\/tags?post=9139"}],"curies":[{"name":"wp","href":"https:\/\/api.w.org\/{rel}","templated":true}]}}