
{"id":9143,"date":"2010-04-21T22:25:33","date_gmt":"2010-04-22T01:25:33","guid":{"rendered":"http:\/\/www.oarcanjo.net\/site\/?p=9143"},"modified":"2010-04-26T22:42:45","modified_gmt":"2010-04-27T01:42:45","slug":"mensagem-do-presidente-lula-ao-pe-julio-lancellotti","status":"publish","type":"post","link":"https:\/\/www.oarcanjo.net\/site\/mensagem-do-presidente-lula-ao-pe-julio-lancellotti\/","title":{"rendered":"Mensagem do Presidente Lula ao Pe. Julio Lancellotti"},"content":{"rendered":"<p>Querido padre J\u00falio e participantes desta celebra\u00e7\u00e3o<\/p>\n<p>Na impossibilidade de minha presen\u00e7a nesta celebra\u00e7\u00e3o, n\u00e3o poderia deixar de enviar a esta mensagem a voc\u00ea, meu caro padre J\u00falio, neste dia em que voc\u00ea comemora 25 anos de sacerd\u00f3cio.<\/p>\n<p>Confesso a voc\u00ea, J\u00falio, que tenho orgulho de voc\u00ea. Tenho uma grande alegria em ser seu amigo e reconhe\u00e7o em voc\u00ea um verdadeiro sacerdote, porque voc\u00ea segue os passos de Jesus e \u00e9 para todos n\u00f3s um testemunho vivo, forte do pr\u00f3prio Cristo. Porque voc\u00ea escolheu a melhor parte: voc\u00ea serve a Deus, servindo \u00e0queles que Ele escolheu como seus filhos privilegiados, os deserdados da terra, os pobres e exclu\u00eddos.<\/p>\n<p>Agrade\u00e7o muito a Deus por termos  nos encontrado, padre J\u00falio, pela contribui\u00e7\u00e3o decisiva que voc\u00ea d\u00e1 ao Brasil, ao nosso governo, chamando nossa aten\u00e7\u00e3o, reivindicando pol\u00edticas p\u00fablicas de Estado para os que historicamente foram ignorados pelos governos. Bendigo a Deus\u00a0por aquele almo\u00e7o em minha casa, quando nasceu, por sua sugest\u00e3o, a celebra\u00e7\u00e3o do Natal com o Povo da Rua, que tenho a honra de realizar todos os anos.<\/p>\n<p>Pe\u00e7o a Deus que o conserve com sa\u00fade de corpo e esp\u00edrito para que voc\u00ea, sempre fiel, voc\u00ea siga colocando o seu cora\u00e7\u00e3o e sua vida a servi\u00e7o do povo, especialmente do povo da rua, do povo catador, das crian\u00e7as abandonadas v\u00edtimas da viol\u00eancia. Que Deus lhe d\u00ea muitas gra\u00e7as e muita firmeza e perserveran\u00e7a, contra toda sorte de persegui\u00e7\u00e3o e dificuldades que sempre se colocam para aqueles que defendem intransigentemente os pequenos e pobres.<\/p>\n<p>Um forte e carinhoso abra\u00e7o a voc\u00ea, J\u00falio, e cada um de voc\u00eas participantes desta celebra\u00e7\u00e3o<\/p>\n<p>Luiz In\u00e1cio Lula da Silva<br \/>\nPresidente da Rep\u00fablica<\/p>\n<div id=\"themify_builder_content-9143\" data-postid=\"9143\" class=\"themify_builder_content themify_builder_content-9143 themify_builder themify_builder_front\">\n\t<\/div>\n<!-- \/themify_builder_content -->","protected":false},"excerpt":{"rendered":"<p>Querido padre J\u00falio e participantes desta celebra\u00e7\u00e3o Na impossibilidade de minha presen\u00e7a nesta celebra\u00e7\u00e3o, n\u00e3o poderia deixar de enviar a esta mensagem a voc\u00ea, meu caro padre J\u00falio, neste dia em que voc\u00ea comemora 25 anos de sacerd\u00f3cio. Confesso a voc\u00ea, J\u00falio, que tenho orgulho de voc\u00ea. Tenho uma grande alegria em ser seu amigo [&hellip;]<\/p>\n","protected":false},"author":5,"featured_media":0,"comment_status":"open","ping_status":"open","sticky":false,"template":"","format":"standard","meta":{"ngg_post_thumbnail":0,"footnotes":""},"categories":[8],"tags":[84,1582,1362],"yoast_head":"<!-- This site is optimized with the Yoast SEO plugin v23.5 - https:\/\/yoast.com\/wordpress\/plugins\/seo\/ -->\n<title>Mensagem do Presidente Lula ao Pe. Julio Lancellotti - O Arcanjo no ar<\/title>\n<meta name=\"robots\" content=\"index, follow, max-snippet:-1, max-image-preview:large, max-video-preview:-1\" \/>\n<link rel=\"canonical\" href=\"https:\/\/www.oarcanjo.net\/site\/mensagem-do-presidente-lula-ao-pe-julio-lancellotti\/\" \/>\n<meta property=\"og:locale\" content=\"pt_BR\" \/>\n<meta property=\"og:type\" content=\"article\" \/>\n<meta property=\"og:title\" content=\"Mensagem do Presidente Lula ao Pe. Julio Lancellotti - O Arcanjo no ar\" \/>\n<meta property=\"og:description\" content=\"Querido padre J\u00falio e participantes desta celebra\u00e7\u00e3o Na impossibilidade de minha presen\u00e7a nesta celebra\u00e7\u00e3o, n\u00e3o poderia deixar de enviar a esta mensagem a voc\u00ea, meu caro padre J\u00falio, neste dia em que voc\u00ea comemora 25 anos de sacerd\u00f3cio. Confesso a voc\u00ea, J\u00falio, que tenho orgulho de voc\u00ea. Tenho uma grande alegria em ser seu amigo [&hellip;]\" \/>\n<meta property=\"og:url\" content=\"https:\/\/www.oarcanjo.net\/site\/mensagem-do-presidente-lula-ao-pe-julio-lancellotti\/\" \/>\n<meta property=\"og:site_name\" content=\"O Arcanjo no ar\" \/>\n<meta property=\"article:publisher\" content=\"https:\/\/www.facebook.com\/OArcanjoNoAr\/\" \/>\n<meta property=\"article:published_time\" content=\"2010-04-22T01:25:33+00:00\" \/>\n<meta property=\"article:modified_time\" content=\"2010-04-27T01:42:45+00:00\" \/>\n<meta property=\"og:image\" content=\"https:\/\/www.oarcanjo.net\/site\/wp-content\/uploads\/logo-o-arcanjo-no-ar-facebook.png\" \/>\n\t<meta property=\"og:image:width\" content=\"300\" \/>\n\t<meta property=\"og:image:height\" content=\"300\" \/>\n\t<meta property=\"og:image:type\" content=\"image\/png\" \/>\n<meta name=\"author\" content=\"editor\" \/>\n<meta name=\"twitter:card\" content=\"summary_large_image\" \/>\n<meta name=\"twitter:label1\" content=\"Escrito por\" \/>\n\t<meta name=\"twitter:data1\" content=\"editor\" \/>\n\t<meta name=\"twitter:label2\" content=\"Est. tempo de leitura\" \/>\n\t<meta name=\"twitter:data2\" content=\"2 minutos\" \/>\n<script type=\"application\/ld+json\" class=\"yoast-schema-graph\">{\"@context\":\"https:\/\/schema.org\",\"@graph\":[{\"@type\":\"Article\",\"@id\":\"https:\/\/www.oarcanjo.net\/site\/mensagem-do-presidente-lula-ao-pe-julio-lancellotti\/#article\",\"isPartOf\":{\"@id\":\"https:\/\/www.oarcanjo.net\/site\/mensagem-do-presidente-lula-ao-pe-julio-lancellotti\/\"},\"author\":{\"name\":\"editor\",\"@id\":\"https:\/\/www.oarcanjo.net\/site\/#\/schema\/person\/f7024d007863202483a31326673a0838\"},\"headline\":\"Mensagem do Presidente Lula ao Pe. Julio Lancellotti\",\"datePublished\":\"2010-04-22T01:25:33+00:00\",\"dateModified\":\"2010-04-27T01:42:45+00:00\",\"mainEntityOfPage\":{\"@id\":\"https:\/\/www.oarcanjo.net\/site\/mensagem-do-presidente-lula-ao-pe-julio-lancellotti\/\"},\"wordCount\":320,\"commentCount\":2,\"publisher\":{\"@id\":\"https:\/\/www.oarcanjo.net\/site\/#organization\"},\"keywords\":[\"homenagem\",\"Jubileu de Prata\",\"Lula\"],\"articleSection\":[\"Not\u00edcias\"],\"inLanguage\":\"pt-BR\",\"potentialAction\":[{\"@type\":\"CommentAction\",\"name\":\"Comment\",\"target\":[\"https:\/\/www.oarcanjo.net\/site\/mensagem-do-presidente-lula-ao-pe-julio-lancellotti\/#respond\"]}]},{\"@type\":\"WebPage\",\"@id\":\"https:\/\/www.oarcanjo.net\/site\/mensagem-do-presidente-lula-ao-pe-julio-lancellotti\/\",\"url\":\"https:\/\/www.oarcanjo.net\/site\/mensagem-do-presidente-lula-ao-pe-julio-lancellotti\/\",\"name\":\"Mensagem do Presidente Lula ao Pe. Julio Lancellotti - O Arcanjo no ar\",\"isPartOf\":{\"@id\":\"https:\/\/www.oarcanjo.net\/site\/#website\"},\"datePublished\":\"2010-04-22T01:25:33+00:00\",\"dateModified\":\"2010-04-27T01:42:45+00:00\",\"breadcrumb\":{\"@id\":\"https:\/\/www.oarcanjo.net\/site\/mensagem-do-presidente-lula-ao-pe-julio-lancellotti\/#breadcrumb\"},\"inLanguage\":\"pt-BR\",\"potentialAction\":[{\"@type\":\"ReadAction\",\"target\":[\"https:\/\/www.oarcanjo.net\/site\/mensagem-do-presidente-lula-ao-pe-julio-lancellotti\/\"]}]},{\"@type\":\"BreadcrumbList\",\"@id\":\"https:\/\/www.oarcanjo.net\/site\/mensagem-do-presidente-lula-ao-pe-julio-lancellotti\/#breadcrumb\",\"itemListElement\":[{\"@type\":\"ListItem\",\"position\":1,\"name\":\"In\u00edcio\",\"item\":\"https:\/\/www.oarcanjo.net\/site\/\"},{\"@type\":\"ListItem\",\"position\":2,\"name\":\"Mensagem do Presidente Lula ao Pe. Julio Lancellotti\"}]},{\"@type\":\"WebSite\",\"@id\":\"https:\/\/www.oarcanjo.net\/site\/#website\",\"url\":\"https:\/\/www.oarcanjo.net\/site\/\",\"name\":\"O Arcanjo no ar\",\"description\":\"Site da Par\u00f3quia S\u00e3o Miguel Arcanjo (Arquidiocese de SP)\",\"publisher\":{\"@id\":\"https:\/\/www.oarcanjo.net\/site\/#organization\"},\"potentialAction\":[{\"@type\":\"SearchAction\",\"target\":{\"@type\":\"EntryPoint\",\"urlTemplate\":\"https:\/\/www.oarcanjo.net\/site\/?s={search_term_string}\"},\"query-input\":{\"@type\":\"PropertyValueSpecification\",\"valueRequired\":true,\"valueName\":\"search_term_string\"}}],\"inLanguage\":\"pt-BR\"},{\"@type\":\"Organization\",\"@id\":\"https:\/\/www.oarcanjo.net\/site\/#organization\",\"name\":\"Par\u00f3quia S\u00e3o Miguel Arcanjo\",\"url\":\"https:\/\/www.oarcanjo.net\/site\/\",\"logo\":{\"@type\":\"ImageObject\",\"inLanguage\":\"pt-BR\",\"@id\":\"https:\/\/www.oarcanjo.net\/site\/#\/schema\/logo\/image\/\",\"url\":\"https:\/\/www.oarcanjo.net\/site\/wp-content\/uploads\/LogoOArcanjo.png\",\"contentUrl\":\"https:\/\/www.oarcanjo.net\/site\/wp-content\/uploads\/LogoOArcanjo.png\",\"width\":319,\"height\":99,\"caption\":\"Par\u00f3quia S\u00e3o Miguel Arcanjo\"},\"image\":{\"@id\":\"https:\/\/www.oarcanjo.net\/site\/#\/schema\/logo\/image\/\"},\"sameAs\":[\"https:\/\/www.facebook.com\/OArcanjoNoAr\/\"]},{\"@type\":\"Person\",\"@id\":\"https:\/\/www.oarcanjo.net\/site\/#\/schema\/person\/f7024d007863202483a31326673a0838\",\"name\":\"editor\",\"sameAs\":[\"http:\/\/www.oarcanjo.net\"]}]}<\/script>\n<!-- \/ Yoast SEO plugin. -->","yoast_head_json":{"title":"Mensagem do Presidente Lula ao Pe. Julio Lancellotti - O Arcanjo no ar","robots":{"index":"index","follow":"follow","max-snippet":"max-snippet:-1","max-image-preview":"max-image-preview:large","max-video-preview":"max-video-preview:-1"},"canonical":"https:\/\/www.oarcanjo.net\/site\/mensagem-do-presidente-lula-ao-pe-julio-lancellotti\/","og_locale":"pt_BR","og_type":"article","og_title":"Mensagem do Presidente Lula ao Pe. Julio Lancellotti - O Arcanjo no ar","og_description":"Querido padre J\u00falio e participantes desta celebra\u00e7\u00e3o Na impossibilidade de minha presen\u00e7a nesta celebra\u00e7\u00e3o, n\u00e3o poderia deixar de enviar a esta mensagem a voc\u00ea, meu caro padre J\u00falio, neste dia em que voc\u00ea comemora 25 anos de sacerd\u00f3cio. Confesso a voc\u00ea, J\u00falio, que tenho orgulho de voc\u00ea. Tenho uma grande alegria em ser seu amigo [&hellip;]","og_url":"https:\/\/www.oarcanjo.net\/site\/mensagem-do-presidente-lula-ao-pe-julio-lancellotti\/","og_site_name":"O Arcanjo no ar","article_publisher":"https:\/\/www.facebook.com\/OArcanjoNoAr\/","article_published_time":"2010-04-22T01:25:33+00:00","article_modified_time":"2010-04-27T01:42:45+00:00","og_image":[{"width":300,"height":300,"url":"https:\/\/www.oarcanjo.net\/site\/wp-content\/uploads\/logo-o-arcanjo-no-ar-facebook.png","type":"image\/png"}],"author":"editor","twitter_card":"summary_large_image","twitter_misc":{"Escrito por":"editor","Est. tempo de leitura":"2 minutos"},"schema":{"@context":"https:\/\/schema.org","@graph":[{"@type":"Article","@id":"https:\/\/www.oarcanjo.net\/site\/mensagem-do-presidente-lula-ao-pe-julio-lancellotti\/#article","isPartOf":{"@id":"https:\/\/www.oarcanjo.net\/site\/mensagem-do-presidente-lula-ao-pe-julio-lancellotti\/"},"author":{"name":"editor","@id":"https:\/\/www.oarcanjo.net\/site\/#\/schema\/person\/f7024d007863202483a31326673a0838"},"headline":"Mensagem do Presidente Lula ao Pe. Julio Lancellotti","datePublished":"2010-04-22T01:25:33+00:00","dateModified":"2010-04-27T01:42:45+00:00","mainEntityOfPage":{"@id":"https:\/\/www.oarcanjo.net\/site\/mensagem-do-presidente-lula-ao-pe-julio-lancellotti\/"},"wordCount":320,"commentCount":2,"publisher":{"@id":"https:\/\/www.oarcanjo.net\/site\/#organization"},"keywords":["homenagem","Jubileu de Prata","Lula"],"articleSection":["Not\u00edcias"],"inLanguage":"pt-BR","potentialAction":[{"@type":"CommentAction","name":"Comment","target":["https:\/\/www.oarcanjo.net\/site\/mensagem-do-presidente-lula-ao-pe-julio-lancellotti\/#respond"]}]},{"@type":"WebPage","@id":"https:\/\/www.oarcanjo.net\/site\/mensagem-do-presidente-lula-ao-pe-julio-lancellotti\/","url":"https:\/\/www.oarcanjo.net\/site\/mensagem-do-presidente-lula-ao-pe-julio-lancellotti\/","name":"Mensagem do Presidente Lula ao Pe. Julio Lancellotti - O Arcanjo no ar","isPartOf":{"@id":"https:\/\/www.oarcanjo.net\/site\/#website"},"datePublished":"2010-04-22T01:25:33+00:00","dateModified":"2010-04-27T01:42:45+00:00","breadcrumb":{"@id":"https:\/\/www.oarcanjo.net\/site\/mensagem-do-presidente-lula-ao-pe-julio-lancellotti\/#breadcrumb"},"inLanguage":"pt-BR","potentialAction":[{"@type":"ReadAction","target":["https:\/\/www.oarcanjo.net\/site\/mensagem-do-presidente-lula-ao-pe-julio-lancellotti\/"]}]},{"@type":"BreadcrumbList","@id":"https:\/\/www.oarcanjo.net\/site\/mensagem-do-presidente-lula-ao-pe-julio-lancellotti\/#breadcrumb","itemListElement":[{"@type":"ListItem","position":1,"name":"In\u00edcio","item":"https:\/\/www.oarcanjo.net\/site\/"},{"@type":"ListItem","position":2,"name":"Mensagem do Presidente Lula ao Pe. Julio Lancellotti"}]},{"@type":"WebSite","@id":"https:\/\/www.oarcanjo.net\/site\/#website","url":"https:\/\/www.oarcanjo.net\/site\/","name":"O Arcanjo no ar","description":"Site da Par\u00f3quia S\u00e3o Miguel Arcanjo (Arquidiocese de SP)","publisher":{"@id":"https:\/\/www.oarcanjo.net\/site\/#organization"},"potentialAction":[{"@type":"SearchAction","target":{"@type":"EntryPoint","urlTemplate":"https:\/\/www.oarcanjo.net\/site\/?s={search_term_string}"},"query-input":{"@type":"PropertyValueSpecification","valueRequired":true,"valueName":"search_term_string"}}],"inLanguage":"pt-BR"},{"@type":"Organization","@id":"https:\/\/www.oarcanjo.net\/site\/#organization","name":"Par\u00f3quia S\u00e3o Miguel Arcanjo","url":"https:\/\/www.oarcanjo.net\/site\/","logo":{"@type":"ImageObject","inLanguage":"pt-BR","@id":"https:\/\/www.oarcanjo.net\/site\/#\/schema\/logo\/image\/","url":"https:\/\/www.oarcanjo.net\/site\/wp-content\/uploads\/LogoOArcanjo.png","contentUrl":"https:\/\/www.oarcanjo.net\/site\/wp-content\/uploads\/LogoOArcanjo.png","width":319,"height":99,"caption":"Par\u00f3quia S\u00e3o Miguel Arcanjo"},"image":{"@id":"https:\/\/www.oarcanjo.net\/site\/#\/schema\/logo\/image\/"},"sameAs":["https:\/\/www.facebook.com\/OArcanjoNoAr\/"]},{"@type":"Person","@id":"https:\/\/www.oarcanjo.net\/site\/#\/schema\/person\/f7024d007863202483a31326673a0838","name":"editor","sameAs":["http:\/\/www.oarcanjo.net"]}]}},"publishpress_future_action":{"enabled":false,"date":"2026-05-06 09:17:45","action":"category","newStatus":"draft","terms":[],"taxonomy":"category"},"publishpress_future_workflow_manual_trigger":{"enabledWorkflows":[]},"_links":{"self":[{"href":"https:\/\/www.oarcanjo.net\/site\/wp-json\/wp\/v2\/posts\/9143"}],"collection":[{"href":"https:\/\/www.oarcanjo.net\/site\/wp-json\/wp\/v2\/posts"}],"about":[{"href":"https:\/\/www.oarcanjo.net\/site\/wp-json\/wp\/v2\/types\/post"}],"author":[{"embeddable":true,"href":"https:\/\/www.oarcanjo.net\/site\/wp-json\/wp\/v2\/users\/5"}],"replies":[{"embeddable":true,"href":"https:\/\/www.oarcanjo.net\/site\/wp-json\/wp\/v2\/comments?post=9143"}],"version-history":[{"count":0,"href":"https:\/\/www.oarcanjo.net\/site\/wp-json\/wp\/v2\/posts\/9143\/revisions"}],"wp:attachment":[{"href":"https:\/\/www.oarcanjo.net\/site\/wp-json\/wp\/v2\/media?parent=9143"}],"wp:term":[{"taxonomy":"category","embeddable":true,"href":"https:\/\/www.oarcanjo.net\/site\/wp-json\/wp\/v2\/categories?post=9143"},{"taxonomy":"post_tag","embeddable":true,"href":"https:\/\/www.oarcanjo.net\/site\/wp-json\/wp\/v2\/tags?post=9143"}],"curies":[{"name":"wp","href":"https:\/\/api.w.org\/{rel}","templated":true}]}}