
{"id":9179,"date":"2019-04-30T00:39:22","date_gmt":"2019-04-30T03:39:22","guid":{"rendered":"http:\/\/www.oarcanjo.net\/site\/?p=9179"},"modified":"2019-02-20T07:54:50","modified_gmt":"2019-02-20T10:54:50","slug":"sao-jose-benedito-cotolengo","status":"publish","type":"post","link":"https:\/\/www.oarcanjo.net\/site\/sao-jose-benedito-cotolengo\/","title":{"rendered":"S\u00e3o Jos\u00e9 Benedito Cotolengo"},"content":{"rendered":"<p><a id=\"apf0\" href=\"http:\/\/images.google.com.br\/imgres?imgurl=http:\/\/www.cademeusanto.com.br\/SBeneditoCottolengo.jpg&amp;imgrefurl=http:\/\/www.cademeusanto.com.br\/sao_benedito_cottolengo.htm&amp;usg=__w5iQ9ncJpCIqAa-aXqg2n1MP2x8=&amp;h=300&amp;w=196&amp;sz=14&amp;hl=pt-BR&amp;start=1&amp;sig2=DJbm4GqshEuJOletD9Q6Zw&amp;itbs=1&amp;tbnid=mTXaNWO1ImQD0M:&amp;tbnh=116&amp;tbnw=76&amp;prev=\/images%3Fq%3DS%25C3%25A3o%2BJos%25C3%25A9%2BBenedito%2BCotolengo%26hl%3Dpt-BR%26sa%3DG%26gbv%3D2%26tbs%3Disch:1&amp;ei=oe7ZS_y0KJTaNcH2sWA\"><img loading=\"lazy\" decoding=\"async\" src=\"http:\/\/t2.gstatic.com\/images?q=tbn:mTXaNWO1ImQD0M:http:\/\/www.cademeusanto.com.br\/SBeneditoCottolengo.jpg\" alt=\"\" width=\"76\" height=\"116\" \/><\/a><\/p>\n<p>30 de Abril<\/p>\n<p>Fundou as Pequenas casas da Divina Provid\u00eancia<\/p>\n<p>Jos\u00e9 Benedito Cotolengo nasceu em Br\u00e1, na prov\u00edncia de Cuneo, no norte da It\u00e1lia, no dia 3 de maio de 1786. Foi o mais velho dos doze filhos de uma fam\u00edlia crist\u00e3 muito piedosa. Ele tinha apenas cinco anos quando sua m\u00e3e o viu medindo os quartos da casa com uma vara, para saber quantos doentes pobres caberiam neles. Dizia que, quando crescesse, queria encher sua casa com esses necessitados, fazendo dela &#8220;seu hospital&#8221;. O epis\u00f3dio foi um gesto prof\u00e9tico. Na cidade de Br\u00e1, ainda se conserva tal casa.<\/p>\n<p>Com dezessete anos, ingressou no semin\u00e1rio e, aos vinte e cinco, se ordenou sacerdote na diocese de Turim. Seu minist\u00e9rio foi marcado por uma profunda compaix\u00e3o pelos mais desprotegidos, esperando sempre a hora oportuna para concretizar os ideais de sua voca\u00e7\u00e3o.<\/p>\n<p>Em 1837, padre Jos\u00e9 Benedito foi chamado para ministrar os sacramentos a uma mulher gr\u00e1vida, v\u00edtima de doen\u00e7a fatal. Ela estava morrendo e, mesmo assim, os hospitais n\u00e3o a internaram, alegando que n\u00e3o havia leitos dispon\u00edveis para os pobres. Ele nada p\u00f4de fazer. Entretanto, depois de ela ter morrido e ele ter confortado os familiares, o padre se retirou para rezar. Ao terminar as ora\u00e7\u00f5es, mandou tocar os sinos e avisou a todos os fi\u00e9is que era chegada a hora de &#8220;ajudar a Provid\u00eancia Divina&#8221;.<\/p>\n<p>Alugou uma casa e conseguiu colocar nela leitos e rem\u00e9dios, onde passou a abrigar os doentes marginalizados, trabalhando, ele mesmo, como enfermeiro e buscando recursos para mant\u00ea-la, mas sem abandonar as fun\u00e7\u00f5es de p\u00e1roco. Era t\u00e3o dedicado aos seus fi\u00e9is a ponto de rezar uma missa \u00e0s tr\u00eas horas da madrugada para que os camponeses pudessem ir para seus campos de trabalho com a Palavra do Senhor cravada em seus cora\u00e7\u00f5es.<\/p>\n<p>Os pol\u00edticos da cidade, incomodados com sua atua\u00e7\u00e3o, conseguiram fechar a casa. Mas ele n\u00e3o desistiu. Fundou a Congrega\u00e7\u00e3o religiosa da Pequena Casa da Divina Provid\u00eancia e as Damas da Caridade ou Cotolenguinas, com a finalidade de servir os pequeninos, os deficientes e os doentes. Os fundos deveriam vir apenas das doa\u00e7\u00f5es e da ajuda das pessoas simples. Padre Jos\u00e9 Benedito Cotolengo tinha como lema &#8220;caridade e confian\u00e7a&#8221;: fazer todo o bem poss\u00edvel e confiar sempre em Deus. Comprou uma hospedaria abandonada na periferia da cidade e reabriu-a com o nome de &#8220;Pequena Casa da Divina Provid\u00eancia&#8221;.<\/p>\n<p>Diante do Sant\u00edssimo Sacramento, padre Jos\u00e9 Benedito e todos os leigos e religiosos, que se uniram a ele nessa experi\u00eancia de Deus, buscavam for\u00e7as para bem servir os doentes desamparados, pois, como ele mesmo dizia: &#8220;Se soubesses quem s\u00e3o os pobres, v\u00f3s os servirias de joelhos!&#8221;. Morreu de fadiga, no dia 30 de abril de 1842, com cinq\u00fcenta e seis anos.<\/p>\n<p>A primeira casa passou a receber todos os tipos de renegados: portadores de doen\u00e7as contagiosas, f\u00edsicas e ps\u00edquicas, em estado terminal ou n\u00e3o. Ainda hoje abriga quase vinte mil pessoas, servidas por cerca de oitocentas irm\u00e3s religiosas e volunt\u00e1rias. A congrega\u00e7\u00e3o pode ser encontrada nos cinco continentes, e continua como a primeira: sem receber ajuda do Estado ou de qualquer outra institui\u00e7\u00e3o. O padre Jos\u00e9 Benedito Cotolengo foi canonizado por Pio XI em 1934, e sua festa lit\u00fargica ocorre no dia 30 de abril.<\/p>\n<div id=\"themify_builder_content-9179\" data-postid=\"9179\" class=\"themify_builder_content themify_builder_content-9179 themify_builder themify_builder_front\">\n\t<\/div>\n<!-- \/themify_builder_content -->","protected":false},"excerpt":{"rendered":"<p>30 de Abril Fundou as Pequenas casas da Divina Provid\u00eancia Jos\u00e9 Benedito Cotolengo nasceu em Br\u00e1, na prov\u00edncia de Cuneo, no norte da It\u00e1lia, no dia 3 de maio de 1786. Foi o mais velho dos doze filhos de uma fam\u00edlia crist\u00e3 muito piedosa. Ele tinha apenas cinco anos quando sua m\u00e3e o viu medindo [&hellip;]<\/p>\n","protected":false},"author":14,"featured_media":0,"comment_status":"open","ping_status":"open","sticky":false,"template":"","format":"standard","meta":{"ngg_post_thumbnail":0,"footnotes":""},"categories":[186],"tags":[],"yoast_head":"<!-- This site is optimized with the Yoast SEO plugin v23.5 - https:\/\/yoast.com\/wordpress\/plugins\/seo\/ -->\n<title>S\u00e3o Jos\u00e9 Benedito Cotolengo - O Arcanjo no ar<\/title>\n<meta name=\"robots\" content=\"index, follow, max-snippet:-1, max-image-preview:large, max-video-preview:-1\" \/>\n<link rel=\"canonical\" href=\"https:\/\/www.oarcanjo.net\/site\/sao-jose-benedito-cotolengo\/\" \/>\n<meta property=\"og:locale\" content=\"pt_BR\" \/>\n<meta property=\"og:type\" content=\"article\" \/>\n<meta property=\"og:title\" content=\"S\u00e3o Jos\u00e9 Benedito Cotolengo - O Arcanjo no ar\" \/>\n<meta property=\"og:description\" content=\"30 de Abril Fundou as Pequenas casas da Divina Provid\u00eancia Jos\u00e9 Benedito Cotolengo nasceu em Br\u00e1, na prov\u00edncia de Cuneo, no norte da It\u00e1lia, no dia 3 de maio de 1786. Foi o mais velho dos doze filhos de uma fam\u00edlia crist\u00e3 muito piedosa. Ele tinha apenas cinco anos quando sua m\u00e3e o viu medindo [&hellip;]\" \/>\n<meta property=\"og:url\" content=\"https:\/\/www.oarcanjo.net\/site\/sao-jose-benedito-cotolengo\/\" \/>\n<meta property=\"og:site_name\" content=\"O Arcanjo no ar\" \/>\n<meta property=\"article:publisher\" content=\"https:\/\/www.facebook.com\/OArcanjoNoAr\/\" \/>\n<meta property=\"article:published_time\" content=\"2019-04-30T03:39:22+00:00\" \/>\n<meta property=\"article:modified_time\" content=\"2019-02-20T10:54:50+00:00\" \/>\n<meta property=\"og:image\" content=\"http:\/\/t2.gstatic.com\/images?q=tbn:mTXaNWO1ImQD0M:http:\/\/www.cademeusanto.com.br\/SBeneditoCottolengo.jpg\" \/>\n<meta name=\"author\" content=\"danilo\" \/>\n<meta name=\"twitter:card\" content=\"summary_large_image\" \/>\n<meta name=\"twitter:label1\" content=\"Escrito por\" \/>\n\t<meta name=\"twitter:data1\" content=\"danilo\" \/>\n\t<meta name=\"twitter:label2\" content=\"Est. tempo de leitura\" \/>\n\t<meta name=\"twitter:data2\" content=\"3 minutos\" \/>\n<script type=\"application\/ld+json\" class=\"yoast-schema-graph\">{\"@context\":\"https:\/\/schema.org\",\"@graph\":[{\"@type\":\"Article\",\"@id\":\"https:\/\/www.oarcanjo.net\/site\/sao-jose-benedito-cotolengo\/#article\",\"isPartOf\":{\"@id\":\"https:\/\/www.oarcanjo.net\/site\/sao-jose-benedito-cotolengo\/\"},\"author\":{\"name\":\"danilo\",\"@id\":\"https:\/\/www.oarcanjo.net\/site\/#\/schema\/person\/5eb9480bedd2f3c97e430ce128c29c6c\"},\"headline\":\"S\u00e3o Jos\u00e9 Benedito Cotolengo\",\"datePublished\":\"2019-04-30T03:39:22+00:00\",\"dateModified\":\"2019-02-20T10:54:50+00:00\",\"mainEntityOfPage\":{\"@id\":\"https:\/\/www.oarcanjo.net\/site\/sao-jose-benedito-cotolengo\/\"},\"wordCount\":588,\"commentCount\":0,\"publisher\":{\"@id\":\"https:\/\/www.oarcanjo.net\/site\/#organization\"},\"image\":{\"@id\":\"https:\/\/www.oarcanjo.net\/site\/sao-jose-benedito-cotolengo\/#primaryimage\"},\"thumbnailUrl\":\"http:\/\/t2.gstatic.com\/images?q=tbn:mTXaNWO1ImQD0M:http:\/\/www.cademeusanto.com.br\/SBeneditoCottolengo.jpg\",\"articleSection\":[\"Testemunhos\"],\"inLanguage\":\"pt-BR\",\"potentialAction\":[{\"@type\":\"CommentAction\",\"name\":\"Comment\",\"target\":[\"https:\/\/www.oarcanjo.net\/site\/sao-jose-benedito-cotolengo\/#respond\"]}]},{\"@type\":\"WebPage\",\"@id\":\"https:\/\/www.oarcanjo.net\/site\/sao-jose-benedito-cotolengo\/\",\"url\":\"https:\/\/www.oarcanjo.net\/site\/sao-jose-benedito-cotolengo\/\",\"name\":\"S\u00e3o Jos\u00e9 Benedito Cotolengo - O Arcanjo no ar\",\"isPartOf\":{\"@id\":\"https:\/\/www.oarcanjo.net\/site\/#website\"},\"primaryImageOfPage\":{\"@id\":\"https:\/\/www.oarcanjo.net\/site\/sao-jose-benedito-cotolengo\/#primaryimage\"},\"image\":{\"@id\":\"https:\/\/www.oarcanjo.net\/site\/sao-jose-benedito-cotolengo\/#primaryimage\"},\"thumbnailUrl\":\"http:\/\/t2.gstatic.com\/images?q=tbn:mTXaNWO1ImQD0M:http:\/\/www.cademeusanto.com.br\/SBeneditoCottolengo.jpg\",\"datePublished\":\"2019-04-30T03:39:22+00:00\",\"dateModified\":\"2019-02-20T10:54:50+00:00\",\"breadcrumb\":{\"@id\":\"https:\/\/www.oarcanjo.net\/site\/sao-jose-benedito-cotolengo\/#breadcrumb\"},\"inLanguage\":\"pt-BR\",\"potentialAction\":[{\"@type\":\"ReadAction\",\"target\":[\"https:\/\/www.oarcanjo.net\/site\/sao-jose-benedito-cotolengo\/\"]}]},{\"@type\":\"ImageObject\",\"inLanguage\":\"pt-BR\",\"@id\":\"https:\/\/www.oarcanjo.net\/site\/sao-jose-benedito-cotolengo\/#primaryimage\",\"url\":\"http:\/\/t2.gstatic.com\/images?q=tbn:mTXaNWO1ImQD0M:http:\/\/www.cademeusanto.com.br\/SBeneditoCottolengo.jpg\",\"contentUrl\":\"http:\/\/t2.gstatic.com\/images?q=tbn:mTXaNWO1ImQD0M:http:\/\/www.cademeusanto.com.br\/SBeneditoCottolengo.jpg\"},{\"@type\":\"BreadcrumbList\",\"@id\":\"https:\/\/www.oarcanjo.net\/site\/sao-jose-benedito-cotolengo\/#breadcrumb\",\"itemListElement\":[{\"@type\":\"ListItem\",\"position\":1,\"name\":\"In\u00edcio\",\"item\":\"https:\/\/www.oarcanjo.net\/site\/\"},{\"@type\":\"ListItem\",\"position\":2,\"name\":\"S\u00e3o Jos\u00e9 Benedito Cotolengo\"}]},{\"@type\":\"WebSite\",\"@id\":\"https:\/\/www.oarcanjo.net\/site\/#website\",\"url\":\"https:\/\/www.oarcanjo.net\/site\/\",\"name\":\"O Arcanjo no ar\",\"description\":\"Site da Par\u00f3quia S\u00e3o Miguel Arcanjo (Arquidiocese de SP)\",\"publisher\":{\"@id\":\"https:\/\/www.oarcanjo.net\/site\/#organization\"},\"potentialAction\":[{\"@type\":\"SearchAction\",\"target\":{\"@type\":\"EntryPoint\",\"urlTemplate\":\"https:\/\/www.oarcanjo.net\/site\/?s={search_term_string}\"},\"query-input\":{\"@type\":\"PropertyValueSpecification\",\"valueRequired\":true,\"valueName\":\"search_term_string\"}}],\"inLanguage\":\"pt-BR\"},{\"@type\":\"Organization\",\"@id\":\"https:\/\/www.oarcanjo.net\/site\/#organization\",\"name\":\"Par\u00f3quia S\u00e3o Miguel Arcanjo\",\"url\":\"https:\/\/www.oarcanjo.net\/site\/\",\"logo\":{\"@type\":\"ImageObject\",\"inLanguage\":\"pt-BR\",\"@id\":\"https:\/\/www.oarcanjo.net\/site\/#\/schema\/logo\/image\/\",\"url\":\"https:\/\/www.oarcanjo.net\/site\/wp-content\/uploads\/LogoOArcanjo.png\",\"contentUrl\":\"https:\/\/www.oarcanjo.net\/site\/wp-content\/uploads\/LogoOArcanjo.png\",\"width\":319,\"height\":99,\"caption\":\"Par\u00f3quia S\u00e3o Miguel Arcanjo\"},\"image\":{\"@id\":\"https:\/\/www.oarcanjo.net\/site\/#\/schema\/logo\/image\/\"},\"sameAs\":[\"https:\/\/www.facebook.com\/OArcanjoNoAr\/\"]},{\"@type\":\"Person\",\"@id\":\"https:\/\/www.oarcanjo.net\/site\/#\/schema\/person\/5eb9480bedd2f3c97e430ce128c29c6c\",\"name\":\"danilo\"}]}<\/script>\n<!-- \/ Yoast SEO plugin. -->","yoast_head_json":{"title":"S\u00e3o Jos\u00e9 Benedito Cotolengo - O Arcanjo no ar","robots":{"index":"index","follow":"follow","max-snippet":"max-snippet:-1","max-image-preview":"max-image-preview:large","max-video-preview":"max-video-preview:-1"},"canonical":"https:\/\/www.oarcanjo.net\/site\/sao-jose-benedito-cotolengo\/","og_locale":"pt_BR","og_type":"article","og_title":"S\u00e3o Jos\u00e9 Benedito Cotolengo - O Arcanjo no ar","og_description":"30 de Abril Fundou as Pequenas casas da Divina Provid\u00eancia Jos\u00e9 Benedito Cotolengo nasceu em Br\u00e1, na prov\u00edncia de Cuneo, no norte da It\u00e1lia, no dia 3 de maio de 1786. Foi o mais velho dos doze filhos de uma fam\u00edlia crist\u00e3 muito piedosa. Ele tinha apenas cinco anos quando sua m\u00e3e o viu medindo [&hellip;]","og_url":"https:\/\/www.oarcanjo.net\/site\/sao-jose-benedito-cotolengo\/","og_site_name":"O Arcanjo no ar","article_publisher":"https:\/\/www.facebook.com\/OArcanjoNoAr\/","article_published_time":"2019-04-30T03:39:22+00:00","article_modified_time":"2019-02-20T10:54:50+00:00","og_image":[{"url":"http:\/\/t2.gstatic.com\/images?q=tbn:mTXaNWO1ImQD0M:http:\/\/www.cademeusanto.com.br\/SBeneditoCottolengo.jpg"}],"author":"danilo","twitter_card":"summary_large_image","twitter_misc":{"Escrito por":"danilo","Est. tempo de leitura":"3 minutos"},"schema":{"@context":"https:\/\/schema.org","@graph":[{"@type":"Article","@id":"https:\/\/www.oarcanjo.net\/site\/sao-jose-benedito-cotolengo\/#article","isPartOf":{"@id":"https:\/\/www.oarcanjo.net\/site\/sao-jose-benedito-cotolengo\/"},"author":{"name":"danilo","@id":"https:\/\/www.oarcanjo.net\/site\/#\/schema\/person\/5eb9480bedd2f3c97e430ce128c29c6c"},"headline":"S\u00e3o Jos\u00e9 Benedito Cotolengo","datePublished":"2019-04-30T03:39:22+00:00","dateModified":"2019-02-20T10:54:50+00:00","mainEntityOfPage":{"@id":"https:\/\/www.oarcanjo.net\/site\/sao-jose-benedito-cotolengo\/"},"wordCount":588,"commentCount":0,"publisher":{"@id":"https:\/\/www.oarcanjo.net\/site\/#organization"},"image":{"@id":"https:\/\/www.oarcanjo.net\/site\/sao-jose-benedito-cotolengo\/#primaryimage"},"thumbnailUrl":"http:\/\/t2.gstatic.com\/images?q=tbn:mTXaNWO1ImQD0M:http:\/\/www.cademeusanto.com.br\/SBeneditoCottolengo.jpg","articleSection":["Testemunhos"],"inLanguage":"pt-BR","potentialAction":[{"@type":"CommentAction","name":"Comment","target":["https:\/\/www.oarcanjo.net\/site\/sao-jose-benedito-cotolengo\/#respond"]}]},{"@type":"WebPage","@id":"https:\/\/www.oarcanjo.net\/site\/sao-jose-benedito-cotolengo\/","url":"https:\/\/www.oarcanjo.net\/site\/sao-jose-benedito-cotolengo\/","name":"S\u00e3o Jos\u00e9 Benedito Cotolengo - O Arcanjo no ar","isPartOf":{"@id":"https:\/\/www.oarcanjo.net\/site\/#website"},"primaryImageOfPage":{"@id":"https:\/\/www.oarcanjo.net\/site\/sao-jose-benedito-cotolengo\/#primaryimage"},"image":{"@id":"https:\/\/www.oarcanjo.net\/site\/sao-jose-benedito-cotolengo\/#primaryimage"},"thumbnailUrl":"http:\/\/t2.gstatic.com\/images?q=tbn:mTXaNWO1ImQD0M:http:\/\/www.cademeusanto.com.br\/SBeneditoCottolengo.jpg","datePublished":"2019-04-30T03:39:22+00:00","dateModified":"2019-02-20T10:54:50+00:00","breadcrumb":{"@id":"https:\/\/www.oarcanjo.net\/site\/sao-jose-benedito-cotolengo\/#breadcrumb"},"inLanguage":"pt-BR","potentialAction":[{"@type":"ReadAction","target":["https:\/\/www.oarcanjo.net\/site\/sao-jose-benedito-cotolengo\/"]}]},{"@type":"ImageObject","inLanguage":"pt-BR","@id":"https:\/\/www.oarcanjo.net\/site\/sao-jose-benedito-cotolengo\/#primaryimage","url":"http:\/\/t2.gstatic.com\/images?q=tbn:mTXaNWO1ImQD0M:http:\/\/www.cademeusanto.com.br\/SBeneditoCottolengo.jpg","contentUrl":"http:\/\/t2.gstatic.com\/images?q=tbn:mTXaNWO1ImQD0M:http:\/\/www.cademeusanto.com.br\/SBeneditoCottolengo.jpg"},{"@type":"BreadcrumbList","@id":"https:\/\/www.oarcanjo.net\/site\/sao-jose-benedito-cotolengo\/#breadcrumb","itemListElement":[{"@type":"ListItem","position":1,"name":"In\u00edcio","item":"https:\/\/www.oarcanjo.net\/site\/"},{"@type":"ListItem","position":2,"name":"S\u00e3o Jos\u00e9 Benedito Cotolengo"}]},{"@type":"WebSite","@id":"https:\/\/www.oarcanjo.net\/site\/#website","url":"https:\/\/www.oarcanjo.net\/site\/","name":"O Arcanjo no ar","description":"Site da Par\u00f3quia S\u00e3o Miguel Arcanjo (Arquidiocese de SP)","publisher":{"@id":"https:\/\/www.oarcanjo.net\/site\/#organization"},"potentialAction":[{"@type":"SearchAction","target":{"@type":"EntryPoint","urlTemplate":"https:\/\/www.oarcanjo.net\/site\/?s={search_term_string}"},"query-input":{"@type":"PropertyValueSpecification","valueRequired":true,"valueName":"search_term_string"}}],"inLanguage":"pt-BR"},{"@type":"Organization","@id":"https:\/\/www.oarcanjo.net\/site\/#organization","name":"Par\u00f3quia S\u00e3o Miguel Arcanjo","url":"https:\/\/www.oarcanjo.net\/site\/","logo":{"@type":"ImageObject","inLanguage":"pt-BR","@id":"https:\/\/www.oarcanjo.net\/site\/#\/schema\/logo\/image\/","url":"https:\/\/www.oarcanjo.net\/site\/wp-content\/uploads\/LogoOArcanjo.png","contentUrl":"https:\/\/www.oarcanjo.net\/site\/wp-content\/uploads\/LogoOArcanjo.png","width":319,"height":99,"caption":"Par\u00f3quia S\u00e3o Miguel Arcanjo"},"image":{"@id":"https:\/\/www.oarcanjo.net\/site\/#\/schema\/logo\/image\/"},"sameAs":["https:\/\/www.facebook.com\/OArcanjoNoAr\/"]},{"@type":"Person","@id":"https:\/\/www.oarcanjo.net\/site\/#\/schema\/person\/5eb9480bedd2f3c97e430ce128c29c6c","name":"danilo"}]}},"publishpress_future_action":{"enabled":false,"date":"2026-05-07 16:47:09","action":"category","newStatus":"draft","terms":[],"taxonomy":"category"},"publishpress_future_workflow_manual_trigger":{"enabledWorkflows":[]},"_links":{"self":[{"href":"https:\/\/www.oarcanjo.net\/site\/wp-json\/wp\/v2\/posts\/9179"}],"collection":[{"href":"https:\/\/www.oarcanjo.net\/site\/wp-json\/wp\/v2\/posts"}],"about":[{"href":"https:\/\/www.oarcanjo.net\/site\/wp-json\/wp\/v2\/types\/post"}],"author":[{"embeddable":true,"href":"https:\/\/www.oarcanjo.net\/site\/wp-json\/wp\/v2\/users\/14"}],"replies":[{"embeddable":true,"href":"https:\/\/www.oarcanjo.net\/site\/wp-json\/wp\/v2\/comments?post=9179"}],"version-history":[{"count":1,"href":"https:\/\/www.oarcanjo.net\/site\/wp-json\/wp\/v2\/posts\/9179\/revisions"}],"predecessor-version":[{"id":92878,"href":"https:\/\/www.oarcanjo.net\/site\/wp-json\/wp\/v2\/posts\/9179\/revisions\/92878"}],"wp:attachment":[{"href":"https:\/\/www.oarcanjo.net\/site\/wp-json\/wp\/v2\/media?parent=9179"}],"wp:term":[{"taxonomy":"category","embeddable":true,"href":"https:\/\/www.oarcanjo.net\/site\/wp-json\/wp\/v2\/categories?post=9179"},{"taxonomy":"post_tag","embeddable":true,"href":"https:\/\/www.oarcanjo.net\/site\/wp-json\/wp\/v2\/tags?post=9179"}],"curies":[{"name":"wp","href":"https:\/\/api.w.org\/{rel}","templated":true}]}}