
{"id":9181,"date":"2019-04-30T00:41:00","date_gmt":"2019-04-30T03:41:00","guid":{"rendered":"http:\/\/www.oarcanjo.net\/site\/?p=9181"},"modified":"2019-02-20T07:54:42","modified_gmt":"2019-02-20T10:54:42","slug":"sao-pio-v","status":"publish","type":"post","link":"https:\/\/www.oarcanjo.net\/site\/sao-pio-v\/","title":{"rendered":"S\u00e3o Pio V"},"content":{"rendered":"<p><a id=\"apf0\" href=\"http:\/\/images.google.com.br\/imgres?imgurl=http:\/\/www.lepanto.com.br\/dados\/Image\/Historia\/Batalha%2520de%2520Lepanto\/sao-pio-v.jpg&amp;imgrefurl=http:\/\/www.lepanto.com.br\/dados\/BatalhaLepanto.html&amp;usg=__wTritYq-l0m92-HGsxEkJM8CbsU=&amp;h=400&amp;w=297&amp;sz=32&amp;hl=pt-BR&amp;start=1&amp;sig2=fiF_v3caswo4C4gVjRgmMA&amp;itbs=1&amp;tbnid=iD0VWtVDXlwXeM:&amp;tbnh=124&amp;tbnw=92&amp;prev=\/images%3Fq%3DS%25C3%25A3o%2BPio%2BV%26hl%3Dpt-BR%26sa%3DG%26gbv%3D2%26tbs%3Disch:1&amp;ei=5-7ZS4vQE4XkNP7h-F0\"><img loading=\"lazy\" decoding=\"async\" src=\"http:\/\/t1.gstatic.com\/images?q=tbn:iD0VWtVDXlwXeM:http:\/\/www.lepanto.com.br\/dados\/Image\/Historia\/Batalha%2520de%2520Lepanto\/sao-pio-v.jpg\" alt=\"\" width=\"92\" height=\"124\" \/><\/a><\/p>\n<p>30 de Abril<\/p>\n<p>Antonio Miguel Ghislieri nasceu em 1504, em Bosco Marengo, na prov\u00edncia de Alexandria, e, aos quatorze anos, j\u00e1 ingressara na congrega\u00e7\u00e3o dos dominicanos. Depois que se ordenou sacerdote, sua carreira atravessou todas as etapas de maneira surpreendente. Foi professor, prior de convento, superior provincial, inquisidor em Como e B\u00e9rgamo, bispo de Sutri e Nepi, depois cardeal, grande inquisidor, bispo de Mondovi e, finalmente, papa, em 1566, tomando o nome de Pio V.<\/p>\n<p>A melhor defini\u00e7\u00e3o para o seu governo \u00e9 a palavra inc\u00f4modo, ali\u00e1s, como \u00e9 o governo de todos os grandes reformadores dos costumes. Assim que assumiu, foi procurado, em Roma, por dezenas de parentes. N\u00e3o deu &#8220;emprego&#8221; a nenhum, afirmando, ainda, que um parente do papa, se n\u00e3o estiver na mis\u00e9ria, &#8220;j\u00e1 est\u00e1 bastante rico&#8221;. Dessa maneira, acabou com o nepotismo na Igreja, um mal que at\u00e9 hoje afeta as comunidades no \u00e2mbito pol\u00edtico. Implantou, ainda, outras mudan\u00e7as no campo pastoral, aprovadas no Conc\u00edlio de Trento: a obriga\u00e7\u00e3o de resid\u00eancia para os bispos, a clausura dos religiosos, o celibato e a santidade de vida dos sacerdotes, as visitas pastorais dos bispos, o incremento das miss\u00f5es e a censura das publica\u00e7\u00f5es, para que n\u00e3o contivessem material doutrin\u00e1rio n\u00e3o aprovado pela Igreja.<\/p>\n<p>Depois de conseguir a uni\u00e3o dos pa\u00edses cat\u00f3licos, com a conseq\u00fcente vit\u00f3ria sobre os turcos mu\u00e7ulmanos invasores, e de ter decretado a excomunh\u00e3o e deposi\u00e7\u00e3o da pr\u00f3pria rainha da Inglaterra, Elisabeth I, o furac\u00e3o se extinguiu. Papa Pio V morreu no dia primeiro de maio de 1572, sendo canonizado em 1712.<\/p>\n<p>Sua mem\u00f3ria, antes venerada em 5 de maio, a partir da reforma do calend\u00e1rio lit\u00fargico, passou a ser festejada nesta data, 30 de abril.<\/p>\n<div id=\"themify_builder_content-9181\" data-postid=\"9181\" class=\"themify_builder_content themify_builder_content-9181 themify_builder themify_builder_front\">\n\t<\/div>\n<!-- \/themify_builder_content -->","protected":false},"excerpt":{"rendered":"<p>30 de Abril Antonio Miguel Ghislieri nasceu em 1504, em Bosco Marengo, na prov\u00edncia de Alexandria, e, aos quatorze anos, j\u00e1 ingressara na congrega\u00e7\u00e3o dos dominicanos. Depois que se ordenou sacerdote, sua carreira atravessou todas as etapas de maneira surpreendente. Foi professor, prior de convento, superior provincial, inquisidor em Como e B\u00e9rgamo, bispo de Sutri [&hellip;]<\/p>\n","protected":false},"author":14,"featured_media":0,"comment_status":"open","ping_status":"open","sticky":false,"template":"","format":"standard","meta":{"ngg_post_thumbnail":0,"footnotes":""},"categories":[186],"tags":[],"yoast_head":"<!-- This site is optimized with the Yoast SEO plugin v23.5 - https:\/\/yoast.com\/wordpress\/plugins\/seo\/ -->\n<title>S\u00e3o Pio V - O Arcanjo no ar<\/title>\n<meta name=\"robots\" content=\"index, follow, max-snippet:-1, max-image-preview:large, max-video-preview:-1\" \/>\n<link rel=\"canonical\" href=\"https:\/\/www.oarcanjo.net\/site\/sao-pio-v\/\" \/>\n<meta property=\"og:locale\" content=\"pt_BR\" \/>\n<meta property=\"og:type\" content=\"article\" \/>\n<meta property=\"og:title\" content=\"S\u00e3o Pio V - O Arcanjo no ar\" \/>\n<meta property=\"og:description\" content=\"30 de Abril Antonio Miguel Ghislieri nasceu em 1504, em Bosco Marengo, na prov\u00edncia de Alexandria, e, aos quatorze anos, j\u00e1 ingressara na congrega\u00e7\u00e3o dos dominicanos. Depois que se ordenou sacerdote, sua carreira atravessou todas as etapas de maneira surpreendente. Foi professor, prior de convento, superior provincial, inquisidor em Como e B\u00e9rgamo, bispo de Sutri [&hellip;]\" \/>\n<meta property=\"og:url\" content=\"https:\/\/www.oarcanjo.net\/site\/sao-pio-v\/\" \/>\n<meta property=\"og:site_name\" content=\"O Arcanjo no ar\" \/>\n<meta property=\"article:publisher\" content=\"https:\/\/www.facebook.com\/OArcanjoNoAr\/\" \/>\n<meta property=\"article:published_time\" content=\"2019-04-30T03:41:00+00:00\" \/>\n<meta property=\"article:modified_time\" content=\"2019-02-20T10:54:42+00:00\" \/>\n<meta property=\"og:image\" content=\"http:\/\/t1.gstatic.com\/images?q=tbn:iD0VWtVDXlwXeM:http:\/\/www.lepanto.com.br\/dados\/Image\/Historia\/Batalha%2520de%2520Lepanto\/sao-pio-v.jpg\" \/>\n<meta name=\"author\" content=\"danilo\" \/>\n<meta name=\"twitter:card\" content=\"summary_large_image\" \/>\n<meta name=\"twitter:label1\" content=\"Escrito por\" \/>\n\t<meta name=\"twitter:data1\" content=\"danilo\" \/>\n\t<meta name=\"twitter:label2\" content=\"Est. tempo de leitura\" \/>\n\t<meta name=\"twitter:data2\" content=\"2 minutos\" \/>\n<script type=\"application\/ld+json\" class=\"yoast-schema-graph\">{\"@context\":\"https:\/\/schema.org\",\"@graph\":[{\"@type\":\"Article\",\"@id\":\"https:\/\/www.oarcanjo.net\/site\/sao-pio-v\/#article\",\"isPartOf\":{\"@id\":\"https:\/\/www.oarcanjo.net\/site\/sao-pio-v\/\"},\"author\":{\"name\":\"danilo\",\"@id\":\"https:\/\/www.oarcanjo.net\/site\/#\/schema\/person\/5eb9480bedd2f3c97e430ce128c29c6c\"},\"headline\":\"S\u00e3o Pio V\",\"datePublished\":\"2019-04-30T03:41:00+00:00\",\"dateModified\":\"2019-02-20T10:54:42+00:00\",\"mainEntityOfPage\":{\"@id\":\"https:\/\/www.oarcanjo.net\/site\/sao-pio-v\/\"},\"wordCount\":307,\"commentCount\":0,\"publisher\":{\"@id\":\"https:\/\/www.oarcanjo.net\/site\/#organization\"},\"image\":{\"@id\":\"https:\/\/www.oarcanjo.net\/site\/sao-pio-v\/#primaryimage\"},\"thumbnailUrl\":\"http:\/\/t1.gstatic.com\/images?q=tbn:iD0VWtVDXlwXeM:http:\/\/www.lepanto.com.br\/dados\/Image\/Historia\/Batalha%2520de%2520Lepanto\/sao-pio-v.jpg\",\"articleSection\":[\"Testemunhos\"],\"inLanguage\":\"pt-BR\",\"potentialAction\":[{\"@type\":\"CommentAction\",\"name\":\"Comment\",\"target\":[\"https:\/\/www.oarcanjo.net\/site\/sao-pio-v\/#respond\"]}]},{\"@type\":\"WebPage\",\"@id\":\"https:\/\/www.oarcanjo.net\/site\/sao-pio-v\/\",\"url\":\"https:\/\/www.oarcanjo.net\/site\/sao-pio-v\/\",\"name\":\"S\u00e3o Pio V - O Arcanjo no ar\",\"isPartOf\":{\"@id\":\"https:\/\/www.oarcanjo.net\/site\/#website\"},\"primaryImageOfPage\":{\"@id\":\"https:\/\/www.oarcanjo.net\/site\/sao-pio-v\/#primaryimage\"},\"image\":{\"@id\":\"https:\/\/www.oarcanjo.net\/site\/sao-pio-v\/#primaryimage\"},\"thumbnailUrl\":\"http:\/\/t1.gstatic.com\/images?q=tbn:iD0VWtVDXlwXeM:http:\/\/www.lepanto.com.br\/dados\/Image\/Historia\/Batalha%2520de%2520Lepanto\/sao-pio-v.jpg\",\"datePublished\":\"2019-04-30T03:41:00+00:00\",\"dateModified\":\"2019-02-20T10:54:42+00:00\",\"breadcrumb\":{\"@id\":\"https:\/\/www.oarcanjo.net\/site\/sao-pio-v\/#breadcrumb\"},\"inLanguage\":\"pt-BR\",\"potentialAction\":[{\"@type\":\"ReadAction\",\"target\":[\"https:\/\/www.oarcanjo.net\/site\/sao-pio-v\/\"]}]},{\"@type\":\"ImageObject\",\"inLanguage\":\"pt-BR\",\"@id\":\"https:\/\/www.oarcanjo.net\/site\/sao-pio-v\/#primaryimage\",\"url\":\"http:\/\/t1.gstatic.com\/images?q=tbn:iD0VWtVDXlwXeM:http:\/\/www.lepanto.com.br\/dados\/Image\/Historia\/Batalha%2520de%2520Lepanto\/sao-pio-v.jpg\",\"contentUrl\":\"http:\/\/t1.gstatic.com\/images?q=tbn:iD0VWtVDXlwXeM:http:\/\/www.lepanto.com.br\/dados\/Image\/Historia\/Batalha%2520de%2520Lepanto\/sao-pio-v.jpg\"},{\"@type\":\"BreadcrumbList\",\"@id\":\"https:\/\/www.oarcanjo.net\/site\/sao-pio-v\/#breadcrumb\",\"itemListElement\":[{\"@type\":\"ListItem\",\"position\":1,\"name\":\"In\u00edcio\",\"item\":\"https:\/\/www.oarcanjo.net\/site\/\"},{\"@type\":\"ListItem\",\"position\":2,\"name\":\"S\u00e3o Pio V\"}]},{\"@type\":\"WebSite\",\"@id\":\"https:\/\/www.oarcanjo.net\/site\/#website\",\"url\":\"https:\/\/www.oarcanjo.net\/site\/\",\"name\":\"O Arcanjo no ar\",\"description\":\"Site da Par\u00f3quia S\u00e3o Miguel Arcanjo (Arquidiocese de SP)\",\"publisher\":{\"@id\":\"https:\/\/www.oarcanjo.net\/site\/#organization\"},\"potentialAction\":[{\"@type\":\"SearchAction\",\"target\":{\"@type\":\"EntryPoint\",\"urlTemplate\":\"https:\/\/www.oarcanjo.net\/site\/?s={search_term_string}\"},\"query-input\":{\"@type\":\"PropertyValueSpecification\",\"valueRequired\":true,\"valueName\":\"search_term_string\"}}],\"inLanguage\":\"pt-BR\"},{\"@type\":\"Organization\",\"@id\":\"https:\/\/www.oarcanjo.net\/site\/#organization\",\"name\":\"Par\u00f3quia S\u00e3o Miguel Arcanjo\",\"url\":\"https:\/\/www.oarcanjo.net\/site\/\",\"logo\":{\"@type\":\"ImageObject\",\"inLanguage\":\"pt-BR\",\"@id\":\"https:\/\/www.oarcanjo.net\/site\/#\/schema\/logo\/image\/\",\"url\":\"https:\/\/www.oarcanjo.net\/site\/wp-content\/uploads\/LogoOArcanjo.png\",\"contentUrl\":\"https:\/\/www.oarcanjo.net\/site\/wp-content\/uploads\/LogoOArcanjo.png\",\"width\":319,\"height\":99,\"caption\":\"Par\u00f3quia S\u00e3o Miguel Arcanjo\"},\"image\":{\"@id\":\"https:\/\/www.oarcanjo.net\/site\/#\/schema\/logo\/image\/\"},\"sameAs\":[\"https:\/\/www.facebook.com\/OArcanjoNoAr\/\"]},{\"@type\":\"Person\",\"@id\":\"https:\/\/www.oarcanjo.net\/site\/#\/schema\/person\/5eb9480bedd2f3c97e430ce128c29c6c\",\"name\":\"danilo\"}]}<\/script>\n<!-- \/ Yoast SEO plugin. -->","yoast_head_json":{"title":"S\u00e3o Pio V - O Arcanjo no ar","robots":{"index":"index","follow":"follow","max-snippet":"max-snippet:-1","max-image-preview":"max-image-preview:large","max-video-preview":"max-video-preview:-1"},"canonical":"https:\/\/www.oarcanjo.net\/site\/sao-pio-v\/","og_locale":"pt_BR","og_type":"article","og_title":"S\u00e3o Pio V - O Arcanjo no ar","og_description":"30 de Abril Antonio Miguel Ghislieri nasceu em 1504, em Bosco Marengo, na prov\u00edncia de Alexandria, e, aos quatorze anos, j\u00e1 ingressara na congrega\u00e7\u00e3o dos dominicanos. Depois que se ordenou sacerdote, sua carreira atravessou todas as etapas de maneira surpreendente. Foi professor, prior de convento, superior provincial, inquisidor em Como e B\u00e9rgamo, bispo de Sutri [&hellip;]","og_url":"https:\/\/www.oarcanjo.net\/site\/sao-pio-v\/","og_site_name":"O Arcanjo no ar","article_publisher":"https:\/\/www.facebook.com\/OArcanjoNoAr\/","article_published_time":"2019-04-30T03:41:00+00:00","article_modified_time":"2019-02-20T10:54:42+00:00","og_image":[{"url":"http:\/\/t1.gstatic.com\/images?q=tbn:iD0VWtVDXlwXeM:http:\/\/www.lepanto.com.br\/dados\/Image\/Historia\/Batalha%2520de%2520Lepanto\/sao-pio-v.jpg"}],"author":"danilo","twitter_card":"summary_large_image","twitter_misc":{"Escrito por":"danilo","Est. tempo de leitura":"2 minutos"},"schema":{"@context":"https:\/\/schema.org","@graph":[{"@type":"Article","@id":"https:\/\/www.oarcanjo.net\/site\/sao-pio-v\/#article","isPartOf":{"@id":"https:\/\/www.oarcanjo.net\/site\/sao-pio-v\/"},"author":{"name":"danilo","@id":"https:\/\/www.oarcanjo.net\/site\/#\/schema\/person\/5eb9480bedd2f3c97e430ce128c29c6c"},"headline":"S\u00e3o Pio V","datePublished":"2019-04-30T03:41:00+00:00","dateModified":"2019-02-20T10:54:42+00:00","mainEntityOfPage":{"@id":"https:\/\/www.oarcanjo.net\/site\/sao-pio-v\/"},"wordCount":307,"commentCount":0,"publisher":{"@id":"https:\/\/www.oarcanjo.net\/site\/#organization"},"image":{"@id":"https:\/\/www.oarcanjo.net\/site\/sao-pio-v\/#primaryimage"},"thumbnailUrl":"http:\/\/t1.gstatic.com\/images?q=tbn:iD0VWtVDXlwXeM:http:\/\/www.lepanto.com.br\/dados\/Image\/Historia\/Batalha%2520de%2520Lepanto\/sao-pio-v.jpg","articleSection":["Testemunhos"],"inLanguage":"pt-BR","potentialAction":[{"@type":"CommentAction","name":"Comment","target":["https:\/\/www.oarcanjo.net\/site\/sao-pio-v\/#respond"]}]},{"@type":"WebPage","@id":"https:\/\/www.oarcanjo.net\/site\/sao-pio-v\/","url":"https:\/\/www.oarcanjo.net\/site\/sao-pio-v\/","name":"S\u00e3o Pio V - O Arcanjo no ar","isPartOf":{"@id":"https:\/\/www.oarcanjo.net\/site\/#website"},"primaryImageOfPage":{"@id":"https:\/\/www.oarcanjo.net\/site\/sao-pio-v\/#primaryimage"},"image":{"@id":"https:\/\/www.oarcanjo.net\/site\/sao-pio-v\/#primaryimage"},"thumbnailUrl":"http:\/\/t1.gstatic.com\/images?q=tbn:iD0VWtVDXlwXeM:http:\/\/www.lepanto.com.br\/dados\/Image\/Historia\/Batalha%2520de%2520Lepanto\/sao-pio-v.jpg","datePublished":"2019-04-30T03:41:00+00:00","dateModified":"2019-02-20T10:54:42+00:00","breadcrumb":{"@id":"https:\/\/www.oarcanjo.net\/site\/sao-pio-v\/#breadcrumb"},"inLanguage":"pt-BR","potentialAction":[{"@type":"ReadAction","target":["https:\/\/www.oarcanjo.net\/site\/sao-pio-v\/"]}]},{"@type":"ImageObject","inLanguage":"pt-BR","@id":"https:\/\/www.oarcanjo.net\/site\/sao-pio-v\/#primaryimage","url":"http:\/\/t1.gstatic.com\/images?q=tbn:iD0VWtVDXlwXeM:http:\/\/www.lepanto.com.br\/dados\/Image\/Historia\/Batalha%2520de%2520Lepanto\/sao-pio-v.jpg","contentUrl":"http:\/\/t1.gstatic.com\/images?q=tbn:iD0VWtVDXlwXeM:http:\/\/www.lepanto.com.br\/dados\/Image\/Historia\/Batalha%2520de%2520Lepanto\/sao-pio-v.jpg"},{"@type":"BreadcrumbList","@id":"https:\/\/www.oarcanjo.net\/site\/sao-pio-v\/#breadcrumb","itemListElement":[{"@type":"ListItem","position":1,"name":"In\u00edcio","item":"https:\/\/www.oarcanjo.net\/site\/"},{"@type":"ListItem","position":2,"name":"S\u00e3o Pio V"}]},{"@type":"WebSite","@id":"https:\/\/www.oarcanjo.net\/site\/#website","url":"https:\/\/www.oarcanjo.net\/site\/","name":"O Arcanjo no ar","description":"Site da Par\u00f3quia S\u00e3o Miguel Arcanjo (Arquidiocese de SP)","publisher":{"@id":"https:\/\/www.oarcanjo.net\/site\/#organization"},"potentialAction":[{"@type":"SearchAction","target":{"@type":"EntryPoint","urlTemplate":"https:\/\/www.oarcanjo.net\/site\/?s={search_term_string}"},"query-input":{"@type":"PropertyValueSpecification","valueRequired":true,"valueName":"search_term_string"}}],"inLanguage":"pt-BR"},{"@type":"Organization","@id":"https:\/\/www.oarcanjo.net\/site\/#organization","name":"Par\u00f3quia S\u00e3o Miguel Arcanjo","url":"https:\/\/www.oarcanjo.net\/site\/","logo":{"@type":"ImageObject","inLanguage":"pt-BR","@id":"https:\/\/www.oarcanjo.net\/site\/#\/schema\/logo\/image\/","url":"https:\/\/www.oarcanjo.net\/site\/wp-content\/uploads\/LogoOArcanjo.png","contentUrl":"https:\/\/www.oarcanjo.net\/site\/wp-content\/uploads\/LogoOArcanjo.png","width":319,"height":99,"caption":"Par\u00f3quia S\u00e3o Miguel Arcanjo"},"image":{"@id":"https:\/\/www.oarcanjo.net\/site\/#\/schema\/logo\/image\/"},"sameAs":["https:\/\/www.facebook.com\/OArcanjoNoAr\/"]},{"@type":"Person","@id":"https:\/\/www.oarcanjo.net\/site\/#\/schema\/person\/5eb9480bedd2f3c97e430ce128c29c6c","name":"danilo"}]}},"publishpress_future_action":{"enabled":false,"date":"2026-05-07 15:21:37","action":"category","newStatus":"draft","terms":[],"taxonomy":"category"},"publishpress_future_workflow_manual_trigger":{"enabledWorkflows":[]},"_links":{"self":[{"href":"https:\/\/www.oarcanjo.net\/site\/wp-json\/wp\/v2\/posts\/9181"}],"collection":[{"href":"https:\/\/www.oarcanjo.net\/site\/wp-json\/wp\/v2\/posts"}],"about":[{"href":"https:\/\/www.oarcanjo.net\/site\/wp-json\/wp\/v2\/types\/post"}],"author":[{"embeddable":true,"href":"https:\/\/www.oarcanjo.net\/site\/wp-json\/wp\/v2\/users\/14"}],"replies":[{"embeddable":true,"href":"https:\/\/www.oarcanjo.net\/site\/wp-json\/wp\/v2\/comments?post=9181"}],"version-history":[{"count":1,"href":"https:\/\/www.oarcanjo.net\/site\/wp-json\/wp\/v2\/posts\/9181\/revisions"}],"predecessor-version":[{"id":92876,"href":"https:\/\/www.oarcanjo.net\/site\/wp-json\/wp\/v2\/posts\/9181\/revisions\/92876"}],"wp:attachment":[{"href":"https:\/\/www.oarcanjo.net\/site\/wp-json\/wp\/v2\/media?parent=9181"}],"wp:term":[{"taxonomy":"category","embeddable":true,"href":"https:\/\/www.oarcanjo.net\/site\/wp-json\/wp\/v2\/categories?post=9181"},{"taxonomy":"post_tag","embeddable":true,"href":"https:\/\/www.oarcanjo.net\/site\/wp-json\/wp\/v2\/tags?post=9181"}],"curies":[{"name":"wp","href":"https:\/\/api.w.org\/{rel}","templated":true}]}}