
{"id":9185,"date":"2019-05-01T00:44:06","date_gmt":"2019-05-01T03:44:06","guid":{"rendered":"http:\/\/www.oarcanjo.net\/site\/?p=9185"},"modified":"2019-02-20T07:58:42","modified_gmt":"2019-02-20T10:58:42","slug":"sao-peregrino-laziosi","status":"publish","type":"post","link":"https:\/\/www.oarcanjo.net\/site\/sao-peregrino-laziosi\/","title":{"rendered":"S\u00e3o Peregrino Laziosi"},"content":{"rendered":"<p><img decoding=\"async\" src=\"http:\/\/www.editorasaojudastadeu.com.br\/123-239-large\/sao-peregrino.jpg\" alt=\"\" \/><\/p>\n<p>01 de Maio<\/p>\n<p>Peregrino pertencia \u00e0 fam\u00edlia dos nobres Laziosi. Nasceu na cidade de Forli, no norte da It\u00e1lia, no ano 1265. Cresceu em meio a uma popula\u00e7\u00e3o conhecida pelo esp\u00edrito reacion\u00e1rio e an\u00e1rquico. Tornou um jovem idealista, de car\u00e1ter intempestivo, recebendo o apelido de &#8220;furac\u00e3o&#8221;.<\/p>\n<p>Certa ocasi\u00e3o, ocorreu um incidente grave num dos tumultos populares freq\u00fcentes, porque a popula\u00e7\u00e3o se dividia entre os que apoiavam as ordens do papa e os que preferiam seguir as do imperador germ\u00e2nico. Foi quando a cidade recebeu um interdito do papa Martino IV, como castigo pelas desordens e atitudes rebeldes. Houve s\u00e9ria rea\u00e7\u00e3o entre as partes. Para acalmar os \u00e2nimos, o papa pediu ao superior geral dos servitas, futuro santo Filipe Benic\u00edo, que estava no mosteiro da cidade, para agir em seu nome e apaziguar os fi\u00e9is.<\/p>\n<p>Era uma tarefa delicada. Filipe, ent\u00e3o, usando o p\u00falpito da igreja, fez um discurso fervoroso solicitando a todos que obedecessem ao sumo pont\u00edfice. Foi quando um grupo liderado por Peregrino, ent\u00e3o com dezoito anos, o amea\u00e7ou de agress\u00e3o. O jovem foi mais longe, chegando a dar-lhe um tapa no rosto. Filipe aceitou a ofensa. Depois, Peregrino, mobilizando a popula\u00e7\u00e3o com gritos, fez com que fosse expulso da cidade.<\/p>\n<p>Filipe saiu humilhado, mas rezando firmemente pela convers\u00e3o dos agitadores e principalmente pelo jovem agressor. Deus ouviu sua prece. Peregrino, caindo em si, sentiu arrependimento, vergonha e remorso. Ficou t\u00e3o angustiado que, dias depois, foi procurar Filipe, para, prostrando-se a seus p\u00e9s, pedir perd\u00e3o.<\/p>\n<p>Naquele instante, Peregrino estava convertido realmente. Mais tarde, aos trinta anos, ingressou na Ordem dos Servos de Maria, os servitas, como irm\u00e3o penitente. A tradi\u00e7\u00e3o diz que foi o pr\u00f3prio Filipe que entregou o h\u00e1bito a Peregrino. Mas o certo foi que ele enviou o arrependido agressor para fazer o noviciado em Sena. S\u00f3 depois voltou para Forli, onde, no mosteiro, exerceu o apostolado do bem semeando a paz.<\/p>\n<p>Peregrino distinguiu-se pela obedi\u00eancia ao regulamento, pela penit\u00eancia e mortifica\u00e7\u00e3o. Durante trinta anos, cumpriu uma penit\u00eancia imposta a si mesmo: ficava sempre em p\u00e9, nunca se sentava. Quando atingiu os sessenta anos de idade, devido a isso, tinha uma ferida cancerosa na perna direita, causada por varizes.<\/p>\n<p>Era t\u00e3o grave seu estado de sa\u00fade, que o m\u00e9dico receitou a amputa\u00e7\u00e3o da perna, para salvar sua vida. Por\u00e9m, na v\u00e9spera da opera\u00e7\u00e3o, Peregrino acordou, subitamente, no meio da noite e sentiu que devia ir rezar na capela diante de Jesus Crucificado. Assim fez: com muito esfor\u00e7o para caminhar, ajoelhou-se e rezou com fervor pedindo que Cristo lhe concedesse a gra\u00e7a da cura. Foi envolvido por um \u00eaxtase contemplativo t\u00e3o profundo que viu Jesus descer da cruz e tocar sua ferida. Uma vez refeito da vis\u00e3o, voltou para o leito e adormeceu. Na manh\u00e3 seguinte, o m\u00e9dico constatou que havia ocorrido um milagre. Peregrino estava sem nenhuma ferida, Jesus o havia curado.<\/p>\n<p>O milagre s\u00f3 fez aumentar a venera\u00e7\u00e3o que os habitantes da cidade j\u00e1 lhe dedicavam. Peregrino morreu no primeiro dia de maio de 1345, v\u00edtima de uma febre. Durante seus funerais, dois milagres ocorreram e foram atribu\u00eddos \u00e0 sua intercess\u00e3o. Seu culto se estendeu pelo mundo todo rapidamente, pois os fi\u00e9is recorrem a ele como padroeiro dos doentes cancerosos.<\/p>\n<p>Em 1726, foi canonizado pelo papa Bento XIII, sendo o dia de sua morte o indicado para celebrar a sua mem\u00f3ria, quando tamb\u00e9m se comemora s\u00e3o Jos\u00e9, Oper\u00e1rio. Por isso sua festa pode ocorrer nos primeiros dias do m\u00eas de Maria. A rel\u00edquia do manto de s\u00e3o Peregrino Laziosi \u00e9 conservada \u00e0 venera\u00e7\u00e3o dos fi\u00e9is brasileiros na igreja de Nossa Senhora das Dores, no bairro do Ipiranga, em S\u00e3o Paulo.<\/p>\n<div id=\"themify_builder_content-9185\" data-postid=\"9185\" class=\"themify_builder_content themify_builder_content-9185 themify_builder themify_builder_front\">\n\t<\/div>\n<!-- \/themify_builder_content -->","protected":false},"excerpt":{"rendered":"<p>01 de Maio Peregrino pertencia \u00e0 fam\u00edlia dos nobres Laziosi. Nasceu na cidade de Forli, no norte da It\u00e1lia, no ano 1265. Cresceu em meio a uma popula\u00e7\u00e3o conhecida pelo esp\u00edrito reacion\u00e1rio e an\u00e1rquico. Tornou um jovem idealista, de car\u00e1ter intempestivo, recebendo o apelido de &#8220;furac\u00e3o&#8221;. Certa ocasi\u00e3o, ocorreu um incidente grave num dos tumultos [&hellip;]<\/p>\n","protected":false},"author":14,"featured_media":0,"comment_status":"open","ping_status":"open","sticky":false,"template":"","format":"standard","meta":{"ngg_post_thumbnail":0,"footnotes":""},"categories":[186],"tags":[],"yoast_head":"<!-- This site is optimized with the Yoast SEO plugin v23.5 - https:\/\/yoast.com\/wordpress\/plugins\/seo\/ -->\n<title>S\u00e3o Peregrino Laziosi - O Arcanjo no ar<\/title>\n<meta name=\"robots\" content=\"index, follow, max-snippet:-1, max-image-preview:large, max-video-preview:-1\" \/>\n<link rel=\"canonical\" href=\"https:\/\/www.oarcanjo.net\/site\/sao-peregrino-laziosi\/\" \/>\n<meta property=\"og:locale\" content=\"pt_BR\" \/>\n<meta property=\"og:type\" content=\"article\" \/>\n<meta property=\"og:title\" content=\"S\u00e3o Peregrino Laziosi - O Arcanjo no ar\" \/>\n<meta property=\"og:description\" content=\"01 de Maio Peregrino pertencia \u00e0 fam\u00edlia dos nobres Laziosi. Nasceu na cidade de Forli, no norte da It\u00e1lia, no ano 1265. Cresceu em meio a uma popula\u00e7\u00e3o conhecida pelo esp\u00edrito reacion\u00e1rio e an\u00e1rquico. Tornou um jovem idealista, de car\u00e1ter intempestivo, recebendo o apelido de &#8220;furac\u00e3o&#8221;. Certa ocasi\u00e3o, ocorreu um incidente grave num dos tumultos [&hellip;]\" \/>\n<meta property=\"og:url\" content=\"https:\/\/www.oarcanjo.net\/site\/sao-peregrino-laziosi\/\" \/>\n<meta property=\"og:site_name\" content=\"O Arcanjo no ar\" \/>\n<meta property=\"article:publisher\" content=\"https:\/\/www.facebook.com\/OArcanjoNoAr\/\" \/>\n<meta property=\"article:published_time\" content=\"2019-05-01T03:44:06+00:00\" \/>\n<meta property=\"article:modified_time\" content=\"2019-02-20T10:58:42+00:00\" \/>\n<meta property=\"og:image\" content=\"http:\/\/www.editorasaojudastadeu.com.br\/123-239-large\/sao-peregrino.jpg\" \/>\n<meta name=\"author\" content=\"danilo\" \/>\n<meta name=\"twitter:card\" content=\"summary_large_image\" \/>\n<meta name=\"twitter:label1\" content=\"Escrito por\" \/>\n\t<meta name=\"twitter:data1\" content=\"danilo\" \/>\n\t<meta name=\"twitter:label2\" content=\"Est. tempo de leitura\" \/>\n\t<meta name=\"twitter:data2\" content=\"3 minutos\" \/>\n<script type=\"application\/ld+json\" class=\"yoast-schema-graph\">{\"@context\":\"https:\/\/schema.org\",\"@graph\":[{\"@type\":\"Article\",\"@id\":\"https:\/\/www.oarcanjo.net\/site\/sao-peregrino-laziosi\/#article\",\"isPartOf\":{\"@id\":\"https:\/\/www.oarcanjo.net\/site\/sao-peregrino-laziosi\/\"},\"author\":{\"name\":\"danilo\",\"@id\":\"https:\/\/www.oarcanjo.net\/site\/#\/schema\/person\/5eb9480bedd2f3c97e430ce128c29c6c\"},\"headline\":\"S\u00e3o Peregrino Laziosi\",\"datePublished\":\"2019-05-01T03:44:06+00:00\",\"dateModified\":\"2019-02-20T10:58:42+00:00\",\"mainEntityOfPage\":{\"@id\":\"https:\/\/www.oarcanjo.net\/site\/sao-peregrino-laziosi\/\"},\"wordCount\":662,\"commentCount\":0,\"publisher\":{\"@id\":\"https:\/\/www.oarcanjo.net\/site\/#organization\"},\"image\":{\"@id\":\"https:\/\/www.oarcanjo.net\/site\/sao-peregrino-laziosi\/#primaryimage\"},\"thumbnailUrl\":\"http:\/\/www.editorasaojudastadeu.com.br\/123-239-large\/sao-peregrino.jpg\",\"articleSection\":[\"Testemunhos\"],\"inLanguage\":\"pt-BR\",\"potentialAction\":[{\"@type\":\"CommentAction\",\"name\":\"Comment\",\"target\":[\"https:\/\/www.oarcanjo.net\/site\/sao-peregrino-laziosi\/#respond\"]}]},{\"@type\":\"WebPage\",\"@id\":\"https:\/\/www.oarcanjo.net\/site\/sao-peregrino-laziosi\/\",\"url\":\"https:\/\/www.oarcanjo.net\/site\/sao-peregrino-laziosi\/\",\"name\":\"S\u00e3o Peregrino Laziosi - O Arcanjo no ar\",\"isPartOf\":{\"@id\":\"https:\/\/www.oarcanjo.net\/site\/#website\"},\"primaryImageOfPage\":{\"@id\":\"https:\/\/www.oarcanjo.net\/site\/sao-peregrino-laziosi\/#primaryimage\"},\"image\":{\"@id\":\"https:\/\/www.oarcanjo.net\/site\/sao-peregrino-laziosi\/#primaryimage\"},\"thumbnailUrl\":\"http:\/\/www.editorasaojudastadeu.com.br\/123-239-large\/sao-peregrino.jpg\",\"datePublished\":\"2019-05-01T03:44:06+00:00\",\"dateModified\":\"2019-02-20T10:58:42+00:00\",\"breadcrumb\":{\"@id\":\"https:\/\/www.oarcanjo.net\/site\/sao-peregrino-laziosi\/#breadcrumb\"},\"inLanguage\":\"pt-BR\",\"potentialAction\":[{\"@type\":\"ReadAction\",\"target\":[\"https:\/\/www.oarcanjo.net\/site\/sao-peregrino-laziosi\/\"]}]},{\"@type\":\"ImageObject\",\"inLanguage\":\"pt-BR\",\"@id\":\"https:\/\/www.oarcanjo.net\/site\/sao-peregrino-laziosi\/#primaryimage\",\"url\":\"http:\/\/www.editorasaojudastadeu.com.br\/123-239-large\/sao-peregrino.jpg\",\"contentUrl\":\"http:\/\/www.editorasaojudastadeu.com.br\/123-239-large\/sao-peregrino.jpg\"},{\"@type\":\"BreadcrumbList\",\"@id\":\"https:\/\/www.oarcanjo.net\/site\/sao-peregrino-laziosi\/#breadcrumb\",\"itemListElement\":[{\"@type\":\"ListItem\",\"position\":1,\"name\":\"In\u00edcio\",\"item\":\"https:\/\/www.oarcanjo.net\/site\/\"},{\"@type\":\"ListItem\",\"position\":2,\"name\":\"S\u00e3o Peregrino Laziosi\"}]},{\"@type\":\"WebSite\",\"@id\":\"https:\/\/www.oarcanjo.net\/site\/#website\",\"url\":\"https:\/\/www.oarcanjo.net\/site\/\",\"name\":\"O Arcanjo no ar\",\"description\":\"Site da Par\u00f3quia S\u00e3o Miguel Arcanjo (Arquidiocese de SP)\",\"publisher\":{\"@id\":\"https:\/\/www.oarcanjo.net\/site\/#organization\"},\"potentialAction\":[{\"@type\":\"SearchAction\",\"target\":{\"@type\":\"EntryPoint\",\"urlTemplate\":\"https:\/\/www.oarcanjo.net\/site\/?s={search_term_string}\"},\"query-input\":{\"@type\":\"PropertyValueSpecification\",\"valueRequired\":true,\"valueName\":\"search_term_string\"}}],\"inLanguage\":\"pt-BR\"},{\"@type\":\"Organization\",\"@id\":\"https:\/\/www.oarcanjo.net\/site\/#organization\",\"name\":\"Par\u00f3quia S\u00e3o Miguel Arcanjo\",\"url\":\"https:\/\/www.oarcanjo.net\/site\/\",\"logo\":{\"@type\":\"ImageObject\",\"inLanguage\":\"pt-BR\",\"@id\":\"https:\/\/www.oarcanjo.net\/site\/#\/schema\/logo\/image\/\",\"url\":\"https:\/\/www.oarcanjo.net\/site\/wp-content\/uploads\/LogoOArcanjo.png\",\"contentUrl\":\"https:\/\/www.oarcanjo.net\/site\/wp-content\/uploads\/LogoOArcanjo.png\",\"width\":319,\"height\":99,\"caption\":\"Par\u00f3quia S\u00e3o Miguel Arcanjo\"},\"image\":{\"@id\":\"https:\/\/www.oarcanjo.net\/site\/#\/schema\/logo\/image\/\"},\"sameAs\":[\"https:\/\/www.facebook.com\/OArcanjoNoAr\/\"]},{\"@type\":\"Person\",\"@id\":\"https:\/\/www.oarcanjo.net\/site\/#\/schema\/person\/5eb9480bedd2f3c97e430ce128c29c6c\",\"name\":\"danilo\"}]}<\/script>\n<!-- \/ Yoast SEO plugin. -->","yoast_head_json":{"title":"S\u00e3o Peregrino Laziosi - O Arcanjo no ar","robots":{"index":"index","follow":"follow","max-snippet":"max-snippet:-1","max-image-preview":"max-image-preview:large","max-video-preview":"max-video-preview:-1"},"canonical":"https:\/\/www.oarcanjo.net\/site\/sao-peregrino-laziosi\/","og_locale":"pt_BR","og_type":"article","og_title":"S\u00e3o Peregrino Laziosi - O Arcanjo no ar","og_description":"01 de Maio Peregrino pertencia \u00e0 fam\u00edlia dos nobres Laziosi. Nasceu na cidade de Forli, no norte da It\u00e1lia, no ano 1265. Cresceu em meio a uma popula\u00e7\u00e3o conhecida pelo esp\u00edrito reacion\u00e1rio e an\u00e1rquico. Tornou um jovem idealista, de car\u00e1ter intempestivo, recebendo o apelido de &#8220;furac\u00e3o&#8221;. Certa ocasi\u00e3o, ocorreu um incidente grave num dos tumultos [&hellip;]","og_url":"https:\/\/www.oarcanjo.net\/site\/sao-peregrino-laziosi\/","og_site_name":"O Arcanjo no ar","article_publisher":"https:\/\/www.facebook.com\/OArcanjoNoAr\/","article_published_time":"2019-05-01T03:44:06+00:00","article_modified_time":"2019-02-20T10:58:42+00:00","og_image":[{"url":"http:\/\/www.editorasaojudastadeu.com.br\/123-239-large\/sao-peregrino.jpg"}],"author":"danilo","twitter_card":"summary_large_image","twitter_misc":{"Escrito por":"danilo","Est. tempo de leitura":"3 minutos"},"schema":{"@context":"https:\/\/schema.org","@graph":[{"@type":"Article","@id":"https:\/\/www.oarcanjo.net\/site\/sao-peregrino-laziosi\/#article","isPartOf":{"@id":"https:\/\/www.oarcanjo.net\/site\/sao-peregrino-laziosi\/"},"author":{"name":"danilo","@id":"https:\/\/www.oarcanjo.net\/site\/#\/schema\/person\/5eb9480bedd2f3c97e430ce128c29c6c"},"headline":"S\u00e3o Peregrino Laziosi","datePublished":"2019-05-01T03:44:06+00:00","dateModified":"2019-02-20T10:58:42+00:00","mainEntityOfPage":{"@id":"https:\/\/www.oarcanjo.net\/site\/sao-peregrino-laziosi\/"},"wordCount":662,"commentCount":0,"publisher":{"@id":"https:\/\/www.oarcanjo.net\/site\/#organization"},"image":{"@id":"https:\/\/www.oarcanjo.net\/site\/sao-peregrino-laziosi\/#primaryimage"},"thumbnailUrl":"http:\/\/www.editorasaojudastadeu.com.br\/123-239-large\/sao-peregrino.jpg","articleSection":["Testemunhos"],"inLanguage":"pt-BR","potentialAction":[{"@type":"CommentAction","name":"Comment","target":["https:\/\/www.oarcanjo.net\/site\/sao-peregrino-laziosi\/#respond"]}]},{"@type":"WebPage","@id":"https:\/\/www.oarcanjo.net\/site\/sao-peregrino-laziosi\/","url":"https:\/\/www.oarcanjo.net\/site\/sao-peregrino-laziosi\/","name":"S\u00e3o Peregrino Laziosi - O Arcanjo no ar","isPartOf":{"@id":"https:\/\/www.oarcanjo.net\/site\/#website"},"primaryImageOfPage":{"@id":"https:\/\/www.oarcanjo.net\/site\/sao-peregrino-laziosi\/#primaryimage"},"image":{"@id":"https:\/\/www.oarcanjo.net\/site\/sao-peregrino-laziosi\/#primaryimage"},"thumbnailUrl":"http:\/\/www.editorasaojudastadeu.com.br\/123-239-large\/sao-peregrino.jpg","datePublished":"2019-05-01T03:44:06+00:00","dateModified":"2019-02-20T10:58:42+00:00","breadcrumb":{"@id":"https:\/\/www.oarcanjo.net\/site\/sao-peregrino-laziosi\/#breadcrumb"},"inLanguage":"pt-BR","potentialAction":[{"@type":"ReadAction","target":["https:\/\/www.oarcanjo.net\/site\/sao-peregrino-laziosi\/"]}]},{"@type":"ImageObject","inLanguage":"pt-BR","@id":"https:\/\/www.oarcanjo.net\/site\/sao-peregrino-laziosi\/#primaryimage","url":"http:\/\/www.editorasaojudastadeu.com.br\/123-239-large\/sao-peregrino.jpg","contentUrl":"http:\/\/www.editorasaojudastadeu.com.br\/123-239-large\/sao-peregrino.jpg"},{"@type":"BreadcrumbList","@id":"https:\/\/www.oarcanjo.net\/site\/sao-peregrino-laziosi\/#breadcrumb","itemListElement":[{"@type":"ListItem","position":1,"name":"In\u00edcio","item":"https:\/\/www.oarcanjo.net\/site\/"},{"@type":"ListItem","position":2,"name":"S\u00e3o Peregrino Laziosi"}]},{"@type":"WebSite","@id":"https:\/\/www.oarcanjo.net\/site\/#website","url":"https:\/\/www.oarcanjo.net\/site\/","name":"O Arcanjo no ar","description":"Site da Par\u00f3quia S\u00e3o Miguel Arcanjo (Arquidiocese de SP)","publisher":{"@id":"https:\/\/www.oarcanjo.net\/site\/#organization"},"potentialAction":[{"@type":"SearchAction","target":{"@type":"EntryPoint","urlTemplate":"https:\/\/www.oarcanjo.net\/site\/?s={search_term_string}"},"query-input":{"@type":"PropertyValueSpecification","valueRequired":true,"valueName":"search_term_string"}}],"inLanguage":"pt-BR"},{"@type":"Organization","@id":"https:\/\/www.oarcanjo.net\/site\/#organization","name":"Par\u00f3quia S\u00e3o Miguel Arcanjo","url":"https:\/\/www.oarcanjo.net\/site\/","logo":{"@type":"ImageObject","inLanguage":"pt-BR","@id":"https:\/\/www.oarcanjo.net\/site\/#\/schema\/logo\/image\/","url":"https:\/\/www.oarcanjo.net\/site\/wp-content\/uploads\/LogoOArcanjo.png","contentUrl":"https:\/\/www.oarcanjo.net\/site\/wp-content\/uploads\/LogoOArcanjo.png","width":319,"height":99,"caption":"Par\u00f3quia S\u00e3o Miguel Arcanjo"},"image":{"@id":"https:\/\/www.oarcanjo.net\/site\/#\/schema\/logo\/image\/"},"sameAs":["https:\/\/www.facebook.com\/OArcanjoNoAr\/"]},{"@type":"Person","@id":"https:\/\/www.oarcanjo.net\/site\/#\/schema\/person\/5eb9480bedd2f3c97e430ce128c29c6c","name":"danilo"}]}},"publishpress_future_action":{"enabled":false,"date":"2026-05-07 15:22:32","action":"category","newStatus":"draft","terms":[],"taxonomy":"category"},"publishpress_future_workflow_manual_trigger":{"enabledWorkflows":[]},"_links":{"self":[{"href":"https:\/\/www.oarcanjo.net\/site\/wp-json\/wp\/v2\/posts\/9185"}],"collection":[{"href":"https:\/\/www.oarcanjo.net\/site\/wp-json\/wp\/v2\/posts"}],"about":[{"href":"https:\/\/www.oarcanjo.net\/site\/wp-json\/wp\/v2\/types\/post"}],"author":[{"embeddable":true,"href":"https:\/\/www.oarcanjo.net\/site\/wp-json\/wp\/v2\/users\/14"}],"replies":[{"embeddable":true,"href":"https:\/\/www.oarcanjo.net\/site\/wp-json\/wp\/v2\/comments?post=9185"}],"version-history":[{"count":1,"href":"https:\/\/www.oarcanjo.net\/site\/wp-json\/wp\/v2\/posts\/9185\/revisions"}],"predecessor-version":[{"id":92914,"href":"https:\/\/www.oarcanjo.net\/site\/wp-json\/wp\/v2\/posts\/9185\/revisions\/92914"}],"wp:attachment":[{"href":"https:\/\/www.oarcanjo.net\/site\/wp-json\/wp\/v2\/media?parent=9185"}],"wp:term":[{"taxonomy":"category","embeddable":true,"href":"https:\/\/www.oarcanjo.net\/site\/wp-json\/wp\/v2\/categories?post=9185"},{"taxonomy":"post_tag","embeddable":true,"href":"https:\/\/www.oarcanjo.net\/site\/wp-json\/wp\/v2\/tags?post=9185"}],"curies":[{"name":"wp","href":"https:\/\/api.w.org\/{rel}","templated":true}]}}