
{"id":9187,"date":"2019-05-02T00:55:08","date_gmt":"2019-05-02T03:55:08","guid":{"rendered":"http:\/\/www.oarcanjo.net\/site\/?p=9187"},"modified":"2019-02-20T07:58:46","modified_gmt":"2019-02-20T10:58:46","slug":"santo-atanasio","status":"publish","type":"post","link":"https:\/\/www.oarcanjo.net\/site\/santo-atanasio\/","title":{"rendered":"Santo Atan\u00e1sio"},"content":{"rendered":"<p><img decoding=\"async\" src=\"http:\/\/www.tudook.com\/portalcatolico\/images\/satanasio.jpg\" alt=\"\" \/><\/p>\n<p>02 de Maio<\/p>\n<p>Houve o dia em que a Igreja se viu livre da persegui\u00e7\u00e3o mortal dos pag\u00e3os. Foi no ano 313 e o famoso Edito de Mil\u00e3o transformou o cristianismo de perseguido a favorecido pelos imperadores romanos. Mas a luta n\u00e3o terminou a\u00ed, pois na mesma \u00e9poca a semente da disc\u00f3rdia foi plantada no interior do catolicismo, com a heresia de \u00c1rio. Foi ent\u00e3o que a f\u00e9 extrema e a dedica\u00e7\u00e3o na defesa da divindade de Cristo transformaram Atan\u00e1sio, o bispo de Alexandria, no mais vigoroso combatente dos hereges.<\/p>\n<p>Atan\u00e1sio nasceu no Egito em 296, filho da cidade da qual seria o bispo mais lembrado. Ainda adolescente, foi considerado um dos homens mais inteligentes de Alexandria entre as celebridades que ali vivam. Ingressou na Igreja por meio do bispo Alexandre. Na qualidade de seu assessor especial, embora fosse apenas di\u00e1cono, Atan\u00e1sio participou do Conc\u00edlio de Nic\u00e9ia, em 325, e passou para a hist\u00f3ria da Igreja.<\/p>\n<p>Em todos os registros sobre esse Conc\u00edlio, que definiu o arianismo como heresia, o nome de Atan\u00e1sio \u00e9 o mais citado. O arianismo negava a santidade de Jesus. Considerava-o apenas &#8220;uma criatura do Pai&#8221; e n\u00e3o parte dele, equivalente a ele. Atan\u00e1sio foi um dos respons\u00e1veis na luta para que a Igreja retomasse o caminho apontado e definido pelos ap\u00f3stolos. Conta-se que os seus discursos empolgantes, com uma argumenta\u00e7\u00e3o b\u00edblica brilhante e a lucidez de sua doutrina, foram essenciais na defesa e manuten\u00e7\u00e3o da ortodoxia crist\u00e3. Apontou um por um os erros hist\u00f3ricos e dogm\u00e1ticos dos hereges, conquistando a vit\u00f3ria para a causa cat\u00f3lica e, conseq\u00fcentemente, o \u00f3dio profundo dos arianos.<\/p>\n<p>Atan\u00e1sio foi um religioso muito atuante, disc\u00edpulo e contempor\u00e2neo de figuras muito importantes do clero que a Igreja honrou com a venera\u00e7\u00e3o nos altares. Quando morreu o bispo Alexandre, tanto o povo como o clero apontaram Atan\u00e1sio como seu sucessor. Seu bispado durou quarenta e seis anos, recheados de persegui\u00e7\u00e3o e sofrimento. Apoiados pelo imperador, os arianos espalharam cal\u00fanias incr\u00edveis. Atan\u00e1sio sofreu cinco ex\u00edlios seguidos, intercalados com fugas e com afastamentos por vontade pr\u00f3pria, que suportou com paci\u00eancia e determina\u00e7\u00e3o. Foi assim que conheceu santo Ant\u00e3o, de quem escreveu a biografia, contando tamb\u00e9m como era a vida mon\u00e1stica no deserto, o que atraiu muitos crist\u00e3os aos mosteiros eremitas.<\/p>\n<p>Atan\u00e1sio morreu, com setenta e sete anos, no dia 2 de maio de 373. Logo depois, foi inserido entre os celebres &#8220;Padres da Igreja&#8221;, sendo canonizado e declarado &#8220;doutor da Igreja&#8221;. Sua festa lit\u00fargica \u00e9 celebrada no dia de sua morte em todo o mundo crist\u00e3o.<\/p>\n<div id=\"themify_builder_content-9187\" data-postid=\"9187\" class=\"themify_builder_content themify_builder_content-9187 themify_builder themify_builder_front\">\n\t<\/div>\n<!-- \/themify_builder_content -->","protected":false},"excerpt":{"rendered":"<p>02 de Maio Houve o dia em que a Igreja se viu livre da persegui\u00e7\u00e3o mortal dos pag\u00e3os. Foi no ano 313 e o famoso Edito de Mil\u00e3o transformou o cristianismo de perseguido a favorecido pelos imperadores romanos. Mas a luta n\u00e3o terminou a\u00ed, pois na mesma \u00e9poca a semente da disc\u00f3rdia foi plantada no [&hellip;]<\/p>\n","protected":false},"author":14,"featured_media":0,"comment_status":"open","ping_status":"open","sticky":false,"template":"","format":"standard","meta":{"ngg_post_thumbnail":0,"footnotes":""},"categories":[186],"tags":[],"yoast_head":"<!-- This site is optimized with the Yoast SEO plugin v23.5 - https:\/\/yoast.com\/wordpress\/plugins\/seo\/ -->\n<title>Santo Atan\u00e1sio - O Arcanjo no ar<\/title>\n<meta name=\"robots\" content=\"index, follow, max-snippet:-1, max-image-preview:large, max-video-preview:-1\" \/>\n<link rel=\"canonical\" href=\"https:\/\/www.oarcanjo.net\/site\/santo-atanasio\/\" \/>\n<meta property=\"og:locale\" content=\"pt_BR\" \/>\n<meta property=\"og:type\" content=\"article\" \/>\n<meta property=\"og:title\" content=\"Santo Atan\u00e1sio - O Arcanjo no ar\" \/>\n<meta property=\"og:description\" content=\"02 de Maio Houve o dia em que a Igreja se viu livre da persegui\u00e7\u00e3o mortal dos pag\u00e3os. Foi no ano 313 e o famoso Edito de Mil\u00e3o transformou o cristianismo de perseguido a favorecido pelos imperadores romanos. Mas a luta n\u00e3o terminou a\u00ed, pois na mesma \u00e9poca a semente da disc\u00f3rdia foi plantada no [&hellip;]\" \/>\n<meta property=\"og:url\" content=\"https:\/\/www.oarcanjo.net\/site\/santo-atanasio\/\" \/>\n<meta property=\"og:site_name\" content=\"O Arcanjo no ar\" \/>\n<meta property=\"article:publisher\" content=\"https:\/\/www.facebook.com\/OArcanjoNoAr\/\" \/>\n<meta property=\"article:published_time\" content=\"2019-05-02T03:55:08+00:00\" \/>\n<meta property=\"article:modified_time\" content=\"2019-02-20T10:58:46+00:00\" \/>\n<meta property=\"og:image\" content=\"http:\/\/www.tudook.com\/portalcatolico\/images\/satanasio.jpg\" \/>\n<meta name=\"author\" content=\"danilo\" \/>\n<meta name=\"twitter:card\" content=\"summary_large_image\" \/>\n<meta name=\"twitter:label1\" content=\"Escrito por\" \/>\n\t<meta name=\"twitter:data1\" content=\"danilo\" \/>\n\t<meta name=\"twitter:label2\" content=\"Est. tempo de leitura\" \/>\n\t<meta name=\"twitter:data2\" content=\"2 minutos\" \/>\n<script type=\"application\/ld+json\" class=\"yoast-schema-graph\">{\"@context\":\"https:\/\/schema.org\",\"@graph\":[{\"@type\":\"Article\",\"@id\":\"https:\/\/www.oarcanjo.net\/site\/santo-atanasio\/#article\",\"isPartOf\":{\"@id\":\"https:\/\/www.oarcanjo.net\/site\/santo-atanasio\/\"},\"author\":{\"name\":\"danilo\",\"@id\":\"https:\/\/www.oarcanjo.net\/site\/#\/schema\/person\/5eb9480bedd2f3c97e430ce128c29c6c\"},\"headline\":\"Santo Atan\u00e1sio\",\"datePublished\":\"2019-05-02T03:55:08+00:00\",\"dateModified\":\"2019-02-20T10:58:46+00:00\",\"mainEntityOfPage\":{\"@id\":\"https:\/\/www.oarcanjo.net\/site\/santo-atanasio\/\"},\"wordCount\":464,\"commentCount\":0,\"publisher\":{\"@id\":\"https:\/\/www.oarcanjo.net\/site\/#organization\"},\"image\":{\"@id\":\"https:\/\/www.oarcanjo.net\/site\/santo-atanasio\/#primaryimage\"},\"thumbnailUrl\":\"http:\/\/www.tudook.com\/portalcatolico\/images\/satanasio.jpg\",\"articleSection\":[\"Testemunhos\"],\"inLanguage\":\"pt-BR\",\"potentialAction\":[{\"@type\":\"CommentAction\",\"name\":\"Comment\",\"target\":[\"https:\/\/www.oarcanjo.net\/site\/santo-atanasio\/#respond\"]}]},{\"@type\":\"WebPage\",\"@id\":\"https:\/\/www.oarcanjo.net\/site\/santo-atanasio\/\",\"url\":\"https:\/\/www.oarcanjo.net\/site\/santo-atanasio\/\",\"name\":\"Santo Atan\u00e1sio - O Arcanjo no ar\",\"isPartOf\":{\"@id\":\"https:\/\/www.oarcanjo.net\/site\/#website\"},\"primaryImageOfPage\":{\"@id\":\"https:\/\/www.oarcanjo.net\/site\/santo-atanasio\/#primaryimage\"},\"image\":{\"@id\":\"https:\/\/www.oarcanjo.net\/site\/santo-atanasio\/#primaryimage\"},\"thumbnailUrl\":\"http:\/\/www.tudook.com\/portalcatolico\/images\/satanasio.jpg\",\"datePublished\":\"2019-05-02T03:55:08+00:00\",\"dateModified\":\"2019-02-20T10:58:46+00:00\",\"breadcrumb\":{\"@id\":\"https:\/\/www.oarcanjo.net\/site\/santo-atanasio\/#breadcrumb\"},\"inLanguage\":\"pt-BR\",\"potentialAction\":[{\"@type\":\"ReadAction\",\"target\":[\"https:\/\/www.oarcanjo.net\/site\/santo-atanasio\/\"]}]},{\"@type\":\"ImageObject\",\"inLanguage\":\"pt-BR\",\"@id\":\"https:\/\/www.oarcanjo.net\/site\/santo-atanasio\/#primaryimage\",\"url\":\"http:\/\/www.tudook.com\/portalcatolico\/images\/satanasio.jpg\",\"contentUrl\":\"http:\/\/www.tudook.com\/portalcatolico\/images\/satanasio.jpg\"},{\"@type\":\"BreadcrumbList\",\"@id\":\"https:\/\/www.oarcanjo.net\/site\/santo-atanasio\/#breadcrumb\",\"itemListElement\":[{\"@type\":\"ListItem\",\"position\":1,\"name\":\"In\u00edcio\",\"item\":\"https:\/\/www.oarcanjo.net\/site\/\"},{\"@type\":\"ListItem\",\"position\":2,\"name\":\"Santo Atan\u00e1sio\"}]},{\"@type\":\"WebSite\",\"@id\":\"https:\/\/www.oarcanjo.net\/site\/#website\",\"url\":\"https:\/\/www.oarcanjo.net\/site\/\",\"name\":\"O Arcanjo no ar\",\"description\":\"Site da Par\u00f3quia S\u00e3o Miguel Arcanjo (Arquidiocese de SP)\",\"publisher\":{\"@id\":\"https:\/\/www.oarcanjo.net\/site\/#organization\"},\"potentialAction\":[{\"@type\":\"SearchAction\",\"target\":{\"@type\":\"EntryPoint\",\"urlTemplate\":\"https:\/\/www.oarcanjo.net\/site\/?s={search_term_string}\"},\"query-input\":{\"@type\":\"PropertyValueSpecification\",\"valueRequired\":true,\"valueName\":\"search_term_string\"}}],\"inLanguage\":\"pt-BR\"},{\"@type\":\"Organization\",\"@id\":\"https:\/\/www.oarcanjo.net\/site\/#organization\",\"name\":\"Par\u00f3quia S\u00e3o Miguel Arcanjo\",\"url\":\"https:\/\/www.oarcanjo.net\/site\/\",\"logo\":{\"@type\":\"ImageObject\",\"inLanguage\":\"pt-BR\",\"@id\":\"https:\/\/www.oarcanjo.net\/site\/#\/schema\/logo\/image\/\",\"url\":\"https:\/\/www.oarcanjo.net\/site\/wp-content\/uploads\/LogoOArcanjo.png\",\"contentUrl\":\"https:\/\/www.oarcanjo.net\/site\/wp-content\/uploads\/LogoOArcanjo.png\",\"width\":319,\"height\":99,\"caption\":\"Par\u00f3quia S\u00e3o Miguel Arcanjo\"},\"image\":{\"@id\":\"https:\/\/www.oarcanjo.net\/site\/#\/schema\/logo\/image\/\"},\"sameAs\":[\"https:\/\/www.facebook.com\/OArcanjoNoAr\/\"]},{\"@type\":\"Person\",\"@id\":\"https:\/\/www.oarcanjo.net\/site\/#\/schema\/person\/5eb9480bedd2f3c97e430ce128c29c6c\",\"name\":\"danilo\"}]}<\/script>\n<!-- \/ Yoast SEO plugin. -->","yoast_head_json":{"title":"Santo Atan\u00e1sio - O Arcanjo no ar","robots":{"index":"index","follow":"follow","max-snippet":"max-snippet:-1","max-image-preview":"max-image-preview:large","max-video-preview":"max-video-preview:-1"},"canonical":"https:\/\/www.oarcanjo.net\/site\/santo-atanasio\/","og_locale":"pt_BR","og_type":"article","og_title":"Santo Atan\u00e1sio - O Arcanjo no ar","og_description":"02 de Maio Houve o dia em que a Igreja se viu livre da persegui\u00e7\u00e3o mortal dos pag\u00e3os. Foi no ano 313 e o famoso Edito de Mil\u00e3o transformou o cristianismo de perseguido a favorecido pelos imperadores romanos. Mas a luta n\u00e3o terminou a\u00ed, pois na mesma \u00e9poca a semente da disc\u00f3rdia foi plantada no [&hellip;]","og_url":"https:\/\/www.oarcanjo.net\/site\/santo-atanasio\/","og_site_name":"O Arcanjo no ar","article_publisher":"https:\/\/www.facebook.com\/OArcanjoNoAr\/","article_published_time":"2019-05-02T03:55:08+00:00","article_modified_time":"2019-02-20T10:58:46+00:00","og_image":[{"url":"http:\/\/www.tudook.com\/portalcatolico\/images\/satanasio.jpg"}],"author":"danilo","twitter_card":"summary_large_image","twitter_misc":{"Escrito por":"danilo","Est. tempo de leitura":"2 minutos"},"schema":{"@context":"https:\/\/schema.org","@graph":[{"@type":"Article","@id":"https:\/\/www.oarcanjo.net\/site\/santo-atanasio\/#article","isPartOf":{"@id":"https:\/\/www.oarcanjo.net\/site\/santo-atanasio\/"},"author":{"name":"danilo","@id":"https:\/\/www.oarcanjo.net\/site\/#\/schema\/person\/5eb9480bedd2f3c97e430ce128c29c6c"},"headline":"Santo Atan\u00e1sio","datePublished":"2019-05-02T03:55:08+00:00","dateModified":"2019-02-20T10:58:46+00:00","mainEntityOfPage":{"@id":"https:\/\/www.oarcanjo.net\/site\/santo-atanasio\/"},"wordCount":464,"commentCount":0,"publisher":{"@id":"https:\/\/www.oarcanjo.net\/site\/#organization"},"image":{"@id":"https:\/\/www.oarcanjo.net\/site\/santo-atanasio\/#primaryimage"},"thumbnailUrl":"http:\/\/www.tudook.com\/portalcatolico\/images\/satanasio.jpg","articleSection":["Testemunhos"],"inLanguage":"pt-BR","potentialAction":[{"@type":"CommentAction","name":"Comment","target":["https:\/\/www.oarcanjo.net\/site\/santo-atanasio\/#respond"]}]},{"@type":"WebPage","@id":"https:\/\/www.oarcanjo.net\/site\/santo-atanasio\/","url":"https:\/\/www.oarcanjo.net\/site\/santo-atanasio\/","name":"Santo Atan\u00e1sio - O Arcanjo no ar","isPartOf":{"@id":"https:\/\/www.oarcanjo.net\/site\/#website"},"primaryImageOfPage":{"@id":"https:\/\/www.oarcanjo.net\/site\/santo-atanasio\/#primaryimage"},"image":{"@id":"https:\/\/www.oarcanjo.net\/site\/santo-atanasio\/#primaryimage"},"thumbnailUrl":"http:\/\/www.tudook.com\/portalcatolico\/images\/satanasio.jpg","datePublished":"2019-05-02T03:55:08+00:00","dateModified":"2019-02-20T10:58:46+00:00","breadcrumb":{"@id":"https:\/\/www.oarcanjo.net\/site\/santo-atanasio\/#breadcrumb"},"inLanguage":"pt-BR","potentialAction":[{"@type":"ReadAction","target":["https:\/\/www.oarcanjo.net\/site\/santo-atanasio\/"]}]},{"@type":"ImageObject","inLanguage":"pt-BR","@id":"https:\/\/www.oarcanjo.net\/site\/santo-atanasio\/#primaryimage","url":"http:\/\/www.tudook.com\/portalcatolico\/images\/satanasio.jpg","contentUrl":"http:\/\/www.tudook.com\/portalcatolico\/images\/satanasio.jpg"},{"@type":"BreadcrumbList","@id":"https:\/\/www.oarcanjo.net\/site\/santo-atanasio\/#breadcrumb","itemListElement":[{"@type":"ListItem","position":1,"name":"In\u00edcio","item":"https:\/\/www.oarcanjo.net\/site\/"},{"@type":"ListItem","position":2,"name":"Santo Atan\u00e1sio"}]},{"@type":"WebSite","@id":"https:\/\/www.oarcanjo.net\/site\/#website","url":"https:\/\/www.oarcanjo.net\/site\/","name":"O Arcanjo no ar","description":"Site da Par\u00f3quia S\u00e3o Miguel Arcanjo (Arquidiocese de SP)","publisher":{"@id":"https:\/\/www.oarcanjo.net\/site\/#organization"},"potentialAction":[{"@type":"SearchAction","target":{"@type":"EntryPoint","urlTemplate":"https:\/\/www.oarcanjo.net\/site\/?s={search_term_string}"},"query-input":{"@type":"PropertyValueSpecification","valueRequired":true,"valueName":"search_term_string"}}],"inLanguage":"pt-BR"},{"@type":"Organization","@id":"https:\/\/www.oarcanjo.net\/site\/#organization","name":"Par\u00f3quia S\u00e3o Miguel Arcanjo","url":"https:\/\/www.oarcanjo.net\/site\/","logo":{"@type":"ImageObject","inLanguage":"pt-BR","@id":"https:\/\/www.oarcanjo.net\/site\/#\/schema\/logo\/image\/","url":"https:\/\/www.oarcanjo.net\/site\/wp-content\/uploads\/LogoOArcanjo.png","contentUrl":"https:\/\/www.oarcanjo.net\/site\/wp-content\/uploads\/LogoOArcanjo.png","width":319,"height":99,"caption":"Par\u00f3quia S\u00e3o Miguel Arcanjo"},"image":{"@id":"https:\/\/www.oarcanjo.net\/site\/#\/schema\/logo\/image\/"},"sameAs":["https:\/\/www.facebook.com\/OArcanjoNoAr\/"]},{"@type":"Person","@id":"https:\/\/www.oarcanjo.net\/site\/#\/schema\/person\/5eb9480bedd2f3c97e430ce128c29c6c","name":"danilo"}]}},"publishpress_future_action":{"enabled":false,"date":"2026-05-07 15:22:30","action":"category","newStatus":"draft","terms":[],"taxonomy":"category"},"publishpress_future_workflow_manual_trigger":{"enabledWorkflows":[]},"_links":{"self":[{"href":"https:\/\/www.oarcanjo.net\/site\/wp-json\/wp\/v2\/posts\/9187"}],"collection":[{"href":"https:\/\/www.oarcanjo.net\/site\/wp-json\/wp\/v2\/posts"}],"about":[{"href":"https:\/\/www.oarcanjo.net\/site\/wp-json\/wp\/v2\/types\/post"}],"author":[{"embeddable":true,"href":"https:\/\/www.oarcanjo.net\/site\/wp-json\/wp\/v2\/users\/14"}],"replies":[{"embeddable":true,"href":"https:\/\/www.oarcanjo.net\/site\/wp-json\/wp\/v2\/comments?post=9187"}],"version-history":[{"count":1,"href":"https:\/\/www.oarcanjo.net\/site\/wp-json\/wp\/v2\/posts\/9187\/revisions"}],"predecessor-version":[{"id":92915,"href":"https:\/\/www.oarcanjo.net\/site\/wp-json\/wp\/v2\/posts\/9187\/revisions\/92915"}],"wp:attachment":[{"href":"https:\/\/www.oarcanjo.net\/site\/wp-json\/wp\/v2\/media?parent=9187"}],"wp:term":[{"taxonomy":"category","embeddable":true,"href":"https:\/\/www.oarcanjo.net\/site\/wp-json\/wp\/v2\/categories?post=9187"},{"taxonomy":"post_tag","embeddable":true,"href":"https:\/\/www.oarcanjo.net\/site\/wp-json\/wp\/v2\/tags?post=9187"}],"curies":[{"name":"wp","href":"https:\/\/api.w.org\/{rel}","templated":true}]}}