
{"id":9189,"date":"2019-05-02T00:56:46","date_gmt":"2019-05-02T03:56:46","guid":{"rendered":"http:\/\/www.oarcanjo.net\/site\/?p=9189"},"modified":"2019-02-20T07:58:49","modified_gmt":"2019-02-20T10:58:49","slug":"bem-aventurada-mafalda","status":"publish","type":"post","link":"https:\/\/www.oarcanjo.net\/site\/bem-aventurada-mafalda\/","title":{"rendered":"Bem Aventurada Mafalda"},"content":{"rendered":"<p><img decoding=\"async\" src=\"http:\/\/www.derradeirasgracas.com\/images\/1.%20O%20Santo%20do%20Dia%20-%20Fotos\/Santos%20de%20Maio%20-%20Fotos\/Mafalda%20Bem-aventurada%20.gif\" alt=\"\" \/><\/p>\n<p>02 de Maio<\/p>\n<p>Mafalda passou para a hist\u00f3ria do povo portugu\u00eas como &#8220;a rainha santa Mafalda&#8221;. Ela foi uma das filhas do primeiro rei de Portugal, Sancho I, o Povoador, e da rainha Dulce de Arag\u00e3o. Em 1184, quando nasceu, herdou o nome de sua av\u00f3 paterna, Mafalda de Sav\u00f3ia, e tornou-se uma jovem muito bela. Recebeu a educa\u00e7\u00e3o pr\u00f3pria aos nobres.<\/p>\n<p>O rei Sancho I morreu em 1211, deixando o reinado para a rainha vi\u00fava e o poder efetivo ao ministro Nunes de Lara. Na \u00e9poca, por causa da guerra com os \u00e1rabes mu\u00e7ulmanos, era importante para o reino de Portugal que se estreitassem os la\u00e7os de amizade com o reino de Castela, ou seja, com a elite espanhola. Por isso o ministro Nunes acertou o casamento de Mafalda com o rei Henrique I, do trono de Castela.<\/p>\n<p>Entretanto, a m\u00e3e do rei Henrique I, que n\u00e3o queria o casamento, recorreu \u00e0 Santa S\u00e9 alegando que os dois jovens reis eram parentes e muito jovens. Come\u00e7ou a correr o processo de anula\u00e7\u00e3o do casamento. Aos quatorze anos, o rei Henrique I morreu tragicamente. O papa Inoc\u00eancio III anulou o matrim\u00f4nio e a rainha Mafalda regressou a sua p\u00e1tria.<\/p>\n<p>Em Portugal, Mafalda passou a auxiliar monges e monjas com doa\u00e7\u00f5es a mosteiros. Mais tarde, ingressou no Convento de Arouca, Portugal, e tornou-se monja cisterciense da Ordem de S\u00e3o Bernardo, de cujo convento s\u00f3 saia para fazer peregrina\u00e7\u00f5es \u00e0 catedral do Porto, onde entregava suas j\u00f3ias no altar de Nossa Senhora, de quem era muito devota. Vivia com humildade e usou sua riqueza patrocinando as obras de caridade, a reconstru\u00e7\u00e3o dos povoados, a constru\u00e7\u00e3o de hospitais e as casas religiosas.<\/p>\n<p>Devido \u00e0s obras de caridade que fez, o papa Alexandre IV, de pr\u00f3prio punho, agradeceu os servi\u00e7os que ela prestou \u00e0 Igreja em uma carta de 1255. Mafalda morreu no dia 1o de maio de 1257, no mosteiro de Arouca, Portugal, onde seu corpo foi sepultado.<\/p>\n<p>A fama da sua santidade foi logo crescendo e a popula\u00e7\u00e3o passou a referir-se a ela como &#8220;rainha santa Mafalda&#8221;. No s\u00e9culo XII, por ocasi\u00e3o da sua exuma\u00e7\u00e3o, corpo e vestes estavam incorruptos. O papa Pio VI beatificou-a em 1793 e no ano seguinte autorizou o culto p\u00fablico e sua festa lit\u00fargica no dia 2 de maio.<\/p>\n<div id=\"themify_builder_content-9189\" data-postid=\"9189\" class=\"themify_builder_content themify_builder_content-9189 themify_builder themify_builder_front\">\n\t<\/div>\n<!-- \/themify_builder_content -->","protected":false},"excerpt":{"rendered":"<p>02 de Maio Mafalda passou para a hist\u00f3ria do povo portugu\u00eas como &#8220;a rainha santa Mafalda&#8221;. Ela foi uma das filhas do primeiro rei de Portugal, Sancho I, o Povoador, e da rainha Dulce de Arag\u00e3o. Em 1184, quando nasceu, herdou o nome de sua av\u00f3 paterna, Mafalda de Sav\u00f3ia, e tornou-se uma jovem muito [&hellip;]<\/p>\n","protected":false},"author":14,"featured_media":0,"comment_status":"open","ping_status":"open","sticky":false,"template":"","format":"standard","meta":{"ngg_post_thumbnail":0,"footnotes":""},"categories":[186],"tags":[],"yoast_head":"<!-- This site is optimized with the Yoast SEO plugin v23.5 - https:\/\/yoast.com\/wordpress\/plugins\/seo\/ -->\n<title>Bem Aventurada Mafalda - O Arcanjo no ar<\/title>\n<meta name=\"robots\" content=\"index, follow, max-snippet:-1, max-image-preview:large, max-video-preview:-1\" \/>\n<link rel=\"canonical\" href=\"https:\/\/www.oarcanjo.net\/site\/bem-aventurada-mafalda\/\" \/>\n<meta property=\"og:locale\" content=\"pt_BR\" \/>\n<meta property=\"og:type\" content=\"article\" \/>\n<meta property=\"og:title\" content=\"Bem Aventurada Mafalda - O Arcanjo no ar\" \/>\n<meta property=\"og:description\" content=\"02 de Maio Mafalda passou para a hist\u00f3ria do povo portugu\u00eas como &#8220;a rainha santa Mafalda&#8221;. Ela foi uma das filhas do primeiro rei de Portugal, Sancho I, o Povoador, e da rainha Dulce de Arag\u00e3o. Em 1184, quando nasceu, herdou o nome de sua av\u00f3 paterna, Mafalda de Sav\u00f3ia, e tornou-se uma jovem muito [&hellip;]\" \/>\n<meta property=\"og:url\" content=\"https:\/\/www.oarcanjo.net\/site\/bem-aventurada-mafalda\/\" \/>\n<meta property=\"og:site_name\" content=\"O Arcanjo no ar\" \/>\n<meta property=\"article:publisher\" content=\"https:\/\/www.facebook.com\/OArcanjoNoAr\/\" \/>\n<meta property=\"article:published_time\" content=\"2019-05-02T03:56:46+00:00\" \/>\n<meta property=\"article:modified_time\" content=\"2019-02-20T10:58:49+00:00\" \/>\n<meta property=\"og:image\" content=\"http:\/\/www.derradeirasgracas.com\/images\/1.%20O%20Santo%20do%20Dia%20-%20Fotos\/Santos%20de%20Maio%20-%20Fotos\/Mafalda%20Bem-aventurada%20.gif\" \/>\n<meta name=\"author\" content=\"danilo\" \/>\n<meta name=\"twitter:card\" content=\"summary_large_image\" \/>\n<meta name=\"twitter:label1\" content=\"Escrito por\" \/>\n\t<meta name=\"twitter:data1\" content=\"danilo\" \/>\n\t<meta name=\"twitter:label2\" content=\"Est. tempo de leitura\" \/>\n\t<meta name=\"twitter:data2\" content=\"2 minutos\" \/>\n<script type=\"application\/ld+json\" class=\"yoast-schema-graph\">{\"@context\":\"https:\/\/schema.org\",\"@graph\":[{\"@type\":\"Article\",\"@id\":\"https:\/\/www.oarcanjo.net\/site\/bem-aventurada-mafalda\/#article\",\"isPartOf\":{\"@id\":\"https:\/\/www.oarcanjo.net\/site\/bem-aventurada-mafalda\/\"},\"author\":{\"name\":\"danilo\",\"@id\":\"https:\/\/www.oarcanjo.net\/site\/#\/schema\/person\/5eb9480bedd2f3c97e430ce128c29c6c\"},\"headline\":\"Bem Aventurada Mafalda\",\"datePublished\":\"2019-05-02T03:56:46+00:00\",\"dateModified\":\"2019-02-20T10:58:49+00:00\",\"mainEntityOfPage\":{\"@id\":\"https:\/\/www.oarcanjo.net\/site\/bem-aventurada-mafalda\/\"},\"wordCount\":405,\"commentCount\":0,\"publisher\":{\"@id\":\"https:\/\/www.oarcanjo.net\/site\/#organization\"},\"image\":{\"@id\":\"https:\/\/www.oarcanjo.net\/site\/bem-aventurada-mafalda\/#primaryimage\"},\"thumbnailUrl\":\"http:\/\/www.derradeirasgracas.com\/images\/1.%20O%20Santo%20do%20Dia%20-%20Fotos\/Santos%20de%20Maio%20-%20Fotos\/Mafalda%20Bem-aventurada%20.gif\",\"articleSection\":[\"Testemunhos\"],\"inLanguage\":\"pt-BR\",\"potentialAction\":[{\"@type\":\"CommentAction\",\"name\":\"Comment\",\"target\":[\"https:\/\/www.oarcanjo.net\/site\/bem-aventurada-mafalda\/#respond\"]}]},{\"@type\":\"WebPage\",\"@id\":\"https:\/\/www.oarcanjo.net\/site\/bem-aventurada-mafalda\/\",\"url\":\"https:\/\/www.oarcanjo.net\/site\/bem-aventurada-mafalda\/\",\"name\":\"Bem Aventurada Mafalda - O Arcanjo no ar\",\"isPartOf\":{\"@id\":\"https:\/\/www.oarcanjo.net\/site\/#website\"},\"primaryImageOfPage\":{\"@id\":\"https:\/\/www.oarcanjo.net\/site\/bem-aventurada-mafalda\/#primaryimage\"},\"image\":{\"@id\":\"https:\/\/www.oarcanjo.net\/site\/bem-aventurada-mafalda\/#primaryimage\"},\"thumbnailUrl\":\"http:\/\/www.derradeirasgracas.com\/images\/1.%20O%20Santo%20do%20Dia%20-%20Fotos\/Santos%20de%20Maio%20-%20Fotos\/Mafalda%20Bem-aventurada%20.gif\",\"datePublished\":\"2019-05-02T03:56:46+00:00\",\"dateModified\":\"2019-02-20T10:58:49+00:00\",\"breadcrumb\":{\"@id\":\"https:\/\/www.oarcanjo.net\/site\/bem-aventurada-mafalda\/#breadcrumb\"},\"inLanguage\":\"pt-BR\",\"potentialAction\":[{\"@type\":\"ReadAction\",\"target\":[\"https:\/\/www.oarcanjo.net\/site\/bem-aventurada-mafalda\/\"]}]},{\"@type\":\"ImageObject\",\"inLanguage\":\"pt-BR\",\"@id\":\"https:\/\/www.oarcanjo.net\/site\/bem-aventurada-mafalda\/#primaryimage\",\"url\":\"http:\/\/www.derradeirasgracas.com\/images\/1.%20O%20Santo%20do%20Dia%20-%20Fotos\/Santos%20de%20Maio%20-%20Fotos\/Mafalda%20Bem-aventurada%20.gif\",\"contentUrl\":\"http:\/\/www.derradeirasgracas.com\/images\/1.%20O%20Santo%20do%20Dia%20-%20Fotos\/Santos%20de%20Maio%20-%20Fotos\/Mafalda%20Bem-aventurada%20.gif\"},{\"@type\":\"BreadcrumbList\",\"@id\":\"https:\/\/www.oarcanjo.net\/site\/bem-aventurada-mafalda\/#breadcrumb\",\"itemListElement\":[{\"@type\":\"ListItem\",\"position\":1,\"name\":\"In\u00edcio\",\"item\":\"https:\/\/www.oarcanjo.net\/site\/\"},{\"@type\":\"ListItem\",\"position\":2,\"name\":\"Bem Aventurada Mafalda\"}]},{\"@type\":\"WebSite\",\"@id\":\"https:\/\/www.oarcanjo.net\/site\/#website\",\"url\":\"https:\/\/www.oarcanjo.net\/site\/\",\"name\":\"O Arcanjo no ar\",\"description\":\"Site da Par\u00f3quia S\u00e3o Miguel Arcanjo (Arquidiocese de SP)\",\"publisher\":{\"@id\":\"https:\/\/www.oarcanjo.net\/site\/#organization\"},\"potentialAction\":[{\"@type\":\"SearchAction\",\"target\":{\"@type\":\"EntryPoint\",\"urlTemplate\":\"https:\/\/www.oarcanjo.net\/site\/?s={search_term_string}\"},\"query-input\":{\"@type\":\"PropertyValueSpecification\",\"valueRequired\":true,\"valueName\":\"search_term_string\"}}],\"inLanguage\":\"pt-BR\"},{\"@type\":\"Organization\",\"@id\":\"https:\/\/www.oarcanjo.net\/site\/#organization\",\"name\":\"Par\u00f3quia S\u00e3o Miguel Arcanjo\",\"url\":\"https:\/\/www.oarcanjo.net\/site\/\",\"logo\":{\"@type\":\"ImageObject\",\"inLanguage\":\"pt-BR\",\"@id\":\"https:\/\/www.oarcanjo.net\/site\/#\/schema\/logo\/image\/\",\"url\":\"https:\/\/www.oarcanjo.net\/site\/wp-content\/uploads\/LogoOArcanjo.png\",\"contentUrl\":\"https:\/\/www.oarcanjo.net\/site\/wp-content\/uploads\/LogoOArcanjo.png\",\"width\":319,\"height\":99,\"caption\":\"Par\u00f3quia S\u00e3o Miguel Arcanjo\"},\"image\":{\"@id\":\"https:\/\/www.oarcanjo.net\/site\/#\/schema\/logo\/image\/\"},\"sameAs\":[\"https:\/\/www.facebook.com\/OArcanjoNoAr\/\"]},{\"@type\":\"Person\",\"@id\":\"https:\/\/www.oarcanjo.net\/site\/#\/schema\/person\/5eb9480bedd2f3c97e430ce128c29c6c\",\"name\":\"danilo\"}]}<\/script>\n<!-- \/ Yoast SEO plugin. -->","yoast_head_json":{"title":"Bem Aventurada Mafalda - O Arcanjo no ar","robots":{"index":"index","follow":"follow","max-snippet":"max-snippet:-1","max-image-preview":"max-image-preview:large","max-video-preview":"max-video-preview:-1"},"canonical":"https:\/\/www.oarcanjo.net\/site\/bem-aventurada-mafalda\/","og_locale":"pt_BR","og_type":"article","og_title":"Bem Aventurada Mafalda - O Arcanjo no ar","og_description":"02 de Maio Mafalda passou para a hist\u00f3ria do povo portugu\u00eas como &#8220;a rainha santa Mafalda&#8221;. Ela foi uma das filhas do primeiro rei de Portugal, Sancho I, o Povoador, e da rainha Dulce de Arag\u00e3o. Em 1184, quando nasceu, herdou o nome de sua av\u00f3 paterna, Mafalda de Sav\u00f3ia, e tornou-se uma jovem muito [&hellip;]","og_url":"https:\/\/www.oarcanjo.net\/site\/bem-aventurada-mafalda\/","og_site_name":"O Arcanjo no ar","article_publisher":"https:\/\/www.facebook.com\/OArcanjoNoAr\/","article_published_time":"2019-05-02T03:56:46+00:00","article_modified_time":"2019-02-20T10:58:49+00:00","og_image":[{"url":"http:\/\/www.derradeirasgracas.com\/images\/1.%20O%20Santo%20do%20Dia%20-%20Fotos\/Santos%20de%20Maio%20-%20Fotos\/Mafalda%20Bem-aventurada%20.gif"}],"author":"danilo","twitter_card":"summary_large_image","twitter_misc":{"Escrito por":"danilo","Est. tempo de leitura":"2 minutos"},"schema":{"@context":"https:\/\/schema.org","@graph":[{"@type":"Article","@id":"https:\/\/www.oarcanjo.net\/site\/bem-aventurada-mafalda\/#article","isPartOf":{"@id":"https:\/\/www.oarcanjo.net\/site\/bem-aventurada-mafalda\/"},"author":{"name":"danilo","@id":"https:\/\/www.oarcanjo.net\/site\/#\/schema\/person\/5eb9480bedd2f3c97e430ce128c29c6c"},"headline":"Bem Aventurada Mafalda","datePublished":"2019-05-02T03:56:46+00:00","dateModified":"2019-02-20T10:58:49+00:00","mainEntityOfPage":{"@id":"https:\/\/www.oarcanjo.net\/site\/bem-aventurada-mafalda\/"},"wordCount":405,"commentCount":0,"publisher":{"@id":"https:\/\/www.oarcanjo.net\/site\/#organization"},"image":{"@id":"https:\/\/www.oarcanjo.net\/site\/bem-aventurada-mafalda\/#primaryimage"},"thumbnailUrl":"http:\/\/www.derradeirasgracas.com\/images\/1.%20O%20Santo%20do%20Dia%20-%20Fotos\/Santos%20de%20Maio%20-%20Fotos\/Mafalda%20Bem-aventurada%20.gif","articleSection":["Testemunhos"],"inLanguage":"pt-BR","potentialAction":[{"@type":"CommentAction","name":"Comment","target":["https:\/\/www.oarcanjo.net\/site\/bem-aventurada-mafalda\/#respond"]}]},{"@type":"WebPage","@id":"https:\/\/www.oarcanjo.net\/site\/bem-aventurada-mafalda\/","url":"https:\/\/www.oarcanjo.net\/site\/bem-aventurada-mafalda\/","name":"Bem Aventurada Mafalda - O Arcanjo no ar","isPartOf":{"@id":"https:\/\/www.oarcanjo.net\/site\/#website"},"primaryImageOfPage":{"@id":"https:\/\/www.oarcanjo.net\/site\/bem-aventurada-mafalda\/#primaryimage"},"image":{"@id":"https:\/\/www.oarcanjo.net\/site\/bem-aventurada-mafalda\/#primaryimage"},"thumbnailUrl":"http:\/\/www.derradeirasgracas.com\/images\/1.%20O%20Santo%20do%20Dia%20-%20Fotos\/Santos%20de%20Maio%20-%20Fotos\/Mafalda%20Bem-aventurada%20.gif","datePublished":"2019-05-02T03:56:46+00:00","dateModified":"2019-02-20T10:58:49+00:00","breadcrumb":{"@id":"https:\/\/www.oarcanjo.net\/site\/bem-aventurada-mafalda\/#breadcrumb"},"inLanguage":"pt-BR","potentialAction":[{"@type":"ReadAction","target":["https:\/\/www.oarcanjo.net\/site\/bem-aventurada-mafalda\/"]}]},{"@type":"ImageObject","inLanguage":"pt-BR","@id":"https:\/\/www.oarcanjo.net\/site\/bem-aventurada-mafalda\/#primaryimage","url":"http:\/\/www.derradeirasgracas.com\/images\/1.%20O%20Santo%20do%20Dia%20-%20Fotos\/Santos%20de%20Maio%20-%20Fotos\/Mafalda%20Bem-aventurada%20.gif","contentUrl":"http:\/\/www.derradeirasgracas.com\/images\/1.%20O%20Santo%20do%20Dia%20-%20Fotos\/Santos%20de%20Maio%20-%20Fotos\/Mafalda%20Bem-aventurada%20.gif"},{"@type":"BreadcrumbList","@id":"https:\/\/www.oarcanjo.net\/site\/bem-aventurada-mafalda\/#breadcrumb","itemListElement":[{"@type":"ListItem","position":1,"name":"In\u00edcio","item":"https:\/\/www.oarcanjo.net\/site\/"},{"@type":"ListItem","position":2,"name":"Bem Aventurada Mafalda"}]},{"@type":"WebSite","@id":"https:\/\/www.oarcanjo.net\/site\/#website","url":"https:\/\/www.oarcanjo.net\/site\/","name":"O Arcanjo no ar","description":"Site da Par\u00f3quia S\u00e3o Miguel Arcanjo (Arquidiocese de SP)","publisher":{"@id":"https:\/\/www.oarcanjo.net\/site\/#organization"},"potentialAction":[{"@type":"SearchAction","target":{"@type":"EntryPoint","urlTemplate":"https:\/\/www.oarcanjo.net\/site\/?s={search_term_string}"},"query-input":{"@type":"PropertyValueSpecification","valueRequired":true,"valueName":"search_term_string"}}],"inLanguage":"pt-BR"},{"@type":"Organization","@id":"https:\/\/www.oarcanjo.net\/site\/#organization","name":"Par\u00f3quia S\u00e3o Miguel Arcanjo","url":"https:\/\/www.oarcanjo.net\/site\/","logo":{"@type":"ImageObject","inLanguage":"pt-BR","@id":"https:\/\/www.oarcanjo.net\/site\/#\/schema\/logo\/image\/","url":"https:\/\/www.oarcanjo.net\/site\/wp-content\/uploads\/LogoOArcanjo.png","contentUrl":"https:\/\/www.oarcanjo.net\/site\/wp-content\/uploads\/LogoOArcanjo.png","width":319,"height":99,"caption":"Par\u00f3quia S\u00e3o Miguel Arcanjo"},"image":{"@id":"https:\/\/www.oarcanjo.net\/site\/#\/schema\/logo\/image\/"},"sameAs":["https:\/\/www.facebook.com\/OArcanjoNoAr\/"]},{"@type":"Person","@id":"https:\/\/www.oarcanjo.net\/site\/#\/schema\/person\/5eb9480bedd2f3c97e430ce128c29c6c","name":"danilo"}]}},"publishpress_future_action":{"enabled":false,"date":"2026-05-07 15:23:14","action":"category","newStatus":"draft","terms":[],"taxonomy":"category"},"publishpress_future_workflow_manual_trigger":{"enabledWorkflows":[]},"_links":{"self":[{"href":"https:\/\/www.oarcanjo.net\/site\/wp-json\/wp\/v2\/posts\/9189"}],"collection":[{"href":"https:\/\/www.oarcanjo.net\/site\/wp-json\/wp\/v2\/posts"}],"about":[{"href":"https:\/\/www.oarcanjo.net\/site\/wp-json\/wp\/v2\/types\/post"}],"author":[{"embeddable":true,"href":"https:\/\/www.oarcanjo.net\/site\/wp-json\/wp\/v2\/users\/14"}],"replies":[{"embeddable":true,"href":"https:\/\/www.oarcanjo.net\/site\/wp-json\/wp\/v2\/comments?post=9189"}],"version-history":[{"count":1,"href":"https:\/\/www.oarcanjo.net\/site\/wp-json\/wp\/v2\/posts\/9189\/revisions"}],"predecessor-version":[{"id":92916,"href":"https:\/\/www.oarcanjo.net\/site\/wp-json\/wp\/v2\/posts\/9189\/revisions\/92916"}],"wp:attachment":[{"href":"https:\/\/www.oarcanjo.net\/site\/wp-json\/wp\/v2\/media?parent=9189"}],"wp:term":[{"taxonomy":"category","embeddable":true,"href":"https:\/\/www.oarcanjo.net\/site\/wp-json\/wp\/v2\/categories?post=9189"},{"taxonomy":"post_tag","embeddable":true,"href":"https:\/\/www.oarcanjo.net\/site\/wp-json\/wp\/v2\/tags?post=9189"}],"curies":[{"name":"wp","href":"https:\/\/api.w.org\/{rel}","templated":true}]}}