
{"id":92308,"date":"2019-01-13T18:25:13","date_gmt":"2019-01-13T20:25:13","guid":{"rendered":"https:\/\/www.oarcanjo.net\/site\/?p=92308"},"modified":"2019-01-13T13:54:14","modified_gmt":"2019-01-13T15:54:14","slug":"avisos-paroquiais-da-semana-13-01-2019","status":"publish","type":"post","link":"https:\/\/www.oarcanjo.net\/site\/avisos-paroquiais-da-semana-13-01-2019\/","title":{"rendered":"Avisos paroquiais da semana &#8211; 13\/01\/2019"},"content":{"rendered":"<p>No final da missa da festa do batismo de Jesus, o Pe. Julio Lancellotti sugeriu aos participantes que entrassem em contato com seus padrinhos, madrinhas ou afilhados. Tamb\u00e9m chamou ao altar as pessoas que ele batizou. Mais detalhes nos avisos paroquiais da semana:<\/p>\n<p><iframe loading=\"lazy\" width=\"700\" height=\"394\" src=\"https:\/\/www.youtube.com\/embed\/I9vxdnp_2B4?rel=0\" frameborder=\"0\" allow=\"accelerometer; autoplay; encrypted-media; gyroscope; picture-in-picture\" allowfullscreen><\/iframe><\/p>\n<p>Grava\u00e7\u00e3o realizada na missa das 10h na capela da Universidade S\u00e3o Judas Tadeu, em S\u00e3o Paulo.<\/p>\n<div id=\"themify_builder_content-92308\" data-postid=\"92308\" class=\"themify_builder_content themify_builder_content-92308 themify_builder themify_builder_front\">\n\t<\/div>\n<!-- \/themify_builder_content -->","protected":false},"excerpt":{"rendered":"<p>No final da missa da festa do batismo de Jesus, o Pe. Julio Lancellotti sugeriu aos participantes que entrassem em contato com seus padrinhos, madrinhas ou afilhados<\/p>\n","protected":false},"author":5,"featured_media":92309,"comment_status":"open","ping_status":"open","sticky":false,"template":"","format":"standard","meta":{"ngg_post_thumbnail":0,"footnotes":""},"categories":[476,3,8],"tags":[],"yoast_head":"<!-- This site is optimized with the Yoast SEO plugin v23.5 - https:\/\/yoast.com\/wordpress\/plugins\/seo\/ -->\n<title>Avisos paroquiais da semana - 13\/01\/2019 - O Arcanjo no ar<\/title>\n<meta name=\"robots\" content=\"index, follow, max-snippet:-1, max-image-preview:large, max-video-preview:-1\" \/>\n<link rel=\"canonical\" href=\"https:\/\/www.oarcanjo.net\/site\/avisos-paroquiais-da-semana-13-01-2019\/\" \/>\n<meta property=\"og:locale\" content=\"pt_BR\" \/>\n<meta property=\"og:type\" content=\"article\" \/>\n<meta property=\"og:title\" content=\"Avisos paroquiais da semana - 13\/01\/2019 - O Arcanjo no ar\" \/>\n<meta property=\"og:description\" content=\"No final da missa da festa do batismo de Jesus, o Pe. Julio Lancellotti sugeriu aos participantes que entrassem em contato com seus padrinhos, madrinhas ou afilhados\" \/>\n<meta property=\"og:url\" content=\"https:\/\/www.oarcanjo.net\/site\/avisos-paroquiais-da-semana-13-01-2019\/\" \/>\n<meta property=\"og:site_name\" content=\"O Arcanjo no ar\" \/>\n<meta property=\"article:publisher\" content=\"https:\/\/www.facebook.com\/OArcanjoNoAr\/\" \/>\n<meta property=\"article:published_time\" content=\"2019-01-13T20:25:13+00:00\" \/>\n<meta property=\"article:modified_time\" content=\"2019-01-13T15:54:14+00:00\" \/>\n<meta property=\"og:image\" content=\"https:\/\/www.oarcanjo.net\/site\/wp-content\/uploads\/20190113Avisos02.png\" \/>\n\t<meta property=\"og:image:width\" content=\"886\" \/>\n\t<meta property=\"og:image:height\" content=\"495\" \/>\n\t<meta property=\"og:image:type\" content=\"image\/png\" \/>\n<meta name=\"author\" content=\"editor\" \/>\n<meta name=\"twitter:card\" content=\"summary_large_image\" \/>\n<meta name=\"twitter:label1\" content=\"Escrito por\" \/>\n\t<meta name=\"twitter:data1\" content=\"editor\" \/>\n<script type=\"application\/ld+json\" class=\"yoast-schema-graph\">{\"@context\":\"https:\/\/schema.org\",\"@graph\":[{\"@type\":\"Article\",\"@id\":\"https:\/\/www.oarcanjo.net\/site\/avisos-paroquiais-da-semana-13-01-2019\/#article\",\"isPartOf\":{\"@id\":\"https:\/\/www.oarcanjo.net\/site\/avisos-paroquiais-da-semana-13-01-2019\/\"},\"author\":{\"name\":\"editor\",\"@id\":\"https:\/\/www.oarcanjo.net\/site\/#\/schema\/person\/f7024d007863202483a31326673a0838\"},\"headline\":\"Avisos paroquiais da semana &#8211; 13\/01\/2019\",\"datePublished\":\"2019-01-13T20:25:13+00:00\",\"dateModified\":\"2019-01-13T15:54:14+00:00\",\"mainEntityOfPage\":{\"@id\":\"https:\/\/www.oarcanjo.net\/site\/avisos-paroquiais-da-semana-13-01-2019\/\"},\"wordCount\":68,\"commentCount\":0,\"publisher\":{\"@id\":\"https:\/\/www.oarcanjo.net\/site\/#organization\"},\"image\":{\"@id\":\"https:\/\/www.oarcanjo.net\/site\/avisos-paroquiais-da-semana-13-01-2019\/#primaryimage\"},\"thumbnailUrl\":\"https:\/\/www.oarcanjo.net\/site\/wp-content\/uploads\/20190113Avisos02.png\",\"articleSection\":[\"Avisos\",\"Destaques\",\"Not\u00edcias\"],\"inLanguage\":\"pt-BR\",\"potentialAction\":[{\"@type\":\"CommentAction\",\"name\":\"Comment\",\"target\":[\"https:\/\/www.oarcanjo.net\/site\/avisos-paroquiais-da-semana-13-01-2019\/#respond\"]}]},{\"@type\":\"WebPage\",\"@id\":\"https:\/\/www.oarcanjo.net\/site\/avisos-paroquiais-da-semana-13-01-2019\/\",\"url\":\"https:\/\/www.oarcanjo.net\/site\/avisos-paroquiais-da-semana-13-01-2019\/\",\"name\":\"Avisos paroquiais da semana - 13\/01\/2019 - O Arcanjo no ar\",\"isPartOf\":{\"@id\":\"https:\/\/www.oarcanjo.net\/site\/#website\"},\"primaryImageOfPage\":{\"@id\":\"https:\/\/www.oarcanjo.net\/site\/avisos-paroquiais-da-semana-13-01-2019\/#primaryimage\"},\"image\":{\"@id\":\"https:\/\/www.oarcanjo.net\/site\/avisos-paroquiais-da-semana-13-01-2019\/#primaryimage\"},\"thumbnailUrl\":\"https:\/\/www.oarcanjo.net\/site\/wp-content\/uploads\/20190113Avisos02.png\",\"datePublished\":\"2019-01-13T20:25:13+00:00\",\"dateModified\":\"2019-01-13T15:54:14+00:00\",\"breadcrumb\":{\"@id\":\"https:\/\/www.oarcanjo.net\/site\/avisos-paroquiais-da-semana-13-01-2019\/#breadcrumb\"},\"inLanguage\":\"pt-BR\",\"potentialAction\":[{\"@type\":\"ReadAction\",\"target\":[\"https:\/\/www.oarcanjo.net\/site\/avisos-paroquiais-da-semana-13-01-2019\/\"]}]},{\"@type\":\"ImageObject\",\"inLanguage\":\"pt-BR\",\"@id\":\"https:\/\/www.oarcanjo.net\/site\/avisos-paroquiais-da-semana-13-01-2019\/#primaryimage\",\"url\":\"https:\/\/www.oarcanjo.net\/site\/wp-content\/uploads\/20190113Avisos02.png\",\"contentUrl\":\"https:\/\/www.oarcanjo.net\/site\/wp-content\/uploads\/20190113Avisos02.png\",\"width\":886,\"height\":495},{\"@type\":\"BreadcrumbList\",\"@id\":\"https:\/\/www.oarcanjo.net\/site\/avisos-paroquiais-da-semana-13-01-2019\/#breadcrumb\",\"itemListElement\":[{\"@type\":\"ListItem\",\"position\":1,\"name\":\"In\u00edcio\",\"item\":\"https:\/\/www.oarcanjo.net\/site\/\"},{\"@type\":\"ListItem\",\"position\":2,\"name\":\"Avisos paroquiais da semana &#8211; 13\/01\/2019\"}]},{\"@type\":\"WebSite\",\"@id\":\"https:\/\/www.oarcanjo.net\/site\/#website\",\"url\":\"https:\/\/www.oarcanjo.net\/site\/\",\"name\":\"O Arcanjo no ar\",\"description\":\"Site da Par\u00f3quia S\u00e3o Miguel Arcanjo (Arquidiocese de SP)\",\"publisher\":{\"@id\":\"https:\/\/www.oarcanjo.net\/site\/#organization\"},\"potentialAction\":[{\"@type\":\"SearchAction\",\"target\":{\"@type\":\"EntryPoint\",\"urlTemplate\":\"https:\/\/www.oarcanjo.net\/site\/?s={search_term_string}\"},\"query-input\":{\"@type\":\"PropertyValueSpecification\",\"valueRequired\":true,\"valueName\":\"search_term_string\"}}],\"inLanguage\":\"pt-BR\"},{\"@type\":\"Organization\",\"@id\":\"https:\/\/www.oarcanjo.net\/site\/#organization\",\"name\":\"Par\u00f3quia S\u00e3o Miguel Arcanjo\",\"url\":\"https:\/\/www.oarcanjo.net\/site\/\",\"logo\":{\"@type\":\"ImageObject\",\"inLanguage\":\"pt-BR\",\"@id\":\"https:\/\/www.oarcanjo.net\/site\/#\/schema\/logo\/image\/\",\"url\":\"https:\/\/www.oarcanjo.net\/site\/wp-content\/uploads\/LogoOArcanjo.png\",\"contentUrl\":\"https:\/\/www.oarcanjo.net\/site\/wp-content\/uploads\/LogoOArcanjo.png\",\"width\":319,\"height\":99,\"caption\":\"Par\u00f3quia S\u00e3o Miguel Arcanjo\"},\"image\":{\"@id\":\"https:\/\/www.oarcanjo.net\/site\/#\/schema\/logo\/image\/\"},\"sameAs\":[\"https:\/\/www.facebook.com\/OArcanjoNoAr\/\"]},{\"@type\":\"Person\",\"@id\":\"https:\/\/www.oarcanjo.net\/site\/#\/schema\/person\/f7024d007863202483a31326673a0838\",\"name\":\"editor\",\"sameAs\":[\"http:\/\/www.oarcanjo.net\"]}]}<\/script>\n<!-- \/ Yoast SEO plugin. -->","yoast_head_json":{"title":"Avisos paroquiais da semana - 13\/01\/2019 - O Arcanjo no ar","robots":{"index":"index","follow":"follow","max-snippet":"max-snippet:-1","max-image-preview":"max-image-preview:large","max-video-preview":"max-video-preview:-1"},"canonical":"https:\/\/www.oarcanjo.net\/site\/avisos-paroquiais-da-semana-13-01-2019\/","og_locale":"pt_BR","og_type":"article","og_title":"Avisos paroquiais da semana - 13\/01\/2019 - O Arcanjo no ar","og_description":"No final da missa da festa do batismo de Jesus, o Pe. Julio Lancellotti sugeriu aos participantes que entrassem em contato com seus padrinhos, madrinhas ou afilhados","og_url":"https:\/\/www.oarcanjo.net\/site\/avisos-paroquiais-da-semana-13-01-2019\/","og_site_name":"O Arcanjo no ar","article_publisher":"https:\/\/www.facebook.com\/OArcanjoNoAr\/","article_published_time":"2019-01-13T20:25:13+00:00","article_modified_time":"2019-01-13T15:54:14+00:00","og_image":[{"width":886,"height":495,"url":"https:\/\/www.oarcanjo.net\/site\/wp-content\/uploads\/20190113Avisos02.png","type":"image\/png"}],"author":"editor","twitter_card":"summary_large_image","twitter_misc":{"Escrito por":"editor"},"schema":{"@context":"https:\/\/schema.org","@graph":[{"@type":"Article","@id":"https:\/\/www.oarcanjo.net\/site\/avisos-paroquiais-da-semana-13-01-2019\/#article","isPartOf":{"@id":"https:\/\/www.oarcanjo.net\/site\/avisos-paroquiais-da-semana-13-01-2019\/"},"author":{"name":"editor","@id":"https:\/\/www.oarcanjo.net\/site\/#\/schema\/person\/f7024d007863202483a31326673a0838"},"headline":"Avisos paroquiais da semana &#8211; 13\/01\/2019","datePublished":"2019-01-13T20:25:13+00:00","dateModified":"2019-01-13T15:54:14+00:00","mainEntityOfPage":{"@id":"https:\/\/www.oarcanjo.net\/site\/avisos-paroquiais-da-semana-13-01-2019\/"},"wordCount":68,"commentCount":0,"publisher":{"@id":"https:\/\/www.oarcanjo.net\/site\/#organization"},"image":{"@id":"https:\/\/www.oarcanjo.net\/site\/avisos-paroquiais-da-semana-13-01-2019\/#primaryimage"},"thumbnailUrl":"https:\/\/www.oarcanjo.net\/site\/wp-content\/uploads\/20190113Avisos02.png","articleSection":["Avisos","Destaques","Not\u00edcias"],"inLanguage":"pt-BR","potentialAction":[{"@type":"CommentAction","name":"Comment","target":["https:\/\/www.oarcanjo.net\/site\/avisos-paroquiais-da-semana-13-01-2019\/#respond"]}]},{"@type":"WebPage","@id":"https:\/\/www.oarcanjo.net\/site\/avisos-paroquiais-da-semana-13-01-2019\/","url":"https:\/\/www.oarcanjo.net\/site\/avisos-paroquiais-da-semana-13-01-2019\/","name":"Avisos paroquiais da semana - 13\/01\/2019 - O Arcanjo no ar","isPartOf":{"@id":"https:\/\/www.oarcanjo.net\/site\/#website"},"primaryImageOfPage":{"@id":"https:\/\/www.oarcanjo.net\/site\/avisos-paroquiais-da-semana-13-01-2019\/#primaryimage"},"image":{"@id":"https:\/\/www.oarcanjo.net\/site\/avisos-paroquiais-da-semana-13-01-2019\/#primaryimage"},"thumbnailUrl":"https:\/\/www.oarcanjo.net\/site\/wp-content\/uploads\/20190113Avisos02.png","datePublished":"2019-01-13T20:25:13+00:00","dateModified":"2019-01-13T15:54:14+00:00","breadcrumb":{"@id":"https:\/\/www.oarcanjo.net\/site\/avisos-paroquiais-da-semana-13-01-2019\/#breadcrumb"},"inLanguage":"pt-BR","potentialAction":[{"@type":"ReadAction","target":["https:\/\/www.oarcanjo.net\/site\/avisos-paroquiais-da-semana-13-01-2019\/"]}]},{"@type":"ImageObject","inLanguage":"pt-BR","@id":"https:\/\/www.oarcanjo.net\/site\/avisos-paroquiais-da-semana-13-01-2019\/#primaryimage","url":"https:\/\/www.oarcanjo.net\/site\/wp-content\/uploads\/20190113Avisos02.png","contentUrl":"https:\/\/www.oarcanjo.net\/site\/wp-content\/uploads\/20190113Avisos02.png","width":886,"height":495},{"@type":"BreadcrumbList","@id":"https:\/\/www.oarcanjo.net\/site\/avisos-paroquiais-da-semana-13-01-2019\/#breadcrumb","itemListElement":[{"@type":"ListItem","position":1,"name":"In\u00edcio","item":"https:\/\/www.oarcanjo.net\/site\/"},{"@type":"ListItem","position":2,"name":"Avisos paroquiais da semana &#8211; 13\/01\/2019"}]},{"@type":"WebSite","@id":"https:\/\/www.oarcanjo.net\/site\/#website","url":"https:\/\/www.oarcanjo.net\/site\/","name":"O Arcanjo no ar","description":"Site da Par\u00f3quia S\u00e3o Miguel Arcanjo (Arquidiocese de SP)","publisher":{"@id":"https:\/\/www.oarcanjo.net\/site\/#organization"},"potentialAction":[{"@type":"SearchAction","target":{"@type":"EntryPoint","urlTemplate":"https:\/\/www.oarcanjo.net\/site\/?s={search_term_string}"},"query-input":{"@type":"PropertyValueSpecification","valueRequired":true,"valueName":"search_term_string"}}],"inLanguage":"pt-BR"},{"@type":"Organization","@id":"https:\/\/www.oarcanjo.net\/site\/#organization","name":"Par\u00f3quia S\u00e3o Miguel Arcanjo","url":"https:\/\/www.oarcanjo.net\/site\/","logo":{"@type":"ImageObject","inLanguage":"pt-BR","@id":"https:\/\/www.oarcanjo.net\/site\/#\/schema\/logo\/image\/","url":"https:\/\/www.oarcanjo.net\/site\/wp-content\/uploads\/LogoOArcanjo.png","contentUrl":"https:\/\/www.oarcanjo.net\/site\/wp-content\/uploads\/LogoOArcanjo.png","width":319,"height":99,"caption":"Par\u00f3quia S\u00e3o Miguel Arcanjo"},"image":{"@id":"https:\/\/www.oarcanjo.net\/site\/#\/schema\/logo\/image\/"},"sameAs":["https:\/\/www.facebook.com\/OArcanjoNoAr\/"]},{"@type":"Person","@id":"https:\/\/www.oarcanjo.net\/site\/#\/schema\/person\/f7024d007863202483a31326673a0838","name":"editor","sameAs":["http:\/\/www.oarcanjo.net"]}]}},"publishpress_future_action":{"enabled":false,"date":"2026-05-09 05:21:17","action":"category","newStatus":"draft","terms":[],"taxonomy":"category"},"publishpress_future_workflow_manual_trigger":{"enabledWorkflows":[]},"_links":{"self":[{"href":"https:\/\/www.oarcanjo.net\/site\/wp-json\/wp\/v2\/posts\/92308"}],"collection":[{"href":"https:\/\/www.oarcanjo.net\/site\/wp-json\/wp\/v2\/posts"}],"about":[{"href":"https:\/\/www.oarcanjo.net\/site\/wp-json\/wp\/v2\/types\/post"}],"author":[{"embeddable":true,"href":"https:\/\/www.oarcanjo.net\/site\/wp-json\/wp\/v2\/users\/5"}],"replies":[{"embeddable":true,"href":"https:\/\/www.oarcanjo.net\/site\/wp-json\/wp\/v2\/comments?post=92308"}],"version-history":[{"count":2,"href":"https:\/\/www.oarcanjo.net\/site\/wp-json\/wp\/v2\/posts\/92308\/revisions"}],"predecessor-version":[{"id":92311,"href":"https:\/\/www.oarcanjo.net\/site\/wp-json\/wp\/v2\/posts\/92308\/revisions\/92311"}],"wp:featuredmedia":[{"embeddable":true,"href":"https:\/\/www.oarcanjo.net\/site\/wp-json\/wp\/v2\/media\/92309"}],"wp:attachment":[{"href":"https:\/\/www.oarcanjo.net\/site\/wp-json\/wp\/v2\/media?parent=92308"}],"wp:term":[{"taxonomy":"category","embeddable":true,"href":"https:\/\/www.oarcanjo.net\/site\/wp-json\/wp\/v2\/categories?post=92308"},{"taxonomy":"post_tag","embeddable":true,"href":"https:\/\/www.oarcanjo.net\/site\/wp-json\/wp\/v2\/tags?post=92308"}],"curies":[{"name":"wp","href":"https:\/\/api.w.org\/{rel}","templated":true}]}}