
{"id":9262,"date":"2019-05-03T06:32:38","date_gmt":"2019-05-03T09:32:38","guid":{"rendered":"http:\/\/www.oarcanjo.net\/site\/?p=9262"},"modified":"2019-02-20T07:59:07","modified_gmt":"2019-02-20T10:59:07","slug":"sao-filipe","status":"publish","type":"post","link":"https:\/\/www.oarcanjo.net\/site\/sao-filipe\/","title":{"rendered":"S\u00e3o Filipe"},"content":{"rendered":"<p><img loading=\"lazy\" decoding=\"async\" class=\"alignnone size-full wp-image-61085\" src=\"http:\/\/www.oarcanjo.net\/site\/wp-content\/uploads\/Sao-Filipe.jpg\" alt=\"S\u00e3o Filipe\" width=\"305\" height=\"400\" srcset=\"https:\/\/www.oarcanjo.net\/site\/wp-content\/uploads\/Sao-Filipe.jpg 305w, https:\/\/www.oarcanjo.net\/site\/wp-content\/uploads\/Sao-Filipe-229x300.jpg 229w\" sizes=\"(max-width: 305px) 100vw, 305px\" \/><\/p>\n<p>3 de Maio<\/p>\n<p>Filipe nasceu em Betsaida, na Galil\u00e9ia, e foi um dos primeiros disc\u00edpulos de Jesus, tendo sido, anteriormente, disc\u00edpulo de s\u00e3o Jo\u00e3o Batista. O seu nome ocupa sempre o quinto lugar nas listas dos ap\u00f3stolos e \u00e9 mencionado mais de uma vez no Evangelho.<\/p>\n<p>Os evangelistas Mateus, Marcos e Lucas d\u00e3o-nos, de Filipe, somente o nome e o lugar do nascimento, mas Jo\u00e3o oferece-nos maiores particularidades sobre a sua personalidade. Os poucos elementos fornecidos pelo Evangelho permitem-nos esbo\u00e7ar o perfil espiritual do ap\u00f3stolo Filipe, homem simples e aberto, prim\u00e1rio e sincero, que gozou da intimidade espont\u00e2nea com Jesus.<\/p>\n<p>Ele era da mesma cidade de Pedro e Andr\u00e9, e talvez fosse tamb\u00e9m pescador. As Sagradas Escrituras nos contam que Filipe, ap\u00f3s ter sido chamado diretamente por Jesus, ao encontrar Natanael, mais tarde chamado de Bartolomeu, com certa euforia lhe comunica a not\u00edcia: &#8220;Achamos aquele de quem Mois\u00e9s escreveu na lei e que os profetas anunciaram: \u00e9 Jesus de Nazar\u00e9, filho de Jos\u00e9&#8221; (Jo 1,45-46).<\/p>\n<p>Em outra passagem, Jo\u00e3o nos conta que foi Filipe quem perguntou a Jesus, no dia do milagre da multiplica\u00e7\u00e3o dos p\u00e3es, como faria para alimentar tanta gente com t\u00e3o poucos p\u00e3es. Tamb\u00e9m, noutra ocasi\u00e3o, quando se aproximaram dos ap\u00f3stolos, alguns gregos que queriam ver mais de perto Jesus e recorreram diretamente a Filipe. Ent\u00e3o, junto com Andr\u00e9, transmitiram o pedido a Cristo, que os atendeu com benevol\u00eancia (Jo 12,21-23).<\/p>\n<p>A \u00faltima interven\u00e7\u00e3o dele aconteceu durante a \u00faltima ceia. Os ap\u00f3stolos escutavam, atentos, as palavras de despedida do Mestre quando Filipe lhe pediu um esclarecimento: &#8220;Senhor, mostra-nos o Pai e isto nos basta&#8221;. Jesus respondeu: &#8220;Filipe, h\u00e1 tanto tempo que convivo convosco e ainda n\u00e3o me conheceis? Quem me viu, viu o Pai. N\u00e3o cr\u00eas que eu estou no Pai e o Pai est\u00e1 em mim?&#8221; (Jo 14,8).<\/p>\n<p>Nada sabemos dele depois da ressurrei\u00e7\u00e3o. Segundo a tradi\u00e7\u00e3o, ele foi enviado para pregar o Evangelho na \u00c1sia Menor, onde patrocinou um fato prodigioso. Filipe teria sido obrigado a reverenciar o deus Marte, acendendo-lhe um incenso. Naquele instante, surgiu de tr\u00e1s do altar pag\u00e3o uma cobra, que matou o filho do sacerdote-mor e mais dois comandados seus. Mas o ap\u00f3stolo, com um gesto, os fez ressuscitar e matou a cobra. Esse e outros milagres de Filipe foram respons\u00e1veis pela convers\u00e3o de muitos pag\u00e3os ao cristianismo.<\/p>\n<p>N\u00e3o se sabe, exatamente, como ou quando Filipe morreu. Mas o mais prov\u00e1vel \u00e9 que tenha sido crucificado em Ger\u00e1polis, no tempo do imperador Domiciano, talvez Trajano, aos oitenta e sete anos. Suas rel\u00edquias foram transportadas num dia 3 de maio e colocadas na igreja dos Ap\u00f3stolos, em Roma, junto com as de s\u00e3o Tiago, o Menor. Por isso s\u00e3o Filipe \u00e9 celebrado neste dia.<\/p>\n<div id=\"themify_builder_content-9262\" data-postid=\"9262\" class=\"themify_builder_content themify_builder_content-9262 themify_builder themify_builder_front\">\n\t<\/div>\n<!-- \/themify_builder_content -->","protected":false},"excerpt":{"rendered":"<p>3 de Maio Filipe nasceu em Betsaida, na Galil\u00e9ia, e foi um dos primeiros disc\u00edpulos de Jesus, tendo sido, anteriormente, disc\u00edpulo de s\u00e3o Jo\u00e3o Batista. O seu nome ocupa sempre o quinto lugar nas listas dos ap\u00f3stolos e \u00e9 mencionado mais de uma vez no Evangelho. Os evangelistas Mateus, Marcos e Lucas d\u00e3o-nos, de Filipe, [&hellip;]<\/p>\n","protected":false},"author":14,"featured_media":0,"comment_status":"open","ping_status":"open","sticky":false,"template":"","format":"standard","meta":{"ngg_post_thumbnail":0,"footnotes":""},"categories":[186],"tags":[],"yoast_head":"<!-- This site is optimized with the Yoast SEO plugin v23.5 - https:\/\/yoast.com\/wordpress\/plugins\/seo\/ -->\n<title>S\u00e3o Filipe - O Arcanjo no ar<\/title>\n<meta name=\"robots\" content=\"index, follow, max-snippet:-1, max-image-preview:large, max-video-preview:-1\" \/>\n<link rel=\"canonical\" href=\"https:\/\/www.oarcanjo.net\/site\/sao-filipe\/\" \/>\n<meta property=\"og:locale\" content=\"pt_BR\" \/>\n<meta property=\"og:type\" content=\"article\" \/>\n<meta property=\"og:title\" content=\"S\u00e3o Filipe - O Arcanjo no ar\" \/>\n<meta property=\"og:description\" content=\"3 de Maio Filipe nasceu em Betsaida, na Galil\u00e9ia, e foi um dos primeiros disc\u00edpulos de Jesus, tendo sido, anteriormente, disc\u00edpulo de s\u00e3o Jo\u00e3o Batista. O seu nome ocupa sempre o quinto lugar nas listas dos ap\u00f3stolos e \u00e9 mencionado mais de uma vez no Evangelho. Os evangelistas Mateus, Marcos e Lucas d\u00e3o-nos, de Filipe, [&hellip;]\" \/>\n<meta property=\"og:url\" content=\"https:\/\/www.oarcanjo.net\/site\/sao-filipe\/\" \/>\n<meta property=\"og:site_name\" content=\"O Arcanjo no ar\" \/>\n<meta property=\"article:publisher\" content=\"https:\/\/www.facebook.com\/OArcanjoNoAr\/\" \/>\n<meta property=\"article:published_time\" content=\"2019-05-03T09:32:38+00:00\" \/>\n<meta property=\"article:modified_time\" content=\"2019-02-20T10:59:07+00:00\" \/>\n<meta property=\"og:image\" content=\"http:\/\/www.oarcanjo.net\/site\/wp-content\/uploads\/Sao-Filipe.jpg\" \/>\n<meta name=\"author\" content=\"danilo\" \/>\n<meta name=\"twitter:card\" content=\"summary_large_image\" \/>\n<meta name=\"twitter:label1\" content=\"Escrito por\" \/>\n\t<meta name=\"twitter:data1\" content=\"danilo\" \/>\n\t<meta name=\"twitter:label2\" content=\"Est. tempo de leitura\" \/>\n\t<meta name=\"twitter:data2\" content=\"2 minutos\" \/>\n<script type=\"application\/ld+json\" class=\"yoast-schema-graph\">{\"@context\":\"https:\/\/schema.org\",\"@graph\":[{\"@type\":\"Article\",\"@id\":\"https:\/\/www.oarcanjo.net\/site\/sao-filipe\/#article\",\"isPartOf\":{\"@id\":\"https:\/\/www.oarcanjo.net\/site\/sao-filipe\/\"},\"author\":{\"name\":\"danilo\",\"@id\":\"https:\/\/www.oarcanjo.net\/site\/#\/schema\/person\/5eb9480bedd2f3c97e430ce128c29c6c\"},\"headline\":\"S\u00e3o Filipe\",\"datePublished\":\"2019-05-03T09:32:38+00:00\",\"dateModified\":\"2019-02-20T10:59:07+00:00\",\"mainEntityOfPage\":{\"@id\":\"https:\/\/www.oarcanjo.net\/site\/sao-filipe\/\"},\"wordCount\":494,\"commentCount\":0,\"publisher\":{\"@id\":\"https:\/\/www.oarcanjo.net\/site\/#organization\"},\"image\":{\"@id\":\"https:\/\/www.oarcanjo.net\/site\/sao-filipe\/#primaryimage\"},\"thumbnailUrl\":\"http:\/\/www.oarcanjo.net\/site\/wp-content\/uploads\/Sao-Filipe.jpg\",\"articleSection\":[\"Testemunhos\"],\"inLanguage\":\"pt-BR\",\"potentialAction\":[{\"@type\":\"CommentAction\",\"name\":\"Comment\",\"target\":[\"https:\/\/www.oarcanjo.net\/site\/sao-filipe\/#respond\"]}]},{\"@type\":\"WebPage\",\"@id\":\"https:\/\/www.oarcanjo.net\/site\/sao-filipe\/\",\"url\":\"https:\/\/www.oarcanjo.net\/site\/sao-filipe\/\",\"name\":\"S\u00e3o Filipe - O Arcanjo no ar\",\"isPartOf\":{\"@id\":\"https:\/\/www.oarcanjo.net\/site\/#website\"},\"primaryImageOfPage\":{\"@id\":\"https:\/\/www.oarcanjo.net\/site\/sao-filipe\/#primaryimage\"},\"image\":{\"@id\":\"https:\/\/www.oarcanjo.net\/site\/sao-filipe\/#primaryimage\"},\"thumbnailUrl\":\"http:\/\/www.oarcanjo.net\/site\/wp-content\/uploads\/Sao-Filipe.jpg\",\"datePublished\":\"2019-05-03T09:32:38+00:00\",\"dateModified\":\"2019-02-20T10:59:07+00:00\",\"breadcrumb\":{\"@id\":\"https:\/\/www.oarcanjo.net\/site\/sao-filipe\/#breadcrumb\"},\"inLanguage\":\"pt-BR\",\"potentialAction\":[{\"@type\":\"ReadAction\",\"target\":[\"https:\/\/www.oarcanjo.net\/site\/sao-filipe\/\"]}]},{\"@type\":\"ImageObject\",\"inLanguage\":\"pt-BR\",\"@id\":\"https:\/\/www.oarcanjo.net\/site\/sao-filipe\/#primaryimage\",\"url\":\"https:\/\/www.oarcanjo.net\/site\/wp-content\/uploads\/Sao-Filipe.jpg\",\"contentUrl\":\"https:\/\/www.oarcanjo.net\/site\/wp-content\/uploads\/Sao-Filipe.jpg\",\"width\":305,\"height\":400,\"caption\":\"S\u00e3o Filipe\"},{\"@type\":\"BreadcrumbList\",\"@id\":\"https:\/\/www.oarcanjo.net\/site\/sao-filipe\/#breadcrumb\",\"itemListElement\":[{\"@type\":\"ListItem\",\"position\":1,\"name\":\"In\u00edcio\",\"item\":\"https:\/\/www.oarcanjo.net\/site\/\"},{\"@type\":\"ListItem\",\"position\":2,\"name\":\"S\u00e3o Filipe\"}]},{\"@type\":\"WebSite\",\"@id\":\"https:\/\/www.oarcanjo.net\/site\/#website\",\"url\":\"https:\/\/www.oarcanjo.net\/site\/\",\"name\":\"O Arcanjo no ar\",\"description\":\"Site da Par\u00f3quia S\u00e3o Miguel Arcanjo (Arquidiocese de SP)\",\"publisher\":{\"@id\":\"https:\/\/www.oarcanjo.net\/site\/#organization\"},\"potentialAction\":[{\"@type\":\"SearchAction\",\"target\":{\"@type\":\"EntryPoint\",\"urlTemplate\":\"https:\/\/www.oarcanjo.net\/site\/?s={search_term_string}\"},\"query-input\":{\"@type\":\"PropertyValueSpecification\",\"valueRequired\":true,\"valueName\":\"search_term_string\"}}],\"inLanguage\":\"pt-BR\"},{\"@type\":\"Organization\",\"@id\":\"https:\/\/www.oarcanjo.net\/site\/#organization\",\"name\":\"Par\u00f3quia S\u00e3o Miguel Arcanjo\",\"url\":\"https:\/\/www.oarcanjo.net\/site\/\",\"logo\":{\"@type\":\"ImageObject\",\"inLanguage\":\"pt-BR\",\"@id\":\"https:\/\/www.oarcanjo.net\/site\/#\/schema\/logo\/image\/\",\"url\":\"https:\/\/www.oarcanjo.net\/site\/wp-content\/uploads\/LogoOArcanjo.png\",\"contentUrl\":\"https:\/\/www.oarcanjo.net\/site\/wp-content\/uploads\/LogoOArcanjo.png\",\"width\":319,\"height\":99,\"caption\":\"Par\u00f3quia S\u00e3o Miguel Arcanjo\"},\"image\":{\"@id\":\"https:\/\/www.oarcanjo.net\/site\/#\/schema\/logo\/image\/\"},\"sameAs\":[\"https:\/\/www.facebook.com\/OArcanjoNoAr\/\"]},{\"@type\":\"Person\",\"@id\":\"https:\/\/www.oarcanjo.net\/site\/#\/schema\/person\/5eb9480bedd2f3c97e430ce128c29c6c\",\"name\":\"danilo\"}]}<\/script>\n<!-- \/ Yoast SEO plugin. -->","yoast_head_json":{"title":"S\u00e3o Filipe - O Arcanjo no ar","robots":{"index":"index","follow":"follow","max-snippet":"max-snippet:-1","max-image-preview":"max-image-preview:large","max-video-preview":"max-video-preview:-1"},"canonical":"https:\/\/www.oarcanjo.net\/site\/sao-filipe\/","og_locale":"pt_BR","og_type":"article","og_title":"S\u00e3o Filipe - O Arcanjo no ar","og_description":"3 de Maio Filipe nasceu em Betsaida, na Galil\u00e9ia, e foi um dos primeiros disc\u00edpulos de Jesus, tendo sido, anteriormente, disc\u00edpulo de s\u00e3o Jo\u00e3o Batista. O seu nome ocupa sempre o quinto lugar nas listas dos ap\u00f3stolos e \u00e9 mencionado mais de uma vez no Evangelho. Os evangelistas Mateus, Marcos e Lucas d\u00e3o-nos, de Filipe, [&hellip;]","og_url":"https:\/\/www.oarcanjo.net\/site\/sao-filipe\/","og_site_name":"O Arcanjo no ar","article_publisher":"https:\/\/www.facebook.com\/OArcanjoNoAr\/","article_published_time":"2019-05-03T09:32:38+00:00","article_modified_time":"2019-02-20T10:59:07+00:00","og_image":[{"url":"http:\/\/www.oarcanjo.net\/site\/wp-content\/uploads\/Sao-Filipe.jpg"}],"author":"danilo","twitter_card":"summary_large_image","twitter_misc":{"Escrito por":"danilo","Est. tempo de leitura":"2 minutos"},"schema":{"@context":"https:\/\/schema.org","@graph":[{"@type":"Article","@id":"https:\/\/www.oarcanjo.net\/site\/sao-filipe\/#article","isPartOf":{"@id":"https:\/\/www.oarcanjo.net\/site\/sao-filipe\/"},"author":{"name":"danilo","@id":"https:\/\/www.oarcanjo.net\/site\/#\/schema\/person\/5eb9480bedd2f3c97e430ce128c29c6c"},"headline":"S\u00e3o Filipe","datePublished":"2019-05-03T09:32:38+00:00","dateModified":"2019-02-20T10:59:07+00:00","mainEntityOfPage":{"@id":"https:\/\/www.oarcanjo.net\/site\/sao-filipe\/"},"wordCount":494,"commentCount":0,"publisher":{"@id":"https:\/\/www.oarcanjo.net\/site\/#organization"},"image":{"@id":"https:\/\/www.oarcanjo.net\/site\/sao-filipe\/#primaryimage"},"thumbnailUrl":"http:\/\/www.oarcanjo.net\/site\/wp-content\/uploads\/Sao-Filipe.jpg","articleSection":["Testemunhos"],"inLanguage":"pt-BR","potentialAction":[{"@type":"CommentAction","name":"Comment","target":["https:\/\/www.oarcanjo.net\/site\/sao-filipe\/#respond"]}]},{"@type":"WebPage","@id":"https:\/\/www.oarcanjo.net\/site\/sao-filipe\/","url":"https:\/\/www.oarcanjo.net\/site\/sao-filipe\/","name":"S\u00e3o Filipe - O Arcanjo no ar","isPartOf":{"@id":"https:\/\/www.oarcanjo.net\/site\/#website"},"primaryImageOfPage":{"@id":"https:\/\/www.oarcanjo.net\/site\/sao-filipe\/#primaryimage"},"image":{"@id":"https:\/\/www.oarcanjo.net\/site\/sao-filipe\/#primaryimage"},"thumbnailUrl":"http:\/\/www.oarcanjo.net\/site\/wp-content\/uploads\/Sao-Filipe.jpg","datePublished":"2019-05-03T09:32:38+00:00","dateModified":"2019-02-20T10:59:07+00:00","breadcrumb":{"@id":"https:\/\/www.oarcanjo.net\/site\/sao-filipe\/#breadcrumb"},"inLanguage":"pt-BR","potentialAction":[{"@type":"ReadAction","target":["https:\/\/www.oarcanjo.net\/site\/sao-filipe\/"]}]},{"@type":"ImageObject","inLanguage":"pt-BR","@id":"https:\/\/www.oarcanjo.net\/site\/sao-filipe\/#primaryimage","url":"https:\/\/www.oarcanjo.net\/site\/wp-content\/uploads\/Sao-Filipe.jpg","contentUrl":"https:\/\/www.oarcanjo.net\/site\/wp-content\/uploads\/Sao-Filipe.jpg","width":305,"height":400,"caption":"S\u00e3o Filipe"},{"@type":"BreadcrumbList","@id":"https:\/\/www.oarcanjo.net\/site\/sao-filipe\/#breadcrumb","itemListElement":[{"@type":"ListItem","position":1,"name":"In\u00edcio","item":"https:\/\/www.oarcanjo.net\/site\/"},{"@type":"ListItem","position":2,"name":"S\u00e3o Filipe"}]},{"@type":"WebSite","@id":"https:\/\/www.oarcanjo.net\/site\/#website","url":"https:\/\/www.oarcanjo.net\/site\/","name":"O Arcanjo no ar","description":"Site da Par\u00f3quia S\u00e3o Miguel Arcanjo (Arquidiocese de SP)","publisher":{"@id":"https:\/\/www.oarcanjo.net\/site\/#organization"},"potentialAction":[{"@type":"SearchAction","target":{"@type":"EntryPoint","urlTemplate":"https:\/\/www.oarcanjo.net\/site\/?s={search_term_string}"},"query-input":{"@type":"PropertyValueSpecification","valueRequired":true,"valueName":"search_term_string"}}],"inLanguage":"pt-BR"},{"@type":"Organization","@id":"https:\/\/www.oarcanjo.net\/site\/#organization","name":"Par\u00f3quia S\u00e3o Miguel Arcanjo","url":"https:\/\/www.oarcanjo.net\/site\/","logo":{"@type":"ImageObject","inLanguage":"pt-BR","@id":"https:\/\/www.oarcanjo.net\/site\/#\/schema\/logo\/image\/","url":"https:\/\/www.oarcanjo.net\/site\/wp-content\/uploads\/LogoOArcanjo.png","contentUrl":"https:\/\/www.oarcanjo.net\/site\/wp-content\/uploads\/LogoOArcanjo.png","width":319,"height":99,"caption":"Par\u00f3quia S\u00e3o Miguel Arcanjo"},"image":{"@id":"https:\/\/www.oarcanjo.net\/site\/#\/schema\/logo\/image\/"},"sameAs":["https:\/\/www.facebook.com\/OArcanjoNoAr\/"]},{"@type":"Person","@id":"https:\/\/www.oarcanjo.net\/site\/#\/schema\/person\/5eb9480bedd2f3c97e430ce128c29c6c","name":"danilo"}]}},"publishpress_future_action":{"enabled":false,"date":"2026-05-07 15:21:57","action":"category","newStatus":"draft","terms":[],"taxonomy":"category"},"publishpress_future_workflow_manual_trigger":{"enabledWorkflows":[]},"_links":{"self":[{"href":"https:\/\/www.oarcanjo.net\/site\/wp-json\/wp\/v2\/posts\/9262"}],"collection":[{"href":"https:\/\/www.oarcanjo.net\/site\/wp-json\/wp\/v2\/posts"}],"about":[{"href":"https:\/\/www.oarcanjo.net\/site\/wp-json\/wp\/v2\/types\/post"}],"author":[{"embeddable":true,"href":"https:\/\/www.oarcanjo.net\/site\/wp-json\/wp\/v2\/users\/14"}],"replies":[{"embeddable":true,"href":"https:\/\/www.oarcanjo.net\/site\/wp-json\/wp\/v2\/comments?post=9262"}],"version-history":[{"count":1,"href":"https:\/\/www.oarcanjo.net\/site\/wp-json\/wp\/v2\/posts\/9262\/revisions"}],"predecessor-version":[{"id":92919,"href":"https:\/\/www.oarcanjo.net\/site\/wp-json\/wp\/v2\/posts\/9262\/revisions\/92919"}],"wp:attachment":[{"href":"https:\/\/www.oarcanjo.net\/site\/wp-json\/wp\/v2\/media?parent=9262"}],"wp:term":[{"taxonomy":"category","embeddable":true,"href":"https:\/\/www.oarcanjo.net\/site\/wp-json\/wp\/v2\/categories?post=9262"},{"taxonomy":"post_tag","embeddable":true,"href":"https:\/\/www.oarcanjo.net\/site\/wp-json\/wp\/v2\/tags?post=9262"}],"curies":[{"name":"wp","href":"https:\/\/api.w.org\/{rel}","templated":true}]}}