
{"id":9265,"date":"2019-05-03T06:35:45","date_gmt":"2019-05-03T09:35:45","guid":{"rendered":"http:\/\/www.oarcanjo.net\/site\/?p=9265"},"modified":"2019-02-20T07:58:56","modified_gmt":"2019-02-20T10:58:56","slug":"sao-tiago","status":"publish","type":"post","link":"https:\/\/www.oarcanjo.net\/site\/sao-tiago\/","title":{"rendered":"S\u00e3o Tiago"},"content":{"rendered":"<p><img loading=\"lazy\" decoding=\"async\" class=\"alignnone size-full wp-image-61079\" src=\"http:\/\/www.oarcanjo.net\/site\/wp-content\/uploads\/Sao-Tiago.jpg\" alt=\"Sao-Tiago\" width=\"276\" height=\"367\" srcset=\"https:\/\/www.oarcanjo.net\/site\/wp-content\/uploads\/Sao-Tiago.jpg 276w, https:\/\/www.oarcanjo.net\/site\/wp-content\/uploads\/Sao-Tiago-226x300.jpg 226w\" sizes=\"(max-width: 276px) 100vw, 276px\" \/><\/p>\n<p>3 de Maio<\/p>\n<p>Tiago, filho de Alfeu, \u00e9 identificado nos evangelhos como &#8220;irm\u00e3o do Senhor&#8221;, termo usado para designar parentesco de primos. Governou a Igreja de Jerusal\u00e9m e foi chamado de &#8220;o Menor&#8221; para n\u00e3o ser confundido com s\u00e3o Tiago, o Maior, que era irm\u00e3o de s\u00e3o Jo\u00e3o.<\/p>\n<p>Os evangelhos s\u00f3 falam dele nas listas dos ap\u00f3stolos. Por\u00e9m tal falta de informa\u00e7\u00e3o foi compensada pelas fartas refer\u00eancias \u00e0 sua a\u00e7\u00e3o e personalidade contidas nos Atos dos Ap\u00f3stolos e na Carta de s\u00e3o Paulo aos G\u00e1latas, que nos permitem saber que Tiago era, com s\u00e3o Pedro, a principal figura da Igreja. S\u00e3o Paulo chega a citar seu nome em primeiro lugar, dizendo: &#8220;Tiago, Pedro e Jo\u00e3o, considerados colunas da Igreja&#8221; (Gl 2,9). Foi com ele que Paulo, depois de convertido, se encontrou em Jerusal\u00e9m.<\/p>\n<p>Dizem as Escrituras que Tiago sempre teve aten\u00e7\u00e3o e carinho especiais de Jesus Cristo. Al\u00e9m de consider\u00e1-lo um homem de grande eleva\u00e7\u00e3o espiritual, ainda era seu parente pr\u00f3ximo. Tiago foi testemunha da Ressurrei\u00e7\u00e3o de Jesus; (1Cor 15,7). Antes de subir aos c\u00e9us, Jesus, numa apari\u00e7\u00e3o, deu a ele o dom da ci\u00eancia como recompensa por sua bondade e santidade.<\/p>\n<p>No Conc\u00edlio de Jerusal\u00e9m, onde se discutiu o problema da circuncis\u00e3o e da lei mosaica a serem impostas ou n\u00e3o aos convertidos do paganismo, Tiago teve um papel importante quando deu sua opini\u00e3o, aceita por todos (At 15). Ele tamb\u00e9m escreveu uma ep\u00edstola.<\/p>\n<p>Devemos a Tiago pr\u00e1ticos, sens\u00edveis e prudentes ensinamentos. Como esta advert\u00eancia, sempre muito atual: &#8220;Se algu\u00e9m pensa ser religioso, mas n\u00e3o freia sua l\u00edngua e engana seu cora\u00e7\u00e3o, ent\u00e3o \u00e9 v\u00e3 sua religi\u00e3o. A religi\u00e3o pura e sem m\u00e1cula, aos olhos de Deus, nosso Pai, \u00e9 esta: visitar os \u00f3rf\u00e3os e as vi\u00favas em suas afli\u00e7\u00f5es e conservar-se puro da corrup\u00e7\u00e3o deste mundo&#8221; (Tg 1,26-27).<\/p>\n<p>Sobre a morte de Tiago, o Menor, que foi o primeiro ap\u00f3stolo a dar a vida em nome de Jesus, possu\u00edmos informa\u00e7\u00f5es de antiga data. Entre as mais prov\u00e1veis est\u00e3o as do historiador hebreu Jos\u00e9 Fl\u00e1vio, segundo o qual o ap\u00f3stolo teria sido apedrejado e pisoteado no ano 61(ou 62), pelo sumo pont\u00edfice An\u00e1s II, que se aproveitou da morte do \u00edntegro papa Festo para eliminar o bispo de Jerusal\u00e9m.<\/p>\n<p>S\u00e3o Tiago, o Menor, sempre foi considerado um homem de grande pureza, total dedica\u00e7\u00e3o e abnega\u00e7\u00e3o, vivendo, desde o nascimento, consagrado a Deus. Sua vida foi santa e de muita austeridade. Converteu muitos judeus \u00e0 f\u00e9 crist\u00e3 antes de receber a coroa do mart\u00edrio. Suas rel\u00edquias foram colocadas na igreja dos Santos Ap\u00f3stolos, em Roma, e sua festa se celebra no dia 3 de maio.<\/p>\n<div id=\"themify_builder_content-9265\" data-postid=\"9265\" class=\"themify_builder_content themify_builder_content-9265 themify_builder themify_builder_front\">\n\t<\/div>\n<!-- \/themify_builder_content -->","protected":false},"excerpt":{"rendered":"<p>3 de Maio Tiago, filho de Alfeu, \u00e9 identificado nos evangelhos como &#8220;irm\u00e3o do Senhor&#8221;, termo usado para designar parentesco de primos. Governou a Igreja de Jerusal\u00e9m e foi chamado de &#8220;o Menor&#8221; para n\u00e3o ser confundido com s\u00e3o Tiago, o Maior, que era irm\u00e3o de s\u00e3o Jo\u00e3o. Os evangelhos s\u00f3 falam dele nas listas [&hellip;]<\/p>\n","protected":false},"author":14,"featured_media":0,"comment_status":"open","ping_status":"open","sticky":false,"template":"","format":"standard","meta":{"ngg_post_thumbnail":0,"footnotes":""},"categories":[186],"tags":[],"yoast_head":"<!-- This site is optimized with the Yoast SEO plugin v23.5 - https:\/\/yoast.com\/wordpress\/plugins\/seo\/ -->\n<title>S\u00e3o Tiago - O Arcanjo no ar<\/title>\n<meta name=\"robots\" content=\"index, follow, max-snippet:-1, max-image-preview:large, max-video-preview:-1\" \/>\n<link rel=\"canonical\" href=\"https:\/\/www.oarcanjo.net\/site\/sao-tiago\/\" \/>\n<meta property=\"og:locale\" content=\"pt_BR\" \/>\n<meta property=\"og:type\" content=\"article\" \/>\n<meta property=\"og:title\" content=\"S\u00e3o Tiago - O Arcanjo no ar\" \/>\n<meta property=\"og:description\" content=\"3 de Maio Tiago, filho de Alfeu, \u00e9 identificado nos evangelhos como &#8220;irm\u00e3o do Senhor&#8221;, termo usado para designar parentesco de primos. Governou a Igreja de Jerusal\u00e9m e foi chamado de &#8220;o Menor&#8221; para n\u00e3o ser confundido com s\u00e3o Tiago, o Maior, que era irm\u00e3o de s\u00e3o Jo\u00e3o. Os evangelhos s\u00f3 falam dele nas listas [&hellip;]\" \/>\n<meta property=\"og:url\" content=\"https:\/\/www.oarcanjo.net\/site\/sao-tiago\/\" \/>\n<meta property=\"og:site_name\" content=\"O Arcanjo no ar\" \/>\n<meta property=\"article:publisher\" content=\"https:\/\/www.facebook.com\/OArcanjoNoAr\/\" \/>\n<meta property=\"article:published_time\" content=\"2019-05-03T09:35:45+00:00\" \/>\n<meta property=\"article:modified_time\" content=\"2019-02-20T10:58:56+00:00\" \/>\n<meta property=\"og:image\" content=\"http:\/\/www.oarcanjo.net\/site\/wp-content\/uploads\/Sao-Tiago.jpg\" \/>\n<meta name=\"author\" content=\"danilo\" \/>\n<meta name=\"twitter:card\" content=\"summary_large_image\" \/>\n<meta name=\"twitter:label1\" content=\"Escrito por\" \/>\n\t<meta name=\"twitter:data1\" content=\"danilo\" \/>\n\t<meta name=\"twitter:label2\" content=\"Est. tempo de leitura\" \/>\n\t<meta name=\"twitter:data2\" content=\"2 minutos\" \/>\n<script type=\"application\/ld+json\" class=\"yoast-schema-graph\">{\"@context\":\"https:\/\/schema.org\",\"@graph\":[{\"@type\":\"Article\",\"@id\":\"https:\/\/www.oarcanjo.net\/site\/sao-tiago\/#article\",\"isPartOf\":{\"@id\":\"https:\/\/www.oarcanjo.net\/site\/sao-tiago\/\"},\"author\":{\"name\":\"danilo\",\"@id\":\"https:\/\/www.oarcanjo.net\/site\/#\/schema\/person\/5eb9480bedd2f3c97e430ce128c29c6c\"},\"headline\":\"S\u00e3o Tiago\",\"datePublished\":\"2019-05-03T09:35:45+00:00\",\"dateModified\":\"2019-02-20T10:58:56+00:00\",\"mainEntityOfPage\":{\"@id\":\"https:\/\/www.oarcanjo.net\/site\/sao-tiago\/\"},\"wordCount\":493,\"commentCount\":0,\"publisher\":{\"@id\":\"https:\/\/www.oarcanjo.net\/site\/#organization\"},\"image\":{\"@id\":\"https:\/\/www.oarcanjo.net\/site\/sao-tiago\/#primaryimage\"},\"thumbnailUrl\":\"http:\/\/www.oarcanjo.net\/site\/wp-content\/uploads\/Sao-Tiago.jpg\",\"articleSection\":[\"Testemunhos\"],\"inLanguage\":\"pt-BR\",\"potentialAction\":[{\"@type\":\"CommentAction\",\"name\":\"Comment\",\"target\":[\"https:\/\/www.oarcanjo.net\/site\/sao-tiago\/#respond\"]}]},{\"@type\":\"WebPage\",\"@id\":\"https:\/\/www.oarcanjo.net\/site\/sao-tiago\/\",\"url\":\"https:\/\/www.oarcanjo.net\/site\/sao-tiago\/\",\"name\":\"S\u00e3o Tiago - O Arcanjo no ar\",\"isPartOf\":{\"@id\":\"https:\/\/www.oarcanjo.net\/site\/#website\"},\"primaryImageOfPage\":{\"@id\":\"https:\/\/www.oarcanjo.net\/site\/sao-tiago\/#primaryimage\"},\"image\":{\"@id\":\"https:\/\/www.oarcanjo.net\/site\/sao-tiago\/#primaryimage\"},\"thumbnailUrl\":\"http:\/\/www.oarcanjo.net\/site\/wp-content\/uploads\/Sao-Tiago.jpg\",\"datePublished\":\"2019-05-03T09:35:45+00:00\",\"dateModified\":\"2019-02-20T10:58:56+00:00\",\"breadcrumb\":{\"@id\":\"https:\/\/www.oarcanjo.net\/site\/sao-tiago\/#breadcrumb\"},\"inLanguage\":\"pt-BR\",\"potentialAction\":[{\"@type\":\"ReadAction\",\"target\":[\"https:\/\/www.oarcanjo.net\/site\/sao-tiago\/\"]}]},{\"@type\":\"ImageObject\",\"inLanguage\":\"pt-BR\",\"@id\":\"https:\/\/www.oarcanjo.net\/site\/sao-tiago\/#primaryimage\",\"url\":\"https:\/\/www.oarcanjo.net\/site\/wp-content\/uploads\/Sao-Tiago.jpg\",\"contentUrl\":\"https:\/\/www.oarcanjo.net\/site\/wp-content\/uploads\/Sao-Tiago.jpg\",\"width\":276,\"height\":367},{\"@type\":\"BreadcrumbList\",\"@id\":\"https:\/\/www.oarcanjo.net\/site\/sao-tiago\/#breadcrumb\",\"itemListElement\":[{\"@type\":\"ListItem\",\"position\":1,\"name\":\"In\u00edcio\",\"item\":\"https:\/\/www.oarcanjo.net\/site\/\"},{\"@type\":\"ListItem\",\"position\":2,\"name\":\"S\u00e3o Tiago\"}]},{\"@type\":\"WebSite\",\"@id\":\"https:\/\/www.oarcanjo.net\/site\/#website\",\"url\":\"https:\/\/www.oarcanjo.net\/site\/\",\"name\":\"O Arcanjo no ar\",\"description\":\"Site da Par\u00f3quia S\u00e3o Miguel Arcanjo (Arquidiocese de SP)\",\"publisher\":{\"@id\":\"https:\/\/www.oarcanjo.net\/site\/#organization\"},\"potentialAction\":[{\"@type\":\"SearchAction\",\"target\":{\"@type\":\"EntryPoint\",\"urlTemplate\":\"https:\/\/www.oarcanjo.net\/site\/?s={search_term_string}\"},\"query-input\":{\"@type\":\"PropertyValueSpecification\",\"valueRequired\":true,\"valueName\":\"search_term_string\"}}],\"inLanguage\":\"pt-BR\"},{\"@type\":\"Organization\",\"@id\":\"https:\/\/www.oarcanjo.net\/site\/#organization\",\"name\":\"Par\u00f3quia S\u00e3o Miguel Arcanjo\",\"url\":\"https:\/\/www.oarcanjo.net\/site\/\",\"logo\":{\"@type\":\"ImageObject\",\"inLanguage\":\"pt-BR\",\"@id\":\"https:\/\/www.oarcanjo.net\/site\/#\/schema\/logo\/image\/\",\"url\":\"https:\/\/www.oarcanjo.net\/site\/wp-content\/uploads\/LogoOArcanjo.png\",\"contentUrl\":\"https:\/\/www.oarcanjo.net\/site\/wp-content\/uploads\/LogoOArcanjo.png\",\"width\":319,\"height\":99,\"caption\":\"Par\u00f3quia S\u00e3o Miguel Arcanjo\"},\"image\":{\"@id\":\"https:\/\/www.oarcanjo.net\/site\/#\/schema\/logo\/image\/\"},\"sameAs\":[\"https:\/\/www.facebook.com\/OArcanjoNoAr\/\"]},{\"@type\":\"Person\",\"@id\":\"https:\/\/www.oarcanjo.net\/site\/#\/schema\/person\/5eb9480bedd2f3c97e430ce128c29c6c\",\"name\":\"danilo\"}]}<\/script>\n<!-- \/ Yoast SEO plugin. -->","yoast_head_json":{"title":"S\u00e3o Tiago - O Arcanjo no ar","robots":{"index":"index","follow":"follow","max-snippet":"max-snippet:-1","max-image-preview":"max-image-preview:large","max-video-preview":"max-video-preview:-1"},"canonical":"https:\/\/www.oarcanjo.net\/site\/sao-tiago\/","og_locale":"pt_BR","og_type":"article","og_title":"S\u00e3o Tiago - O Arcanjo no ar","og_description":"3 de Maio Tiago, filho de Alfeu, \u00e9 identificado nos evangelhos como &#8220;irm\u00e3o do Senhor&#8221;, termo usado para designar parentesco de primos. Governou a Igreja de Jerusal\u00e9m e foi chamado de &#8220;o Menor&#8221; para n\u00e3o ser confundido com s\u00e3o Tiago, o Maior, que era irm\u00e3o de s\u00e3o Jo\u00e3o. Os evangelhos s\u00f3 falam dele nas listas [&hellip;]","og_url":"https:\/\/www.oarcanjo.net\/site\/sao-tiago\/","og_site_name":"O Arcanjo no ar","article_publisher":"https:\/\/www.facebook.com\/OArcanjoNoAr\/","article_published_time":"2019-05-03T09:35:45+00:00","article_modified_time":"2019-02-20T10:58:56+00:00","og_image":[{"url":"http:\/\/www.oarcanjo.net\/site\/wp-content\/uploads\/Sao-Tiago.jpg"}],"author":"danilo","twitter_card":"summary_large_image","twitter_misc":{"Escrito por":"danilo","Est. tempo de leitura":"2 minutos"},"schema":{"@context":"https:\/\/schema.org","@graph":[{"@type":"Article","@id":"https:\/\/www.oarcanjo.net\/site\/sao-tiago\/#article","isPartOf":{"@id":"https:\/\/www.oarcanjo.net\/site\/sao-tiago\/"},"author":{"name":"danilo","@id":"https:\/\/www.oarcanjo.net\/site\/#\/schema\/person\/5eb9480bedd2f3c97e430ce128c29c6c"},"headline":"S\u00e3o Tiago","datePublished":"2019-05-03T09:35:45+00:00","dateModified":"2019-02-20T10:58:56+00:00","mainEntityOfPage":{"@id":"https:\/\/www.oarcanjo.net\/site\/sao-tiago\/"},"wordCount":493,"commentCount":0,"publisher":{"@id":"https:\/\/www.oarcanjo.net\/site\/#organization"},"image":{"@id":"https:\/\/www.oarcanjo.net\/site\/sao-tiago\/#primaryimage"},"thumbnailUrl":"http:\/\/www.oarcanjo.net\/site\/wp-content\/uploads\/Sao-Tiago.jpg","articleSection":["Testemunhos"],"inLanguage":"pt-BR","potentialAction":[{"@type":"CommentAction","name":"Comment","target":["https:\/\/www.oarcanjo.net\/site\/sao-tiago\/#respond"]}]},{"@type":"WebPage","@id":"https:\/\/www.oarcanjo.net\/site\/sao-tiago\/","url":"https:\/\/www.oarcanjo.net\/site\/sao-tiago\/","name":"S\u00e3o Tiago - O Arcanjo no ar","isPartOf":{"@id":"https:\/\/www.oarcanjo.net\/site\/#website"},"primaryImageOfPage":{"@id":"https:\/\/www.oarcanjo.net\/site\/sao-tiago\/#primaryimage"},"image":{"@id":"https:\/\/www.oarcanjo.net\/site\/sao-tiago\/#primaryimage"},"thumbnailUrl":"http:\/\/www.oarcanjo.net\/site\/wp-content\/uploads\/Sao-Tiago.jpg","datePublished":"2019-05-03T09:35:45+00:00","dateModified":"2019-02-20T10:58:56+00:00","breadcrumb":{"@id":"https:\/\/www.oarcanjo.net\/site\/sao-tiago\/#breadcrumb"},"inLanguage":"pt-BR","potentialAction":[{"@type":"ReadAction","target":["https:\/\/www.oarcanjo.net\/site\/sao-tiago\/"]}]},{"@type":"ImageObject","inLanguage":"pt-BR","@id":"https:\/\/www.oarcanjo.net\/site\/sao-tiago\/#primaryimage","url":"https:\/\/www.oarcanjo.net\/site\/wp-content\/uploads\/Sao-Tiago.jpg","contentUrl":"https:\/\/www.oarcanjo.net\/site\/wp-content\/uploads\/Sao-Tiago.jpg","width":276,"height":367},{"@type":"BreadcrumbList","@id":"https:\/\/www.oarcanjo.net\/site\/sao-tiago\/#breadcrumb","itemListElement":[{"@type":"ListItem","position":1,"name":"In\u00edcio","item":"https:\/\/www.oarcanjo.net\/site\/"},{"@type":"ListItem","position":2,"name":"S\u00e3o Tiago"}]},{"@type":"WebSite","@id":"https:\/\/www.oarcanjo.net\/site\/#website","url":"https:\/\/www.oarcanjo.net\/site\/","name":"O Arcanjo no ar","description":"Site da Par\u00f3quia S\u00e3o Miguel Arcanjo (Arquidiocese de SP)","publisher":{"@id":"https:\/\/www.oarcanjo.net\/site\/#organization"},"potentialAction":[{"@type":"SearchAction","target":{"@type":"EntryPoint","urlTemplate":"https:\/\/www.oarcanjo.net\/site\/?s={search_term_string}"},"query-input":{"@type":"PropertyValueSpecification","valueRequired":true,"valueName":"search_term_string"}}],"inLanguage":"pt-BR"},{"@type":"Organization","@id":"https:\/\/www.oarcanjo.net\/site\/#organization","name":"Par\u00f3quia S\u00e3o Miguel Arcanjo","url":"https:\/\/www.oarcanjo.net\/site\/","logo":{"@type":"ImageObject","inLanguage":"pt-BR","@id":"https:\/\/www.oarcanjo.net\/site\/#\/schema\/logo\/image\/","url":"https:\/\/www.oarcanjo.net\/site\/wp-content\/uploads\/LogoOArcanjo.png","contentUrl":"https:\/\/www.oarcanjo.net\/site\/wp-content\/uploads\/LogoOArcanjo.png","width":319,"height":99,"caption":"Par\u00f3quia S\u00e3o Miguel Arcanjo"},"image":{"@id":"https:\/\/www.oarcanjo.net\/site\/#\/schema\/logo\/image\/"},"sameAs":["https:\/\/www.facebook.com\/OArcanjoNoAr\/"]},{"@type":"Person","@id":"https:\/\/www.oarcanjo.net\/site\/#\/schema\/person\/5eb9480bedd2f3c97e430ce128c29c6c","name":"danilo"}]}},"publishpress_future_action":{"enabled":false,"date":"2026-05-07 15:21:59","action":"category","newStatus":"draft","terms":[],"taxonomy":"category"},"publishpress_future_workflow_manual_trigger":{"enabledWorkflows":[]},"_links":{"self":[{"href":"https:\/\/www.oarcanjo.net\/site\/wp-json\/wp\/v2\/posts\/9265"}],"collection":[{"href":"https:\/\/www.oarcanjo.net\/site\/wp-json\/wp\/v2\/posts"}],"about":[{"href":"https:\/\/www.oarcanjo.net\/site\/wp-json\/wp\/v2\/types\/post"}],"author":[{"embeddable":true,"href":"https:\/\/www.oarcanjo.net\/site\/wp-json\/wp\/v2\/users\/14"}],"replies":[{"embeddable":true,"href":"https:\/\/www.oarcanjo.net\/site\/wp-json\/wp\/v2\/comments?post=9265"}],"version-history":[{"count":1,"href":"https:\/\/www.oarcanjo.net\/site\/wp-json\/wp\/v2\/posts\/9265\/revisions"}],"predecessor-version":[{"id":92917,"href":"https:\/\/www.oarcanjo.net\/site\/wp-json\/wp\/v2\/posts\/9265\/revisions\/92917"}],"wp:attachment":[{"href":"https:\/\/www.oarcanjo.net\/site\/wp-json\/wp\/v2\/media?parent=9265"}],"wp:term":[{"taxonomy":"category","embeddable":true,"href":"https:\/\/www.oarcanjo.net\/site\/wp-json\/wp\/v2\/categories?post=9265"},{"taxonomy":"post_tag","embeddable":true,"href":"https:\/\/www.oarcanjo.net\/site\/wp-json\/wp\/v2\/tags?post=9265"}],"curies":[{"name":"wp","href":"https:\/\/api.w.org\/{rel}","templated":true}]}}