
{"id":9267,"date":"2019-05-04T00:35:54","date_gmt":"2019-05-04T03:35:54","guid":{"rendered":"http:\/\/www.oarcanjo.net\/site\/?p=9267"},"modified":"2019-02-20T07:59:00","modified_gmt":"2019-02-20T10:59:00","slug":"sao-ciriaco","status":"publish","type":"post","link":"https:\/\/www.oarcanjo.net\/site\/sao-ciriaco\/","title":{"rendered":"S\u00e3o Cir\u00edaco"},"content":{"rendered":"<p><img decoding=\"async\" src=\"http:\/\/1.bp.blogspot.com\/_z-c0Sh5Zlrs\/SJo9FOu0xdI\/AAAAAAAABYM\/NkKL4T0GigQ\/s400\/S%C3%A3o+Cir%C3%ADaco.jpg\" alt=\"\" \/><\/p>\n<p>4 de Maio<\/p>\n<p>Segundo um antigo texto da tradi\u00e7\u00e3o crist\u00e3, do s\u00e9culo IV, um hebreu de nome Judas teria ajudado nos trabalhos para encontrar a cruz de Cristo na cidade de Jerusal\u00e9m, promovidos pelo bispo e pela rainha Helena, que era crist\u00e3 e m\u00e3e do ent\u00e3o imperador Constantino. Esse hebreu se converteu e se tornou um sacerdote, tomando o nome de Cir\u00edaco, que em grego significa &#8220;Patr\u00edcio&#8221;, nome comum entre os romanos.<\/p>\n<p>Mais tarde, ap\u00f3s ter percorrido as estradas da Palestina, ele foi eleito bispo de Jerusal\u00e9m, e a\u00ed teria sido martirizado, junto com sua m\u00e3e, chamada Ana, durante a persegui\u00e7\u00e3o de Juliano, o Ap\u00f3stata.<\/p>\n<p>Essa seria a hist\u00f3ria de s\u00e3o Cir\u00edaco, que comemoramos hoje, n\u00e3o fosse a marca profunda deixada por sua presen\u00e7a na cidade italiana de Ancona, em N\u00e1polis. A explica\u00e7\u00e3o para isto encontra-se no Martirol\u00f3gio Romano, que associou os textos antigos e confirmou sua presen\u00e7a em ambas as cidades. A conclus\u00e3o de sua trajet\u00f3ria exata \u00e9 o que veremos a seguir.<\/p>\n<p>Logo que se converteu, para fugir \u00e0 hostilidade dos velhos amigos pag\u00e3os, Cir\u00edaco teria abandonado a Palestina para exilar-se na It\u00e1lia, fixando-se em Ancona. Nessa cidade ele foi eleito bispo, trabalhando, arduamente, para difundir o cristianismo, pois o Edito de Mil\u00e3o dava liberdade para a expans\u00e3o da religi\u00e3o em todos os dom\u00ednios do Imp\u00e9rio.<\/p>\n<p>Ap\u00f3s uma longa vida episcopal, Cir\u00edaco, j\u00e1 idoso, fez sua \u00faltima peregrina\u00e7\u00e3o \u00e0 cidade de Jerusal\u00e9m, onde fora bispo na juventude, para rever os lugares santos. E foi nesse momento que ele sofreu o mart\u00edrio e morreu em nome de Cristo, por ordem do \u00faltimo perseguidor romano, Juliano, o Ap\u00f3stata, entre 361 e 363.<\/p>\n<p>Os devotos dizem que suas rel\u00edquias chegaram ao porto de Ancona trazidas pelas ondas do mar. Essa tradi\u00e7\u00e3o \u00e9 celebrada, no dia 4 de maio, na catedral de Ancona, onde s\u00e3o distribu\u00eddos ma\u00e7os de junco benzidos.<\/p>\n<p>Na realidade, as rel\u00edquias de s\u00e3o Cir\u00edaco retornaram \u00e0 cidade durante o governo do imperador Teod\u00f3sio, entre 379 e 395, gra\u00e7as \u00e0 sua filha, Gala Pl\u00e1cida, que interveio favoravelmente junto \u00e0s autoridades, conseguindo o que a popula\u00e7\u00e3o de Ancona tanto desejava.<\/p>\n<p>A mem\u00f3ria desse culto antiq\u00fc\u00edssimo a s\u00e3o Cir\u00edaco pode ser observada pelos monumentos, das mais remotas \u00e9pocas, que existem, em toda a cidade, com a imagem do santo. Ali\u00e1s, s\u00e3o Cir\u00edaco foi escolhido como o padroeiro de Ancona e a pr\u00f3pria catedral, no s\u00e9culo XIV, foi dedicada a ele, mudando at\u00e9 o nome. Essa majestosa igreja, que domina a cidade do alto das colinas do Guasco, \u00e9 vista por todos os que chegam em Ancona por terra ou por mar, mais um tributo \u00e0 s\u00e3o Cir\u00edaco, por seu ex\u00edlio e vida episcopal.<\/p>\n<div id=\"themify_builder_content-9267\" data-postid=\"9267\" class=\"themify_builder_content themify_builder_content-9267 themify_builder themify_builder_front\">\n\t<\/div>\n<!-- \/themify_builder_content -->","protected":false},"excerpt":{"rendered":"<p>4 de Maio Segundo um antigo texto da tradi\u00e7\u00e3o crist\u00e3, do s\u00e9culo IV, um hebreu de nome Judas teria ajudado nos trabalhos para encontrar a cruz de Cristo na cidade de Jerusal\u00e9m, promovidos pelo bispo e pela rainha Helena, que era crist\u00e3 e m\u00e3e do ent\u00e3o imperador Constantino. Esse hebreu se converteu e se tornou [&hellip;]<\/p>\n","protected":false},"author":14,"featured_media":0,"comment_status":"open","ping_status":"open","sticky":false,"template":"","format":"standard","meta":{"ngg_post_thumbnail":0,"footnotes":""},"categories":[186],"tags":[],"yoast_head":"<!-- This site is optimized with the Yoast SEO plugin v23.5 - https:\/\/yoast.com\/wordpress\/plugins\/seo\/ -->\n<title>S\u00e3o Cir\u00edaco - O Arcanjo no ar<\/title>\n<meta name=\"robots\" content=\"index, follow, max-snippet:-1, max-image-preview:large, max-video-preview:-1\" \/>\n<link rel=\"canonical\" href=\"https:\/\/www.oarcanjo.net\/site\/sao-ciriaco\/\" \/>\n<meta property=\"og:locale\" content=\"pt_BR\" \/>\n<meta property=\"og:type\" content=\"article\" \/>\n<meta property=\"og:title\" content=\"S\u00e3o Cir\u00edaco - O Arcanjo no ar\" \/>\n<meta property=\"og:description\" content=\"4 de Maio Segundo um antigo texto da tradi\u00e7\u00e3o crist\u00e3, do s\u00e9culo IV, um hebreu de nome Judas teria ajudado nos trabalhos para encontrar a cruz de Cristo na cidade de Jerusal\u00e9m, promovidos pelo bispo e pela rainha Helena, que era crist\u00e3 e m\u00e3e do ent\u00e3o imperador Constantino. Esse hebreu se converteu e se tornou [&hellip;]\" \/>\n<meta property=\"og:url\" content=\"https:\/\/www.oarcanjo.net\/site\/sao-ciriaco\/\" \/>\n<meta property=\"og:site_name\" content=\"O Arcanjo no ar\" \/>\n<meta property=\"article:publisher\" content=\"https:\/\/www.facebook.com\/OArcanjoNoAr\/\" \/>\n<meta property=\"article:published_time\" content=\"2019-05-04T03:35:54+00:00\" \/>\n<meta property=\"article:modified_time\" content=\"2019-02-20T10:59:00+00:00\" \/>\n<meta property=\"og:image\" content=\"http:\/\/1.bp.blogspot.com\/_z-c0Sh5Zlrs\/SJo9FOu0xdI\/AAAAAAAABYM\/NkKL4T0GigQ\/s400\/S%C3%A3o+Cir%C3%ADaco.jpg\" \/>\n<meta name=\"author\" content=\"danilo\" \/>\n<meta name=\"twitter:card\" content=\"summary_large_image\" \/>\n<meta name=\"twitter:label1\" content=\"Escrito por\" \/>\n\t<meta name=\"twitter:data1\" content=\"danilo\" \/>\n\t<meta name=\"twitter:label2\" content=\"Est. tempo de leitura\" \/>\n\t<meta name=\"twitter:data2\" content=\"2 minutos\" \/>\n<script type=\"application\/ld+json\" class=\"yoast-schema-graph\">{\"@context\":\"https:\/\/schema.org\",\"@graph\":[{\"@type\":\"Article\",\"@id\":\"https:\/\/www.oarcanjo.net\/site\/sao-ciriaco\/#article\",\"isPartOf\":{\"@id\":\"https:\/\/www.oarcanjo.net\/site\/sao-ciriaco\/\"},\"author\":{\"name\":\"danilo\",\"@id\":\"https:\/\/www.oarcanjo.net\/site\/#\/schema\/person\/5eb9480bedd2f3c97e430ce128c29c6c\"},\"headline\":\"S\u00e3o Cir\u00edaco\",\"datePublished\":\"2019-05-04T03:35:54+00:00\",\"dateModified\":\"2019-02-20T10:59:00+00:00\",\"mainEntityOfPage\":{\"@id\":\"https:\/\/www.oarcanjo.net\/site\/sao-ciriaco\/\"},\"wordCount\":492,\"commentCount\":0,\"publisher\":{\"@id\":\"https:\/\/www.oarcanjo.net\/site\/#organization\"},\"image\":{\"@id\":\"https:\/\/www.oarcanjo.net\/site\/sao-ciriaco\/#primaryimage\"},\"thumbnailUrl\":\"http:\/\/1.bp.blogspot.com\/_z-c0Sh5Zlrs\/SJo9FOu0xdI\/AAAAAAAABYM\/NkKL4T0GigQ\/s400\/S%C3%A3o+Cir%C3%ADaco.jpg\",\"articleSection\":[\"Testemunhos\"],\"inLanguage\":\"pt-BR\",\"potentialAction\":[{\"@type\":\"CommentAction\",\"name\":\"Comment\",\"target\":[\"https:\/\/www.oarcanjo.net\/site\/sao-ciriaco\/#respond\"]}]},{\"@type\":\"WebPage\",\"@id\":\"https:\/\/www.oarcanjo.net\/site\/sao-ciriaco\/\",\"url\":\"https:\/\/www.oarcanjo.net\/site\/sao-ciriaco\/\",\"name\":\"S\u00e3o Cir\u00edaco - O Arcanjo no ar\",\"isPartOf\":{\"@id\":\"https:\/\/www.oarcanjo.net\/site\/#website\"},\"primaryImageOfPage\":{\"@id\":\"https:\/\/www.oarcanjo.net\/site\/sao-ciriaco\/#primaryimage\"},\"image\":{\"@id\":\"https:\/\/www.oarcanjo.net\/site\/sao-ciriaco\/#primaryimage\"},\"thumbnailUrl\":\"http:\/\/1.bp.blogspot.com\/_z-c0Sh5Zlrs\/SJo9FOu0xdI\/AAAAAAAABYM\/NkKL4T0GigQ\/s400\/S%C3%A3o+Cir%C3%ADaco.jpg\",\"datePublished\":\"2019-05-04T03:35:54+00:00\",\"dateModified\":\"2019-02-20T10:59:00+00:00\",\"breadcrumb\":{\"@id\":\"https:\/\/www.oarcanjo.net\/site\/sao-ciriaco\/#breadcrumb\"},\"inLanguage\":\"pt-BR\",\"potentialAction\":[{\"@type\":\"ReadAction\",\"target\":[\"https:\/\/www.oarcanjo.net\/site\/sao-ciriaco\/\"]}]},{\"@type\":\"ImageObject\",\"inLanguage\":\"pt-BR\",\"@id\":\"https:\/\/www.oarcanjo.net\/site\/sao-ciriaco\/#primaryimage\",\"url\":\"http:\/\/1.bp.blogspot.com\/_z-c0Sh5Zlrs\/SJo9FOu0xdI\/AAAAAAAABYM\/NkKL4T0GigQ\/s400\/S%C3%A3o+Cir%C3%ADaco.jpg\",\"contentUrl\":\"http:\/\/1.bp.blogspot.com\/_z-c0Sh5Zlrs\/SJo9FOu0xdI\/AAAAAAAABYM\/NkKL4T0GigQ\/s400\/S%C3%A3o+Cir%C3%ADaco.jpg\"},{\"@type\":\"BreadcrumbList\",\"@id\":\"https:\/\/www.oarcanjo.net\/site\/sao-ciriaco\/#breadcrumb\",\"itemListElement\":[{\"@type\":\"ListItem\",\"position\":1,\"name\":\"In\u00edcio\",\"item\":\"https:\/\/www.oarcanjo.net\/site\/\"},{\"@type\":\"ListItem\",\"position\":2,\"name\":\"S\u00e3o Cir\u00edaco\"}]},{\"@type\":\"WebSite\",\"@id\":\"https:\/\/www.oarcanjo.net\/site\/#website\",\"url\":\"https:\/\/www.oarcanjo.net\/site\/\",\"name\":\"O Arcanjo no ar\",\"description\":\"Site da Par\u00f3quia S\u00e3o Miguel Arcanjo (Arquidiocese de SP)\",\"publisher\":{\"@id\":\"https:\/\/www.oarcanjo.net\/site\/#organization\"},\"potentialAction\":[{\"@type\":\"SearchAction\",\"target\":{\"@type\":\"EntryPoint\",\"urlTemplate\":\"https:\/\/www.oarcanjo.net\/site\/?s={search_term_string}\"},\"query-input\":{\"@type\":\"PropertyValueSpecification\",\"valueRequired\":true,\"valueName\":\"search_term_string\"}}],\"inLanguage\":\"pt-BR\"},{\"@type\":\"Organization\",\"@id\":\"https:\/\/www.oarcanjo.net\/site\/#organization\",\"name\":\"Par\u00f3quia S\u00e3o Miguel Arcanjo\",\"url\":\"https:\/\/www.oarcanjo.net\/site\/\",\"logo\":{\"@type\":\"ImageObject\",\"inLanguage\":\"pt-BR\",\"@id\":\"https:\/\/www.oarcanjo.net\/site\/#\/schema\/logo\/image\/\",\"url\":\"https:\/\/www.oarcanjo.net\/site\/wp-content\/uploads\/LogoOArcanjo.png\",\"contentUrl\":\"https:\/\/www.oarcanjo.net\/site\/wp-content\/uploads\/LogoOArcanjo.png\",\"width\":319,\"height\":99,\"caption\":\"Par\u00f3quia S\u00e3o Miguel Arcanjo\"},\"image\":{\"@id\":\"https:\/\/www.oarcanjo.net\/site\/#\/schema\/logo\/image\/\"},\"sameAs\":[\"https:\/\/www.facebook.com\/OArcanjoNoAr\/\"]},{\"@type\":\"Person\",\"@id\":\"https:\/\/www.oarcanjo.net\/site\/#\/schema\/person\/5eb9480bedd2f3c97e430ce128c29c6c\",\"name\":\"danilo\"}]}<\/script>\n<!-- \/ Yoast SEO plugin. -->","yoast_head_json":{"title":"S\u00e3o Cir\u00edaco - O Arcanjo no ar","robots":{"index":"index","follow":"follow","max-snippet":"max-snippet:-1","max-image-preview":"max-image-preview:large","max-video-preview":"max-video-preview:-1"},"canonical":"https:\/\/www.oarcanjo.net\/site\/sao-ciriaco\/","og_locale":"pt_BR","og_type":"article","og_title":"S\u00e3o Cir\u00edaco - O Arcanjo no ar","og_description":"4 de Maio Segundo um antigo texto da tradi\u00e7\u00e3o crist\u00e3, do s\u00e9culo IV, um hebreu de nome Judas teria ajudado nos trabalhos para encontrar a cruz de Cristo na cidade de Jerusal\u00e9m, promovidos pelo bispo e pela rainha Helena, que era crist\u00e3 e m\u00e3e do ent\u00e3o imperador Constantino. Esse hebreu se converteu e se tornou [&hellip;]","og_url":"https:\/\/www.oarcanjo.net\/site\/sao-ciriaco\/","og_site_name":"O Arcanjo no ar","article_publisher":"https:\/\/www.facebook.com\/OArcanjoNoAr\/","article_published_time":"2019-05-04T03:35:54+00:00","article_modified_time":"2019-02-20T10:59:00+00:00","og_image":[{"url":"http:\/\/1.bp.blogspot.com\/_z-c0Sh5Zlrs\/SJo9FOu0xdI\/AAAAAAAABYM\/NkKL4T0GigQ\/s400\/S%C3%A3o+Cir%C3%ADaco.jpg"}],"author":"danilo","twitter_card":"summary_large_image","twitter_misc":{"Escrito por":"danilo","Est. tempo de leitura":"2 minutos"},"schema":{"@context":"https:\/\/schema.org","@graph":[{"@type":"Article","@id":"https:\/\/www.oarcanjo.net\/site\/sao-ciriaco\/#article","isPartOf":{"@id":"https:\/\/www.oarcanjo.net\/site\/sao-ciriaco\/"},"author":{"name":"danilo","@id":"https:\/\/www.oarcanjo.net\/site\/#\/schema\/person\/5eb9480bedd2f3c97e430ce128c29c6c"},"headline":"S\u00e3o Cir\u00edaco","datePublished":"2019-05-04T03:35:54+00:00","dateModified":"2019-02-20T10:59:00+00:00","mainEntityOfPage":{"@id":"https:\/\/www.oarcanjo.net\/site\/sao-ciriaco\/"},"wordCount":492,"commentCount":0,"publisher":{"@id":"https:\/\/www.oarcanjo.net\/site\/#organization"},"image":{"@id":"https:\/\/www.oarcanjo.net\/site\/sao-ciriaco\/#primaryimage"},"thumbnailUrl":"http:\/\/1.bp.blogspot.com\/_z-c0Sh5Zlrs\/SJo9FOu0xdI\/AAAAAAAABYM\/NkKL4T0GigQ\/s400\/S%C3%A3o+Cir%C3%ADaco.jpg","articleSection":["Testemunhos"],"inLanguage":"pt-BR","potentialAction":[{"@type":"CommentAction","name":"Comment","target":["https:\/\/www.oarcanjo.net\/site\/sao-ciriaco\/#respond"]}]},{"@type":"WebPage","@id":"https:\/\/www.oarcanjo.net\/site\/sao-ciriaco\/","url":"https:\/\/www.oarcanjo.net\/site\/sao-ciriaco\/","name":"S\u00e3o Cir\u00edaco - O Arcanjo no ar","isPartOf":{"@id":"https:\/\/www.oarcanjo.net\/site\/#website"},"primaryImageOfPage":{"@id":"https:\/\/www.oarcanjo.net\/site\/sao-ciriaco\/#primaryimage"},"image":{"@id":"https:\/\/www.oarcanjo.net\/site\/sao-ciriaco\/#primaryimage"},"thumbnailUrl":"http:\/\/1.bp.blogspot.com\/_z-c0Sh5Zlrs\/SJo9FOu0xdI\/AAAAAAAABYM\/NkKL4T0GigQ\/s400\/S%C3%A3o+Cir%C3%ADaco.jpg","datePublished":"2019-05-04T03:35:54+00:00","dateModified":"2019-02-20T10:59:00+00:00","breadcrumb":{"@id":"https:\/\/www.oarcanjo.net\/site\/sao-ciriaco\/#breadcrumb"},"inLanguage":"pt-BR","potentialAction":[{"@type":"ReadAction","target":["https:\/\/www.oarcanjo.net\/site\/sao-ciriaco\/"]}]},{"@type":"ImageObject","inLanguage":"pt-BR","@id":"https:\/\/www.oarcanjo.net\/site\/sao-ciriaco\/#primaryimage","url":"http:\/\/1.bp.blogspot.com\/_z-c0Sh5Zlrs\/SJo9FOu0xdI\/AAAAAAAABYM\/NkKL4T0GigQ\/s400\/S%C3%A3o+Cir%C3%ADaco.jpg","contentUrl":"http:\/\/1.bp.blogspot.com\/_z-c0Sh5Zlrs\/SJo9FOu0xdI\/AAAAAAAABYM\/NkKL4T0GigQ\/s400\/S%C3%A3o+Cir%C3%ADaco.jpg"},{"@type":"BreadcrumbList","@id":"https:\/\/www.oarcanjo.net\/site\/sao-ciriaco\/#breadcrumb","itemListElement":[{"@type":"ListItem","position":1,"name":"In\u00edcio","item":"https:\/\/www.oarcanjo.net\/site\/"},{"@type":"ListItem","position":2,"name":"S\u00e3o Cir\u00edaco"}]},{"@type":"WebSite","@id":"https:\/\/www.oarcanjo.net\/site\/#website","url":"https:\/\/www.oarcanjo.net\/site\/","name":"O Arcanjo no ar","description":"Site da Par\u00f3quia S\u00e3o Miguel Arcanjo (Arquidiocese de SP)","publisher":{"@id":"https:\/\/www.oarcanjo.net\/site\/#organization"},"potentialAction":[{"@type":"SearchAction","target":{"@type":"EntryPoint","urlTemplate":"https:\/\/www.oarcanjo.net\/site\/?s={search_term_string}"},"query-input":{"@type":"PropertyValueSpecification","valueRequired":true,"valueName":"search_term_string"}}],"inLanguage":"pt-BR"},{"@type":"Organization","@id":"https:\/\/www.oarcanjo.net\/site\/#organization","name":"Par\u00f3quia S\u00e3o Miguel Arcanjo","url":"https:\/\/www.oarcanjo.net\/site\/","logo":{"@type":"ImageObject","inLanguage":"pt-BR","@id":"https:\/\/www.oarcanjo.net\/site\/#\/schema\/logo\/image\/","url":"https:\/\/www.oarcanjo.net\/site\/wp-content\/uploads\/LogoOArcanjo.png","contentUrl":"https:\/\/www.oarcanjo.net\/site\/wp-content\/uploads\/LogoOArcanjo.png","width":319,"height":99,"caption":"Par\u00f3quia S\u00e3o Miguel Arcanjo"},"image":{"@id":"https:\/\/www.oarcanjo.net\/site\/#\/schema\/logo\/image\/"},"sameAs":["https:\/\/www.facebook.com\/OArcanjoNoAr\/"]},{"@type":"Person","@id":"https:\/\/www.oarcanjo.net\/site\/#\/schema\/person\/5eb9480bedd2f3c97e430ce128c29c6c","name":"danilo"}]}},"publishpress_future_action":{"enabled":false,"date":"2026-05-07 15:21:40","action":"category","newStatus":"draft","terms":[],"taxonomy":"category"},"publishpress_future_workflow_manual_trigger":{"enabledWorkflows":[]},"_links":{"self":[{"href":"https:\/\/www.oarcanjo.net\/site\/wp-json\/wp\/v2\/posts\/9267"}],"collection":[{"href":"https:\/\/www.oarcanjo.net\/site\/wp-json\/wp\/v2\/posts"}],"about":[{"href":"https:\/\/www.oarcanjo.net\/site\/wp-json\/wp\/v2\/types\/post"}],"author":[{"embeddable":true,"href":"https:\/\/www.oarcanjo.net\/site\/wp-json\/wp\/v2\/users\/14"}],"replies":[{"embeddable":true,"href":"https:\/\/www.oarcanjo.net\/site\/wp-json\/wp\/v2\/comments?post=9267"}],"version-history":[{"count":1,"href":"https:\/\/www.oarcanjo.net\/site\/wp-json\/wp\/v2\/posts\/9267\/revisions"}],"predecessor-version":[{"id":92918,"href":"https:\/\/www.oarcanjo.net\/site\/wp-json\/wp\/v2\/posts\/9267\/revisions\/92918"}],"wp:attachment":[{"href":"https:\/\/www.oarcanjo.net\/site\/wp-json\/wp\/v2\/media?parent=9267"}],"wp:term":[{"taxonomy":"category","embeddable":true,"href":"https:\/\/www.oarcanjo.net\/site\/wp-json\/wp\/v2\/categories?post=9267"},{"taxonomy":"post_tag","embeddable":true,"href":"https:\/\/www.oarcanjo.net\/site\/wp-json\/wp\/v2\/tags?post=9267"}],"curies":[{"name":"wp","href":"https:\/\/api.w.org\/{rel}","templated":true}]}}