
{"id":9270,"date":"2019-05-04T00:37:04","date_gmt":"2019-05-04T03:37:04","guid":{"rendered":"http:\/\/www.oarcanjo.net\/site\/?p=9270"},"modified":"2019-02-20T14:36:33","modified_gmt":"2019-02-20T17:36:33","slug":"sao-floriano","status":"publish","type":"post","link":"https:\/\/www.oarcanjo.net\/site\/sao-floriano\/","title":{"rendered":"S\u00e3o Floriano"},"content":{"rendered":"<p><img decoding=\"async\" src=\"http:\/\/www.cademeusanto.com.br\/SFloriano.jpg\" alt=\"\" \/><\/p>\n<p>4 de Maio<\/p>\n<p>O mais antigo registro sobre Floriano foi encontrado num documento de doa\u00e7\u00e3o datado do s\u00e9culo VIII, atrav\u00e9s do qual o presb\u00edtero Reginolfo oferecia para a Igreja algumas propriedades de terras, dentre as quais, &#8220;as do lugar aonde foi enterrado o precioso m\u00e1rtir Floriano&#8221;.<\/p>\n<p>Floriano viveu na cidade de Mantem, pr\u00f3xima de Kems, Alemanha. Na \u00e9poca, Diocleciano era o imperador e Aquilino, o comandante do ex\u00e9rcito romano na regi\u00e3o do Dan\u00fabio, atual \u00c1ustria, onde existiam numerosas col\u00f4nias do Imp\u00e9rio e v\u00e1rios batalh\u00f5es de soldados que faziam sua defesa. Floriano era militar em um desses batalh\u00f5es.<\/p>\n<p>Os legion\u00e1rios romanos crist\u00e3os foram muito importantes, porque levaram a f\u00e9 de Cristo \u00e0s regi\u00f5es mais remotas do Imp\u00e9rio Romano, pagando por essa difus\u00e3o com a pr\u00f3pria vida. Famosos e numerosos foram os m\u00e1rtires que pertenceram a essas legi\u00f5es, mortos sob a persegui\u00e7\u00e3o do imperador Diocleciano no in\u00edcio do s\u00e9culo IV. Entre eles encontramos Floriano e seus companheiros.<\/p>\n<p>Diocleciano foi imperador de grande energia, estadista de rara habilidade e intelig\u00eancia, mas se tornou um fan\u00e1tico inimigo da Igreja. Desencadeou a mais longa e duradoura persegui\u00e7\u00e3o contra ela, na inten\u00e7\u00e3o de varrer todos os vest\u00edgios do cristianismo. Contava, para isso, com a ajuda de seu genro Gal\u00e9rio, colega nas armas e no dom\u00ednio do Imp\u00e9rio.<\/p>\n<p>Foi dele o decreto que proibia qualquer tipo de culto crist\u00e3o. Exigia que todos os livros religiosos, come\u00e7ando pela B\u00edblia Sagrada, fossem queimados e ampliou a persegui\u00e7\u00e3o para dentro do seu pr\u00f3prio ex\u00e9rcito. Os soldados eram obrigados a prestar juramento de fidelidade ao imperador e levar oferendas aos \u00eddolos, sob pena de morte.<\/p>\n<p>Muitos militares recusaram obedecer \u00e0 ordem do imperador e foram executados. Um deles foi Floriano, acompanhado por mais quarenta companheiros. Eles se apresentaram ao comandante Aquilino, do acampamento de Lorch, \u00c1ustria, para comunicar que eram crist\u00e3os e que n\u00e3o poderiam servir ao ex\u00e9rcito do imperador. Por esse motivo foram presos.<\/p>\n<p>Durante o processo de julgamento, nenhum deles renunciou \u00e0 f\u00e9 em Cristo. Foram condenados a serem jogados no rio Ens, com uma pedra amarrada no pesco\u00e7o. A senten\u00e7a foi executada no dia 4 de maio de 304. O corpo de Floriano foi recolhido por uma senhora crist\u00e3, que o sepultou. No s\u00e9culo VIII, sua venera\u00e7\u00e3o foi oficialmente introduzida na Igreja pelo Martirol\u00f3gio Romano, que manteve esta data para a festa lit\u00fargica.<\/p>\n<p>No local da sua sepultura constru\u00edram um convento beneditino. Mais tarde, passou para os agostinianos, que difundiram a sua mem\u00f3ria e a de seus companheiros. O seu culto se popularizou rapidamente na \u00c1ustria e na Alemanha, onde os fi\u00e9is recorrem a ele pedindo prote\u00e7\u00e3o contra as inunda\u00e7\u00f5es. Por essa sua tradi\u00e7\u00e3o com a \u00e1gua, ao longo do tempo s\u00e3o Floriano se tornou o protetor contra os inc\u00eandios e padroeiro dos bombeiros.<\/p>\n<div id=\"themify_builder_content-9270\" data-postid=\"9270\" class=\"themify_builder_content themify_builder_content-9270 themify_builder themify_builder_front\">\n\t<\/div>\n<!-- \/themify_builder_content -->","protected":false},"excerpt":{"rendered":"<p>4 de Maio O mais antigo registro sobre Floriano foi encontrado num documento de doa\u00e7\u00e3o datado do s\u00e9culo VIII, atrav\u00e9s do qual o presb\u00edtero Reginolfo oferecia para a Igreja algumas propriedades de terras, dentre as quais, &#8220;as do lugar aonde foi enterrado o precioso m\u00e1rtir Floriano&#8221;. Floriano viveu na cidade de Mantem, pr\u00f3xima de Kems, [&hellip;]<\/p>\n","protected":false},"author":14,"featured_media":0,"comment_status":"open","ping_status":"open","sticky":false,"template":"","format":"standard","meta":{"ngg_post_thumbnail":0,"footnotes":""},"categories":[186],"tags":[],"yoast_head":"<!-- This site is optimized with the Yoast SEO plugin v23.5 - https:\/\/yoast.com\/wordpress\/plugins\/seo\/ -->\n<title>S\u00e3o Floriano - O Arcanjo no ar<\/title>\n<meta name=\"robots\" content=\"index, follow, max-snippet:-1, max-image-preview:large, max-video-preview:-1\" \/>\n<link rel=\"canonical\" href=\"https:\/\/www.oarcanjo.net\/site\/sao-floriano\/\" \/>\n<meta property=\"og:locale\" content=\"pt_BR\" \/>\n<meta property=\"og:type\" content=\"article\" \/>\n<meta property=\"og:title\" content=\"S\u00e3o Floriano - O Arcanjo no ar\" \/>\n<meta property=\"og:description\" content=\"4 de Maio O mais antigo registro sobre Floriano foi encontrado num documento de doa\u00e7\u00e3o datado do s\u00e9culo VIII, atrav\u00e9s do qual o presb\u00edtero Reginolfo oferecia para a Igreja algumas propriedades de terras, dentre as quais, &#8220;as do lugar aonde foi enterrado o precioso m\u00e1rtir Floriano&#8221;. Floriano viveu na cidade de Mantem, pr\u00f3xima de Kems, [&hellip;]\" \/>\n<meta property=\"og:url\" content=\"https:\/\/www.oarcanjo.net\/site\/sao-floriano\/\" \/>\n<meta property=\"og:site_name\" content=\"O Arcanjo no ar\" \/>\n<meta property=\"article:publisher\" content=\"https:\/\/www.facebook.com\/OArcanjoNoAr\/\" \/>\n<meta property=\"article:published_time\" content=\"2019-05-04T03:37:04+00:00\" \/>\n<meta property=\"article:modified_time\" content=\"2019-02-20T17:36:33+00:00\" \/>\n<meta property=\"og:image\" content=\"http:\/\/www.cademeusanto.com.br\/SFloriano.jpg\" \/>\n<meta name=\"author\" content=\"danilo\" \/>\n<meta name=\"twitter:card\" content=\"summary_large_image\" \/>\n<meta name=\"twitter:label1\" content=\"Escrito por\" \/>\n\t<meta name=\"twitter:data1\" content=\"danilo\" \/>\n\t<meta name=\"twitter:label2\" content=\"Est. tempo de leitura\" \/>\n\t<meta name=\"twitter:data2\" content=\"3 minutos\" \/>\n<script type=\"application\/ld+json\" class=\"yoast-schema-graph\">{\"@context\":\"https:\/\/schema.org\",\"@graph\":[{\"@type\":\"Article\",\"@id\":\"https:\/\/www.oarcanjo.net\/site\/sao-floriano\/#article\",\"isPartOf\":{\"@id\":\"https:\/\/www.oarcanjo.net\/site\/sao-floriano\/\"},\"author\":{\"name\":\"danilo\",\"@id\":\"https:\/\/www.oarcanjo.net\/site\/#\/schema\/person\/5eb9480bedd2f3c97e430ce128c29c6c\"},\"headline\":\"S\u00e3o Floriano\",\"datePublished\":\"2019-05-04T03:37:04+00:00\",\"dateModified\":\"2019-02-20T17:36:33+00:00\",\"mainEntityOfPage\":{\"@id\":\"https:\/\/www.oarcanjo.net\/site\/sao-floriano\/\"},\"wordCount\":510,\"commentCount\":1,\"publisher\":{\"@id\":\"https:\/\/www.oarcanjo.net\/site\/#organization\"},\"image\":{\"@id\":\"https:\/\/www.oarcanjo.net\/site\/sao-floriano\/#primaryimage\"},\"thumbnailUrl\":\"http:\/\/www.cademeusanto.com.br\/SFloriano.jpg\",\"articleSection\":[\"Testemunhos\"],\"inLanguage\":\"pt-BR\",\"potentialAction\":[{\"@type\":\"CommentAction\",\"name\":\"Comment\",\"target\":[\"https:\/\/www.oarcanjo.net\/site\/sao-floriano\/#respond\"]}]},{\"@type\":\"WebPage\",\"@id\":\"https:\/\/www.oarcanjo.net\/site\/sao-floriano\/\",\"url\":\"https:\/\/www.oarcanjo.net\/site\/sao-floriano\/\",\"name\":\"S\u00e3o Floriano - O Arcanjo no ar\",\"isPartOf\":{\"@id\":\"https:\/\/www.oarcanjo.net\/site\/#website\"},\"primaryImageOfPage\":{\"@id\":\"https:\/\/www.oarcanjo.net\/site\/sao-floriano\/#primaryimage\"},\"image\":{\"@id\":\"https:\/\/www.oarcanjo.net\/site\/sao-floriano\/#primaryimage\"},\"thumbnailUrl\":\"http:\/\/www.cademeusanto.com.br\/SFloriano.jpg\",\"datePublished\":\"2019-05-04T03:37:04+00:00\",\"dateModified\":\"2019-02-20T17:36:33+00:00\",\"breadcrumb\":{\"@id\":\"https:\/\/www.oarcanjo.net\/site\/sao-floriano\/#breadcrumb\"},\"inLanguage\":\"pt-BR\",\"potentialAction\":[{\"@type\":\"ReadAction\",\"target\":[\"https:\/\/www.oarcanjo.net\/site\/sao-floriano\/\"]}]},{\"@type\":\"ImageObject\",\"inLanguage\":\"pt-BR\",\"@id\":\"https:\/\/www.oarcanjo.net\/site\/sao-floriano\/#primaryimage\",\"url\":\"http:\/\/www.cademeusanto.com.br\/SFloriano.jpg\",\"contentUrl\":\"http:\/\/www.cademeusanto.com.br\/SFloriano.jpg\"},{\"@type\":\"BreadcrumbList\",\"@id\":\"https:\/\/www.oarcanjo.net\/site\/sao-floriano\/#breadcrumb\",\"itemListElement\":[{\"@type\":\"ListItem\",\"position\":1,\"name\":\"In\u00edcio\",\"item\":\"https:\/\/www.oarcanjo.net\/site\/\"},{\"@type\":\"ListItem\",\"position\":2,\"name\":\"S\u00e3o Floriano\"}]},{\"@type\":\"WebSite\",\"@id\":\"https:\/\/www.oarcanjo.net\/site\/#website\",\"url\":\"https:\/\/www.oarcanjo.net\/site\/\",\"name\":\"O Arcanjo no ar\",\"description\":\"Site da Par\u00f3quia S\u00e3o Miguel Arcanjo (Arquidiocese de SP)\",\"publisher\":{\"@id\":\"https:\/\/www.oarcanjo.net\/site\/#organization\"},\"potentialAction\":[{\"@type\":\"SearchAction\",\"target\":{\"@type\":\"EntryPoint\",\"urlTemplate\":\"https:\/\/www.oarcanjo.net\/site\/?s={search_term_string}\"},\"query-input\":{\"@type\":\"PropertyValueSpecification\",\"valueRequired\":true,\"valueName\":\"search_term_string\"}}],\"inLanguage\":\"pt-BR\"},{\"@type\":\"Organization\",\"@id\":\"https:\/\/www.oarcanjo.net\/site\/#organization\",\"name\":\"Par\u00f3quia S\u00e3o Miguel Arcanjo\",\"url\":\"https:\/\/www.oarcanjo.net\/site\/\",\"logo\":{\"@type\":\"ImageObject\",\"inLanguage\":\"pt-BR\",\"@id\":\"https:\/\/www.oarcanjo.net\/site\/#\/schema\/logo\/image\/\",\"url\":\"https:\/\/www.oarcanjo.net\/site\/wp-content\/uploads\/LogoOArcanjo.png\",\"contentUrl\":\"https:\/\/www.oarcanjo.net\/site\/wp-content\/uploads\/LogoOArcanjo.png\",\"width\":319,\"height\":99,\"caption\":\"Par\u00f3quia S\u00e3o Miguel Arcanjo\"},\"image\":{\"@id\":\"https:\/\/www.oarcanjo.net\/site\/#\/schema\/logo\/image\/\"},\"sameAs\":[\"https:\/\/www.facebook.com\/OArcanjoNoAr\/\"]},{\"@type\":\"Person\",\"@id\":\"https:\/\/www.oarcanjo.net\/site\/#\/schema\/person\/5eb9480bedd2f3c97e430ce128c29c6c\",\"name\":\"danilo\"}]}<\/script>\n<!-- \/ Yoast SEO plugin. -->","yoast_head_json":{"title":"S\u00e3o Floriano - O Arcanjo no ar","robots":{"index":"index","follow":"follow","max-snippet":"max-snippet:-1","max-image-preview":"max-image-preview:large","max-video-preview":"max-video-preview:-1"},"canonical":"https:\/\/www.oarcanjo.net\/site\/sao-floriano\/","og_locale":"pt_BR","og_type":"article","og_title":"S\u00e3o Floriano - O Arcanjo no ar","og_description":"4 de Maio O mais antigo registro sobre Floriano foi encontrado num documento de doa\u00e7\u00e3o datado do s\u00e9culo VIII, atrav\u00e9s do qual o presb\u00edtero Reginolfo oferecia para a Igreja algumas propriedades de terras, dentre as quais, &#8220;as do lugar aonde foi enterrado o precioso m\u00e1rtir Floriano&#8221;. Floriano viveu na cidade de Mantem, pr\u00f3xima de Kems, [&hellip;]","og_url":"https:\/\/www.oarcanjo.net\/site\/sao-floriano\/","og_site_name":"O Arcanjo no ar","article_publisher":"https:\/\/www.facebook.com\/OArcanjoNoAr\/","article_published_time":"2019-05-04T03:37:04+00:00","article_modified_time":"2019-02-20T17:36:33+00:00","og_image":[{"url":"http:\/\/www.cademeusanto.com.br\/SFloriano.jpg"}],"author":"danilo","twitter_card":"summary_large_image","twitter_misc":{"Escrito por":"danilo","Est. tempo de leitura":"3 minutos"},"schema":{"@context":"https:\/\/schema.org","@graph":[{"@type":"Article","@id":"https:\/\/www.oarcanjo.net\/site\/sao-floriano\/#article","isPartOf":{"@id":"https:\/\/www.oarcanjo.net\/site\/sao-floriano\/"},"author":{"name":"danilo","@id":"https:\/\/www.oarcanjo.net\/site\/#\/schema\/person\/5eb9480bedd2f3c97e430ce128c29c6c"},"headline":"S\u00e3o Floriano","datePublished":"2019-05-04T03:37:04+00:00","dateModified":"2019-02-20T17:36:33+00:00","mainEntityOfPage":{"@id":"https:\/\/www.oarcanjo.net\/site\/sao-floriano\/"},"wordCount":510,"commentCount":1,"publisher":{"@id":"https:\/\/www.oarcanjo.net\/site\/#organization"},"image":{"@id":"https:\/\/www.oarcanjo.net\/site\/sao-floriano\/#primaryimage"},"thumbnailUrl":"http:\/\/www.cademeusanto.com.br\/SFloriano.jpg","articleSection":["Testemunhos"],"inLanguage":"pt-BR","potentialAction":[{"@type":"CommentAction","name":"Comment","target":["https:\/\/www.oarcanjo.net\/site\/sao-floriano\/#respond"]}]},{"@type":"WebPage","@id":"https:\/\/www.oarcanjo.net\/site\/sao-floriano\/","url":"https:\/\/www.oarcanjo.net\/site\/sao-floriano\/","name":"S\u00e3o Floriano - O Arcanjo no ar","isPartOf":{"@id":"https:\/\/www.oarcanjo.net\/site\/#website"},"primaryImageOfPage":{"@id":"https:\/\/www.oarcanjo.net\/site\/sao-floriano\/#primaryimage"},"image":{"@id":"https:\/\/www.oarcanjo.net\/site\/sao-floriano\/#primaryimage"},"thumbnailUrl":"http:\/\/www.cademeusanto.com.br\/SFloriano.jpg","datePublished":"2019-05-04T03:37:04+00:00","dateModified":"2019-02-20T17:36:33+00:00","breadcrumb":{"@id":"https:\/\/www.oarcanjo.net\/site\/sao-floriano\/#breadcrumb"},"inLanguage":"pt-BR","potentialAction":[{"@type":"ReadAction","target":["https:\/\/www.oarcanjo.net\/site\/sao-floriano\/"]}]},{"@type":"ImageObject","inLanguage":"pt-BR","@id":"https:\/\/www.oarcanjo.net\/site\/sao-floriano\/#primaryimage","url":"http:\/\/www.cademeusanto.com.br\/SFloriano.jpg","contentUrl":"http:\/\/www.cademeusanto.com.br\/SFloriano.jpg"},{"@type":"BreadcrumbList","@id":"https:\/\/www.oarcanjo.net\/site\/sao-floriano\/#breadcrumb","itemListElement":[{"@type":"ListItem","position":1,"name":"In\u00edcio","item":"https:\/\/www.oarcanjo.net\/site\/"},{"@type":"ListItem","position":2,"name":"S\u00e3o Floriano"}]},{"@type":"WebSite","@id":"https:\/\/www.oarcanjo.net\/site\/#website","url":"https:\/\/www.oarcanjo.net\/site\/","name":"O Arcanjo no ar","description":"Site da Par\u00f3quia S\u00e3o Miguel Arcanjo (Arquidiocese de SP)","publisher":{"@id":"https:\/\/www.oarcanjo.net\/site\/#organization"},"potentialAction":[{"@type":"SearchAction","target":{"@type":"EntryPoint","urlTemplate":"https:\/\/www.oarcanjo.net\/site\/?s={search_term_string}"},"query-input":{"@type":"PropertyValueSpecification","valueRequired":true,"valueName":"search_term_string"}}],"inLanguage":"pt-BR"},{"@type":"Organization","@id":"https:\/\/www.oarcanjo.net\/site\/#organization","name":"Par\u00f3quia S\u00e3o Miguel Arcanjo","url":"https:\/\/www.oarcanjo.net\/site\/","logo":{"@type":"ImageObject","inLanguage":"pt-BR","@id":"https:\/\/www.oarcanjo.net\/site\/#\/schema\/logo\/image\/","url":"https:\/\/www.oarcanjo.net\/site\/wp-content\/uploads\/LogoOArcanjo.png","contentUrl":"https:\/\/www.oarcanjo.net\/site\/wp-content\/uploads\/LogoOArcanjo.png","width":319,"height":99,"caption":"Par\u00f3quia S\u00e3o Miguel Arcanjo"},"image":{"@id":"https:\/\/www.oarcanjo.net\/site\/#\/schema\/logo\/image\/"},"sameAs":["https:\/\/www.facebook.com\/OArcanjoNoAr\/"]},{"@type":"Person","@id":"https:\/\/www.oarcanjo.net\/site\/#\/schema\/person\/5eb9480bedd2f3c97e430ce128c29c6c","name":"danilo"}]}},"publishpress_future_action":{"enabled":false,"date":"2026-05-07 16:47:09","action":"category","newStatus":"draft","terms":[],"taxonomy":"category"},"publishpress_future_workflow_manual_trigger":{"enabledWorkflows":[]},"_links":{"self":[{"href":"https:\/\/www.oarcanjo.net\/site\/wp-json\/wp\/v2\/posts\/9270"}],"collection":[{"href":"https:\/\/www.oarcanjo.net\/site\/wp-json\/wp\/v2\/posts"}],"about":[{"href":"https:\/\/www.oarcanjo.net\/site\/wp-json\/wp\/v2\/types\/post"}],"author":[{"embeddable":true,"href":"https:\/\/www.oarcanjo.net\/site\/wp-json\/wp\/v2\/users\/14"}],"replies":[{"embeddable":true,"href":"https:\/\/www.oarcanjo.net\/site\/wp-json\/wp\/v2\/comments?post=9270"}],"version-history":[{"count":1,"href":"https:\/\/www.oarcanjo.net\/site\/wp-json\/wp\/v2\/posts\/9270\/revisions"}],"predecessor-version":[{"id":93062,"href":"https:\/\/www.oarcanjo.net\/site\/wp-json\/wp\/v2\/posts\/9270\/revisions\/93062"}],"wp:attachment":[{"href":"https:\/\/www.oarcanjo.net\/site\/wp-json\/wp\/v2\/media?parent=9270"}],"wp:term":[{"taxonomy":"category","embeddable":true,"href":"https:\/\/www.oarcanjo.net\/site\/wp-json\/wp\/v2\/categories?post=9270"},{"taxonomy":"post_tag","embeddable":true,"href":"https:\/\/www.oarcanjo.net\/site\/wp-json\/wp\/v2\/tags?post=9270"}],"curies":[{"name":"wp","href":"https:\/\/api.w.org\/{rel}","templated":true}]}}