
{"id":9272,"date":"2019-05-04T06:38:04","date_gmt":"2019-05-04T09:38:04","guid":{"rendered":"http:\/\/www.oarcanjo.net\/site\/?p=9272"},"modified":"2019-02-20T14:36:37","modified_gmt":"2019-02-20T17:36:37","slug":"santa-antonina","status":"publish","type":"post","link":"https:\/\/www.oarcanjo.net\/site\/santa-antonina\/","title":{"rendered":"Santa Antonina"},"content":{"rendered":"<p><img loading=\"lazy\" decoding=\"async\" class=\"alignnone size-full wp-image-61082\" src=\"http:\/\/www.oarcanjo.net\/site\/wp-content\/uploads\/Santa-Antonina.jpg\" alt=\"Santa Antonina\" width=\"274\" height=\"435\" srcset=\"https:\/\/www.oarcanjo.net\/site\/wp-content\/uploads\/Santa-Antonina.jpg 274w, https:\/\/www.oarcanjo.net\/site\/wp-content\/uploads\/Santa-Antonina-189x300.jpg 189w\" sizes=\"(max-width: 274px) 100vw, 274px\" \/><\/p>\n<p>4 d MAIO<\/p>\n<p>Antonina \u00e9 o feminino do antigo nome latino Antonius, derivado, provavelmente, do grego Antionos, que significa &#8220;nascido antes&#8221;. \u00c9 um dos nomes mais difundidos entre os povos latinos, que ganhou muitos adeptos entre os crist\u00e3os. Mas, antes de Cristo, era muito comum tamb\u00e9m.<\/p>\n<p>Hoje festejamos a santa m\u00e1rtir Antonina, que morreu em Nicea, na Bit\u00ednia, atual Turquia, no final do s\u00e9culo III. No Martirol\u00f3gio Romano, ela foi citada tr\u00eas vezes: dia 1o de mar\u00e7o, 4 de maio e 12 de junho, e cada vez de maneira diferente, como se fossem tr\u00eas pessoas distintas. Vejamos o porqu\u00ea.<\/p>\n<p>No s\u00e9culo XVI, o cardeal e bibliotec\u00e1rio do Vaticano, C\u00e9sar Baronio, unificou os calend\u00e1rios lit\u00fargicos da Igreja, a pedido do papa Clemente VIII, com os santos comemorados em datas diferentes no mundo crist\u00e3o. A Igreja dos primeiros s\u00e9culos foi exclusivamente evangelizadora. Para consolidar-se, adaptava a liturgia e os cultos dos santos aos novos povos convertidos. Muitas vezes, as tradi\u00e7\u00f5es se confundiam com os fatos concretos, devido aos diferentes idiomas, mas assim mesmo os cultos se mantiveram.<\/p>\n<p>O trabalho de Baronio foi chamado de Martirol\u00f3gio Romano, uma esp\u00e9cie de dicion\u00e1rio dos santos da Igreja de Cristo de todos os tempos. Por\u00e9m ele, ao lidar com os calend\u00e1rios eg\u00edpcio, grego e sir\u00edaco, que comemoravam santa Antonina em datas diferentes, n\u00e3o se deu conta de que as celebra\u00e7\u00f5es homenageavam sempre a mesma pessoa. Isso porque o nome era comum e os mart\u00edrios, descritos de maneira diversa entre si.<\/p>\n<p>O calend\u00e1rio grego dizia que ela foi decapitada; o eg\u00edpcio, que foi queimada viva; e o sir\u00edaco, que tinha morrido afogada. Mais tarde, o que deu luz aos fatos foi um c\u00f3digo geronimiano do s\u00e9culo V, confirmando que apenas uma m\u00e1rtir tinha morrido, em Nicea, com este nome.<\/p>\n<p>Antonina sofreu o mart\u00edrio no s\u00e9culo IV, durante o governo do sanguin\u00e1rio imperador Diocleciano, na cidade de Nicea. Ela foi denunciada como crist\u00e3, presa e condenada \u00e0 morte. Mas antes a torturaram de muitas maneiras. Com ferros em brasa, queimaram-lhe as m\u00e3os e os p\u00e9s. Depois, foi amarrada e colocada numa pequena cela com o ch\u00e3o forrado de brasas, onde ficou por dois dias.<\/p>\n<p>Voltando ao tribunal, n\u00e3o renegou sua f\u00e9. Foi, ent\u00e3o, fechada dentro de um saco e jogada no fundo de um lago pantanoso na periferia de Nicea. Era o dia 4 de maio de 306, data que foi mantida para a venera\u00e7\u00e3o de santa Antonina, a m\u00e1rtir de Nicea.<\/p>\n<div id=\"themify_builder_content-9272\" data-postid=\"9272\" class=\"themify_builder_content themify_builder_content-9272 themify_builder themify_builder_front\">\n\t<\/div>\n<!-- \/themify_builder_content -->","protected":false},"excerpt":{"rendered":"<p>4 d MAIO Antonina \u00e9 o feminino do antigo nome latino Antonius, derivado, provavelmente, do grego Antionos, que significa &#8220;nascido antes&#8221;. \u00c9 um dos nomes mais difundidos entre os povos latinos, que ganhou muitos adeptos entre os crist\u00e3os. Mas, antes de Cristo, era muito comum tamb\u00e9m. Hoje festejamos a santa m\u00e1rtir Antonina, que morreu em [&hellip;]<\/p>\n","protected":false},"author":14,"featured_media":0,"comment_status":"open","ping_status":"open","sticky":false,"template":"","format":"standard","meta":{"ngg_post_thumbnail":0,"footnotes":""},"categories":[186],"tags":[],"yoast_head":"<!-- This site is optimized with the Yoast SEO plugin v23.5 - https:\/\/yoast.com\/wordpress\/plugins\/seo\/ -->\n<title>Santa Antonina - O Arcanjo no ar<\/title>\n<meta name=\"robots\" content=\"index, follow, max-snippet:-1, max-image-preview:large, max-video-preview:-1\" \/>\n<link rel=\"canonical\" href=\"https:\/\/www.oarcanjo.net\/site\/santa-antonina\/\" \/>\n<meta property=\"og:locale\" content=\"pt_BR\" \/>\n<meta property=\"og:type\" content=\"article\" \/>\n<meta property=\"og:title\" content=\"Santa Antonina - O Arcanjo no ar\" \/>\n<meta property=\"og:description\" content=\"4 d MAIO Antonina \u00e9 o feminino do antigo nome latino Antonius, derivado, provavelmente, do grego Antionos, que significa &#8220;nascido antes&#8221;. \u00c9 um dos nomes mais difundidos entre os povos latinos, que ganhou muitos adeptos entre os crist\u00e3os. Mas, antes de Cristo, era muito comum tamb\u00e9m. Hoje festejamos a santa m\u00e1rtir Antonina, que morreu em [&hellip;]\" \/>\n<meta property=\"og:url\" content=\"https:\/\/www.oarcanjo.net\/site\/santa-antonina\/\" \/>\n<meta property=\"og:site_name\" content=\"O Arcanjo no ar\" \/>\n<meta property=\"article:publisher\" content=\"https:\/\/www.facebook.com\/OArcanjoNoAr\/\" \/>\n<meta property=\"article:published_time\" content=\"2019-05-04T09:38:04+00:00\" \/>\n<meta property=\"article:modified_time\" content=\"2019-02-20T17:36:37+00:00\" \/>\n<meta property=\"og:image\" content=\"http:\/\/www.oarcanjo.net\/site\/wp-content\/uploads\/Santa-Antonina.jpg\" \/>\n<meta name=\"author\" content=\"danilo\" \/>\n<meta name=\"twitter:card\" content=\"summary_large_image\" \/>\n<meta name=\"twitter:label1\" content=\"Escrito por\" \/>\n\t<meta name=\"twitter:data1\" content=\"danilo\" \/>\n\t<meta name=\"twitter:label2\" content=\"Est. tempo de leitura\" \/>\n\t<meta name=\"twitter:data2\" content=\"2 minutos\" \/>\n<script type=\"application\/ld+json\" class=\"yoast-schema-graph\">{\"@context\":\"https:\/\/schema.org\",\"@graph\":[{\"@type\":\"Article\",\"@id\":\"https:\/\/www.oarcanjo.net\/site\/santa-antonina\/#article\",\"isPartOf\":{\"@id\":\"https:\/\/www.oarcanjo.net\/site\/santa-antonina\/\"},\"author\":{\"name\":\"danilo\",\"@id\":\"https:\/\/www.oarcanjo.net\/site\/#\/schema\/person\/5eb9480bedd2f3c97e430ce128c29c6c\"},\"headline\":\"Santa Antonina\",\"datePublished\":\"2019-05-04T09:38:04+00:00\",\"dateModified\":\"2019-02-20T17:36:37+00:00\",\"mainEntityOfPage\":{\"@id\":\"https:\/\/www.oarcanjo.net\/site\/santa-antonina\/\"},\"wordCount\":441,\"commentCount\":0,\"publisher\":{\"@id\":\"https:\/\/www.oarcanjo.net\/site\/#organization\"},\"image\":{\"@id\":\"https:\/\/www.oarcanjo.net\/site\/santa-antonina\/#primaryimage\"},\"thumbnailUrl\":\"http:\/\/www.oarcanjo.net\/site\/wp-content\/uploads\/Santa-Antonina.jpg\",\"articleSection\":[\"Testemunhos\"],\"inLanguage\":\"pt-BR\",\"potentialAction\":[{\"@type\":\"CommentAction\",\"name\":\"Comment\",\"target\":[\"https:\/\/www.oarcanjo.net\/site\/santa-antonina\/#respond\"]}]},{\"@type\":\"WebPage\",\"@id\":\"https:\/\/www.oarcanjo.net\/site\/santa-antonina\/\",\"url\":\"https:\/\/www.oarcanjo.net\/site\/santa-antonina\/\",\"name\":\"Santa Antonina - O Arcanjo no ar\",\"isPartOf\":{\"@id\":\"https:\/\/www.oarcanjo.net\/site\/#website\"},\"primaryImageOfPage\":{\"@id\":\"https:\/\/www.oarcanjo.net\/site\/santa-antonina\/#primaryimage\"},\"image\":{\"@id\":\"https:\/\/www.oarcanjo.net\/site\/santa-antonina\/#primaryimage\"},\"thumbnailUrl\":\"http:\/\/www.oarcanjo.net\/site\/wp-content\/uploads\/Santa-Antonina.jpg\",\"datePublished\":\"2019-05-04T09:38:04+00:00\",\"dateModified\":\"2019-02-20T17:36:37+00:00\",\"breadcrumb\":{\"@id\":\"https:\/\/www.oarcanjo.net\/site\/santa-antonina\/#breadcrumb\"},\"inLanguage\":\"pt-BR\",\"potentialAction\":[{\"@type\":\"ReadAction\",\"target\":[\"https:\/\/www.oarcanjo.net\/site\/santa-antonina\/\"]}]},{\"@type\":\"ImageObject\",\"inLanguage\":\"pt-BR\",\"@id\":\"https:\/\/www.oarcanjo.net\/site\/santa-antonina\/#primaryimage\",\"url\":\"https:\/\/www.oarcanjo.net\/site\/wp-content\/uploads\/Santa-Antonina.jpg\",\"contentUrl\":\"https:\/\/www.oarcanjo.net\/site\/wp-content\/uploads\/Santa-Antonina.jpg\",\"width\":274,\"height\":435,\"caption\":\"Santa Antonina\"},{\"@type\":\"BreadcrumbList\",\"@id\":\"https:\/\/www.oarcanjo.net\/site\/santa-antonina\/#breadcrumb\",\"itemListElement\":[{\"@type\":\"ListItem\",\"position\":1,\"name\":\"In\u00edcio\",\"item\":\"https:\/\/www.oarcanjo.net\/site\/\"},{\"@type\":\"ListItem\",\"position\":2,\"name\":\"Santa Antonina\"}]},{\"@type\":\"WebSite\",\"@id\":\"https:\/\/www.oarcanjo.net\/site\/#website\",\"url\":\"https:\/\/www.oarcanjo.net\/site\/\",\"name\":\"O Arcanjo no ar\",\"description\":\"Site da Par\u00f3quia S\u00e3o Miguel Arcanjo (Arquidiocese de SP)\",\"publisher\":{\"@id\":\"https:\/\/www.oarcanjo.net\/site\/#organization\"},\"potentialAction\":[{\"@type\":\"SearchAction\",\"target\":{\"@type\":\"EntryPoint\",\"urlTemplate\":\"https:\/\/www.oarcanjo.net\/site\/?s={search_term_string}\"},\"query-input\":{\"@type\":\"PropertyValueSpecification\",\"valueRequired\":true,\"valueName\":\"search_term_string\"}}],\"inLanguage\":\"pt-BR\"},{\"@type\":\"Organization\",\"@id\":\"https:\/\/www.oarcanjo.net\/site\/#organization\",\"name\":\"Par\u00f3quia S\u00e3o Miguel Arcanjo\",\"url\":\"https:\/\/www.oarcanjo.net\/site\/\",\"logo\":{\"@type\":\"ImageObject\",\"inLanguage\":\"pt-BR\",\"@id\":\"https:\/\/www.oarcanjo.net\/site\/#\/schema\/logo\/image\/\",\"url\":\"https:\/\/www.oarcanjo.net\/site\/wp-content\/uploads\/LogoOArcanjo.png\",\"contentUrl\":\"https:\/\/www.oarcanjo.net\/site\/wp-content\/uploads\/LogoOArcanjo.png\",\"width\":319,\"height\":99,\"caption\":\"Par\u00f3quia S\u00e3o Miguel Arcanjo\"},\"image\":{\"@id\":\"https:\/\/www.oarcanjo.net\/site\/#\/schema\/logo\/image\/\"},\"sameAs\":[\"https:\/\/www.facebook.com\/OArcanjoNoAr\/\"]},{\"@type\":\"Person\",\"@id\":\"https:\/\/www.oarcanjo.net\/site\/#\/schema\/person\/5eb9480bedd2f3c97e430ce128c29c6c\",\"name\":\"danilo\"}]}<\/script>\n<!-- \/ Yoast SEO plugin. -->","yoast_head_json":{"title":"Santa Antonina - O Arcanjo no ar","robots":{"index":"index","follow":"follow","max-snippet":"max-snippet:-1","max-image-preview":"max-image-preview:large","max-video-preview":"max-video-preview:-1"},"canonical":"https:\/\/www.oarcanjo.net\/site\/santa-antonina\/","og_locale":"pt_BR","og_type":"article","og_title":"Santa Antonina - O Arcanjo no ar","og_description":"4 d MAIO Antonina \u00e9 o feminino do antigo nome latino Antonius, derivado, provavelmente, do grego Antionos, que significa &#8220;nascido antes&#8221;. \u00c9 um dos nomes mais difundidos entre os povos latinos, que ganhou muitos adeptos entre os crist\u00e3os. Mas, antes de Cristo, era muito comum tamb\u00e9m. Hoje festejamos a santa m\u00e1rtir Antonina, que morreu em [&hellip;]","og_url":"https:\/\/www.oarcanjo.net\/site\/santa-antonina\/","og_site_name":"O Arcanjo no ar","article_publisher":"https:\/\/www.facebook.com\/OArcanjoNoAr\/","article_published_time":"2019-05-04T09:38:04+00:00","article_modified_time":"2019-02-20T17:36:37+00:00","og_image":[{"url":"http:\/\/www.oarcanjo.net\/site\/wp-content\/uploads\/Santa-Antonina.jpg"}],"author":"danilo","twitter_card":"summary_large_image","twitter_misc":{"Escrito por":"danilo","Est. tempo de leitura":"2 minutos"},"schema":{"@context":"https:\/\/schema.org","@graph":[{"@type":"Article","@id":"https:\/\/www.oarcanjo.net\/site\/santa-antonina\/#article","isPartOf":{"@id":"https:\/\/www.oarcanjo.net\/site\/santa-antonina\/"},"author":{"name":"danilo","@id":"https:\/\/www.oarcanjo.net\/site\/#\/schema\/person\/5eb9480bedd2f3c97e430ce128c29c6c"},"headline":"Santa Antonina","datePublished":"2019-05-04T09:38:04+00:00","dateModified":"2019-02-20T17:36:37+00:00","mainEntityOfPage":{"@id":"https:\/\/www.oarcanjo.net\/site\/santa-antonina\/"},"wordCount":441,"commentCount":0,"publisher":{"@id":"https:\/\/www.oarcanjo.net\/site\/#organization"},"image":{"@id":"https:\/\/www.oarcanjo.net\/site\/santa-antonina\/#primaryimage"},"thumbnailUrl":"http:\/\/www.oarcanjo.net\/site\/wp-content\/uploads\/Santa-Antonina.jpg","articleSection":["Testemunhos"],"inLanguage":"pt-BR","potentialAction":[{"@type":"CommentAction","name":"Comment","target":["https:\/\/www.oarcanjo.net\/site\/santa-antonina\/#respond"]}]},{"@type":"WebPage","@id":"https:\/\/www.oarcanjo.net\/site\/santa-antonina\/","url":"https:\/\/www.oarcanjo.net\/site\/santa-antonina\/","name":"Santa Antonina - O Arcanjo no ar","isPartOf":{"@id":"https:\/\/www.oarcanjo.net\/site\/#website"},"primaryImageOfPage":{"@id":"https:\/\/www.oarcanjo.net\/site\/santa-antonina\/#primaryimage"},"image":{"@id":"https:\/\/www.oarcanjo.net\/site\/santa-antonina\/#primaryimage"},"thumbnailUrl":"http:\/\/www.oarcanjo.net\/site\/wp-content\/uploads\/Santa-Antonina.jpg","datePublished":"2019-05-04T09:38:04+00:00","dateModified":"2019-02-20T17:36:37+00:00","breadcrumb":{"@id":"https:\/\/www.oarcanjo.net\/site\/santa-antonina\/#breadcrumb"},"inLanguage":"pt-BR","potentialAction":[{"@type":"ReadAction","target":["https:\/\/www.oarcanjo.net\/site\/santa-antonina\/"]}]},{"@type":"ImageObject","inLanguage":"pt-BR","@id":"https:\/\/www.oarcanjo.net\/site\/santa-antonina\/#primaryimage","url":"https:\/\/www.oarcanjo.net\/site\/wp-content\/uploads\/Santa-Antonina.jpg","contentUrl":"https:\/\/www.oarcanjo.net\/site\/wp-content\/uploads\/Santa-Antonina.jpg","width":274,"height":435,"caption":"Santa Antonina"},{"@type":"BreadcrumbList","@id":"https:\/\/www.oarcanjo.net\/site\/santa-antonina\/#breadcrumb","itemListElement":[{"@type":"ListItem","position":1,"name":"In\u00edcio","item":"https:\/\/www.oarcanjo.net\/site\/"},{"@type":"ListItem","position":2,"name":"Santa Antonina"}]},{"@type":"WebSite","@id":"https:\/\/www.oarcanjo.net\/site\/#website","url":"https:\/\/www.oarcanjo.net\/site\/","name":"O Arcanjo no ar","description":"Site da Par\u00f3quia S\u00e3o Miguel Arcanjo (Arquidiocese de SP)","publisher":{"@id":"https:\/\/www.oarcanjo.net\/site\/#organization"},"potentialAction":[{"@type":"SearchAction","target":{"@type":"EntryPoint","urlTemplate":"https:\/\/www.oarcanjo.net\/site\/?s={search_term_string}"},"query-input":{"@type":"PropertyValueSpecification","valueRequired":true,"valueName":"search_term_string"}}],"inLanguage":"pt-BR"},{"@type":"Organization","@id":"https:\/\/www.oarcanjo.net\/site\/#organization","name":"Par\u00f3quia S\u00e3o Miguel Arcanjo","url":"https:\/\/www.oarcanjo.net\/site\/","logo":{"@type":"ImageObject","inLanguage":"pt-BR","@id":"https:\/\/www.oarcanjo.net\/site\/#\/schema\/logo\/image\/","url":"https:\/\/www.oarcanjo.net\/site\/wp-content\/uploads\/LogoOArcanjo.png","contentUrl":"https:\/\/www.oarcanjo.net\/site\/wp-content\/uploads\/LogoOArcanjo.png","width":319,"height":99,"caption":"Par\u00f3quia S\u00e3o Miguel Arcanjo"},"image":{"@id":"https:\/\/www.oarcanjo.net\/site\/#\/schema\/logo\/image\/"},"sameAs":["https:\/\/www.facebook.com\/OArcanjoNoAr\/"]},{"@type":"Person","@id":"https:\/\/www.oarcanjo.net\/site\/#\/schema\/person\/5eb9480bedd2f3c97e430ce128c29c6c","name":"danilo"}]}},"publishpress_future_action":{"enabled":false,"date":"2026-05-07 15:21:59","action":"category","newStatus":"draft","terms":[],"taxonomy":"category"},"publishpress_future_workflow_manual_trigger":{"enabledWorkflows":[]},"_links":{"self":[{"href":"https:\/\/www.oarcanjo.net\/site\/wp-json\/wp\/v2\/posts\/9272"}],"collection":[{"href":"https:\/\/www.oarcanjo.net\/site\/wp-json\/wp\/v2\/posts"}],"about":[{"href":"https:\/\/www.oarcanjo.net\/site\/wp-json\/wp\/v2\/types\/post"}],"author":[{"embeddable":true,"href":"https:\/\/www.oarcanjo.net\/site\/wp-json\/wp\/v2\/users\/14"}],"replies":[{"embeddable":true,"href":"https:\/\/www.oarcanjo.net\/site\/wp-json\/wp\/v2\/comments?post=9272"}],"version-history":[{"count":1,"href":"https:\/\/www.oarcanjo.net\/site\/wp-json\/wp\/v2\/posts\/9272\/revisions"}],"predecessor-version":[{"id":93063,"href":"https:\/\/www.oarcanjo.net\/site\/wp-json\/wp\/v2\/posts\/9272\/revisions\/93063"}],"wp:attachment":[{"href":"https:\/\/www.oarcanjo.net\/site\/wp-json\/wp\/v2\/media?parent=9272"}],"wp:term":[{"taxonomy":"category","embeddable":true,"href":"https:\/\/www.oarcanjo.net\/site\/wp-json\/wp\/v2\/categories?post=9272"},{"taxonomy":"post_tag","embeddable":true,"href":"https:\/\/www.oarcanjo.net\/site\/wp-json\/wp\/v2\/tags?post=9272"}],"curies":[{"name":"wp","href":"https:\/\/api.w.org\/{rel}","templated":true}]}}