
{"id":9274,"date":"2019-05-05T00:39:20","date_gmt":"2019-05-05T03:39:20","guid":{"rendered":"http:\/\/www.oarcanjo.net\/site\/?p=9274"},"modified":"2019-02-20T14:36:40","modified_gmt":"2019-02-20T17:36:40","slug":"santo-angelo","status":"publish","type":"post","link":"https:\/\/www.oarcanjo.net\/site\/santo-angelo\/","title":{"rendered":"Santo \u00c2ngelo"},"content":{"rendered":"<p><img decoding=\"async\" src=\"http:\/\/3.bp.blogspot.com\/_7NaRyO7FDTg\/SgAvkvVOI6I\/AAAAAAAAAWA\/mQd6jQzVBbk\/s400\/Santo+%C3%82ngelo\" alt=\"\" \/><\/p>\n<p>5 de Maio<\/p>\n<p>Uma tradi\u00e7\u00e3o muito antiga nos tr\u00e1s a luz sobre a vida de \u00c2ngelo. Os registros indicam que ele nasceu em 1185, na cidade de Jerusal\u00e9m, de pais judeus pela religi\u00e3o, chamados Jos\u00e9 e Maria, nomes muito comuns na regi\u00e3o. E que eles se converteram ap\u00f3s Nossa Senhora ter avisado \u00c2ngelo, durante as ora\u00e7\u00f5es, que ele teria um irm\u00e3o, o que lhes parecia imposs\u00edvel, porque seus pais eram idosos. Mas isso aconteceu. Emocionados, receberam o batismo junto com a crian\u00e7a, \u00e0 qual deram o nome de Jo\u00e3o. Mais tarde, ele tamb\u00e9m vestiu o h\u00e1bito carmelita.<\/p>\n<p>\u00c2ngelo viveu em muitos conventos da Palestina e da \u00c1sia Menor. Recebeu muitas gra\u00e7as do Senhor, sobretudo o dom da profecia e dos milagres, depois de viver cinco anos no monte Carmelo, mesmo lugar onde viveu o profeta Elias. Entrou para a Ordem do Carmo quando tinha apenas dezoito anos e, em 1213, foi ordenado sacerdote.<\/p>\n<p>Ainda segundo a tradi\u00e7\u00e3o, \u00c2ngelo saiu do monte Carmelo com os primeiros carmelitas que foram para Roma a fim de obter do papa Hon\u00f3rio III a aprova\u00e7\u00e3o da Regra do Carmelo, e depois imigraram para a Sic\u00edlia.<\/p>\n<p>L\u00e1, ao visitar a bas\u00edlica de S\u00e3o Jo\u00e3o, se encontrou com os sacerdotes, que se tornaram santos, Domingos de Gusm\u00e3o e Francisco de Assis, instante em que previu e anunciou a sua morte como m\u00e1rtir de Jesus Cristo.<\/p>\n<p>Dentre seus grandes feitos, o que mais se destaca \u00e9 o trabalho de evangeliza\u00e7\u00e3o que manteve entre os hereges c\u00e1taros daquela cidade. A hist\u00f3ria narra que ele conseguiu converter at\u00e9 uma mulher que, antes disso, mantinha uma vida de pecados, at\u00e9 mesmo uma rela\u00e7\u00e3o incestuosa com um rico senhor do lugar.<\/p>\n<p>No dia 5 de maio de 1220, \u00c2ngelo fez sua \u00faltima prega\u00e7\u00e3o na igreja de S\u00e3o Tiago de Licata, na Sic\u00edlia. Nesse dia foi morto, v\u00edtima daquele rico homem, que n\u00e3o se conformou com o abandono e a convers\u00e3o de sua amante, encomendando o assassinato.<\/p>\n<p>Venerado pela popula\u00e7\u00e3o, logo uma igreja foi erguida no lugar de seu mart\u00edrio, onde foi sepultado o seu corpo. A Igreja canonizou o m\u00e1rtir santo \u00c2ngelo em 1498. Por\u00e9m somente em 1662 as suas rel\u00edquias foram transladadas para a igreja dos carmelitas. O seu culto se difundiu amplamente no meio dos fi\u00e9is e na Ordem do Carmo.<\/p>\n<p>Santo \u00c2ngelo foi nomeado padroeiro de muitas localidades, inicialmente na It\u00e1lia, depois em outras regi\u00f5es da Europa. Sua venera\u00e7\u00e3o se mant\u00e9m at\u00e9 os nossos dias, sendo invocado pelo povo e devotos nas situa\u00e7\u00f5es de suas dificuldades. Os primeiros padres carmelitas da Am\u00e9rica difundiram a sua devo\u00e7\u00e3o, construindo igrejas, nomeando as aldeias que se formavam, e expandiram o seu culto, que tamb\u00e9m chegou ao Brasil.<\/p>\n<div id=\"themify_builder_content-9274\" data-postid=\"9274\" class=\"themify_builder_content themify_builder_content-9274 themify_builder themify_builder_front\">\n\t<\/div>\n<!-- \/themify_builder_content -->","protected":false},"excerpt":{"rendered":"<p>5 de Maio Uma tradi\u00e7\u00e3o muito antiga nos tr\u00e1s a luz sobre a vida de \u00c2ngelo. Os registros indicam que ele nasceu em 1185, na cidade de Jerusal\u00e9m, de pais judeus pela religi\u00e3o, chamados Jos\u00e9 e Maria, nomes muito comuns na regi\u00e3o. E que eles se converteram ap\u00f3s Nossa Senhora ter avisado \u00c2ngelo, durante as [&hellip;]<\/p>\n","protected":false},"author":14,"featured_media":0,"comment_status":"open","ping_status":"open","sticky":false,"template":"","format":"standard","meta":{"ngg_post_thumbnail":0,"footnotes":""},"categories":[186],"tags":[],"yoast_head":"<!-- This site is optimized with the Yoast SEO plugin v23.5 - https:\/\/yoast.com\/wordpress\/plugins\/seo\/ -->\n<title>Santo \u00c2ngelo - O Arcanjo no ar<\/title>\n<meta name=\"robots\" content=\"index, follow, max-snippet:-1, max-image-preview:large, max-video-preview:-1\" \/>\n<link rel=\"canonical\" href=\"https:\/\/www.oarcanjo.net\/site\/santo-angelo\/\" \/>\n<meta property=\"og:locale\" content=\"pt_BR\" \/>\n<meta property=\"og:type\" content=\"article\" \/>\n<meta property=\"og:title\" content=\"Santo \u00c2ngelo - O Arcanjo no ar\" \/>\n<meta property=\"og:description\" content=\"5 de Maio Uma tradi\u00e7\u00e3o muito antiga nos tr\u00e1s a luz sobre a vida de \u00c2ngelo. Os registros indicam que ele nasceu em 1185, na cidade de Jerusal\u00e9m, de pais judeus pela religi\u00e3o, chamados Jos\u00e9 e Maria, nomes muito comuns na regi\u00e3o. E que eles se converteram ap\u00f3s Nossa Senhora ter avisado \u00c2ngelo, durante as [&hellip;]\" \/>\n<meta property=\"og:url\" content=\"https:\/\/www.oarcanjo.net\/site\/santo-angelo\/\" \/>\n<meta property=\"og:site_name\" content=\"O Arcanjo no ar\" \/>\n<meta property=\"article:publisher\" content=\"https:\/\/www.facebook.com\/OArcanjoNoAr\/\" \/>\n<meta property=\"article:published_time\" content=\"2019-05-05T03:39:20+00:00\" \/>\n<meta property=\"article:modified_time\" content=\"2019-02-20T17:36:40+00:00\" \/>\n<meta property=\"og:image\" content=\"http:\/\/3.bp.blogspot.com\/_7NaRyO7FDTg\/SgAvkvVOI6I\/AAAAAAAAAWA\/mQd6jQzVBbk\/s400\/Santo+%C3%82ngelo\" \/>\n<meta name=\"author\" content=\"danilo\" \/>\n<meta name=\"twitter:card\" content=\"summary_large_image\" \/>\n<meta name=\"twitter:label1\" content=\"Escrito por\" \/>\n\t<meta name=\"twitter:data1\" content=\"danilo\" \/>\n\t<meta name=\"twitter:label2\" content=\"Est. tempo de leitura\" \/>\n\t<meta name=\"twitter:data2\" content=\"2 minutos\" \/>\n<script type=\"application\/ld+json\" class=\"yoast-schema-graph\">{\"@context\":\"https:\/\/schema.org\",\"@graph\":[{\"@type\":\"Article\",\"@id\":\"https:\/\/www.oarcanjo.net\/site\/santo-angelo\/#article\",\"isPartOf\":{\"@id\":\"https:\/\/www.oarcanjo.net\/site\/santo-angelo\/\"},\"author\":{\"name\":\"danilo\",\"@id\":\"https:\/\/www.oarcanjo.net\/site\/#\/schema\/person\/5eb9480bedd2f3c97e430ce128c29c6c\"},\"headline\":\"Santo \u00c2ngelo\",\"datePublished\":\"2019-05-05T03:39:20+00:00\",\"dateModified\":\"2019-02-20T17:36:40+00:00\",\"mainEntityOfPage\":{\"@id\":\"https:\/\/www.oarcanjo.net\/site\/santo-angelo\/\"},\"wordCount\":485,\"commentCount\":0,\"publisher\":{\"@id\":\"https:\/\/www.oarcanjo.net\/site\/#organization\"},\"image\":{\"@id\":\"https:\/\/www.oarcanjo.net\/site\/santo-angelo\/#primaryimage\"},\"thumbnailUrl\":\"http:\/\/3.bp.blogspot.com\/_7NaRyO7FDTg\/SgAvkvVOI6I\/AAAAAAAAAWA\/mQd6jQzVBbk\/s400\/Santo+%C3%82ngelo\",\"articleSection\":[\"Testemunhos\"],\"inLanguage\":\"pt-BR\",\"potentialAction\":[{\"@type\":\"CommentAction\",\"name\":\"Comment\",\"target\":[\"https:\/\/www.oarcanjo.net\/site\/santo-angelo\/#respond\"]}]},{\"@type\":\"WebPage\",\"@id\":\"https:\/\/www.oarcanjo.net\/site\/santo-angelo\/\",\"url\":\"https:\/\/www.oarcanjo.net\/site\/santo-angelo\/\",\"name\":\"Santo \u00c2ngelo - O Arcanjo no ar\",\"isPartOf\":{\"@id\":\"https:\/\/www.oarcanjo.net\/site\/#website\"},\"primaryImageOfPage\":{\"@id\":\"https:\/\/www.oarcanjo.net\/site\/santo-angelo\/#primaryimage\"},\"image\":{\"@id\":\"https:\/\/www.oarcanjo.net\/site\/santo-angelo\/#primaryimage\"},\"thumbnailUrl\":\"http:\/\/3.bp.blogspot.com\/_7NaRyO7FDTg\/SgAvkvVOI6I\/AAAAAAAAAWA\/mQd6jQzVBbk\/s400\/Santo+%C3%82ngelo\",\"datePublished\":\"2019-05-05T03:39:20+00:00\",\"dateModified\":\"2019-02-20T17:36:40+00:00\",\"breadcrumb\":{\"@id\":\"https:\/\/www.oarcanjo.net\/site\/santo-angelo\/#breadcrumb\"},\"inLanguage\":\"pt-BR\",\"potentialAction\":[{\"@type\":\"ReadAction\",\"target\":[\"https:\/\/www.oarcanjo.net\/site\/santo-angelo\/\"]}]},{\"@type\":\"ImageObject\",\"inLanguage\":\"pt-BR\",\"@id\":\"https:\/\/www.oarcanjo.net\/site\/santo-angelo\/#primaryimage\",\"url\":\"http:\/\/3.bp.blogspot.com\/_7NaRyO7FDTg\/SgAvkvVOI6I\/AAAAAAAAAWA\/mQd6jQzVBbk\/s400\/Santo+%C3%82ngelo\",\"contentUrl\":\"http:\/\/3.bp.blogspot.com\/_7NaRyO7FDTg\/SgAvkvVOI6I\/AAAAAAAAAWA\/mQd6jQzVBbk\/s400\/Santo+%C3%82ngelo\"},{\"@type\":\"BreadcrumbList\",\"@id\":\"https:\/\/www.oarcanjo.net\/site\/santo-angelo\/#breadcrumb\",\"itemListElement\":[{\"@type\":\"ListItem\",\"position\":1,\"name\":\"In\u00edcio\",\"item\":\"https:\/\/www.oarcanjo.net\/site\/\"},{\"@type\":\"ListItem\",\"position\":2,\"name\":\"Santo \u00c2ngelo\"}]},{\"@type\":\"WebSite\",\"@id\":\"https:\/\/www.oarcanjo.net\/site\/#website\",\"url\":\"https:\/\/www.oarcanjo.net\/site\/\",\"name\":\"O Arcanjo no ar\",\"description\":\"Site da Par\u00f3quia S\u00e3o Miguel Arcanjo (Arquidiocese de SP)\",\"publisher\":{\"@id\":\"https:\/\/www.oarcanjo.net\/site\/#organization\"},\"potentialAction\":[{\"@type\":\"SearchAction\",\"target\":{\"@type\":\"EntryPoint\",\"urlTemplate\":\"https:\/\/www.oarcanjo.net\/site\/?s={search_term_string}\"},\"query-input\":{\"@type\":\"PropertyValueSpecification\",\"valueRequired\":true,\"valueName\":\"search_term_string\"}}],\"inLanguage\":\"pt-BR\"},{\"@type\":\"Organization\",\"@id\":\"https:\/\/www.oarcanjo.net\/site\/#organization\",\"name\":\"Par\u00f3quia S\u00e3o Miguel Arcanjo\",\"url\":\"https:\/\/www.oarcanjo.net\/site\/\",\"logo\":{\"@type\":\"ImageObject\",\"inLanguage\":\"pt-BR\",\"@id\":\"https:\/\/www.oarcanjo.net\/site\/#\/schema\/logo\/image\/\",\"url\":\"https:\/\/www.oarcanjo.net\/site\/wp-content\/uploads\/LogoOArcanjo.png\",\"contentUrl\":\"https:\/\/www.oarcanjo.net\/site\/wp-content\/uploads\/LogoOArcanjo.png\",\"width\":319,\"height\":99,\"caption\":\"Par\u00f3quia S\u00e3o Miguel Arcanjo\"},\"image\":{\"@id\":\"https:\/\/www.oarcanjo.net\/site\/#\/schema\/logo\/image\/\"},\"sameAs\":[\"https:\/\/www.facebook.com\/OArcanjoNoAr\/\"]},{\"@type\":\"Person\",\"@id\":\"https:\/\/www.oarcanjo.net\/site\/#\/schema\/person\/5eb9480bedd2f3c97e430ce128c29c6c\",\"name\":\"danilo\"}]}<\/script>\n<!-- \/ Yoast SEO plugin. -->","yoast_head_json":{"title":"Santo \u00c2ngelo - O Arcanjo no ar","robots":{"index":"index","follow":"follow","max-snippet":"max-snippet:-1","max-image-preview":"max-image-preview:large","max-video-preview":"max-video-preview:-1"},"canonical":"https:\/\/www.oarcanjo.net\/site\/santo-angelo\/","og_locale":"pt_BR","og_type":"article","og_title":"Santo \u00c2ngelo - O Arcanjo no ar","og_description":"5 de Maio Uma tradi\u00e7\u00e3o muito antiga nos tr\u00e1s a luz sobre a vida de \u00c2ngelo. Os registros indicam que ele nasceu em 1185, na cidade de Jerusal\u00e9m, de pais judeus pela religi\u00e3o, chamados Jos\u00e9 e Maria, nomes muito comuns na regi\u00e3o. E que eles se converteram ap\u00f3s Nossa Senhora ter avisado \u00c2ngelo, durante as [&hellip;]","og_url":"https:\/\/www.oarcanjo.net\/site\/santo-angelo\/","og_site_name":"O Arcanjo no ar","article_publisher":"https:\/\/www.facebook.com\/OArcanjoNoAr\/","article_published_time":"2019-05-05T03:39:20+00:00","article_modified_time":"2019-02-20T17:36:40+00:00","og_image":[{"url":"http:\/\/3.bp.blogspot.com\/_7NaRyO7FDTg\/SgAvkvVOI6I\/AAAAAAAAAWA\/mQd6jQzVBbk\/s400\/Santo+%C3%82ngelo"}],"author":"danilo","twitter_card":"summary_large_image","twitter_misc":{"Escrito por":"danilo","Est. tempo de leitura":"2 minutos"},"schema":{"@context":"https:\/\/schema.org","@graph":[{"@type":"Article","@id":"https:\/\/www.oarcanjo.net\/site\/santo-angelo\/#article","isPartOf":{"@id":"https:\/\/www.oarcanjo.net\/site\/santo-angelo\/"},"author":{"name":"danilo","@id":"https:\/\/www.oarcanjo.net\/site\/#\/schema\/person\/5eb9480bedd2f3c97e430ce128c29c6c"},"headline":"Santo \u00c2ngelo","datePublished":"2019-05-05T03:39:20+00:00","dateModified":"2019-02-20T17:36:40+00:00","mainEntityOfPage":{"@id":"https:\/\/www.oarcanjo.net\/site\/santo-angelo\/"},"wordCount":485,"commentCount":0,"publisher":{"@id":"https:\/\/www.oarcanjo.net\/site\/#organization"},"image":{"@id":"https:\/\/www.oarcanjo.net\/site\/santo-angelo\/#primaryimage"},"thumbnailUrl":"http:\/\/3.bp.blogspot.com\/_7NaRyO7FDTg\/SgAvkvVOI6I\/AAAAAAAAAWA\/mQd6jQzVBbk\/s400\/Santo+%C3%82ngelo","articleSection":["Testemunhos"],"inLanguage":"pt-BR","potentialAction":[{"@type":"CommentAction","name":"Comment","target":["https:\/\/www.oarcanjo.net\/site\/santo-angelo\/#respond"]}]},{"@type":"WebPage","@id":"https:\/\/www.oarcanjo.net\/site\/santo-angelo\/","url":"https:\/\/www.oarcanjo.net\/site\/santo-angelo\/","name":"Santo \u00c2ngelo - O Arcanjo no ar","isPartOf":{"@id":"https:\/\/www.oarcanjo.net\/site\/#website"},"primaryImageOfPage":{"@id":"https:\/\/www.oarcanjo.net\/site\/santo-angelo\/#primaryimage"},"image":{"@id":"https:\/\/www.oarcanjo.net\/site\/santo-angelo\/#primaryimage"},"thumbnailUrl":"http:\/\/3.bp.blogspot.com\/_7NaRyO7FDTg\/SgAvkvVOI6I\/AAAAAAAAAWA\/mQd6jQzVBbk\/s400\/Santo+%C3%82ngelo","datePublished":"2019-05-05T03:39:20+00:00","dateModified":"2019-02-20T17:36:40+00:00","breadcrumb":{"@id":"https:\/\/www.oarcanjo.net\/site\/santo-angelo\/#breadcrumb"},"inLanguage":"pt-BR","potentialAction":[{"@type":"ReadAction","target":["https:\/\/www.oarcanjo.net\/site\/santo-angelo\/"]}]},{"@type":"ImageObject","inLanguage":"pt-BR","@id":"https:\/\/www.oarcanjo.net\/site\/santo-angelo\/#primaryimage","url":"http:\/\/3.bp.blogspot.com\/_7NaRyO7FDTg\/SgAvkvVOI6I\/AAAAAAAAAWA\/mQd6jQzVBbk\/s400\/Santo+%C3%82ngelo","contentUrl":"http:\/\/3.bp.blogspot.com\/_7NaRyO7FDTg\/SgAvkvVOI6I\/AAAAAAAAAWA\/mQd6jQzVBbk\/s400\/Santo+%C3%82ngelo"},{"@type":"BreadcrumbList","@id":"https:\/\/www.oarcanjo.net\/site\/santo-angelo\/#breadcrumb","itemListElement":[{"@type":"ListItem","position":1,"name":"In\u00edcio","item":"https:\/\/www.oarcanjo.net\/site\/"},{"@type":"ListItem","position":2,"name":"Santo \u00c2ngelo"}]},{"@type":"WebSite","@id":"https:\/\/www.oarcanjo.net\/site\/#website","url":"https:\/\/www.oarcanjo.net\/site\/","name":"O Arcanjo no ar","description":"Site da Par\u00f3quia S\u00e3o Miguel Arcanjo (Arquidiocese de SP)","publisher":{"@id":"https:\/\/www.oarcanjo.net\/site\/#organization"},"potentialAction":[{"@type":"SearchAction","target":{"@type":"EntryPoint","urlTemplate":"https:\/\/www.oarcanjo.net\/site\/?s={search_term_string}"},"query-input":{"@type":"PropertyValueSpecification","valueRequired":true,"valueName":"search_term_string"}}],"inLanguage":"pt-BR"},{"@type":"Organization","@id":"https:\/\/www.oarcanjo.net\/site\/#organization","name":"Par\u00f3quia S\u00e3o Miguel Arcanjo","url":"https:\/\/www.oarcanjo.net\/site\/","logo":{"@type":"ImageObject","inLanguage":"pt-BR","@id":"https:\/\/www.oarcanjo.net\/site\/#\/schema\/logo\/image\/","url":"https:\/\/www.oarcanjo.net\/site\/wp-content\/uploads\/LogoOArcanjo.png","contentUrl":"https:\/\/www.oarcanjo.net\/site\/wp-content\/uploads\/LogoOArcanjo.png","width":319,"height":99,"caption":"Par\u00f3quia S\u00e3o Miguel Arcanjo"},"image":{"@id":"https:\/\/www.oarcanjo.net\/site\/#\/schema\/logo\/image\/"},"sameAs":["https:\/\/www.facebook.com\/OArcanjoNoAr\/"]},{"@type":"Person","@id":"https:\/\/www.oarcanjo.net\/site\/#\/schema\/person\/5eb9480bedd2f3c97e430ce128c29c6c","name":"danilo"}]}},"publishpress_future_action":{"enabled":false,"date":"2026-05-07 15:22:53","action":"category","newStatus":"draft","terms":[],"taxonomy":"category"},"publishpress_future_workflow_manual_trigger":{"enabledWorkflows":[]},"_links":{"self":[{"href":"https:\/\/www.oarcanjo.net\/site\/wp-json\/wp\/v2\/posts\/9274"}],"collection":[{"href":"https:\/\/www.oarcanjo.net\/site\/wp-json\/wp\/v2\/posts"}],"about":[{"href":"https:\/\/www.oarcanjo.net\/site\/wp-json\/wp\/v2\/types\/post"}],"author":[{"embeddable":true,"href":"https:\/\/www.oarcanjo.net\/site\/wp-json\/wp\/v2\/users\/14"}],"replies":[{"embeddable":true,"href":"https:\/\/www.oarcanjo.net\/site\/wp-json\/wp\/v2\/comments?post=9274"}],"version-history":[{"count":1,"href":"https:\/\/www.oarcanjo.net\/site\/wp-json\/wp\/v2\/posts\/9274\/revisions"}],"predecessor-version":[{"id":93064,"href":"https:\/\/www.oarcanjo.net\/site\/wp-json\/wp\/v2\/posts\/9274\/revisions\/93064"}],"wp:attachment":[{"href":"https:\/\/www.oarcanjo.net\/site\/wp-json\/wp\/v2\/media?parent=9274"}],"wp:term":[{"taxonomy":"category","embeddable":true,"href":"https:\/\/www.oarcanjo.net\/site\/wp-json\/wp\/v2\/categories?post=9274"},{"taxonomy":"post_tag","embeddable":true,"href":"https:\/\/www.oarcanjo.net\/site\/wp-json\/wp\/v2\/tags?post=9274"}],"curies":[{"name":"wp","href":"https:\/\/api.w.org\/{rel}","templated":true}]}}