
{"id":9277,"date":"2019-05-06T00:38:10","date_gmt":"2019-05-06T03:38:10","guid":{"rendered":"http:\/\/www.oarcanjo.net\/site\/?p=9277"},"modified":"2019-02-20T14:34:54","modified_gmt":"2019-02-20T17:34:54","slug":"sao-domingos-savio","status":"publish","type":"post","link":"https:\/\/www.oarcanjo.net\/site\/sao-domingos-savio\/","title":{"rendered":"S\u00e3o Domingos S\u00e1vio"},"content":{"rendered":"<p><img decoding=\"async\" src=\"http:\/\/3.bp.blogspot.com\/_VsL8VkjSZWw\/SgDDxmQ29xI\/AAAAAAAABHg\/E80m1VKERjY\/s400\/San_Domenico_Savio_BE.jpg\" alt=\"\" \/><\/p>\n<p>6 de Maio<\/p>\n<p>\u00a0Pequeno Domingos S\u00e1vio nasceu aos 2 de abril de 1842 numa aldeia perto de Turin.<br \/>\nFilho do ferreiro Carlos S\u00e1vio e da Dona Br\u00edgida, que apesar da extrema pobreza, viviam num ambiente familiar de amor, f\u00e9 e alegria.<br \/>\nDomingos era uma crian\u00e7a especial e sempre surpreendia seus pais com gestos de afeto, palavras de encorajamento e edifica\u00e7\u00e3o<br \/>\nNo ano de 1847, os S\u00e1vio partem para um lugar, chamado Murialdo, D. Br\u00edgida trabalhava como costureira, al\u00e9m de cuidar dos afazeres dom\u00e9sticos, e Seu Carlos S\u00e1vio, al\u00e9m de ferreiro, trabalhava no campo.<br \/>\nO Capel\u00e3o de Murialdo era o Padre Jo\u00e3o Zucca, Sacerdote Santo e piedoso que logo percebeu no pequeno Domingos S\u00e1vio um perfume de Santidade.<br \/>\nNuma fria manh\u00e3 de inverno, por volta das 5 horas. Padre Jo\u00e3o ao abrir a Igreja para a primeira missa , encontra o pequeno Domingos, envolto em agasalhos, na escadaria aguardando a missa, tinha apenas 5 anos de idade.<br \/>\nDaquele dia em diante Domingos S\u00e1vio come\u00e7ou a servir nas missas como coroinha.<br \/>\nNo ano de 1848, Domingos come\u00e7a a frequentar o 1\u00b0 ano prim\u00e1rio e por sorte seu professor era o Padre Jo\u00e3o Zucca.<br \/>\nEra comum naquela \u00e9poca que as crian\u00e7as recebessem a 1\u00aa comunh\u00e3o aos 12 anos, por\u00e9m, Padre Jo\u00e3o Zucca , conversando com alguns sacerdotes dos povoados vizinhos e de comum acordo quiseram conhecer Domingos que estava com 7 anos e testar seus conhecimentos e virtudes.<br \/>\nTodos os sacerdotes foram un\u00e2nimes em aprovar nosso Santinho, e no dia 08 de abril de 1849, festa da P\u00e1scoa, recebeu Jesus na Eucaristia.<br \/>\nAo chegar em casa, escreve seu tratado de vida:<\/p>\n<p><strong><em>\u201cLambran\u00e7as da minha 1\u00b0 Comunh\u00e3o.\u201d<\/p>\n<p>01. Confessar-me-ei com muita frequ\u00eancia e farei a comunh\u00e3o todas as vezes que o confessor permitir.<br \/>\n02. Quero santificar os Dias Santos.<br \/>\n03. Meus amigos ser\u00e3o Jesus e Maria.<br \/>\n04. Antes morrer que pecar<\/em><\/strong><\/p>\n<p>Para continuar seus estudos, Domingos deveria ir e vir a Castelnuovo que distava cerca de 5 km de sua casa, perfazendo, assim, 10 km di\u00e1rios. Apesar de sua apar\u00eancia fr\u00e1gil e de sua estatura franzina, suportava frio, chuva e calor com paci\u00eancia e amor.<br \/>\nCerto dia um campon\u00eas que diariamente o via passar a p\u00e9 perguntou-lhe:<br \/>\n<em>-Voc\u00ea n\u00e3o tem medo de andar sozinho por estes caminhos:<br \/>\n-Nunca estou s\u00f3, meu anjo da guarda me acompanha! Respondeu Domingos.<br \/>\nO campon\u00eas, surpreso acrescentou:<br \/>\n-Vai se cansar, com este calor!<br \/>\n-N\u00e3o, n\u00e3o me canso porque trabalho para um patr\u00e3o que me paga muito bem!<br \/>\n-Para quem trabalhas? Quem \u00e9 teu patr\u00e3o?<br \/>\n&#8211; Nosso Senhor, que paga at\u00e9 um copo de \u00e1gua dado por seu amor!<\/em><br \/>\nA fam\u00edlia S\u00e1vio decidiu retornar para Mond\u00f4nio, l\u00e1 havia escolas e Domingos n\u00e3o precisaria caminhar tanto.<br \/>\nNo Col\u00e9gio conheceu Pe. Cagliero, que era seu professor e logo percebeu em Domingos uma grande bondade.<br \/>\nAinda neste col\u00e9gio, Domingos, foi injustamente acusado de uma grave falta que seus colegas cometeram. Ele por\u00e9m calou-se! Foi repreendido publicamente mesmo sendo inocente.<br \/>\nO Pe. Cagliero era amigo e conterraneo de Dom Bosco, e pensou que a seu lado Domingos Savio receberia uma excelente forma\u00e7\u00e3o.<br \/>\nNo dia 2 de outubro de 1854, aconteceu o primeiro encontro, em Castelnuevo, na frente da casa do irm\u00e3o de Dom Bosco.<br \/>\nDomingos S\u00e1vio perguntou \u00e0 Dom Bosco: <a href=\"http:\/\/santiebeati.it\/immagini\/Original\/32300\/32300X.JPG\"><img decoding=\"async\" src=\"http:\/\/santiebeati.it\/immagini\/Original\/32300\/32300X.JPG\" border=\"0\" alt=\"\" \/><\/a><br \/>\n<em>-Leva-me a Turim para estudar?<br \/>\n-\u00c9, parace que temos \u00e1i uma boa fazenda! Respondeu Dom Bosco.<br \/>\n-E para que pode servir essa fazenda? Perguntou Domingos Savio<br \/>\n-Para fazer uma roupa e d\u00e1-la de presente<br \/>\na Nosso Senhor.<br \/>\n-Ent\u00e3o eu sou a fazenda e o Senhor \u00e9 o alfaiate, leve-me e fa\u00e7a de mim uma bela roupa.<\/em><br \/>\nSendo assim, no dia 29 de outrubro de 1854, Domingos fez um pacote com livros e roupas e tambem com algumas guloseimas que sua m\u00e3e preparou para a viagem. A separa\u00e7\u00e3o foi penosa, por\u00e9m decisiva.<br \/>\nDomingos cheio de encanto, apesar da separa\u00e7\u00e3o da familia, encontrou um lar, o pai Dom Bosco e a Dona Margarida m\u00e3e de Dom Bosco, e mais 115 irm\u00e3os que corriam, jogavam, estudavam, aprendiam algum oficio e rezavam.<br \/>\nDom Bosco, a cada instante, se surpreendia com seu aluno Domingos!<br \/>\nDomingos dizia:<em> \u201cOs olhos s\u00e3o a janela da alma. Pela janela passa o que se deixa passar. Por ela podemos deixar passar um anjo ou um demonio, e fazer com que um deles se torne dono do nosso cora\u00e7\u00e3o\u201d <\/em>e assim Domingos dava exemplos e li\u00e7\u00f5es de vida, com o tempo conquistou a todos, at\u00e9 que em fevereiro de 1857, durante um rigoroso inverno, foi acometido de uma tosse gravissima e a conselho de Dom Bosco, voltou para casa de seus pais para um bom tratamento.<br \/>\nDomingos, ao se despedir de Dom Bosco disse:<br \/>\n<em>-Eu n\u00e3o volto mais&#8230; Em seguida pede a Dom Bosco perd\u00e3o e este assim respodeu:<br \/>\n-Garanto-lhe em nome de Deus que seus pecados foram todos perdoados.<br \/>\n<\/em>Domingos beija a m\u00e3o do pai Dom Bosco e parte para sua casa, a dor da partirda dilacera o cora\u00e7\u00e3o do mestre e seus colegas.<br \/>\nAo chegar em casa recebe o amor e a afei\u00e7\u00e3o de seus pais e irm\u00e3os, todos fazem festa com a sua volta, seu estado de sa\u00fade se agrava e s\u00e3o obrigados a chamar o m\u00e9dico.<br \/>\nPor alguns dias o m\u00e9dico acompanhou o sofirmento do jovem Domingos, porem seus estado piorava e ele se mantinha sereno, apesar das dores.<br \/>\nEm tudo daca gra\u00e7as a Deus e tudo ofericia por amor a Jesus.<br \/>\n<em>Domingos S\u00e1vio tinha dois sonhos na vida, tornar-se padre e alcan\u00e7ar a santidade. O primeiro n\u00e3o conseguiu porque a terr\u00edvel doen\u00e7a o levou antes, mas o sonho maior foi alcan\u00e7ado com uma vida exemplar. Curta, pois morreu com quinze anos de idade, mas perfeita para os par\u00e2metros da Igreja, que o canonizou em 1957.<\/p>\n<p>Nessa solenidade, o papa Pio XII o definiu como &#8220;pequeno, por\u00e9m um grande gigante de alma&#8221; e o declarou padroeiro dos cantores infantis. Suas rel\u00edquias s\u00e3o veneradas na bas\u00edlica de Nossa Senhora Auxiliadora, em Torino, It\u00e1lia, n\u00e3o muito distantes do seu professor e bi\u00f3grafo s\u00e3o Jo\u00e3o Bosco. A sua festa foi marcada para o dia 6 de maio.<\/em><\/p>\n<p><em><br \/>\n<strong>Oremos<\/p>\n<p>\u00d3 am\u00e1vel S\u00e3o Domingos S\u00e1vio, que em vossa breve vida, fostes admiravel exemplo de virtudes crist\u00e3s, ensinai-no a amar Jesus com vosso fervor, \u00e0 Virgem Santa com vossa pureza \u00e0s almas com vosso zelo; fazei ainda que imitando-vos no proposito de tornarmo-nos santos, saibamos como v\u00f3s preferir a morte ao pecado, para poder-vos encontrar na eterna felicidade do c\u00e9u.<\/strong><br \/>\n<\/em><\/p>\n<div id=\"themify_builder_content-9277\" data-postid=\"9277\" class=\"themify_builder_content themify_builder_content-9277 themify_builder themify_builder_front\">\n\t<\/div>\n<!-- \/themify_builder_content -->","protected":false},"excerpt":{"rendered":"<p>6 de Maio \u00a0Pequeno Domingos S\u00e1vio nasceu aos 2 de abril de 1842 numa aldeia perto de Turin. Filho do ferreiro Carlos S\u00e1vio e da Dona Br\u00edgida, que apesar da extrema pobreza, viviam num ambiente familiar de amor, f\u00e9 e alegria. Domingos era uma crian\u00e7a especial e sempre surpreendia seus pais com gestos de afeto, [&hellip;]<\/p>\n","protected":false},"author":14,"featured_media":0,"comment_status":"open","ping_status":"open","sticky":false,"template":"","format":"standard","meta":{"ngg_post_thumbnail":0,"footnotes":""},"categories":[186],"tags":[],"yoast_head":"<!-- This site is optimized with the Yoast SEO plugin v23.5 - https:\/\/yoast.com\/wordpress\/plugins\/seo\/ -->\n<title>S\u00e3o Domingos S\u00e1vio - O Arcanjo no ar<\/title>\n<meta name=\"robots\" content=\"index, follow, max-snippet:-1, max-image-preview:large, max-video-preview:-1\" \/>\n<link rel=\"canonical\" href=\"https:\/\/www.oarcanjo.net\/site\/sao-domingos-savio\/\" \/>\n<meta property=\"og:locale\" content=\"pt_BR\" \/>\n<meta property=\"og:type\" content=\"article\" \/>\n<meta property=\"og:title\" content=\"S\u00e3o Domingos S\u00e1vio - O Arcanjo no ar\" \/>\n<meta property=\"og:description\" content=\"6 de Maio \u00a0Pequeno Domingos S\u00e1vio nasceu aos 2 de abril de 1842 numa aldeia perto de Turin. Filho do ferreiro Carlos S\u00e1vio e da Dona Br\u00edgida, que apesar da extrema pobreza, viviam num ambiente familiar de amor, f\u00e9 e alegria. Domingos era uma crian\u00e7a especial e sempre surpreendia seus pais com gestos de afeto, [&hellip;]\" \/>\n<meta property=\"og:url\" content=\"https:\/\/www.oarcanjo.net\/site\/sao-domingos-savio\/\" \/>\n<meta property=\"og:site_name\" content=\"O Arcanjo no ar\" \/>\n<meta property=\"article:publisher\" content=\"https:\/\/www.facebook.com\/OArcanjoNoAr\/\" \/>\n<meta property=\"article:published_time\" content=\"2019-05-06T03:38:10+00:00\" \/>\n<meta property=\"article:modified_time\" content=\"2019-02-20T17:34:54+00:00\" \/>\n<meta property=\"og:image\" content=\"http:\/\/3.bp.blogspot.com\/_VsL8VkjSZWw\/SgDDxmQ29xI\/AAAAAAAABHg\/E80m1VKERjY\/s400\/San_Domenico_Savio_BE.jpg\" \/>\n<meta name=\"author\" content=\"danilo\" \/>\n<meta name=\"twitter:card\" content=\"summary_large_image\" \/>\n<meta name=\"twitter:label1\" content=\"Escrito por\" \/>\n\t<meta name=\"twitter:data1\" content=\"danilo\" \/>\n\t<meta name=\"twitter:label2\" content=\"Est. tempo de leitura\" \/>\n\t<meta name=\"twitter:data2\" content=\"6 minutos\" \/>\n<script type=\"application\/ld+json\" class=\"yoast-schema-graph\">{\"@context\":\"https:\/\/schema.org\",\"@graph\":[{\"@type\":\"Article\",\"@id\":\"https:\/\/www.oarcanjo.net\/site\/sao-domingos-savio\/#article\",\"isPartOf\":{\"@id\":\"https:\/\/www.oarcanjo.net\/site\/sao-domingos-savio\/\"},\"author\":{\"name\":\"danilo\",\"@id\":\"https:\/\/www.oarcanjo.net\/site\/#\/schema\/person\/5eb9480bedd2f3c97e430ce128c29c6c\"},\"headline\":\"S\u00e3o Domingos S\u00e1vio\",\"datePublished\":\"2019-05-06T03:38:10+00:00\",\"dateModified\":\"2019-02-20T17:34:54+00:00\",\"mainEntityOfPage\":{\"@id\":\"https:\/\/www.oarcanjo.net\/site\/sao-domingos-savio\/\"},\"wordCount\":1130,\"commentCount\":1,\"publisher\":{\"@id\":\"https:\/\/www.oarcanjo.net\/site\/#organization\"},\"image\":{\"@id\":\"https:\/\/www.oarcanjo.net\/site\/sao-domingos-savio\/#primaryimage\"},\"thumbnailUrl\":\"http:\/\/3.bp.blogspot.com\/_VsL8VkjSZWw\/SgDDxmQ29xI\/AAAAAAAABHg\/E80m1VKERjY\/s400\/San_Domenico_Savio_BE.jpg\",\"articleSection\":[\"Testemunhos\"],\"inLanguage\":\"pt-BR\",\"potentialAction\":[{\"@type\":\"CommentAction\",\"name\":\"Comment\",\"target\":[\"https:\/\/www.oarcanjo.net\/site\/sao-domingos-savio\/#respond\"]}]},{\"@type\":\"WebPage\",\"@id\":\"https:\/\/www.oarcanjo.net\/site\/sao-domingos-savio\/\",\"url\":\"https:\/\/www.oarcanjo.net\/site\/sao-domingos-savio\/\",\"name\":\"S\u00e3o Domingos S\u00e1vio - O Arcanjo no ar\",\"isPartOf\":{\"@id\":\"https:\/\/www.oarcanjo.net\/site\/#website\"},\"primaryImageOfPage\":{\"@id\":\"https:\/\/www.oarcanjo.net\/site\/sao-domingos-savio\/#primaryimage\"},\"image\":{\"@id\":\"https:\/\/www.oarcanjo.net\/site\/sao-domingos-savio\/#primaryimage\"},\"thumbnailUrl\":\"http:\/\/3.bp.blogspot.com\/_VsL8VkjSZWw\/SgDDxmQ29xI\/AAAAAAAABHg\/E80m1VKERjY\/s400\/San_Domenico_Savio_BE.jpg\",\"datePublished\":\"2019-05-06T03:38:10+00:00\",\"dateModified\":\"2019-02-20T17:34:54+00:00\",\"breadcrumb\":{\"@id\":\"https:\/\/www.oarcanjo.net\/site\/sao-domingos-savio\/#breadcrumb\"},\"inLanguage\":\"pt-BR\",\"potentialAction\":[{\"@type\":\"ReadAction\",\"target\":[\"https:\/\/www.oarcanjo.net\/site\/sao-domingos-savio\/\"]}]},{\"@type\":\"ImageObject\",\"inLanguage\":\"pt-BR\",\"@id\":\"https:\/\/www.oarcanjo.net\/site\/sao-domingos-savio\/#primaryimage\",\"url\":\"http:\/\/3.bp.blogspot.com\/_VsL8VkjSZWw\/SgDDxmQ29xI\/AAAAAAAABHg\/E80m1VKERjY\/s400\/San_Domenico_Savio_BE.jpg\",\"contentUrl\":\"http:\/\/3.bp.blogspot.com\/_VsL8VkjSZWw\/SgDDxmQ29xI\/AAAAAAAABHg\/E80m1VKERjY\/s400\/San_Domenico_Savio_BE.jpg\"},{\"@type\":\"BreadcrumbList\",\"@id\":\"https:\/\/www.oarcanjo.net\/site\/sao-domingos-savio\/#breadcrumb\",\"itemListElement\":[{\"@type\":\"ListItem\",\"position\":1,\"name\":\"In\u00edcio\",\"item\":\"https:\/\/www.oarcanjo.net\/site\/\"},{\"@type\":\"ListItem\",\"position\":2,\"name\":\"S\u00e3o Domingos S\u00e1vio\"}]},{\"@type\":\"WebSite\",\"@id\":\"https:\/\/www.oarcanjo.net\/site\/#website\",\"url\":\"https:\/\/www.oarcanjo.net\/site\/\",\"name\":\"O Arcanjo no ar\",\"description\":\"Site da Par\u00f3quia S\u00e3o Miguel Arcanjo (Arquidiocese de SP)\",\"publisher\":{\"@id\":\"https:\/\/www.oarcanjo.net\/site\/#organization\"},\"potentialAction\":[{\"@type\":\"SearchAction\",\"target\":{\"@type\":\"EntryPoint\",\"urlTemplate\":\"https:\/\/www.oarcanjo.net\/site\/?s={search_term_string}\"},\"query-input\":{\"@type\":\"PropertyValueSpecification\",\"valueRequired\":true,\"valueName\":\"search_term_string\"}}],\"inLanguage\":\"pt-BR\"},{\"@type\":\"Organization\",\"@id\":\"https:\/\/www.oarcanjo.net\/site\/#organization\",\"name\":\"Par\u00f3quia S\u00e3o Miguel Arcanjo\",\"url\":\"https:\/\/www.oarcanjo.net\/site\/\",\"logo\":{\"@type\":\"ImageObject\",\"inLanguage\":\"pt-BR\",\"@id\":\"https:\/\/www.oarcanjo.net\/site\/#\/schema\/logo\/image\/\",\"url\":\"https:\/\/www.oarcanjo.net\/site\/wp-content\/uploads\/LogoOArcanjo.png\",\"contentUrl\":\"https:\/\/www.oarcanjo.net\/site\/wp-content\/uploads\/LogoOArcanjo.png\",\"width\":319,\"height\":99,\"caption\":\"Par\u00f3quia S\u00e3o Miguel Arcanjo\"},\"image\":{\"@id\":\"https:\/\/www.oarcanjo.net\/site\/#\/schema\/logo\/image\/\"},\"sameAs\":[\"https:\/\/www.facebook.com\/OArcanjoNoAr\/\"]},{\"@type\":\"Person\",\"@id\":\"https:\/\/www.oarcanjo.net\/site\/#\/schema\/person\/5eb9480bedd2f3c97e430ce128c29c6c\",\"name\":\"danilo\"}]}<\/script>\n<!-- \/ Yoast SEO plugin. -->","yoast_head_json":{"title":"S\u00e3o Domingos S\u00e1vio - O Arcanjo no ar","robots":{"index":"index","follow":"follow","max-snippet":"max-snippet:-1","max-image-preview":"max-image-preview:large","max-video-preview":"max-video-preview:-1"},"canonical":"https:\/\/www.oarcanjo.net\/site\/sao-domingos-savio\/","og_locale":"pt_BR","og_type":"article","og_title":"S\u00e3o Domingos S\u00e1vio - O Arcanjo no ar","og_description":"6 de Maio \u00a0Pequeno Domingos S\u00e1vio nasceu aos 2 de abril de 1842 numa aldeia perto de Turin. Filho do ferreiro Carlos S\u00e1vio e da Dona Br\u00edgida, que apesar da extrema pobreza, viviam num ambiente familiar de amor, f\u00e9 e alegria. Domingos era uma crian\u00e7a especial e sempre surpreendia seus pais com gestos de afeto, [&hellip;]","og_url":"https:\/\/www.oarcanjo.net\/site\/sao-domingos-savio\/","og_site_name":"O Arcanjo no ar","article_publisher":"https:\/\/www.facebook.com\/OArcanjoNoAr\/","article_published_time":"2019-05-06T03:38:10+00:00","article_modified_time":"2019-02-20T17:34:54+00:00","og_image":[{"url":"http:\/\/3.bp.blogspot.com\/_VsL8VkjSZWw\/SgDDxmQ29xI\/AAAAAAAABHg\/E80m1VKERjY\/s400\/San_Domenico_Savio_BE.jpg"}],"author":"danilo","twitter_card":"summary_large_image","twitter_misc":{"Escrito por":"danilo","Est. tempo de leitura":"6 minutos"},"schema":{"@context":"https:\/\/schema.org","@graph":[{"@type":"Article","@id":"https:\/\/www.oarcanjo.net\/site\/sao-domingos-savio\/#article","isPartOf":{"@id":"https:\/\/www.oarcanjo.net\/site\/sao-domingos-savio\/"},"author":{"name":"danilo","@id":"https:\/\/www.oarcanjo.net\/site\/#\/schema\/person\/5eb9480bedd2f3c97e430ce128c29c6c"},"headline":"S\u00e3o Domingos S\u00e1vio","datePublished":"2019-05-06T03:38:10+00:00","dateModified":"2019-02-20T17:34:54+00:00","mainEntityOfPage":{"@id":"https:\/\/www.oarcanjo.net\/site\/sao-domingos-savio\/"},"wordCount":1130,"commentCount":1,"publisher":{"@id":"https:\/\/www.oarcanjo.net\/site\/#organization"},"image":{"@id":"https:\/\/www.oarcanjo.net\/site\/sao-domingos-savio\/#primaryimage"},"thumbnailUrl":"http:\/\/3.bp.blogspot.com\/_VsL8VkjSZWw\/SgDDxmQ29xI\/AAAAAAAABHg\/E80m1VKERjY\/s400\/San_Domenico_Savio_BE.jpg","articleSection":["Testemunhos"],"inLanguage":"pt-BR","potentialAction":[{"@type":"CommentAction","name":"Comment","target":["https:\/\/www.oarcanjo.net\/site\/sao-domingos-savio\/#respond"]}]},{"@type":"WebPage","@id":"https:\/\/www.oarcanjo.net\/site\/sao-domingos-savio\/","url":"https:\/\/www.oarcanjo.net\/site\/sao-domingos-savio\/","name":"S\u00e3o Domingos S\u00e1vio - O Arcanjo no ar","isPartOf":{"@id":"https:\/\/www.oarcanjo.net\/site\/#website"},"primaryImageOfPage":{"@id":"https:\/\/www.oarcanjo.net\/site\/sao-domingos-savio\/#primaryimage"},"image":{"@id":"https:\/\/www.oarcanjo.net\/site\/sao-domingos-savio\/#primaryimage"},"thumbnailUrl":"http:\/\/3.bp.blogspot.com\/_VsL8VkjSZWw\/SgDDxmQ29xI\/AAAAAAAABHg\/E80m1VKERjY\/s400\/San_Domenico_Savio_BE.jpg","datePublished":"2019-05-06T03:38:10+00:00","dateModified":"2019-02-20T17:34:54+00:00","breadcrumb":{"@id":"https:\/\/www.oarcanjo.net\/site\/sao-domingos-savio\/#breadcrumb"},"inLanguage":"pt-BR","potentialAction":[{"@type":"ReadAction","target":["https:\/\/www.oarcanjo.net\/site\/sao-domingos-savio\/"]}]},{"@type":"ImageObject","inLanguage":"pt-BR","@id":"https:\/\/www.oarcanjo.net\/site\/sao-domingos-savio\/#primaryimage","url":"http:\/\/3.bp.blogspot.com\/_VsL8VkjSZWw\/SgDDxmQ29xI\/AAAAAAAABHg\/E80m1VKERjY\/s400\/San_Domenico_Savio_BE.jpg","contentUrl":"http:\/\/3.bp.blogspot.com\/_VsL8VkjSZWw\/SgDDxmQ29xI\/AAAAAAAABHg\/E80m1VKERjY\/s400\/San_Domenico_Savio_BE.jpg"},{"@type":"BreadcrumbList","@id":"https:\/\/www.oarcanjo.net\/site\/sao-domingos-savio\/#breadcrumb","itemListElement":[{"@type":"ListItem","position":1,"name":"In\u00edcio","item":"https:\/\/www.oarcanjo.net\/site\/"},{"@type":"ListItem","position":2,"name":"S\u00e3o Domingos S\u00e1vio"}]},{"@type":"WebSite","@id":"https:\/\/www.oarcanjo.net\/site\/#website","url":"https:\/\/www.oarcanjo.net\/site\/","name":"O Arcanjo no ar","description":"Site da Par\u00f3quia S\u00e3o Miguel Arcanjo (Arquidiocese de SP)","publisher":{"@id":"https:\/\/www.oarcanjo.net\/site\/#organization"},"potentialAction":[{"@type":"SearchAction","target":{"@type":"EntryPoint","urlTemplate":"https:\/\/www.oarcanjo.net\/site\/?s={search_term_string}"},"query-input":{"@type":"PropertyValueSpecification","valueRequired":true,"valueName":"search_term_string"}}],"inLanguage":"pt-BR"},{"@type":"Organization","@id":"https:\/\/www.oarcanjo.net\/site\/#organization","name":"Par\u00f3quia S\u00e3o Miguel Arcanjo","url":"https:\/\/www.oarcanjo.net\/site\/","logo":{"@type":"ImageObject","inLanguage":"pt-BR","@id":"https:\/\/www.oarcanjo.net\/site\/#\/schema\/logo\/image\/","url":"https:\/\/www.oarcanjo.net\/site\/wp-content\/uploads\/LogoOArcanjo.png","contentUrl":"https:\/\/www.oarcanjo.net\/site\/wp-content\/uploads\/LogoOArcanjo.png","width":319,"height":99,"caption":"Par\u00f3quia S\u00e3o Miguel Arcanjo"},"image":{"@id":"https:\/\/www.oarcanjo.net\/site\/#\/schema\/logo\/image\/"},"sameAs":["https:\/\/www.facebook.com\/OArcanjoNoAr\/"]},{"@type":"Person","@id":"https:\/\/www.oarcanjo.net\/site\/#\/schema\/person\/5eb9480bedd2f3c97e430ce128c29c6c","name":"danilo"}]}},"publishpress_future_action":{"enabled":false,"date":"2026-05-09 07:56:03","action":"category","newStatus":"draft","terms":[],"taxonomy":"category"},"publishpress_future_workflow_manual_trigger":{"enabledWorkflows":[]},"_links":{"self":[{"href":"https:\/\/www.oarcanjo.net\/site\/wp-json\/wp\/v2\/posts\/9277"}],"collection":[{"href":"https:\/\/www.oarcanjo.net\/site\/wp-json\/wp\/v2\/posts"}],"about":[{"href":"https:\/\/www.oarcanjo.net\/site\/wp-json\/wp\/v2\/types\/post"}],"author":[{"embeddable":true,"href":"https:\/\/www.oarcanjo.net\/site\/wp-json\/wp\/v2\/users\/14"}],"replies":[{"embeddable":true,"href":"https:\/\/www.oarcanjo.net\/site\/wp-json\/wp\/v2\/comments?post=9277"}],"version-history":[{"count":1,"href":"https:\/\/www.oarcanjo.net\/site\/wp-json\/wp\/v2\/posts\/9277\/revisions"}],"predecessor-version":[{"id":93047,"href":"https:\/\/www.oarcanjo.net\/site\/wp-json\/wp\/v2\/posts\/9277\/revisions\/93047"}],"wp:attachment":[{"href":"https:\/\/www.oarcanjo.net\/site\/wp-json\/wp\/v2\/media?parent=9277"}],"wp:term":[{"taxonomy":"category","embeddable":true,"href":"https:\/\/www.oarcanjo.net\/site\/wp-json\/wp\/v2\/categories?post=9277"},{"taxonomy":"post_tag","embeddable":true,"href":"https:\/\/www.oarcanjo.net\/site\/wp-json\/wp\/v2\/tags?post=9277"}],"curies":[{"name":"wp","href":"https:\/\/api.w.org\/{rel}","templated":true}]}}