
{"id":9279,"date":"2019-05-06T00:47:47","date_gmt":"2019-05-06T03:47:47","guid":{"rendered":"http:\/\/www.oarcanjo.net\/site\/?p=9279"},"modified":"2019-02-20T14:34:58","modified_gmt":"2019-02-20T17:34:58","slug":"sao-lucio-de-cirene","status":"publish","type":"post","link":"https:\/\/www.oarcanjo.net\/site\/sao-lucio-de-cirene\/","title":{"rendered":"S\u00e3o L\u00facio de Cirene"},"content":{"rendered":"<p><img decoding=\"async\" src=\"http:\/\/paroquiadenazaremanaus.org.br\/imagens\/santos\/Sao_Lucio_de_Cirene.jpg\" alt=\"\" \/><\/p>\n<p>6 de Maio<\/p>\n<p>Nos Atos dos Ap\u00f3stolos, Lucas afirma que L\u00facio atuava na comunidade crist\u00e3 de Antioquia, juntamente com outros profetas e doutores, como Barnab\u00e9, Sime\u00e3o, tamb\u00e9m chamado N\u00edger, Mana\u00e9m e Saulo (At 13,1).<\/p>\n<p>Ele era de Cirene, na L\u00edbia, onde foi bispo, nos primeiros tempos do cristianismo. Esses cinco profetas, segundo o que dizem os registros de Jerusal\u00e9m, representavam o governo da primitiva Igreja de Antioquia.<\/p>\n<p>Como vimos, s\u00f3 h\u00e1 a indica\u00e7\u00e3o do lugar da origem de L\u00facio que n\u00e3o deve ser confundido com o m\u00e1rtir hom\u00f4nimo, procedente ele tamb\u00e9m de Cirene e martirizado sob o governo do imperador Diocleciano. Esse m\u00e1rtir, entretanto, n\u00e3o foi bispo e \u00e9 venerado em outra data.<\/p>\n<p>No Martirol\u00f3gio Romano, existem pelo menos vinte e dois santos com esse nome. Hoje se comemora justamente aquele que \u00e9 o mais antigo e de quem se t\u00eam menos informa\u00e7\u00f5es.<\/p>\n<div id=\"themify_builder_content-9279\" data-postid=\"9279\" class=\"themify_builder_content themify_builder_content-9279 themify_builder themify_builder_front\">\n\t<\/div>\n<!-- \/themify_builder_content -->","protected":false},"excerpt":{"rendered":"<p>6 de Maio Nos Atos dos Ap\u00f3stolos, Lucas afirma que L\u00facio atuava na comunidade crist\u00e3 de Antioquia, juntamente com outros profetas e doutores, como Barnab\u00e9, Sime\u00e3o, tamb\u00e9m chamado N\u00edger, Mana\u00e9m e Saulo (At 13,1). Ele era de Cirene, na L\u00edbia, onde foi bispo, nos primeiros tempos do cristianismo. Esses cinco profetas, segundo o que dizem [&hellip;]<\/p>\n","protected":false},"author":14,"featured_media":0,"comment_status":"open","ping_status":"open","sticky":false,"template":"","format":"standard","meta":{"ngg_post_thumbnail":0,"footnotes":""},"categories":[186],"tags":[],"yoast_head":"<!-- This site is optimized with the Yoast SEO plugin v23.5 - https:\/\/yoast.com\/wordpress\/plugins\/seo\/ -->\n<title>S\u00e3o L\u00facio de Cirene - O Arcanjo no ar<\/title>\n<meta name=\"robots\" content=\"index, follow, max-snippet:-1, max-image-preview:large, max-video-preview:-1\" \/>\n<link rel=\"canonical\" href=\"https:\/\/www.oarcanjo.net\/site\/sao-lucio-de-cirene\/\" \/>\n<meta property=\"og:locale\" content=\"pt_BR\" \/>\n<meta property=\"og:type\" content=\"article\" \/>\n<meta property=\"og:title\" content=\"S\u00e3o L\u00facio de Cirene - O Arcanjo no ar\" \/>\n<meta property=\"og:description\" content=\"6 de Maio Nos Atos dos Ap\u00f3stolos, Lucas afirma que L\u00facio atuava na comunidade crist\u00e3 de Antioquia, juntamente com outros profetas e doutores, como Barnab\u00e9, Sime\u00e3o, tamb\u00e9m chamado N\u00edger, Mana\u00e9m e Saulo (At 13,1). Ele era de Cirene, na L\u00edbia, onde foi bispo, nos primeiros tempos do cristianismo. Esses cinco profetas, segundo o que dizem [&hellip;]\" \/>\n<meta property=\"og:url\" content=\"https:\/\/www.oarcanjo.net\/site\/sao-lucio-de-cirene\/\" \/>\n<meta property=\"og:site_name\" content=\"O Arcanjo no ar\" \/>\n<meta property=\"article:publisher\" content=\"https:\/\/www.facebook.com\/OArcanjoNoAr\/\" \/>\n<meta property=\"article:published_time\" content=\"2019-05-06T03:47:47+00:00\" \/>\n<meta property=\"article:modified_time\" content=\"2019-02-20T17:34:58+00:00\" \/>\n<meta property=\"og:image\" content=\"http:\/\/paroquiadenazaremanaus.org.br\/imagens\/santos\/Sao_Lucio_de_Cirene.jpg\" \/>\n<meta name=\"author\" content=\"danilo\" \/>\n<meta name=\"twitter:card\" content=\"summary_large_image\" \/>\n<meta name=\"twitter:label1\" content=\"Escrito por\" \/>\n\t<meta name=\"twitter:data1\" content=\"danilo\" \/>\n\t<meta name=\"twitter:label2\" content=\"Est. tempo de leitura\" \/>\n\t<meta name=\"twitter:data2\" content=\"1 minuto\" \/>\n<script type=\"application\/ld+json\" class=\"yoast-schema-graph\">{\"@context\":\"https:\/\/schema.org\",\"@graph\":[{\"@type\":\"Article\",\"@id\":\"https:\/\/www.oarcanjo.net\/site\/sao-lucio-de-cirene\/#article\",\"isPartOf\":{\"@id\":\"https:\/\/www.oarcanjo.net\/site\/sao-lucio-de-cirene\/\"},\"author\":{\"name\":\"danilo\",\"@id\":\"https:\/\/www.oarcanjo.net\/site\/#\/schema\/person\/5eb9480bedd2f3c97e430ce128c29c6c\"},\"headline\":\"S\u00e3o L\u00facio de Cirene\",\"datePublished\":\"2019-05-06T03:47:47+00:00\",\"dateModified\":\"2019-02-20T17:34:58+00:00\",\"mainEntityOfPage\":{\"@id\":\"https:\/\/www.oarcanjo.net\/site\/sao-lucio-de-cirene\/\"},\"wordCount\":164,\"commentCount\":0,\"publisher\":{\"@id\":\"https:\/\/www.oarcanjo.net\/site\/#organization\"},\"image\":{\"@id\":\"https:\/\/www.oarcanjo.net\/site\/sao-lucio-de-cirene\/#primaryimage\"},\"thumbnailUrl\":\"http:\/\/paroquiadenazaremanaus.org.br\/imagens\/santos\/Sao_Lucio_de_Cirene.jpg\",\"articleSection\":[\"Testemunhos\"],\"inLanguage\":\"pt-BR\",\"potentialAction\":[{\"@type\":\"CommentAction\",\"name\":\"Comment\",\"target\":[\"https:\/\/www.oarcanjo.net\/site\/sao-lucio-de-cirene\/#respond\"]}]},{\"@type\":\"WebPage\",\"@id\":\"https:\/\/www.oarcanjo.net\/site\/sao-lucio-de-cirene\/\",\"url\":\"https:\/\/www.oarcanjo.net\/site\/sao-lucio-de-cirene\/\",\"name\":\"S\u00e3o L\u00facio de Cirene - O Arcanjo no ar\",\"isPartOf\":{\"@id\":\"https:\/\/www.oarcanjo.net\/site\/#website\"},\"primaryImageOfPage\":{\"@id\":\"https:\/\/www.oarcanjo.net\/site\/sao-lucio-de-cirene\/#primaryimage\"},\"image\":{\"@id\":\"https:\/\/www.oarcanjo.net\/site\/sao-lucio-de-cirene\/#primaryimage\"},\"thumbnailUrl\":\"http:\/\/paroquiadenazaremanaus.org.br\/imagens\/santos\/Sao_Lucio_de_Cirene.jpg\",\"datePublished\":\"2019-05-06T03:47:47+00:00\",\"dateModified\":\"2019-02-20T17:34:58+00:00\",\"breadcrumb\":{\"@id\":\"https:\/\/www.oarcanjo.net\/site\/sao-lucio-de-cirene\/#breadcrumb\"},\"inLanguage\":\"pt-BR\",\"potentialAction\":[{\"@type\":\"ReadAction\",\"target\":[\"https:\/\/www.oarcanjo.net\/site\/sao-lucio-de-cirene\/\"]}]},{\"@type\":\"ImageObject\",\"inLanguage\":\"pt-BR\",\"@id\":\"https:\/\/www.oarcanjo.net\/site\/sao-lucio-de-cirene\/#primaryimage\",\"url\":\"http:\/\/paroquiadenazaremanaus.org.br\/imagens\/santos\/Sao_Lucio_de_Cirene.jpg\",\"contentUrl\":\"http:\/\/paroquiadenazaremanaus.org.br\/imagens\/santos\/Sao_Lucio_de_Cirene.jpg\"},{\"@type\":\"BreadcrumbList\",\"@id\":\"https:\/\/www.oarcanjo.net\/site\/sao-lucio-de-cirene\/#breadcrumb\",\"itemListElement\":[{\"@type\":\"ListItem\",\"position\":1,\"name\":\"In\u00edcio\",\"item\":\"https:\/\/www.oarcanjo.net\/site\/\"},{\"@type\":\"ListItem\",\"position\":2,\"name\":\"S\u00e3o L\u00facio de Cirene\"}]},{\"@type\":\"WebSite\",\"@id\":\"https:\/\/www.oarcanjo.net\/site\/#website\",\"url\":\"https:\/\/www.oarcanjo.net\/site\/\",\"name\":\"O Arcanjo no ar\",\"description\":\"Site da Par\u00f3quia S\u00e3o Miguel Arcanjo (Arquidiocese de SP)\",\"publisher\":{\"@id\":\"https:\/\/www.oarcanjo.net\/site\/#organization\"},\"potentialAction\":[{\"@type\":\"SearchAction\",\"target\":{\"@type\":\"EntryPoint\",\"urlTemplate\":\"https:\/\/www.oarcanjo.net\/site\/?s={search_term_string}\"},\"query-input\":{\"@type\":\"PropertyValueSpecification\",\"valueRequired\":true,\"valueName\":\"search_term_string\"}}],\"inLanguage\":\"pt-BR\"},{\"@type\":\"Organization\",\"@id\":\"https:\/\/www.oarcanjo.net\/site\/#organization\",\"name\":\"Par\u00f3quia S\u00e3o Miguel Arcanjo\",\"url\":\"https:\/\/www.oarcanjo.net\/site\/\",\"logo\":{\"@type\":\"ImageObject\",\"inLanguage\":\"pt-BR\",\"@id\":\"https:\/\/www.oarcanjo.net\/site\/#\/schema\/logo\/image\/\",\"url\":\"https:\/\/www.oarcanjo.net\/site\/wp-content\/uploads\/LogoOArcanjo.png\",\"contentUrl\":\"https:\/\/www.oarcanjo.net\/site\/wp-content\/uploads\/LogoOArcanjo.png\",\"width\":319,\"height\":99,\"caption\":\"Par\u00f3quia S\u00e3o Miguel Arcanjo\"},\"image\":{\"@id\":\"https:\/\/www.oarcanjo.net\/site\/#\/schema\/logo\/image\/\"},\"sameAs\":[\"https:\/\/www.facebook.com\/OArcanjoNoAr\/\"]},{\"@type\":\"Person\",\"@id\":\"https:\/\/www.oarcanjo.net\/site\/#\/schema\/person\/5eb9480bedd2f3c97e430ce128c29c6c\",\"name\":\"danilo\"}]}<\/script>\n<!-- \/ Yoast SEO plugin. -->","yoast_head_json":{"title":"S\u00e3o L\u00facio de Cirene - O Arcanjo no ar","robots":{"index":"index","follow":"follow","max-snippet":"max-snippet:-1","max-image-preview":"max-image-preview:large","max-video-preview":"max-video-preview:-1"},"canonical":"https:\/\/www.oarcanjo.net\/site\/sao-lucio-de-cirene\/","og_locale":"pt_BR","og_type":"article","og_title":"S\u00e3o L\u00facio de Cirene - O Arcanjo no ar","og_description":"6 de Maio Nos Atos dos Ap\u00f3stolos, Lucas afirma que L\u00facio atuava na comunidade crist\u00e3 de Antioquia, juntamente com outros profetas e doutores, como Barnab\u00e9, Sime\u00e3o, tamb\u00e9m chamado N\u00edger, Mana\u00e9m e Saulo (At 13,1). Ele era de Cirene, na L\u00edbia, onde foi bispo, nos primeiros tempos do cristianismo. Esses cinco profetas, segundo o que dizem [&hellip;]","og_url":"https:\/\/www.oarcanjo.net\/site\/sao-lucio-de-cirene\/","og_site_name":"O Arcanjo no ar","article_publisher":"https:\/\/www.facebook.com\/OArcanjoNoAr\/","article_published_time":"2019-05-06T03:47:47+00:00","article_modified_time":"2019-02-20T17:34:58+00:00","og_image":[{"url":"http:\/\/paroquiadenazaremanaus.org.br\/imagens\/santos\/Sao_Lucio_de_Cirene.jpg"}],"author":"danilo","twitter_card":"summary_large_image","twitter_misc":{"Escrito por":"danilo","Est. tempo de leitura":"1 minuto"},"schema":{"@context":"https:\/\/schema.org","@graph":[{"@type":"Article","@id":"https:\/\/www.oarcanjo.net\/site\/sao-lucio-de-cirene\/#article","isPartOf":{"@id":"https:\/\/www.oarcanjo.net\/site\/sao-lucio-de-cirene\/"},"author":{"name":"danilo","@id":"https:\/\/www.oarcanjo.net\/site\/#\/schema\/person\/5eb9480bedd2f3c97e430ce128c29c6c"},"headline":"S\u00e3o L\u00facio de Cirene","datePublished":"2019-05-06T03:47:47+00:00","dateModified":"2019-02-20T17:34:58+00:00","mainEntityOfPage":{"@id":"https:\/\/www.oarcanjo.net\/site\/sao-lucio-de-cirene\/"},"wordCount":164,"commentCount":0,"publisher":{"@id":"https:\/\/www.oarcanjo.net\/site\/#organization"},"image":{"@id":"https:\/\/www.oarcanjo.net\/site\/sao-lucio-de-cirene\/#primaryimage"},"thumbnailUrl":"http:\/\/paroquiadenazaremanaus.org.br\/imagens\/santos\/Sao_Lucio_de_Cirene.jpg","articleSection":["Testemunhos"],"inLanguage":"pt-BR","potentialAction":[{"@type":"CommentAction","name":"Comment","target":["https:\/\/www.oarcanjo.net\/site\/sao-lucio-de-cirene\/#respond"]}]},{"@type":"WebPage","@id":"https:\/\/www.oarcanjo.net\/site\/sao-lucio-de-cirene\/","url":"https:\/\/www.oarcanjo.net\/site\/sao-lucio-de-cirene\/","name":"S\u00e3o L\u00facio de Cirene - O Arcanjo no ar","isPartOf":{"@id":"https:\/\/www.oarcanjo.net\/site\/#website"},"primaryImageOfPage":{"@id":"https:\/\/www.oarcanjo.net\/site\/sao-lucio-de-cirene\/#primaryimage"},"image":{"@id":"https:\/\/www.oarcanjo.net\/site\/sao-lucio-de-cirene\/#primaryimage"},"thumbnailUrl":"http:\/\/paroquiadenazaremanaus.org.br\/imagens\/santos\/Sao_Lucio_de_Cirene.jpg","datePublished":"2019-05-06T03:47:47+00:00","dateModified":"2019-02-20T17:34:58+00:00","breadcrumb":{"@id":"https:\/\/www.oarcanjo.net\/site\/sao-lucio-de-cirene\/#breadcrumb"},"inLanguage":"pt-BR","potentialAction":[{"@type":"ReadAction","target":["https:\/\/www.oarcanjo.net\/site\/sao-lucio-de-cirene\/"]}]},{"@type":"ImageObject","inLanguage":"pt-BR","@id":"https:\/\/www.oarcanjo.net\/site\/sao-lucio-de-cirene\/#primaryimage","url":"http:\/\/paroquiadenazaremanaus.org.br\/imagens\/santos\/Sao_Lucio_de_Cirene.jpg","contentUrl":"http:\/\/paroquiadenazaremanaus.org.br\/imagens\/santos\/Sao_Lucio_de_Cirene.jpg"},{"@type":"BreadcrumbList","@id":"https:\/\/www.oarcanjo.net\/site\/sao-lucio-de-cirene\/#breadcrumb","itemListElement":[{"@type":"ListItem","position":1,"name":"In\u00edcio","item":"https:\/\/www.oarcanjo.net\/site\/"},{"@type":"ListItem","position":2,"name":"S\u00e3o L\u00facio de Cirene"}]},{"@type":"WebSite","@id":"https:\/\/www.oarcanjo.net\/site\/#website","url":"https:\/\/www.oarcanjo.net\/site\/","name":"O Arcanjo no ar","description":"Site da Par\u00f3quia S\u00e3o Miguel Arcanjo (Arquidiocese de SP)","publisher":{"@id":"https:\/\/www.oarcanjo.net\/site\/#organization"},"potentialAction":[{"@type":"SearchAction","target":{"@type":"EntryPoint","urlTemplate":"https:\/\/www.oarcanjo.net\/site\/?s={search_term_string}"},"query-input":{"@type":"PropertyValueSpecification","valueRequired":true,"valueName":"search_term_string"}}],"inLanguage":"pt-BR"},{"@type":"Organization","@id":"https:\/\/www.oarcanjo.net\/site\/#organization","name":"Par\u00f3quia S\u00e3o Miguel Arcanjo","url":"https:\/\/www.oarcanjo.net\/site\/","logo":{"@type":"ImageObject","inLanguage":"pt-BR","@id":"https:\/\/www.oarcanjo.net\/site\/#\/schema\/logo\/image\/","url":"https:\/\/www.oarcanjo.net\/site\/wp-content\/uploads\/LogoOArcanjo.png","contentUrl":"https:\/\/www.oarcanjo.net\/site\/wp-content\/uploads\/LogoOArcanjo.png","width":319,"height":99,"caption":"Par\u00f3quia S\u00e3o Miguel Arcanjo"},"image":{"@id":"https:\/\/www.oarcanjo.net\/site\/#\/schema\/logo\/image\/"},"sameAs":["https:\/\/www.facebook.com\/OArcanjoNoAr\/"]},{"@type":"Person","@id":"https:\/\/www.oarcanjo.net\/site\/#\/schema\/person\/5eb9480bedd2f3c97e430ce128c29c6c","name":"danilo"}]}},"publishpress_future_action":{"enabled":false,"date":"2026-05-07 13:49:55","action":"category","newStatus":"draft","terms":[],"taxonomy":"category"},"publishpress_future_workflow_manual_trigger":{"enabledWorkflows":[]},"_links":{"self":[{"href":"https:\/\/www.oarcanjo.net\/site\/wp-json\/wp\/v2\/posts\/9279"}],"collection":[{"href":"https:\/\/www.oarcanjo.net\/site\/wp-json\/wp\/v2\/posts"}],"about":[{"href":"https:\/\/www.oarcanjo.net\/site\/wp-json\/wp\/v2\/types\/post"}],"author":[{"embeddable":true,"href":"https:\/\/www.oarcanjo.net\/site\/wp-json\/wp\/v2\/users\/14"}],"replies":[{"embeddable":true,"href":"https:\/\/www.oarcanjo.net\/site\/wp-json\/wp\/v2\/comments?post=9279"}],"version-history":[{"count":1,"href":"https:\/\/www.oarcanjo.net\/site\/wp-json\/wp\/v2\/posts\/9279\/revisions"}],"predecessor-version":[{"id":93048,"href":"https:\/\/www.oarcanjo.net\/site\/wp-json\/wp\/v2\/posts\/9279\/revisions\/93048"}],"wp:attachment":[{"href":"https:\/\/www.oarcanjo.net\/site\/wp-json\/wp\/v2\/media?parent=9279"}],"wp:term":[{"taxonomy":"category","embeddable":true,"href":"https:\/\/www.oarcanjo.net\/site\/wp-json\/wp\/v2\/categories?post=9279"},{"taxonomy":"post_tag","embeddable":true,"href":"https:\/\/www.oarcanjo.net\/site\/wp-json\/wp\/v2\/tags?post=9279"}],"curies":[{"name":"wp","href":"https:\/\/api.w.org\/{rel}","templated":true}]}}