
{"id":9283,"date":"2019-05-07T08:50:31","date_gmt":"2019-05-07T11:50:31","guid":{"rendered":"http:\/\/www.oarcanjo.net\/site\/?p=9283"},"modified":"2019-02-20T14:35:11","modified_gmt":"2019-02-20T17:35:11","slug":"santo-agostinho-roscelli","status":"publish","type":"post","link":"https:\/\/www.oarcanjo.net\/site\/santo-agostinho-roscelli\/","title":{"rendered":"Santo Agostinho Roscelli"},"content":{"rendered":"<p><img decoding=\"async\" src=\"http:\/\/www.derradeirasgracas.com\/images\/1.%20O%20Santo%20do%20Dia%20-%20Fotos\/Santos%20de%20Maio%20-%20Fotos\/Santo%20Agostinho%20Roscelli.gif\" alt=\"\" \/><\/p>\n<p>7 de Maio<\/p>\n<p>Fundou a Congrega\u00e7\u00e3o das Irm\u00e3s da Imaculada<\/p>\n<p>Nasceu na pequena cidade de Bergone di Casarza Ligure, It\u00e1lia, no dia 27 de julho de 1818. Durante sua inf\u00e2ncia, foi pastor de ovelhas. A sua fam\u00edlia, de poucos recursos, constituiu para ele um exemplo de f\u00e9 e de virtudes crist\u00e3s.<\/p>\n<p>Aos dezessete anos, decidiu ser padre, entusiasmado por Antonio Maria Gianelli, arcebispo de Chiavari, que se dedicava exclusivamente \u00e0 prega\u00e7\u00e3o aos camponeses, e hoje est\u00e1 inscrito no livro dos santos. Em 1835, Agostinho foi para G\u00eanova, onde estudou enfrentando s\u00e9rias dificuldades financeiras, mas sempre ajudado pela sua for\u00e7a de vontade, ora\u00e7\u00e3o intensa e o aux\u00edlio de pessoas de boa vontade.<\/p>\n<p>\u00c9 ordenado sacerdote em 1846, e enviado para a cidade de S\u00e3o Martino d\u00b4Alboro como padre auxiliar. Inicia o seu humilde apostolado a servi\u00e7o de Deus, dedicando-se com zelo, caridade e exemplo ao crescimento espiritual e ao minist\u00e9rio da confiss\u00e3o.<\/p>\n<p>Agostinho \u00e9 homem de di\u00e1logo no confession\u00e1rio da igreja genovesa da Consola\u00e7\u00e3o, sendo muito procurado, ouvido e solicitado pela popula\u00e7\u00e3o. Sua fama de bom conselheiro corre entre os fi\u00e9is, o que faz chegar gente de todas as condi\u00e7\u00f5es sociais em busca de sua ajuda. Ele passa a conhecer a verdadeira realidade do submundo.<\/p>\n<p>Desde o in\u00edcio, identifica-se nele um exemplo de sacerdote santo, que encarna a figura do &#8220;pastor&#8221;, do educador na f\u00e9, do ministro da Palavra e do orientador espiritual, sempre pronto a doar-se na obedi\u00eancia, humildade, sil\u00eancio, sacrif\u00edcio e seguimento d\u00f3cil e abnegado de Jesus Cristo. Nele, a a\u00e7\u00e3o divina, a obra humana e a contempla\u00e7\u00e3o fundem-se numa admir\u00e1vel unidade de vida de apostolado e ora\u00e7\u00e3o.<\/p>\n<p>Em 1872, alarga o campo do seu apostolado, interessando-se n\u00e3o s\u00f3 pelas mis\u00e9rias e pobrezas morais da cidade, e pelos jovens, mas tamb\u00e9m pelos prisioneiros dos c\u00e1rceres, a quem leva, com afeto, o conforto e a miseric\u00f3rdia do Senhor. Dois anos mais tarde, passa a dedicar-se tamb\u00e9m aos rec\u00e9m-nascidos, em favor das m\u00e3es solteiras, v\u00edtimas de rela\u00e7\u00f5es enganosas, dando-lhes assist\u00eancia moral e material, inserindo-as no mundo do trabalho honesto.<\/p>\n<p>Com a ajuda de algumas catequistas, padre Agostinho passa \u00e0 a\u00e7\u00e3o. Nasce um grupo de volunt\u00e1rias, e acolhem os primeiros jovens em dificuldades, para libert\u00e1-los do analfabetismo, dando-lhes orienta\u00e7\u00e3o moral, religiosa e, tamb\u00e9m, uma profiss\u00e3o. E a obra cresce, exatamente porque responde bem \u00e0 forte demanda social e religiosa do povo.<\/p>\n<p>Em 1876, dessa obra funda a congrega\u00e7\u00e3o das Irm\u00e3s da Imaculada, indicando-lhes o caminho da santidade em Maria, modelo da vida consagrada. Ap\u00f3s o in\u00edcio dif\u00edcil e incerto, a congrega\u00e7\u00e3o se consolida e se difunde em toda a It\u00e1lia e em quase todos os continentes.<\/p>\n<p>A vida terrena do &#8220;sacerdote pobre&#8221;, como lhe costumam chamar, chega ao fim no dia 7 de maio de 1902. O papa Jo\u00e3o Paulo II proclama santo Agostinho Roscelli em 2001.<\/p>\n<div id=\"themify_builder_content-9283\" data-postid=\"9283\" class=\"themify_builder_content themify_builder_content-9283 themify_builder themify_builder_front\">\n\t<\/div>\n<!-- \/themify_builder_content -->","protected":false},"excerpt":{"rendered":"<p>7 de Maio Fundou a Congrega\u00e7\u00e3o das Irm\u00e3s da Imaculada Nasceu na pequena cidade de Bergone di Casarza Ligure, It\u00e1lia, no dia 27 de julho de 1818. Durante sua inf\u00e2ncia, foi pastor de ovelhas. A sua fam\u00edlia, de poucos recursos, constituiu para ele um exemplo de f\u00e9 e de virtudes crist\u00e3s. Aos dezessete anos, decidiu [&hellip;]<\/p>\n","protected":false},"author":14,"featured_media":0,"comment_status":"open","ping_status":"open","sticky":false,"template":"","format":"standard","meta":{"ngg_post_thumbnail":0,"footnotes":""},"categories":[186],"tags":[],"yoast_head":"<!-- This site is optimized with the Yoast SEO plugin v23.5 - https:\/\/yoast.com\/wordpress\/plugins\/seo\/ -->\n<title>Santo Agostinho Roscelli - O Arcanjo no ar<\/title>\n<meta name=\"robots\" content=\"index, follow, max-snippet:-1, max-image-preview:large, max-video-preview:-1\" \/>\n<link rel=\"canonical\" href=\"https:\/\/www.oarcanjo.net\/site\/santo-agostinho-roscelli\/\" \/>\n<meta property=\"og:locale\" content=\"pt_BR\" \/>\n<meta property=\"og:type\" content=\"article\" \/>\n<meta property=\"og:title\" content=\"Santo Agostinho Roscelli - O Arcanjo no ar\" \/>\n<meta property=\"og:description\" content=\"7 de Maio Fundou a Congrega\u00e7\u00e3o das Irm\u00e3s da Imaculada Nasceu na pequena cidade de Bergone di Casarza Ligure, It\u00e1lia, no dia 27 de julho de 1818. Durante sua inf\u00e2ncia, foi pastor de ovelhas. A sua fam\u00edlia, de poucos recursos, constituiu para ele um exemplo de f\u00e9 e de virtudes crist\u00e3s. Aos dezessete anos, decidiu [&hellip;]\" \/>\n<meta property=\"og:url\" content=\"https:\/\/www.oarcanjo.net\/site\/santo-agostinho-roscelli\/\" \/>\n<meta property=\"og:site_name\" content=\"O Arcanjo no ar\" \/>\n<meta property=\"article:publisher\" content=\"https:\/\/www.facebook.com\/OArcanjoNoAr\/\" \/>\n<meta property=\"article:published_time\" content=\"2019-05-07T11:50:31+00:00\" \/>\n<meta property=\"article:modified_time\" content=\"2019-02-20T17:35:11+00:00\" \/>\n<meta property=\"og:image\" content=\"http:\/\/www.derradeirasgracas.com\/images\/1.%20O%20Santo%20do%20Dia%20-%20Fotos\/Santos%20de%20Maio%20-%20Fotos\/Santo%20Agostinho%20Roscelli.gif\" \/>\n<meta name=\"author\" content=\"danilo\" \/>\n<meta name=\"twitter:card\" content=\"summary_large_image\" \/>\n<meta name=\"twitter:label1\" content=\"Escrito por\" \/>\n\t<meta name=\"twitter:data1\" content=\"danilo\" \/>\n\t<meta name=\"twitter:label2\" content=\"Est. tempo de leitura\" \/>\n\t<meta name=\"twitter:data2\" content=\"3 minutos\" \/>\n<script type=\"application\/ld+json\" class=\"yoast-schema-graph\">{\"@context\":\"https:\/\/schema.org\",\"@graph\":[{\"@type\":\"Article\",\"@id\":\"https:\/\/www.oarcanjo.net\/site\/santo-agostinho-roscelli\/#article\",\"isPartOf\":{\"@id\":\"https:\/\/www.oarcanjo.net\/site\/santo-agostinho-roscelli\/\"},\"author\":{\"name\":\"danilo\",\"@id\":\"https:\/\/www.oarcanjo.net\/site\/#\/schema\/person\/5eb9480bedd2f3c97e430ce128c29c6c\"},\"headline\":\"Santo Agostinho Roscelli\",\"datePublished\":\"2019-05-07T11:50:31+00:00\",\"dateModified\":\"2019-02-20T17:35:11+00:00\",\"mainEntityOfPage\":{\"@id\":\"https:\/\/www.oarcanjo.net\/site\/santo-agostinho-roscelli\/\"},\"wordCount\":510,\"commentCount\":0,\"publisher\":{\"@id\":\"https:\/\/www.oarcanjo.net\/site\/#organization\"},\"image\":{\"@id\":\"https:\/\/www.oarcanjo.net\/site\/santo-agostinho-roscelli\/#primaryimage\"},\"thumbnailUrl\":\"http:\/\/www.derradeirasgracas.com\/images\/1.%20O%20Santo%20do%20Dia%20-%20Fotos\/Santos%20de%20Maio%20-%20Fotos\/Santo%20Agostinho%20Roscelli.gif\",\"articleSection\":[\"Testemunhos\"],\"inLanguage\":\"pt-BR\",\"potentialAction\":[{\"@type\":\"CommentAction\",\"name\":\"Comment\",\"target\":[\"https:\/\/www.oarcanjo.net\/site\/santo-agostinho-roscelli\/#respond\"]}]},{\"@type\":\"WebPage\",\"@id\":\"https:\/\/www.oarcanjo.net\/site\/santo-agostinho-roscelli\/\",\"url\":\"https:\/\/www.oarcanjo.net\/site\/santo-agostinho-roscelli\/\",\"name\":\"Santo Agostinho Roscelli - O Arcanjo no ar\",\"isPartOf\":{\"@id\":\"https:\/\/www.oarcanjo.net\/site\/#website\"},\"primaryImageOfPage\":{\"@id\":\"https:\/\/www.oarcanjo.net\/site\/santo-agostinho-roscelli\/#primaryimage\"},\"image\":{\"@id\":\"https:\/\/www.oarcanjo.net\/site\/santo-agostinho-roscelli\/#primaryimage\"},\"thumbnailUrl\":\"http:\/\/www.derradeirasgracas.com\/images\/1.%20O%20Santo%20do%20Dia%20-%20Fotos\/Santos%20de%20Maio%20-%20Fotos\/Santo%20Agostinho%20Roscelli.gif\",\"datePublished\":\"2019-05-07T11:50:31+00:00\",\"dateModified\":\"2019-02-20T17:35:11+00:00\",\"breadcrumb\":{\"@id\":\"https:\/\/www.oarcanjo.net\/site\/santo-agostinho-roscelli\/#breadcrumb\"},\"inLanguage\":\"pt-BR\",\"potentialAction\":[{\"@type\":\"ReadAction\",\"target\":[\"https:\/\/www.oarcanjo.net\/site\/santo-agostinho-roscelli\/\"]}]},{\"@type\":\"ImageObject\",\"inLanguage\":\"pt-BR\",\"@id\":\"https:\/\/www.oarcanjo.net\/site\/santo-agostinho-roscelli\/#primaryimage\",\"url\":\"http:\/\/www.derradeirasgracas.com\/images\/1.%20O%20Santo%20do%20Dia%20-%20Fotos\/Santos%20de%20Maio%20-%20Fotos\/Santo%20Agostinho%20Roscelli.gif\",\"contentUrl\":\"http:\/\/www.derradeirasgracas.com\/images\/1.%20O%20Santo%20do%20Dia%20-%20Fotos\/Santos%20de%20Maio%20-%20Fotos\/Santo%20Agostinho%20Roscelli.gif\"},{\"@type\":\"BreadcrumbList\",\"@id\":\"https:\/\/www.oarcanjo.net\/site\/santo-agostinho-roscelli\/#breadcrumb\",\"itemListElement\":[{\"@type\":\"ListItem\",\"position\":1,\"name\":\"In\u00edcio\",\"item\":\"https:\/\/www.oarcanjo.net\/site\/\"},{\"@type\":\"ListItem\",\"position\":2,\"name\":\"Santo Agostinho Roscelli\"}]},{\"@type\":\"WebSite\",\"@id\":\"https:\/\/www.oarcanjo.net\/site\/#website\",\"url\":\"https:\/\/www.oarcanjo.net\/site\/\",\"name\":\"O Arcanjo no ar\",\"description\":\"Site da Par\u00f3quia S\u00e3o Miguel Arcanjo (Arquidiocese de SP)\",\"publisher\":{\"@id\":\"https:\/\/www.oarcanjo.net\/site\/#organization\"},\"potentialAction\":[{\"@type\":\"SearchAction\",\"target\":{\"@type\":\"EntryPoint\",\"urlTemplate\":\"https:\/\/www.oarcanjo.net\/site\/?s={search_term_string}\"},\"query-input\":{\"@type\":\"PropertyValueSpecification\",\"valueRequired\":true,\"valueName\":\"search_term_string\"}}],\"inLanguage\":\"pt-BR\"},{\"@type\":\"Organization\",\"@id\":\"https:\/\/www.oarcanjo.net\/site\/#organization\",\"name\":\"Par\u00f3quia S\u00e3o Miguel Arcanjo\",\"url\":\"https:\/\/www.oarcanjo.net\/site\/\",\"logo\":{\"@type\":\"ImageObject\",\"inLanguage\":\"pt-BR\",\"@id\":\"https:\/\/www.oarcanjo.net\/site\/#\/schema\/logo\/image\/\",\"url\":\"https:\/\/www.oarcanjo.net\/site\/wp-content\/uploads\/LogoOArcanjo.png\",\"contentUrl\":\"https:\/\/www.oarcanjo.net\/site\/wp-content\/uploads\/LogoOArcanjo.png\",\"width\":319,\"height\":99,\"caption\":\"Par\u00f3quia S\u00e3o Miguel Arcanjo\"},\"image\":{\"@id\":\"https:\/\/www.oarcanjo.net\/site\/#\/schema\/logo\/image\/\"},\"sameAs\":[\"https:\/\/www.facebook.com\/OArcanjoNoAr\/\"]},{\"@type\":\"Person\",\"@id\":\"https:\/\/www.oarcanjo.net\/site\/#\/schema\/person\/5eb9480bedd2f3c97e430ce128c29c6c\",\"name\":\"danilo\"}]}<\/script>\n<!-- \/ Yoast SEO plugin. -->","yoast_head_json":{"title":"Santo Agostinho Roscelli - O Arcanjo no ar","robots":{"index":"index","follow":"follow","max-snippet":"max-snippet:-1","max-image-preview":"max-image-preview:large","max-video-preview":"max-video-preview:-1"},"canonical":"https:\/\/www.oarcanjo.net\/site\/santo-agostinho-roscelli\/","og_locale":"pt_BR","og_type":"article","og_title":"Santo Agostinho Roscelli - O Arcanjo no ar","og_description":"7 de Maio Fundou a Congrega\u00e7\u00e3o das Irm\u00e3s da Imaculada Nasceu na pequena cidade de Bergone di Casarza Ligure, It\u00e1lia, no dia 27 de julho de 1818. Durante sua inf\u00e2ncia, foi pastor de ovelhas. A sua fam\u00edlia, de poucos recursos, constituiu para ele um exemplo de f\u00e9 e de virtudes crist\u00e3s. Aos dezessete anos, decidiu [&hellip;]","og_url":"https:\/\/www.oarcanjo.net\/site\/santo-agostinho-roscelli\/","og_site_name":"O Arcanjo no ar","article_publisher":"https:\/\/www.facebook.com\/OArcanjoNoAr\/","article_published_time":"2019-05-07T11:50:31+00:00","article_modified_time":"2019-02-20T17:35:11+00:00","og_image":[{"url":"http:\/\/www.derradeirasgracas.com\/images\/1.%20O%20Santo%20do%20Dia%20-%20Fotos\/Santos%20de%20Maio%20-%20Fotos\/Santo%20Agostinho%20Roscelli.gif"}],"author":"danilo","twitter_card":"summary_large_image","twitter_misc":{"Escrito por":"danilo","Est. tempo de leitura":"3 minutos"},"schema":{"@context":"https:\/\/schema.org","@graph":[{"@type":"Article","@id":"https:\/\/www.oarcanjo.net\/site\/santo-agostinho-roscelli\/#article","isPartOf":{"@id":"https:\/\/www.oarcanjo.net\/site\/santo-agostinho-roscelli\/"},"author":{"name":"danilo","@id":"https:\/\/www.oarcanjo.net\/site\/#\/schema\/person\/5eb9480bedd2f3c97e430ce128c29c6c"},"headline":"Santo Agostinho Roscelli","datePublished":"2019-05-07T11:50:31+00:00","dateModified":"2019-02-20T17:35:11+00:00","mainEntityOfPage":{"@id":"https:\/\/www.oarcanjo.net\/site\/santo-agostinho-roscelli\/"},"wordCount":510,"commentCount":0,"publisher":{"@id":"https:\/\/www.oarcanjo.net\/site\/#organization"},"image":{"@id":"https:\/\/www.oarcanjo.net\/site\/santo-agostinho-roscelli\/#primaryimage"},"thumbnailUrl":"http:\/\/www.derradeirasgracas.com\/images\/1.%20O%20Santo%20do%20Dia%20-%20Fotos\/Santos%20de%20Maio%20-%20Fotos\/Santo%20Agostinho%20Roscelli.gif","articleSection":["Testemunhos"],"inLanguage":"pt-BR","potentialAction":[{"@type":"CommentAction","name":"Comment","target":["https:\/\/www.oarcanjo.net\/site\/santo-agostinho-roscelli\/#respond"]}]},{"@type":"WebPage","@id":"https:\/\/www.oarcanjo.net\/site\/santo-agostinho-roscelli\/","url":"https:\/\/www.oarcanjo.net\/site\/santo-agostinho-roscelli\/","name":"Santo Agostinho Roscelli - O Arcanjo no ar","isPartOf":{"@id":"https:\/\/www.oarcanjo.net\/site\/#website"},"primaryImageOfPage":{"@id":"https:\/\/www.oarcanjo.net\/site\/santo-agostinho-roscelli\/#primaryimage"},"image":{"@id":"https:\/\/www.oarcanjo.net\/site\/santo-agostinho-roscelli\/#primaryimage"},"thumbnailUrl":"http:\/\/www.derradeirasgracas.com\/images\/1.%20O%20Santo%20do%20Dia%20-%20Fotos\/Santos%20de%20Maio%20-%20Fotos\/Santo%20Agostinho%20Roscelli.gif","datePublished":"2019-05-07T11:50:31+00:00","dateModified":"2019-02-20T17:35:11+00:00","breadcrumb":{"@id":"https:\/\/www.oarcanjo.net\/site\/santo-agostinho-roscelli\/#breadcrumb"},"inLanguage":"pt-BR","potentialAction":[{"@type":"ReadAction","target":["https:\/\/www.oarcanjo.net\/site\/santo-agostinho-roscelli\/"]}]},{"@type":"ImageObject","inLanguage":"pt-BR","@id":"https:\/\/www.oarcanjo.net\/site\/santo-agostinho-roscelli\/#primaryimage","url":"http:\/\/www.derradeirasgracas.com\/images\/1.%20O%20Santo%20do%20Dia%20-%20Fotos\/Santos%20de%20Maio%20-%20Fotos\/Santo%20Agostinho%20Roscelli.gif","contentUrl":"http:\/\/www.derradeirasgracas.com\/images\/1.%20O%20Santo%20do%20Dia%20-%20Fotos\/Santos%20de%20Maio%20-%20Fotos\/Santo%20Agostinho%20Roscelli.gif"},{"@type":"BreadcrumbList","@id":"https:\/\/www.oarcanjo.net\/site\/santo-agostinho-roscelli\/#breadcrumb","itemListElement":[{"@type":"ListItem","position":1,"name":"In\u00edcio","item":"https:\/\/www.oarcanjo.net\/site\/"},{"@type":"ListItem","position":2,"name":"Santo Agostinho Roscelli"}]},{"@type":"WebSite","@id":"https:\/\/www.oarcanjo.net\/site\/#website","url":"https:\/\/www.oarcanjo.net\/site\/","name":"O Arcanjo no ar","description":"Site da Par\u00f3quia S\u00e3o Miguel Arcanjo (Arquidiocese de SP)","publisher":{"@id":"https:\/\/www.oarcanjo.net\/site\/#organization"},"potentialAction":[{"@type":"SearchAction","target":{"@type":"EntryPoint","urlTemplate":"https:\/\/www.oarcanjo.net\/site\/?s={search_term_string}"},"query-input":{"@type":"PropertyValueSpecification","valueRequired":true,"valueName":"search_term_string"}}],"inLanguage":"pt-BR"},{"@type":"Organization","@id":"https:\/\/www.oarcanjo.net\/site\/#organization","name":"Par\u00f3quia S\u00e3o Miguel Arcanjo","url":"https:\/\/www.oarcanjo.net\/site\/","logo":{"@type":"ImageObject","inLanguage":"pt-BR","@id":"https:\/\/www.oarcanjo.net\/site\/#\/schema\/logo\/image\/","url":"https:\/\/www.oarcanjo.net\/site\/wp-content\/uploads\/LogoOArcanjo.png","contentUrl":"https:\/\/www.oarcanjo.net\/site\/wp-content\/uploads\/LogoOArcanjo.png","width":319,"height":99,"caption":"Par\u00f3quia S\u00e3o Miguel Arcanjo"},"image":{"@id":"https:\/\/www.oarcanjo.net\/site\/#\/schema\/logo\/image\/"},"sameAs":["https:\/\/www.facebook.com\/OArcanjoNoAr\/"]},{"@type":"Person","@id":"https:\/\/www.oarcanjo.net\/site\/#\/schema\/person\/5eb9480bedd2f3c97e430ce128c29c6c","name":"danilo"}]}},"publishpress_future_action":{"enabled":false,"date":"2026-05-07 13:49:36","action":"category","newStatus":"draft","terms":[],"taxonomy":"category"},"publishpress_future_workflow_manual_trigger":{"enabledWorkflows":[]},"_links":{"self":[{"href":"https:\/\/www.oarcanjo.net\/site\/wp-json\/wp\/v2\/posts\/9283"}],"collection":[{"href":"https:\/\/www.oarcanjo.net\/site\/wp-json\/wp\/v2\/posts"}],"about":[{"href":"https:\/\/www.oarcanjo.net\/site\/wp-json\/wp\/v2\/types\/post"}],"author":[{"embeddable":true,"href":"https:\/\/www.oarcanjo.net\/site\/wp-json\/wp\/v2\/users\/14"}],"replies":[{"embeddable":true,"href":"https:\/\/www.oarcanjo.net\/site\/wp-json\/wp\/v2\/comments?post=9283"}],"version-history":[{"count":1,"href":"https:\/\/www.oarcanjo.net\/site\/wp-json\/wp\/v2\/posts\/9283\/revisions"}],"predecessor-version":[{"id":93051,"href":"https:\/\/www.oarcanjo.net\/site\/wp-json\/wp\/v2\/posts\/9283\/revisions\/93051"}],"wp:attachment":[{"href":"https:\/\/www.oarcanjo.net\/site\/wp-json\/wp\/v2\/media?parent=9283"}],"wp:term":[{"taxonomy":"category","embeddable":true,"href":"https:\/\/www.oarcanjo.net\/site\/wp-json\/wp\/v2\/categories?post=9283"},{"taxonomy":"post_tag","embeddable":true,"href":"https:\/\/www.oarcanjo.net\/site\/wp-json\/wp\/v2\/tags?post=9283"}],"curies":[{"name":"wp","href":"https:\/\/api.w.org\/{rel}","templated":true}]}}