
{"id":9285,"date":"2019-05-07T00:51:59","date_gmt":"2019-05-07T03:51:59","guid":{"rendered":"http:\/\/www.oarcanjo.net\/site\/?p=9285"},"modified":"2019-02-20T14:35:02","modified_gmt":"2019-02-20T17:35:02","slug":"santa-rosa-venerini","status":"publish","type":"post","link":"https:\/\/www.oarcanjo.net\/site\/santa-rosa-venerini\/","title":{"rendered":"Santa Rosa Venerini"},"content":{"rendered":"<p><img loading=\"lazy\" decoding=\"async\" src=\"http:\/\/www.domenicomorgante.it\/Santa_Rosa_Venerini.jpg\" alt=\"\" width=\"486\" height=\"601\" \/><\/p>\n<p>7 de Maio<\/p>\n<p>Fundou a Congrega\u00e7\u00e3o Mestras Pias Venerini<\/p>\n<p>Nascida em Viterbo, It\u00e1lia, no dia 9 de fevereiro de 1656, Rosa Venerini viveu um conflito. Um jovem apaixonado queria despos\u00e1-la, mas o seu desejo era consagrar-se a Deus. Sua vida muda radicalmente quando uma s\u00e9rie de acontecimentos culmina com a morte do pretendente e, mais tarde, de seus pais. Rosa assume, ent\u00e3o, a educa\u00e7\u00e3o dos dois irm\u00e3os. Mesmo com essa responsabilidade ela n\u00e3o abandona seu desejo de consagrar-se a Deus. Passa a convidar as jovens da vizinhan\u00e7a para rezar o Ros\u00e1rio.<\/p>\n<p>Foi convivendo com essas pessoas que Rosa descobriu o grave estado de ignor\u00e2ncia religiosa e intelectual que atingia a juventude da \u00e9poca. Decidiu, ent\u00e3o, que seria seu dever combat\u00ea-la. Um padre jesu\u00edta, Ventura Bandinelli, percebendo a sua voca\u00e7\u00e3o natural para a religiosidade e para o ensino, abre-lhe as portas da vida religiosa. Rosa n\u00e3o perdeu a oportunidade e deu o primeiro passo, indo viver em comunidade. Junto de mais duas amigas, cria a primeira escola prim\u00e1ria para crian\u00e7as em 1685. Estava iniciada a sua grande obra.<\/p>\n<p>Por\u00e9m as oposi\u00e7\u00f5es n\u00e3o tardaram a aparecer. Alguns padres acharam que a obra de Rosa agredia a sua autoridade no ensino religioso. Os nobres se posicionavam contra o ensino gratuito para os pobres. Rosa enfrentava uma batalha em nome de Deus e de um ideal. Felizmente, o bispo de Montefiascone interv\u00e9m e a convida para fundar em sua diocese uma nova escola. Para l\u00e1 Rosa Venerini se dirige, junto de uma colaboradora muito especial: a futura santa L\u00facia Filippini.<\/p>\n<p>As escolas, ent\u00e3o, se expandem e chegam a muitas cidades, inclusive a Roma. Mas os problemas apareceriam novamente. Rosa tem de enfrentar discuss\u00f5es dolorosas, ambi\u00e7\u00f5es e divis\u00f5es dentro de sua institui\u00e7\u00e3o, problemas provocados pela inveja e gan\u00e2ncia das pessoas.<\/p>\n<p>Em 1716, uma visita do papa Clemente XI foi o reconhecimento do valor de sua obra. O apoio do papa foi um fator importante para o desenvolvimento de sua institui\u00e7\u00e3o, que n\u00e3o era uma congrega\u00e7\u00e3o, e agora \u00e9 chamada &#8220;Mestras Pias Venerini&#8221;.<\/p>\n<p>O fim de sua vida foi marcado por uma doen\u00e7a que a consumiu por quatro anos. Rosa veio a falecer no dia 7 de maio de 1728. Em 1909, \u00e9 fundada a primeira Casa nos Estados Unidos. O reconhecimento can\u00f4nico para essas professoras chegou apenas em 1941, quando, finalmente, se tornam uma congrega\u00e7\u00e3o.<\/p>\n<p>O papa Pio XII proclama bem-aventurada Rosa Venerini em 1952, quando a congrega\u00e7\u00e3o j\u00e1 operava em muitos pa\u00edses do mundo todo. Suas rel\u00edquias est\u00e3o guardadas na capela da Casa m\u00e3e da congrega\u00e7\u00e3o em Roma.<\/p>\n<p>Em 15 de outubro de 2006 o papa Bento XVI, na pra\u00e7a de S\u00e3o Pedro, proclama Rosa Venerini, santa.<\/p>\n<div id=\"themify_builder_content-9285\" data-postid=\"9285\" class=\"themify_builder_content themify_builder_content-9285 themify_builder themify_builder_front\">\n\t<\/div>\n<!-- \/themify_builder_content -->","protected":false},"excerpt":{"rendered":"<p>7 de Maio Fundou a Congrega\u00e7\u00e3o Mestras Pias Venerini Nascida em Viterbo, It\u00e1lia, no dia 9 de fevereiro de 1656, Rosa Venerini viveu um conflito. Um jovem apaixonado queria despos\u00e1-la, mas o seu desejo era consagrar-se a Deus. Sua vida muda radicalmente quando uma s\u00e9rie de acontecimentos culmina com a morte do pretendente e, mais [&hellip;]<\/p>\n","protected":false},"author":14,"featured_media":0,"comment_status":"open","ping_status":"open","sticky":false,"template":"","format":"standard","meta":{"ngg_post_thumbnail":0,"footnotes":""},"categories":[186],"tags":[],"yoast_head":"<!-- This site is optimized with the Yoast SEO plugin v23.5 - https:\/\/yoast.com\/wordpress\/plugins\/seo\/ -->\n<title>Santa Rosa Venerini - O Arcanjo no ar<\/title>\n<meta name=\"robots\" content=\"index, follow, max-snippet:-1, max-image-preview:large, max-video-preview:-1\" \/>\n<link rel=\"canonical\" href=\"https:\/\/www.oarcanjo.net\/site\/santa-rosa-venerini\/\" \/>\n<meta property=\"og:locale\" content=\"pt_BR\" \/>\n<meta property=\"og:type\" content=\"article\" \/>\n<meta property=\"og:title\" content=\"Santa Rosa Venerini - O Arcanjo no ar\" \/>\n<meta property=\"og:description\" content=\"7 de Maio Fundou a Congrega\u00e7\u00e3o Mestras Pias Venerini Nascida em Viterbo, It\u00e1lia, no dia 9 de fevereiro de 1656, Rosa Venerini viveu um conflito. Um jovem apaixonado queria despos\u00e1-la, mas o seu desejo era consagrar-se a Deus. Sua vida muda radicalmente quando uma s\u00e9rie de acontecimentos culmina com a morte do pretendente e, mais [&hellip;]\" \/>\n<meta property=\"og:url\" content=\"https:\/\/www.oarcanjo.net\/site\/santa-rosa-venerini\/\" \/>\n<meta property=\"og:site_name\" content=\"O Arcanjo no ar\" \/>\n<meta property=\"article:publisher\" content=\"https:\/\/www.facebook.com\/OArcanjoNoAr\/\" \/>\n<meta property=\"article:published_time\" content=\"2019-05-07T03:51:59+00:00\" \/>\n<meta property=\"article:modified_time\" content=\"2019-02-20T17:35:02+00:00\" \/>\n<meta property=\"og:image\" content=\"http:\/\/www.domenicomorgante.it\/Santa_Rosa_Venerini.jpg\" \/>\n<meta name=\"author\" content=\"danilo\" \/>\n<meta name=\"twitter:card\" content=\"summary_large_image\" \/>\n<meta name=\"twitter:label1\" content=\"Escrito por\" \/>\n\t<meta name=\"twitter:data1\" content=\"danilo\" \/>\n\t<meta name=\"twitter:label2\" content=\"Est. tempo de leitura\" \/>\n\t<meta name=\"twitter:data2\" content=\"2 minutos\" \/>\n<script type=\"application\/ld+json\" class=\"yoast-schema-graph\">{\"@context\":\"https:\/\/schema.org\",\"@graph\":[{\"@type\":\"Article\",\"@id\":\"https:\/\/www.oarcanjo.net\/site\/santa-rosa-venerini\/#article\",\"isPartOf\":{\"@id\":\"https:\/\/www.oarcanjo.net\/site\/santa-rosa-venerini\/\"},\"author\":{\"name\":\"danilo\",\"@id\":\"https:\/\/www.oarcanjo.net\/site\/#\/schema\/person\/5eb9480bedd2f3c97e430ce128c29c6c\"},\"headline\":\"Santa Rosa Venerini\",\"datePublished\":\"2019-05-07T03:51:59+00:00\",\"dateModified\":\"2019-02-20T17:35:02+00:00\",\"mainEntityOfPage\":{\"@id\":\"https:\/\/www.oarcanjo.net\/site\/santa-rosa-venerini\/\"},\"wordCount\":475,\"commentCount\":0,\"publisher\":{\"@id\":\"https:\/\/www.oarcanjo.net\/site\/#organization\"},\"image\":{\"@id\":\"https:\/\/www.oarcanjo.net\/site\/santa-rosa-venerini\/#primaryimage\"},\"thumbnailUrl\":\"http:\/\/www.domenicomorgante.it\/Santa_Rosa_Venerini.jpg\",\"articleSection\":[\"Testemunhos\"],\"inLanguage\":\"pt-BR\",\"potentialAction\":[{\"@type\":\"CommentAction\",\"name\":\"Comment\",\"target\":[\"https:\/\/www.oarcanjo.net\/site\/santa-rosa-venerini\/#respond\"]}]},{\"@type\":\"WebPage\",\"@id\":\"https:\/\/www.oarcanjo.net\/site\/santa-rosa-venerini\/\",\"url\":\"https:\/\/www.oarcanjo.net\/site\/santa-rosa-venerini\/\",\"name\":\"Santa Rosa Venerini - O Arcanjo no ar\",\"isPartOf\":{\"@id\":\"https:\/\/www.oarcanjo.net\/site\/#website\"},\"primaryImageOfPage\":{\"@id\":\"https:\/\/www.oarcanjo.net\/site\/santa-rosa-venerini\/#primaryimage\"},\"image\":{\"@id\":\"https:\/\/www.oarcanjo.net\/site\/santa-rosa-venerini\/#primaryimage\"},\"thumbnailUrl\":\"http:\/\/www.domenicomorgante.it\/Santa_Rosa_Venerini.jpg\",\"datePublished\":\"2019-05-07T03:51:59+00:00\",\"dateModified\":\"2019-02-20T17:35:02+00:00\",\"breadcrumb\":{\"@id\":\"https:\/\/www.oarcanjo.net\/site\/santa-rosa-venerini\/#breadcrumb\"},\"inLanguage\":\"pt-BR\",\"potentialAction\":[{\"@type\":\"ReadAction\",\"target\":[\"https:\/\/www.oarcanjo.net\/site\/santa-rosa-venerini\/\"]}]},{\"@type\":\"ImageObject\",\"inLanguage\":\"pt-BR\",\"@id\":\"https:\/\/www.oarcanjo.net\/site\/santa-rosa-venerini\/#primaryimage\",\"url\":\"http:\/\/www.domenicomorgante.it\/Santa_Rosa_Venerini.jpg\",\"contentUrl\":\"http:\/\/www.domenicomorgante.it\/Santa_Rosa_Venerini.jpg\"},{\"@type\":\"BreadcrumbList\",\"@id\":\"https:\/\/www.oarcanjo.net\/site\/santa-rosa-venerini\/#breadcrumb\",\"itemListElement\":[{\"@type\":\"ListItem\",\"position\":1,\"name\":\"In\u00edcio\",\"item\":\"https:\/\/www.oarcanjo.net\/site\/\"},{\"@type\":\"ListItem\",\"position\":2,\"name\":\"Santa Rosa Venerini\"}]},{\"@type\":\"WebSite\",\"@id\":\"https:\/\/www.oarcanjo.net\/site\/#website\",\"url\":\"https:\/\/www.oarcanjo.net\/site\/\",\"name\":\"O Arcanjo no ar\",\"description\":\"Site da Par\u00f3quia S\u00e3o Miguel Arcanjo (Arquidiocese de SP)\",\"publisher\":{\"@id\":\"https:\/\/www.oarcanjo.net\/site\/#organization\"},\"potentialAction\":[{\"@type\":\"SearchAction\",\"target\":{\"@type\":\"EntryPoint\",\"urlTemplate\":\"https:\/\/www.oarcanjo.net\/site\/?s={search_term_string}\"},\"query-input\":{\"@type\":\"PropertyValueSpecification\",\"valueRequired\":true,\"valueName\":\"search_term_string\"}}],\"inLanguage\":\"pt-BR\"},{\"@type\":\"Organization\",\"@id\":\"https:\/\/www.oarcanjo.net\/site\/#organization\",\"name\":\"Par\u00f3quia S\u00e3o Miguel Arcanjo\",\"url\":\"https:\/\/www.oarcanjo.net\/site\/\",\"logo\":{\"@type\":\"ImageObject\",\"inLanguage\":\"pt-BR\",\"@id\":\"https:\/\/www.oarcanjo.net\/site\/#\/schema\/logo\/image\/\",\"url\":\"https:\/\/www.oarcanjo.net\/site\/wp-content\/uploads\/LogoOArcanjo.png\",\"contentUrl\":\"https:\/\/www.oarcanjo.net\/site\/wp-content\/uploads\/LogoOArcanjo.png\",\"width\":319,\"height\":99,\"caption\":\"Par\u00f3quia S\u00e3o Miguel Arcanjo\"},\"image\":{\"@id\":\"https:\/\/www.oarcanjo.net\/site\/#\/schema\/logo\/image\/\"},\"sameAs\":[\"https:\/\/www.facebook.com\/OArcanjoNoAr\/\"]},{\"@type\":\"Person\",\"@id\":\"https:\/\/www.oarcanjo.net\/site\/#\/schema\/person\/5eb9480bedd2f3c97e430ce128c29c6c\",\"name\":\"danilo\"}]}<\/script>\n<!-- \/ Yoast SEO plugin. -->","yoast_head_json":{"title":"Santa Rosa Venerini - O Arcanjo no ar","robots":{"index":"index","follow":"follow","max-snippet":"max-snippet:-1","max-image-preview":"max-image-preview:large","max-video-preview":"max-video-preview:-1"},"canonical":"https:\/\/www.oarcanjo.net\/site\/santa-rosa-venerini\/","og_locale":"pt_BR","og_type":"article","og_title":"Santa Rosa Venerini - O Arcanjo no ar","og_description":"7 de Maio Fundou a Congrega\u00e7\u00e3o Mestras Pias Venerini Nascida em Viterbo, It\u00e1lia, no dia 9 de fevereiro de 1656, Rosa Venerini viveu um conflito. Um jovem apaixonado queria despos\u00e1-la, mas o seu desejo era consagrar-se a Deus. Sua vida muda radicalmente quando uma s\u00e9rie de acontecimentos culmina com a morte do pretendente e, mais [&hellip;]","og_url":"https:\/\/www.oarcanjo.net\/site\/santa-rosa-venerini\/","og_site_name":"O Arcanjo no ar","article_publisher":"https:\/\/www.facebook.com\/OArcanjoNoAr\/","article_published_time":"2019-05-07T03:51:59+00:00","article_modified_time":"2019-02-20T17:35:02+00:00","og_image":[{"url":"http:\/\/www.domenicomorgante.it\/Santa_Rosa_Venerini.jpg"}],"author":"danilo","twitter_card":"summary_large_image","twitter_misc":{"Escrito por":"danilo","Est. tempo de leitura":"2 minutos"},"schema":{"@context":"https:\/\/schema.org","@graph":[{"@type":"Article","@id":"https:\/\/www.oarcanjo.net\/site\/santa-rosa-venerini\/#article","isPartOf":{"@id":"https:\/\/www.oarcanjo.net\/site\/santa-rosa-venerini\/"},"author":{"name":"danilo","@id":"https:\/\/www.oarcanjo.net\/site\/#\/schema\/person\/5eb9480bedd2f3c97e430ce128c29c6c"},"headline":"Santa Rosa Venerini","datePublished":"2019-05-07T03:51:59+00:00","dateModified":"2019-02-20T17:35:02+00:00","mainEntityOfPage":{"@id":"https:\/\/www.oarcanjo.net\/site\/santa-rosa-venerini\/"},"wordCount":475,"commentCount":0,"publisher":{"@id":"https:\/\/www.oarcanjo.net\/site\/#organization"},"image":{"@id":"https:\/\/www.oarcanjo.net\/site\/santa-rosa-venerini\/#primaryimage"},"thumbnailUrl":"http:\/\/www.domenicomorgante.it\/Santa_Rosa_Venerini.jpg","articleSection":["Testemunhos"],"inLanguage":"pt-BR","potentialAction":[{"@type":"CommentAction","name":"Comment","target":["https:\/\/www.oarcanjo.net\/site\/santa-rosa-venerini\/#respond"]}]},{"@type":"WebPage","@id":"https:\/\/www.oarcanjo.net\/site\/santa-rosa-venerini\/","url":"https:\/\/www.oarcanjo.net\/site\/santa-rosa-venerini\/","name":"Santa Rosa Venerini - O Arcanjo no ar","isPartOf":{"@id":"https:\/\/www.oarcanjo.net\/site\/#website"},"primaryImageOfPage":{"@id":"https:\/\/www.oarcanjo.net\/site\/santa-rosa-venerini\/#primaryimage"},"image":{"@id":"https:\/\/www.oarcanjo.net\/site\/santa-rosa-venerini\/#primaryimage"},"thumbnailUrl":"http:\/\/www.domenicomorgante.it\/Santa_Rosa_Venerini.jpg","datePublished":"2019-05-07T03:51:59+00:00","dateModified":"2019-02-20T17:35:02+00:00","breadcrumb":{"@id":"https:\/\/www.oarcanjo.net\/site\/santa-rosa-venerini\/#breadcrumb"},"inLanguage":"pt-BR","potentialAction":[{"@type":"ReadAction","target":["https:\/\/www.oarcanjo.net\/site\/santa-rosa-venerini\/"]}]},{"@type":"ImageObject","inLanguage":"pt-BR","@id":"https:\/\/www.oarcanjo.net\/site\/santa-rosa-venerini\/#primaryimage","url":"http:\/\/www.domenicomorgante.it\/Santa_Rosa_Venerini.jpg","contentUrl":"http:\/\/www.domenicomorgante.it\/Santa_Rosa_Venerini.jpg"},{"@type":"BreadcrumbList","@id":"https:\/\/www.oarcanjo.net\/site\/santa-rosa-venerini\/#breadcrumb","itemListElement":[{"@type":"ListItem","position":1,"name":"In\u00edcio","item":"https:\/\/www.oarcanjo.net\/site\/"},{"@type":"ListItem","position":2,"name":"Santa Rosa Venerini"}]},{"@type":"WebSite","@id":"https:\/\/www.oarcanjo.net\/site\/#website","url":"https:\/\/www.oarcanjo.net\/site\/","name":"O Arcanjo no ar","description":"Site da Par\u00f3quia S\u00e3o Miguel Arcanjo (Arquidiocese de SP)","publisher":{"@id":"https:\/\/www.oarcanjo.net\/site\/#organization"},"potentialAction":[{"@type":"SearchAction","target":{"@type":"EntryPoint","urlTemplate":"https:\/\/www.oarcanjo.net\/site\/?s={search_term_string}"},"query-input":{"@type":"PropertyValueSpecification","valueRequired":true,"valueName":"search_term_string"}}],"inLanguage":"pt-BR"},{"@type":"Organization","@id":"https:\/\/www.oarcanjo.net\/site\/#organization","name":"Par\u00f3quia S\u00e3o Miguel Arcanjo","url":"https:\/\/www.oarcanjo.net\/site\/","logo":{"@type":"ImageObject","inLanguage":"pt-BR","@id":"https:\/\/www.oarcanjo.net\/site\/#\/schema\/logo\/image\/","url":"https:\/\/www.oarcanjo.net\/site\/wp-content\/uploads\/LogoOArcanjo.png","contentUrl":"https:\/\/www.oarcanjo.net\/site\/wp-content\/uploads\/LogoOArcanjo.png","width":319,"height":99,"caption":"Par\u00f3quia S\u00e3o Miguel Arcanjo"},"image":{"@id":"https:\/\/www.oarcanjo.net\/site\/#\/schema\/logo\/image\/"},"sameAs":["https:\/\/www.facebook.com\/OArcanjoNoAr\/"]},{"@type":"Person","@id":"https:\/\/www.oarcanjo.net\/site\/#\/schema\/person\/5eb9480bedd2f3c97e430ce128c29c6c","name":"danilo"}]}},"publishpress_future_action":{"enabled":false,"date":"2026-05-07 13:48:30","action":"category","newStatus":"draft","terms":[],"taxonomy":"category"},"publishpress_future_workflow_manual_trigger":{"enabledWorkflows":[]},"_links":{"self":[{"href":"https:\/\/www.oarcanjo.net\/site\/wp-json\/wp\/v2\/posts\/9285"}],"collection":[{"href":"https:\/\/www.oarcanjo.net\/site\/wp-json\/wp\/v2\/posts"}],"about":[{"href":"https:\/\/www.oarcanjo.net\/site\/wp-json\/wp\/v2\/types\/post"}],"author":[{"embeddable":true,"href":"https:\/\/www.oarcanjo.net\/site\/wp-json\/wp\/v2\/users\/14"}],"replies":[{"embeddable":true,"href":"https:\/\/www.oarcanjo.net\/site\/wp-json\/wp\/v2\/comments?post=9285"}],"version-history":[{"count":1,"href":"https:\/\/www.oarcanjo.net\/site\/wp-json\/wp\/v2\/posts\/9285\/revisions"}],"predecessor-version":[{"id":93049,"href":"https:\/\/www.oarcanjo.net\/site\/wp-json\/wp\/v2\/posts\/9285\/revisions\/93049"}],"wp:attachment":[{"href":"https:\/\/www.oarcanjo.net\/site\/wp-json\/wp\/v2\/media?parent=9285"}],"wp:term":[{"taxonomy":"category","embeddable":true,"href":"https:\/\/www.oarcanjo.net\/site\/wp-json\/wp\/v2\/categories?post=9285"},{"taxonomy":"post_tag","embeddable":true,"href":"https:\/\/www.oarcanjo.net\/site\/wp-json\/wp\/v2\/tags?post=9285"}],"curies":[{"name":"wp","href":"https:\/\/api.w.org\/{rel}","templated":true}]}}