
{"id":9287,"date":"2019-05-07T00:54:00","date_gmt":"2019-05-07T03:54:00","guid":{"rendered":"http:\/\/www.oarcanjo.net\/site\/?p=9287"},"modified":"2019-02-20T14:35:07","modified_gmt":"2019-02-20T17:35:07","slug":"santa-flavia-domitila","status":"publish","type":"post","link":"https:\/\/www.oarcanjo.net\/site\/santa-flavia-domitila\/","title":{"rendered":"Santa Fl\u00e1via Domitila"},"content":{"rendered":"<p><img decoding=\"async\" src=\"http:\/\/farm3.static.flickr.com\/2212\/3538864733_05e76f45bd.jpg\" alt=\"\" \/><\/p>\n<p>7 de Maio<\/p>\n<p>H\u00e1 muito mais tradi\u00e7\u00f5es envolvendo a exist\u00eancia de Fl\u00e1via Domitila do que documentos hist\u00f3ricos comprovados. Seu nome e santidade tanto se espalharam, nos primeiros tempos do cristianismo, que sua vida se mesclou a essas tradi\u00e7\u00f5es pela transmiss\u00e3o dos pr\u00f3prios fi\u00e9is que fixaram o seu culto.<\/p>\n<p>Fl\u00e1via Domitila teria sido convertida ao cristianismo por dois eunucos. Enquanto ela se preparava para o casamento com o filho de um c\u00f4nsul, Nereu e Aquiles lhe falaram sobre Cristo e a beleza da virgindade, &#8220;irm\u00e3 dos Anjos&#8221;. Ela teria abandonado o casamento e se convertido imediatamente.<\/p>\n<p>Contudo o pr\u00f3prio imperador, inconformado, tentou vencer a recusa pelo compromisso da jovem com uma tarde dan\u00e7ante em sua homenagem. A morte repentina do pr\u00f3prio noivo aconteceu em meio \u00e0s dan\u00e7as. Segundo a tradi\u00e7\u00e3o, Fl\u00e1via Domitila morreu queimada num inc\u00eandio criminoso que destruiu sua casa, sendo provocado por um irm\u00e3o do noivo.<\/p>\n<p>Mas o que existe de real sobre a vida de santa Fl\u00e1via Domitila \u00e9 que ela era uma nobre dama romana, esposa do c\u00f4nsul Fl\u00e1vio Clemente e sobrinha do imperador Vespasiano, pai de Domiciano. Esses dados foram encontrados em uma inscri\u00e7\u00e3o da \u00e9poca, conservada na bas\u00edlica dos santos Nereu e Aquiles, que tamb\u00e9m morreram decapitados pelo testemunho em Cristo.<\/p>\n<p>No primeiro s\u00e9culo, ela enfrentou a ira da corte por n\u00e3o esconder sua f\u00e9 em Cristo. Banida do conv\u00edvio social, foi depois julgada e condenada ao ex\u00edlio, sendo deportada para a ilha de Ponza.<\/p>\n<p>Sua morte aconteceu de forma lenta, cruel e dolorosa, numa ilha abandonada, sem as menores condi\u00e7\u00f5es de sobreviv\u00eancia, conforme escreveu sobre ela s\u00e3o Jer\u00f4nimo.<\/p>\n<div id=\"themify_builder_content-9287\" data-postid=\"9287\" class=\"themify_builder_content themify_builder_content-9287 themify_builder themify_builder_front\">\n\t<\/div>\n<!-- \/themify_builder_content -->","protected":false},"excerpt":{"rendered":"<p>7 de Maio H\u00e1 muito mais tradi\u00e7\u00f5es envolvendo a exist\u00eancia de Fl\u00e1via Domitila do que documentos hist\u00f3ricos comprovados. Seu nome e santidade tanto se espalharam, nos primeiros tempos do cristianismo, que sua vida se mesclou a essas tradi\u00e7\u00f5es pela transmiss\u00e3o dos pr\u00f3prios fi\u00e9is que fixaram o seu culto. Fl\u00e1via Domitila teria sido convertida ao cristianismo [&hellip;]<\/p>\n","protected":false},"author":14,"featured_media":0,"comment_status":"open","ping_status":"open","sticky":false,"template":"","format":"standard","meta":{"ngg_post_thumbnail":0,"footnotes":""},"categories":[186],"tags":[],"yoast_head":"<!-- This site is optimized with the Yoast SEO plugin v23.5 - https:\/\/yoast.com\/wordpress\/plugins\/seo\/ -->\n<title>Santa Fl\u00e1via Domitila - O Arcanjo no ar<\/title>\n<meta name=\"robots\" content=\"index, follow, max-snippet:-1, max-image-preview:large, max-video-preview:-1\" \/>\n<link rel=\"canonical\" href=\"https:\/\/www.oarcanjo.net\/site\/santa-flavia-domitila\/\" \/>\n<meta property=\"og:locale\" content=\"pt_BR\" \/>\n<meta property=\"og:type\" content=\"article\" \/>\n<meta property=\"og:title\" content=\"Santa Fl\u00e1via Domitila - O Arcanjo no ar\" \/>\n<meta property=\"og:description\" content=\"7 de Maio H\u00e1 muito mais tradi\u00e7\u00f5es envolvendo a exist\u00eancia de Fl\u00e1via Domitila do que documentos hist\u00f3ricos comprovados. Seu nome e santidade tanto se espalharam, nos primeiros tempos do cristianismo, que sua vida se mesclou a essas tradi\u00e7\u00f5es pela transmiss\u00e3o dos pr\u00f3prios fi\u00e9is que fixaram o seu culto. Fl\u00e1via Domitila teria sido convertida ao cristianismo [&hellip;]\" \/>\n<meta property=\"og:url\" content=\"https:\/\/www.oarcanjo.net\/site\/santa-flavia-domitila\/\" \/>\n<meta property=\"og:site_name\" content=\"O Arcanjo no ar\" \/>\n<meta property=\"article:publisher\" content=\"https:\/\/www.facebook.com\/OArcanjoNoAr\/\" \/>\n<meta property=\"article:published_time\" content=\"2019-05-07T03:54:00+00:00\" \/>\n<meta property=\"article:modified_time\" content=\"2019-02-20T17:35:07+00:00\" \/>\n<meta property=\"og:image\" content=\"http:\/\/farm3.static.flickr.com\/2212\/3538864733_05e76f45bd.jpg\" \/>\n<meta name=\"author\" content=\"danilo\" \/>\n<meta name=\"twitter:card\" content=\"summary_large_image\" \/>\n<meta name=\"twitter:label1\" content=\"Escrito por\" \/>\n\t<meta name=\"twitter:data1\" content=\"danilo\" \/>\n\t<meta name=\"twitter:label2\" content=\"Est. tempo de leitura\" \/>\n\t<meta name=\"twitter:data2\" content=\"1 minuto\" \/>\n<script type=\"application\/ld+json\" class=\"yoast-schema-graph\">{\"@context\":\"https:\/\/schema.org\",\"@graph\":[{\"@type\":\"Article\",\"@id\":\"https:\/\/www.oarcanjo.net\/site\/santa-flavia-domitila\/#article\",\"isPartOf\":{\"@id\":\"https:\/\/www.oarcanjo.net\/site\/santa-flavia-domitila\/\"},\"author\":{\"name\":\"danilo\",\"@id\":\"https:\/\/www.oarcanjo.net\/site\/#\/schema\/person\/5eb9480bedd2f3c97e430ce128c29c6c\"},\"headline\":\"Santa Fl\u00e1via Domitila\",\"datePublished\":\"2019-05-07T03:54:00+00:00\",\"dateModified\":\"2019-02-20T17:35:07+00:00\",\"mainEntityOfPage\":{\"@id\":\"https:\/\/www.oarcanjo.net\/site\/santa-flavia-domitila\/\"},\"wordCount\":298,\"commentCount\":0,\"publisher\":{\"@id\":\"https:\/\/www.oarcanjo.net\/site\/#organization\"},\"image\":{\"@id\":\"https:\/\/www.oarcanjo.net\/site\/santa-flavia-domitila\/#primaryimage\"},\"thumbnailUrl\":\"http:\/\/farm3.static.flickr.com\/2212\/3538864733_05e76f45bd.jpg\",\"articleSection\":[\"Testemunhos\"],\"inLanguage\":\"pt-BR\",\"potentialAction\":[{\"@type\":\"CommentAction\",\"name\":\"Comment\",\"target\":[\"https:\/\/www.oarcanjo.net\/site\/santa-flavia-domitila\/#respond\"]}]},{\"@type\":\"WebPage\",\"@id\":\"https:\/\/www.oarcanjo.net\/site\/santa-flavia-domitila\/\",\"url\":\"https:\/\/www.oarcanjo.net\/site\/santa-flavia-domitila\/\",\"name\":\"Santa Fl\u00e1via Domitila - O Arcanjo no ar\",\"isPartOf\":{\"@id\":\"https:\/\/www.oarcanjo.net\/site\/#website\"},\"primaryImageOfPage\":{\"@id\":\"https:\/\/www.oarcanjo.net\/site\/santa-flavia-domitila\/#primaryimage\"},\"image\":{\"@id\":\"https:\/\/www.oarcanjo.net\/site\/santa-flavia-domitila\/#primaryimage\"},\"thumbnailUrl\":\"http:\/\/farm3.static.flickr.com\/2212\/3538864733_05e76f45bd.jpg\",\"datePublished\":\"2019-05-07T03:54:00+00:00\",\"dateModified\":\"2019-02-20T17:35:07+00:00\",\"breadcrumb\":{\"@id\":\"https:\/\/www.oarcanjo.net\/site\/santa-flavia-domitila\/#breadcrumb\"},\"inLanguage\":\"pt-BR\",\"potentialAction\":[{\"@type\":\"ReadAction\",\"target\":[\"https:\/\/www.oarcanjo.net\/site\/santa-flavia-domitila\/\"]}]},{\"@type\":\"ImageObject\",\"inLanguage\":\"pt-BR\",\"@id\":\"https:\/\/www.oarcanjo.net\/site\/santa-flavia-domitila\/#primaryimage\",\"url\":\"http:\/\/farm3.static.flickr.com\/2212\/3538864733_05e76f45bd.jpg\",\"contentUrl\":\"http:\/\/farm3.static.flickr.com\/2212\/3538864733_05e76f45bd.jpg\"},{\"@type\":\"BreadcrumbList\",\"@id\":\"https:\/\/www.oarcanjo.net\/site\/santa-flavia-domitila\/#breadcrumb\",\"itemListElement\":[{\"@type\":\"ListItem\",\"position\":1,\"name\":\"In\u00edcio\",\"item\":\"https:\/\/www.oarcanjo.net\/site\/\"},{\"@type\":\"ListItem\",\"position\":2,\"name\":\"Santa Fl\u00e1via Domitila\"}]},{\"@type\":\"WebSite\",\"@id\":\"https:\/\/www.oarcanjo.net\/site\/#website\",\"url\":\"https:\/\/www.oarcanjo.net\/site\/\",\"name\":\"O Arcanjo no ar\",\"description\":\"Site da Par\u00f3quia S\u00e3o Miguel Arcanjo (Arquidiocese de SP)\",\"publisher\":{\"@id\":\"https:\/\/www.oarcanjo.net\/site\/#organization\"},\"potentialAction\":[{\"@type\":\"SearchAction\",\"target\":{\"@type\":\"EntryPoint\",\"urlTemplate\":\"https:\/\/www.oarcanjo.net\/site\/?s={search_term_string}\"},\"query-input\":{\"@type\":\"PropertyValueSpecification\",\"valueRequired\":true,\"valueName\":\"search_term_string\"}}],\"inLanguage\":\"pt-BR\"},{\"@type\":\"Organization\",\"@id\":\"https:\/\/www.oarcanjo.net\/site\/#organization\",\"name\":\"Par\u00f3quia S\u00e3o Miguel Arcanjo\",\"url\":\"https:\/\/www.oarcanjo.net\/site\/\",\"logo\":{\"@type\":\"ImageObject\",\"inLanguage\":\"pt-BR\",\"@id\":\"https:\/\/www.oarcanjo.net\/site\/#\/schema\/logo\/image\/\",\"url\":\"https:\/\/www.oarcanjo.net\/site\/wp-content\/uploads\/LogoOArcanjo.png\",\"contentUrl\":\"https:\/\/www.oarcanjo.net\/site\/wp-content\/uploads\/LogoOArcanjo.png\",\"width\":319,\"height\":99,\"caption\":\"Par\u00f3quia S\u00e3o Miguel Arcanjo\"},\"image\":{\"@id\":\"https:\/\/www.oarcanjo.net\/site\/#\/schema\/logo\/image\/\"},\"sameAs\":[\"https:\/\/www.facebook.com\/OArcanjoNoAr\/\"]},{\"@type\":\"Person\",\"@id\":\"https:\/\/www.oarcanjo.net\/site\/#\/schema\/person\/5eb9480bedd2f3c97e430ce128c29c6c\",\"name\":\"danilo\"}]}<\/script>\n<!-- \/ Yoast SEO plugin. -->","yoast_head_json":{"title":"Santa Fl\u00e1via Domitila - O Arcanjo no ar","robots":{"index":"index","follow":"follow","max-snippet":"max-snippet:-1","max-image-preview":"max-image-preview:large","max-video-preview":"max-video-preview:-1"},"canonical":"https:\/\/www.oarcanjo.net\/site\/santa-flavia-domitila\/","og_locale":"pt_BR","og_type":"article","og_title":"Santa Fl\u00e1via Domitila - O Arcanjo no ar","og_description":"7 de Maio H\u00e1 muito mais tradi\u00e7\u00f5es envolvendo a exist\u00eancia de Fl\u00e1via Domitila do que documentos hist\u00f3ricos comprovados. Seu nome e santidade tanto se espalharam, nos primeiros tempos do cristianismo, que sua vida se mesclou a essas tradi\u00e7\u00f5es pela transmiss\u00e3o dos pr\u00f3prios fi\u00e9is que fixaram o seu culto. Fl\u00e1via Domitila teria sido convertida ao cristianismo [&hellip;]","og_url":"https:\/\/www.oarcanjo.net\/site\/santa-flavia-domitila\/","og_site_name":"O Arcanjo no ar","article_publisher":"https:\/\/www.facebook.com\/OArcanjoNoAr\/","article_published_time":"2019-05-07T03:54:00+00:00","article_modified_time":"2019-02-20T17:35:07+00:00","og_image":[{"url":"http:\/\/farm3.static.flickr.com\/2212\/3538864733_05e76f45bd.jpg"}],"author":"danilo","twitter_card":"summary_large_image","twitter_misc":{"Escrito por":"danilo","Est. tempo de leitura":"1 minuto"},"schema":{"@context":"https:\/\/schema.org","@graph":[{"@type":"Article","@id":"https:\/\/www.oarcanjo.net\/site\/santa-flavia-domitila\/#article","isPartOf":{"@id":"https:\/\/www.oarcanjo.net\/site\/santa-flavia-domitila\/"},"author":{"name":"danilo","@id":"https:\/\/www.oarcanjo.net\/site\/#\/schema\/person\/5eb9480bedd2f3c97e430ce128c29c6c"},"headline":"Santa Fl\u00e1via Domitila","datePublished":"2019-05-07T03:54:00+00:00","dateModified":"2019-02-20T17:35:07+00:00","mainEntityOfPage":{"@id":"https:\/\/www.oarcanjo.net\/site\/santa-flavia-domitila\/"},"wordCount":298,"commentCount":0,"publisher":{"@id":"https:\/\/www.oarcanjo.net\/site\/#organization"},"image":{"@id":"https:\/\/www.oarcanjo.net\/site\/santa-flavia-domitila\/#primaryimage"},"thumbnailUrl":"http:\/\/farm3.static.flickr.com\/2212\/3538864733_05e76f45bd.jpg","articleSection":["Testemunhos"],"inLanguage":"pt-BR","potentialAction":[{"@type":"CommentAction","name":"Comment","target":["https:\/\/www.oarcanjo.net\/site\/santa-flavia-domitila\/#respond"]}]},{"@type":"WebPage","@id":"https:\/\/www.oarcanjo.net\/site\/santa-flavia-domitila\/","url":"https:\/\/www.oarcanjo.net\/site\/santa-flavia-domitila\/","name":"Santa Fl\u00e1via Domitila - O Arcanjo no ar","isPartOf":{"@id":"https:\/\/www.oarcanjo.net\/site\/#website"},"primaryImageOfPage":{"@id":"https:\/\/www.oarcanjo.net\/site\/santa-flavia-domitila\/#primaryimage"},"image":{"@id":"https:\/\/www.oarcanjo.net\/site\/santa-flavia-domitila\/#primaryimage"},"thumbnailUrl":"http:\/\/farm3.static.flickr.com\/2212\/3538864733_05e76f45bd.jpg","datePublished":"2019-05-07T03:54:00+00:00","dateModified":"2019-02-20T17:35:07+00:00","breadcrumb":{"@id":"https:\/\/www.oarcanjo.net\/site\/santa-flavia-domitila\/#breadcrumb"},"inLanguage":"pt-BR","potentialAction":[{"@type":"ReadAction","target":["https:\/\/www.oarcanjo.net\/site\/santa-flavia-domitila\/"]}]},{"@type":"ImageObject","inLanguage":"pt-BR","@id":"https:\/\/www.oarcanjo.net\/site\/santa-flavia-domitila\/#primaryimage","url":"http:\/\/farm3.static.flickr.com\/2212\/3538864733_05e76f45bd.jpg","contentUrl":"http:\/\/farm3.static.flickr.com\/2212\/3538864733_05e76f45bd.jpg"},{"@type":"BreadcrumbList","@id":"https:\/\/www.oarcanjo.net\/site\/santa-flavia-domitila\/#breadcrumb","itemListElement":[{"@type":"ListItem","position":1,"name":"In\u00edcio","item":"https:\/\/www.oarcanjo.net\/site\/"},{"@type":"ListItem","position":2,"name":"Santa Fl\u00e1via Domitila"}]},{"@type":"WebSite","@id":"https:\/\/www.oarcanjo.net\/site\/#website","url":"https:\/\/www.oarcanjo.net\/site\/","name":"O Arcanjo no ar","description":"Site da Par\u00f3quia S\u00e3o Miguel Arcanjo (Arquidiocese de SP)","publisher":{"@id":"https:\/\/www.oarcanjo.net\/site\/#organization"},"potentialAction":[{"@type":"SearchAction","target":{"@type":"EntryPoint","urlTemplate":"https:\/\/www.oarcanjo.net\/site\/?s={search_term_string}"},"query-input":{"@type":"PropertyValueSpecification","valueRequired":true,"valueName":"search_term_string"}}],"inLanguage":"pt-BR"},{"@type":"Organization","@id":"https:\/\/www.oarcanjo.net\/site\/#organization","name":"Par\u00f3quia S\u00e3o Miguel Arcanjo","url":"https:\/\/www.oarcanjo.net\/site\/","logo":{"@type":"ImageObject","inLanguage":"pt-BR","@id":"https:\/\/www.oarcanjo.net\/site\/#\/schema\/logo\/image\/","url":"https:\/\/www.oarcanjo.net\/site\/wp-content\/uploads\/LogoOArcanjo.png","contentUrl":"https:\/\/www.oarcanjo.net\/site\/wp-content\/uploads\/LogoOArcanjo.png","width":319,"height":99,"caption":"Par\u00f3quia S\u00e3o Miguel Arcanjo"},"image":{"@id":"https:\/\/www.oarcanjo.net\/site\/#\/schema\/logo\/image\/"},"sameAs":["https:\/\/www.facebook.com\/OArcanjoNoAr\/"]},{"@type":"Person","@id":"https:\/\/www.oarcanjo.net\/site\/#\/schema\/person\/5eb9480bedd2f3c97e430ce128c29c6c","name":"danilo"}]}},"publishpress_future_action":{"enabled":false,"date":"2026-05-07 13:49:37","action":"category","newStatus":"draft","terms":[],"taxonomy":"category"},"publishpress_future_workflow_manual_trigger":{"enabledWorkflows":[]},"_links":{"self":[{"href":"https:\/\/www.oarcanjo.net\/site\/wp-json\/wp\/v2\/posts\/9287"}],"collection":[{"href":"https:\/\/www.oarcanjo.net\/site\/wp-json\/wp\/v2\/posts"}],"about":[{"href":"https:\/\/www.oarcanjo.net\/site\/wp-json\/wp\/v2\/types\/post"}],"author":[{"embeddable":true,"href":"https:\/\/www.oarcanjo.net\/site\/wp-json\/wp\/v2\/users\/14"}],"replies":[{"embeddable":true,"href":"https:\/\/www.oarcanjo.net\/site\/wp-json\/wp\/v2\/comments?post=9287"}],"version-history":[{"count":1,"href":"https:\/\/www.oarcanjo.net\/site\/wp-json\/wp\/v2\/posts\/9287\/revisions"}],"predecessor-version":[{"id":93050,"href":"https:\/\/www.oarcanjo.net\/site\/wp-json\/wp\/v2\/posts\/9287\/revisions\/93050"}],"wp:attachment":[{"href":"https:\/\/www.oarcanjo.net\/site\/wp-json\/wp\/v2\/media?parent=9287"}],"wp:term":[{"taxonomy":"category","embeddable":true,"href":"https:\/\/www.oarcanjo.net\/site\/wp-json\/wp\/v2\/categories?post=9287"},{"taxonomy":"post_tag","embeddable":true,"href":"https:\/\/www.oarcanjo.net\/site\/wp-json\/wp\/v2\/tags?post=9287"}],"curies":[{"name":"wp","href":"https:\/\/api.w.org\/{rel}","templated":true}]}}