
{"id":9289,"date":"2019-05-08T00:56:22","date_gmt":"2019-05-08T03:56:22","guid":{"rendered":"http:\/\/www.oarcanjo.net\/site\/?p=9289"},"modified":"2019-02-20T14:35:19","modified_gmt":"2019-02-20T17:35:19","slug":"sao-vitor","status":"publish","type":"post","link":"https:\/\/www.oarcanjo.net\/site\/sao-vitor\/","title":{"rendered":"S\u00e3o V\u00edtor"},"content":{"rendered":"<p><img decoding=\"async\" src=\"http:\/\/3.bp.blogspot.com\/_z-c0Sh5Zlrs\/SJo_WtucdlI\/AAAAAAAABZk\/PxlNSaVFOd4\/s400\/S%C3%A3o+V%C3%ADtor.jpg\" alt=\"\" \/><\/p>\n<p>8 de Maio<\/p>\n<p>V\u00edtor, o Mouro, era africano natural da Maurit\u00e2nia. Crist\u00e3o desde crian\u00e7a, quando adulto ingressou no ex\u00e9rcito do imperador Maximiano. Quando este desejou sufocar uma rebeli\u00e3o na G\u00e1lia, atual Fran\u00e7a, recrutou, ent\u00e3o, um grande contingente de homens do Oriente e do norte da \u00c1frica.<\/p>\n<p>O destacamento em que veio V\u00edtor se estabeleceu em Mil\u00e3o, na It\u00e1lia. Entretanto o imperador exigia que todos os soldados, antes de irem para a batalha, oferecessem sacrif\u00edcios aos deuses pag\u00e3os do Imp\u00e9rio. Os que se recusavam eram condenados \u00e0 morte.<\/p>\n<p>Pois V\u00edtor se recusou, mantendo e reafirmando sua f\u00e9 crist\u00e3 a cada ordem recebida nesse sentido. Ele foi levado ao tribunal e interrogado. Confessou novamente sua doutrina, entretanto, renovando sua lealdade ao imperador, quanto \u00e0s ordens militares. O soldado V\u00edtor, mesmo assim, foi encarcerado, permanecendo por seis dias sem comida ou \u00e1gua.<\/p>\n<p>Essa cadeia onde ficou, ao lado da Porta Romana, at\u00e9 hoje \u00e9 tristemente conhecida como o c\u00e1rcere de S\u00e3o V\u00edtor. Findo esse prazo, V\u00edtor foi arrastado pelas ruas da cidade at\u00e9 o hip\u00f3dromo do Circo, situado junto \u00e0 atual Porta Ticinense, onde, interrogado novamente pelo pr\u00f3prio imperador, se negou a abandonar sua religi\u00e3o. Foi severamente flagelado, mas manteve-se firme. Levado de volta ao c\u00e1rcere, teve as feridas cobertas por chumbo derretido, mas o soldado africano saiu ileso do pavoroso castigo.<\/p>\n<p>Rapidamente V\u00edtor se recuperou e, na primeira oportunidade, fugiu da cadeia, refugiando-se numa estrebaria junto a um teatro, onde hoje se encontra a Porta Vercelina. Acabou descoberto, levado a uma floresta pr\u00f3xima e decapitado. Era o dia 8 de maio de 303.<\/p>\n<p>Conta a tradi\u00e7\u00e3o milanesa que seu corpo permaneceu sem sepultura por uma semana, quando o bispo s\u00e3o Materno o encontrou intacto e vigiado por duas feras. Ali mesmo foi constru\u00edda uma imensa igreja, a ele dedicada. Ali\u00e1s, n\u00e3o \u00e9 a \u00fanica. H\u00e1, em Mil\u00e3o, v\u00e1rias outras igrejas e monumentos erguidos em sua homenagem, mas o mais significativo, sem d\u00favida, \u00e9 o seu c\u00e1rcere.<\/p>\n<p>V\u00edtor \u00e9 um dos santos mais amados e venerados pelos habitantes de Mil\u00e3o. Tendo sido martirizado naquela cidade, sua pris\u00e3o e seu mart\u00edrio permanecem vivos na mem\u00f3ria do povo, que sabe contar at\u00e9 hoje, detalhadamente, seu sofrimento, apontando com precis\u00e3o os locais onde as tristes e sangrentas cenas aconteceram no in\u00edcio do s\u00e9culo IV.<\/p>\n<p>O culto ao m\u00e1rtir s\u00e3o V\u00edtor, o Mouro, se espalhou pelo mundo cat\u00f3lico do Ocidente e do Oriente, sendo invocado como o padroeiro dos prisioneiros e exilados.<\/p>\n<div id=\"themify_builder_content-9289\" data-postid=\"9289\" class=\"themify_builder_content themify_builder_content-9289 themify_builder themify_builder_front\">\n\t<\/div>\n<!-- \/themify_builder_content -->","protected":false},"excerpt":{"rendered":"<p>8 de Maio V\u00edtor, o Mouro, era africano natural da Maurit\u00e2nia. Crist\u00e3o desde crian\u00e7a, quando adulto ingressou no ex\u00e9rcito do imperador Maximiano. Quando este desejou sufocar uma rebeli\u00e3o na G\u00e1lia, atual Fran\u00e7a, recrutou, ent\u00e3o, um grande contingente de homens do Oriente e do norte da \u00c1frica. O destacamento em que veio V\u00edtor se estabeleceu em [&hellip;]<\/p>\n","protected":false},"author":14,"featured_media":0,"comment_status":"open","ping_status":"open","sticky":false,"template":"","format":"standard","meta":{"ngg_post_thumbnail":0,"footnotes":""},"categories":[186],"tags":[],"yoast_head":"<!-- This site is optimized with the Yoast SEO plugin v23.5 - https:\/\/yoast.com\/wordpress\/plugins\/seo\/ -->\n<title>S\u00e3o V\u00edtor - O Arcanjo no ar<\/title>\n<meta name=\"robots\" content=\"index, follow, max-snippet:-1, max-image-preview:large, max-video-preview:-1\" \/>\n<link rel=\"canonical\" href=\"https:\/\/www.oarcanjo.net\/site\/sao-vitor\/\" \/>\n<meta property=\"og:locale\" content=\"pt_BR\" \/>\n<meta property=\"og:type\" content=\"article\" \/>\n<meta property=\"og:title\" content=\"S\u00e3o V\u00edtor - O Arcanjo no ar\" \/>\n<meta property=\"og:description\" content=\"8 de Maio V\u00edtor, o Mouro, era africano natural da Maurit\u00e2nia. Crist\u00e3o desde crian\u00e7a, quando adulto ingressou no ex\u00e9rcito do imperador Maximiano. Quando este desejou sufocar uma rebeli\u00e3o na G\u00e1lia, atual Fran\u00e7a, recrutou, ent\u00e3o, um grande contingente de homens do Oriente e do norte da \u00c1frica. O destacamento em que veio V\u00edtor se estabeleceu em [&hellip;]\" \/>\n<meta property=\"og:url\" content=\"https:\/\/www.oarcanjo.net\/site\/sao-vitor\/\" \/>\n<meta property=\"og:site_name\" content=\"O Arcanjo no ar\" \/>\n<meta property=\"article:publisher\" content=\"https:\/\/www.facebook.com\/OArcanjoNoAr\/\" \/>\n<meta property=\"article:published_time\" content=\"2019-05-08T03:56:22+00:00\" \/>\n<meta property=\"article:modified_time\" content=\"2019-02-20T17:35:19+00:00\" \/>\n<meta property=\"og:image\" content=\"http:\/\/3.bp.blogspot.com\/_z-c0Sh5Zlrs\/SJo_WtucdlI\/AAAAAAAABZk\/PxlNSaVFOd4\/s400\/S%C3%A3o+V%C3%ADtor.jpg\" \/>\n<meta name=\"author\" content=\"danilo\" \/>\n<meta name=\"twitter:card\" content=\"summary_large_image\" \/>\n<meta name=\"twitter:label1\" content=\"Escrito por\" \/>\n\t<meta name=\"twitter:data1\" content=\"danilo\" \/>\n\t<meta name=\"twitter:label2\" content=\"Est. tempo de leitura\" \/>\n\t<meta name=\"twitter:data2\" content=\"2 minutos\" \/>\n<script type=\"application\/ld+json\" class=\"yoast-schema-graph\">{\"@context\":\"https:\/\/schema.org\",\"@graph\":[{\"@type\":\"Article\",\"@id\":\"https:\/\/www.oarcanjo.net\/site\/sao-vitor\/#article\",\"isPartOf\":{\"@id\":\"https:\/\/www.oarcanjo.net\/site\/sao-vitor\/\"},\"author\":{\"name\":\"danilo\",\"@id\":\"https:\/\/www.oarcanjo.net\/site\/#\/schema\/person\/5eb9480bedd2f3c97e430ce128c29c6c\"},\"headline\":\"S\u00e3o V\u00edtor\",\"datePublished\":\"2019-05-08T03:56:22+00:00\",\"dateModified\":\"2019-02-20T17:35:19+00:00\",\"mainEntityOfPage\":{\"@id\":\"https:\/\/www.oarcanjo.net\/site\/sao-vitor\/\"},\"wordCount\":448,\"commentCount\":0,\"publisher\":{\"@id\":\"https:\/\/www.oarcanjo.net\/site\/#organization\"},\"image\":{\"@id\":\"https:\/\/www.oarcanjo.net\/site\/sao-vitor\/#primaryimage\"},\"thumbnailUrl\":\"http:\/\/3.bp.blogspot.com\/_z-c0Sh5Zlrs\/SJo_WtucdlI\/AAAAAAAABZk\/PxlNSaVFOd4\/s400\/S%C3%A3o+V%C3%ADtor.jpg\",\"articleSection\":[\"Testemunhos\"],\"inLanguage\":\"pt-BR\",\"potentialAction\":[{\"@type\":\"CommentAction\",\"name\":\"Comment\",\"target\":[\"https:\/\/www.oarcanjo.net\/site\/sao-vitor\/#respond\"]}]},{\"@type\":\"WebPage\",\"@id\":\"https:\/\/www.oarcanjo.net\/site\/sao-vitor\/\",\"url\":\"https:\/\/www.oarcanjo.net\/site\/sao-vitor\/\",\"name\":\"S\u00e3o V\u00edtor - O Arcanjo no ar\",\"isPartOf\":{\"@id\":\"https:\/\/www.oarcanjo.net\/site\/#website\"},\"primaryImageOfPage\":{\"@id\":\"https:\/\/www.oarcanjo.net\/site\/sao-vitor\/#primaryimage\"},\"image\":{\"@id\":\"https:\/\/www.oarcanjo.net\/site\/sao-vitor\/#primaryimage\"},\"thumbnailUrl\":\"http:\/\/3.bp.blogspot.com\/_z-c0Sh5Zlrs\/SJo_WtucdlI\/AAAAAAAABZk\/PxlNSaVFOd4\/s400\/S%C3%A3o+V%C3%ADtor.jpg\",\"datePublished\":\"2019-05-08T03:56:22+00:00\",\"dateModified\":\"2019-02-20T17:35:19+00:00\",\"breadcrumb\":{\"@id\":\"https:\/\/www.oarcanjo.net\/site\/sao-vitor\/#breadcrumb\"},\"inLanguage\":\"pt-BR\",\"potentialAction\":[{\"@type\":\"ReadAction\",\"target\":[\"https:\/\/www.oarcanjo.net\/site\/sao-vitor\/\"]}]},{\"@type\":\"ImageObject\",\"inLanguage\":\"pt-BR\",\"@id\":\"https:\/\/www.oarcanjo.net\/site\/sao-vitor\/#primaryimage\",\"url\":\"http:\/\/3.bp.blogspot.com\/_z-c0Sh5Zlrs\/SJo_WtucdlI\/AAAAAAAABZk\/PxlNSaVFOd4\/s400\/S%C3%A3o+V%C3%ADtor.jpg\",\"contentUrl\":\"http:\/\/3.bp.blogspot.com\/_z-c0Sh5Zlrs\/SJo_WtucdlI\/AAAAAAAABZk\/PxlNSaVFOd4\/s400\/S%C3%A3o+V%C3%ADtor.jpg\"},{\"@type\":\"BreadcrumbList\",\"@id\":\"https:\/\/www.oarcanjo.net\/site\/sao-vitor\/#breadcrumb\",\"itemListElement\":[{\"@type\":\"ListItem\",\"position\":1,\"name\":\"In\u00edcio\",\"item\":\"https:\/\/www.oarcanjo.net\/site\/\"},{\"@type\":\"ListItem\",\"position\":2,\"name\":\"S\u00e3o V\u00edtor\"}]},{\"@type\":\"WebSite\",\"@id\":\"https:\/\/www.oarcanjo.net\/site\/#website\",\"url\":\"https:\/\/www.oarcanjo.net\/site\/\",\"name\":\"O Arcanjo no ar\",\"description\":\"Site da Par\u00f3quia S\u00e3o Miguel Arcanjo (Arquidiocese de SP)\",\"publisher\":{\"@id\":\"https:\/\/www.oarcanjo.net\/site\/#organization\"},\"potentialAction\":[{\"@type\":\"SearchAction\",\"target\":{\"@type\":\"EntryPoint\",\"urlTemplate\":\"https:\/\/www.oarcanjo.net\/site\/?s={search_term_string}\"},\"query-input\":{\"@type\":\"PropertyValueSpecification\",\"valueRequired\":true,\"valueName\":\"search_term_string\"}}],\"inLanguage\":\"pt-BR\"},{\"@type\":\"Organization\",\"@id\":\"https:\/\/www.oarcanjo.net\/site\/#organization\",\"name\":\"Par\u00f3quia S\u00e3o Miguel Arcanjo\",\"url\":\"https:\/\/www.oarcanjo.net\/site\/\",\"logo\":{\"@type\":\"ImageObject\",\"inLanguage\":\"pt-BR\",\"@id\":\"https:\/\/www.oarcanjo.net\/site\/#\/schema\/logo\/image\/\",\"url\":\"https:\/\/www.oarcanjo.net\/site\/wp-content\/uploads\/LogoOArcanjo.png\",\"contentUrl\":\"https:\/\/www.oarcanjo.net\/site\/wp-content\/uploads\/LogoOArcanjo.png\",\"width\":319,\"height\":99,\"caption\":\"Par\u00f3quia S\u00e3o Miguel Arcanjo\"},\"image\":{\"@id\":\"https:\/\/www.oarcanjo.net\/site\/#\/schema\/logo\/image\/\"},\"sameAs\":[\"https:\/\/www.facebook.com\/OArcanjoNoAr\/\"]},{\"@type\":\"Person\",\"@id\":\"https:\/\/www.oarcanjo.net\/site\/#\/schema\/person\/5eb9480bedd2f3c97e430ce128c29c6c\",\"name\":\"danilo\"}]}<\/script>\n<!-- \/ Yoast SEO plugin. -->","yoast_head_json":{"title":"S\u00e3o V\u00edtor - O Arcanjo no ar","robots":{"index":"index","follow":"follow","max-snippet":"max-snippet:-1","max-image-preview":"max-image-preview:large","max-video-preview":"max-video-preview:-1"},"canonical":"https:\/\/www.oarcanjo.net\/site\/sao-vitor\/","og_locale":"pt_BR","og_type":"article","og_title":"S\u00e3o V\u00edtor - O Arcanjo no ar","og_description":"8 de Maio V\u00edtor, o Mouro, era africano natural da Maurit\u00e2nia. Crist\u00e3o desde crian\u00e7a, quando adulto ingressou no ex\u00e9rcito do imperador Maximiano. Quando este desejou sufocar uma rebeli\u00e3o na G\u00e1lia, atual Fran\u00e7a, recrutou, ent\u00e3o, um grande contingente de homens do Oriente e do norte da \u00c1frica. O destacamento em que veio V\u00edtor se estabeleceu em [&hellip;]","og_url":"https:\/\/www.oarcanjo.net\/site\/sao-vitor\/","og_site_name":"O Arcanjo no ar","article_publisher":"https:\/\/www.facebook.com\/OArcanjoNoAr\/","article_published_time":"2019-05-08T03:56:22+00:00","article_modified_time":"2019-02-20T17:35:19+00:00","og_image":[{"url":"http:\/\/3.bp.blogspot.com\/_z-c0Sh5Zlrs\/SJo_WtucdlI\/AAAAAAAABZk\/PxlNSaVFOd4\/s400\/S%C3%A3o+V%C3%ADtor.jpg"}],"author":"danilo","twitter_card":"summary_large_image","twitter_misc":{"Escrito por":"danilo","Est. tempo de leitura":"2 minutos"},"schema":{"@context":"https:\/\/schema.org","@graph":[{"@type":"Article","@id":"https:\/\/www.oarcanjo.net\/site\/sao-vitor\/#article","isPartOf":{"@id":"https:\/\/www.oarcanjo.net\/site\/sao-vitor\/"},"author":{"name":"danilo","@id":"https:\/\/www.oarcanjo.net\/site\/#\/schema\/person\/5eb9480bedd2f3c97e430ce128c29c6c"},"headline":"S\u00e3o V\u00edtor","datePublished":"2019-05-08T03:56:22+00:00","dateModified":"2019-02-20T17:35:19+00:00","mainEntityOfPage":{"@id":"https:\/\/www.oarcanjo.net\/site\/sao-vitor\/"},"wordCount":448,"commentCount":0,"publisher":{"@id":"https:\/\/www.oarcanjo.net\/site\/#organization"},"image":{"@id":"https:\/\/www.oarcanjo.net\/site\/sao-vitor\/#primaryimage"},"thumbnailUrl":"http:\/\/3.bp.blogspot.com\/_z-c0Sh5Zlrs\/SJo_WtucdlI\/AAAAAAAABZk\/PxlNSaVFOd4\/s400\/S%C3%A3o+V%C3%ADtor.jpg","articleSection":["Testemunhos"],"inLanguage":"pt-BR","potentialAction":[{"@type":"CommentAction","name":"Comment","target":["https:\/\/www.oarcanjo.net\/site\/sao-vitor\/#respond"]}]},{"@type":"WebPage","@id":"https:\/\/www.oarcanjo.net\/site\/sao-vitor\/","url":"https:\/\/www.oarcanjo.net\/site\/sao-vitor\/","name":"S\u00e3o V\u00edtor - O Arcanjo no ar","isPartOf":{"@id":"https:\/\/www.oarcanjo.net\/site\/#website"},"primaryImageOfPage":{"@id":"https:\/\/www.oarcanjo.net\/site\/sao-vitor\/#primaryimage"},"image":{"@id":"https:\/\/www.oarcanjo.net\/site\/sao-vitor\/#primaryimage"},"thumbnailUrl":"http:\/\/3.bp.blogspot.com\/_z-c0Sh5Zlrs\/SJo_WtucdlI\/AAAAAAAABZk\/PxlNSaVFOd4\/s400\/S%C3%A3o+V%C3%ADtor.jpg","datePublished":"2019-05-08T03:56:22+00:00","dateModified":"2019-02-20T17:35:19+00:00","breadcrumb":{"@id":"https:\/\/www.oarcanjo.net\/site\/sao-vitor\/#breadcrumb"},"inLanguage":"pt-BR","potentialAction":[{"@type":"ReadAction","target":["https:\/\/www.oarcanjo.net\/site\/sao-vitor\/"]}]},{"@type":"ImageObject","inLanguage":"pt-BR","@id":"https:\/\/www.oarcanjo.net\/site\/sao-vitor\/#primaryimage","url":"http:\/\/3.bp.blogspot.com\/_z-c0Sh5Zlrs\/SJo_WtucdlI\/AAAAAAAABZk\/PxlNSaVFOd4\/s400\/S%C3%A3o+V%C3%ADtor.jpg","contentUrl":"http:\/\/3.bp.blogspot.com\/_z-c0Sh5Zlrs\/SJo_WtucdlI\/AAAAAAAABZk\/PxlNSaVFOd4\/s400\/S%C3%A3o+V%C3%ADtor.jpg"},{"@type":"BreadcrumbList","@id":"https:\/\/www.oarcanjo.net\/site\/sao-vitor\/#breadcrumb","itemListElement":[{"@type":"ListItem","position":1,"name":"In\u00edcio","item":"https:\/\/www.oarcanjo.net\/site\/"},{"@type":"ListItem","position":2,"name":"S\u00e3o V\u00edtor"}]},{"@type":"WebSite","@id":"https:\/\/www.oarcanjo.net\/site\/#website","url":"https:\/\/www.oarcanjo.net\/site\/","name":"O Arcanjo no ar","description":"Site da Par\u00f3quia S\u00e3o Miguel Arcanjo (Arquidiocese de SP)","publisher":{"@id":"https:\/\/www.oarcanjo.net\/site\/#organization"},"potentialAction":[{"@type":"SearchAction","target":{"@type":"EntryPoint","urlTemplate":"https:\/\/www.oarcanjo.net\/site\/?s={search_term_string}"},"query-input":{"@type":"PropertyValueSpecification","valueRequired":true,"valueName":"search_term_string"}}],"inLanguage":"pt-BR"},{"@type":"Organization","@id":"https:\/\/www.oarcanjo.net\/site\/#organization","name":"Par\u00f3quia S\u00e3o Miguel Arcanjo","url":"https:\/\/www.oarcanjo.net\/site\/","logo":{"@type":"ImageObject","inLanguage":"pt-BR","@id":"https:\/\/www.oarcanjo.net\/site\/#\/schema\/logo\/image\/","url":"https:\/\/www.oarcanjo.net\/site\/wp-content\/uploads\/LogoOArcanjo.png","contentUrl":"https:\/\/www.oarcanjo.net\/site\/wp-content\/uploads\/LogoOArcanjo.png","width":319,"height":99,"caption":"Par\u00f3quia S\u00e3o Miguel Arcanjo"},"image":{"@id":"https:\/\/www.oarcanjo.net\/site\/#\/schema\/logo\/image\/"},"sameAs":["https:\/\/www.facebook.com\/OArcanjoNoAr\/"]},{"@type":"Person","@id":"https:\/\/www.oarcanjo.net\/site\/#\/schema\/person\/5eb9480bedd2f3c97e430ce128c29c6c","name":"danilo"}]}},"publishpress_future_action":{"enabled":false,"date":"2026-05-07 13:49:42","action":"category","newStatus":"draft","terms":[],"taxonomy":"category"},"publishpress_future_workflow_manual_trigger":{"enabledWorkflows":[]},"_links":{"self":[{"href":"https:\/\/www.oarcanjo.net\/site\/wp-json\/wp\/v2\/posts\/9289"}],"collection":[{"href":"https:\/\/www.oarcanjo.net\/site\/wp-json\/wp\/v2\/posts"}],"about":[{"href":"https:\/\/www.oarcanjo.net\/site\/wp-json\/wp\/v2\/types\/post"}],"author":[{"embeddable":true,"href":"https:\/\/www.oarcanjo.net\/site\/wp-json\/wp\/v2\/users\/14"}],"replies":[{"embeddable":true,"href":"https:\/\/www.oarcanjo.net\/site\/wp-json\/wp\/v2\/comments?post=9289"}],"version-history":[{"count":1,"href":"https:\/\/www.oarcanjo.net\/site\/wp-json\/wp\/v2\/posts\/9289\/revisions"}],"predecessor-version":[{"id":93053,"href":"https:\/\/www.oarcanjo.net\/site\/wp-json\/wp\/v2\/posts\/9289\/revisions\/93053"}],"wp:attachment":[{"href":"https:\/\/www.oarcanjo.net\/site\/wp-json\/wp\/v2\/media?parent=9289"}],"wp:term":[{"taxonomy":"category","embeddable":true,"href":"https:\/\/www.oarcanjo.net\/site\/wp-json\/wp\/v2\/categories?post=9289"},{"taxonomy":"post_tag","embeddable":true,"href":"https:\/\/www.oarcanjo.net\/site\/wp-json\/wp\/v2\/tags?post=9289"}],"curies":[{"name":"wp","href":"https:\/\/api.w.org\/{rel}","templated":true}]}}