
{"id":9291,"date":"2019-05-08T00:17:50","date_gmt":"2019-05-08T03:17:50","guid":{"rendered":"http:\/\/www.oarcanjo.net\/site\/?p=9291"},"modified":"2019-02-20T14:35:15","modified_gmt":"2019-02-20T17:35:15","slug":"santo-acacio","status":"publish","type":"post","link":"https:\/\/www.oarcanjo.net\/site\/santo-acacio\/","title":{"rendered":"Santo Ac\u00e1cio"},"content":{"rendered":"<p><img decoding=\"async\" src=\"http:\/\/3.bp.blogspot.com\/_z-c0Sh5Zlrs\/SJo_esO4CWI\/AAAAAAAABZs\/EKCrIYw5zTc\/s400\/Santo+Ac%C3%A1cio.jpg\" alt=\"\" \/><\/p>\n<p>8 de Maio<\/p>\n<p>Ac\u00e1cio era um centuri\u00e3o da Capad\u00f3cia, atual Turquia, do ex\u00e9rcito romano da cidade de Tr\u00e1cia, que, ap\u00f3s ser acusado pelo tribuno Firmo e pelo proc\u00f4nsul Bibiano de ser crist\u00e3o e sofrer \u00e1speras torturas e cru\u00e9is tormentos, foi decapitado em Biz\u00e2ncio sob as ordens dos imperadores Diocleciano e Maximiano, no ano 304.<\/p>\n<p>O imperador Constantino, o Grande, construiu uma igreja-santu\u00e1rio em sua honra em Kar\u00eda de Constantinopla, de cuja cidade santo Ac\u00e1cio se tornou o padroeiro. Isso h\u00e1 pelo menos treze s\u00e9culos. Ele \u00e9, tamb\u00e9m, o padroeiro da diocese de Squillace, atualmente Catanzaro-Squillace, It\u00e1lia.<\/p>\n<p>O corpo do m\u00e1rtir \u00e9 guardado e venerado em uma monumental capela da catedral de Squillace, onde um bra\u00e7o foi trazido pelo bispo, em 1584, de Guadavalle, sua cidade natal, da qual tamb\u00e9m foi eleito padroeiro. Suas rel\u00edquias foram levadas tamb\u00e9m para Cuenca de \u00c1vila, na Espanha, procedentes de Squillace. \u00c9 venerado entre os santos auxiliadores em diversas cidades da Europa Setentrional. Sua festa \u00e9 celebrada no dia 8 de maio pela Igreja ocidental.<\/p>\n<div id=\"themify_builder_content-9291\" data-postid=\"9291\" class=\"themify_builder_content themify_builder_content-9291 themify_builder themify_builder_front\">\n\t<\/div>\n<!-- \/themify_builder_content -->","protected":false},"excerpt":{"rendered":"<p>8 de Maio Ac\u00e1cio era um centuri\u00e3o da Capad\u00f3cia, atual Turquia, do ex\u00e9rcito romano da cidade de Tr\u00e1cia, que, ap\u00f3s ser acusado pelo tribuno Firmo e pelo proc\u00f4nsul Bibiano de ser crist\u00e3o e sofrer \u00e1speras torturas e cru\u00e9is tormentos, foi decapitado em Biz\u00e2ncio sob as ordens dos imperadores Diocleciano e Maximiano, no ano 304. O [&hellip;]<\/p>\n","protected":false},"author":14,"featured_media":0,"comment_status":"open","ping_status":"open","sticky":false,"template":"","format":"standard","meta":{"ngg_post_thumbnail":0,"footnotes":""},"categories":[186],"tags":[],"yoast_head":"<!-- This site is optimized with the Yoast SEO plugin v23.5 - https:\/\/yoast.com\/wordpress\/plugins\/seo\/ -->\n<title>Santo Ac\u00e1cio - O Arcanjo no ar<\/title>\n<meta name=\"robots\" content=\"index, follow, max-snippet:-1, max-image-preview:large, max-video-preview:-1\" \/>\n<link rel=\"canonical\" href=\"https:\/\/www.oarcanjo.net\/site\/santo-acacio\/\" \/>\n<meta property=\"og:locale\" content=\"pt_BR\" \/>\n<meta property=\"og:type\" content=\"article\" \/>\n<meta property=\"og:title\" content=\"Santo Ac\u00e1cio - O Arcanjo no ar\" \/>\n<meta property=\"og:description\" content=\"8 de Maio Ac\u00e1cio era um centuri\u00e3o da Capad\u00f3cia, atual Turquia, do ex\u00e9rcito romano da cidade de Tr\u00e1cia, que, ap\u00f3s ser acusado pelo tribuno Firmo e pelo proc\u00f4nsul Bibiano de ser crist\u00e3o e sofrer \u00e1speras torturas e cru\u00e9is tormentos, foi decapitado em Biz\u00e2ncio sob as ordens dos imperadores Diocleciano e Maximiano, no ano 304. O [&hellip;]\" \/>\n<meta property=\"og:url\" content=\"https:\/\/www.oarcanjo.net\/site\/santo-acacio\/\" \/>\n<meta property=\"og:site_name\" content=\"O Arcanjo no ar\" \/>\n<meta property=\"article:publisher\" content=\"https:\/\/www.facebook.com\/OArcanjoNoAr\/\" \/>\n<meta property=\"article:published_time\" content=\"2019-05-08T03:17:50+00:00\" \/>\n<meta property=\"article:modified_time\" content=\"2019-02-20T17:35:15+00:00\" \/>\n<meta property=\"og:image\" content=\"http:\/\/3.bp.blogspot.com\/_z-c0Sh5Zlrs\/SJo_esO4CWI\/AAAAAAAABZs\/EKCrIYw5zTc\/s400\/Santo+Ac%C3%A1cio.jpg\" \/>\n<meta name=\"author\" content=\"danilo\" \/>\n<meta name=\"twitter:card\" content=\"summary_large_image\" \/>\n<meta name=\"twitter:label1\" content=\"Escrito por\" \/>\n\t<meta name=\"twitter:data1\" content=\"danilo\" \/>\n\t<meta name=\"twitter:label2\" content=\"Est. tempo de leitura\" \/>\n\t<meta name=\"twitter:data2\" content=\"1 minuto\" \/>\n<script type=\"application\/ld+json\" class=\"yoast-schema-graph\">{\"@context\":\"https:\/\/schema.org\",\"@graph\":[{\"@type\":\"Article\",\"@id\":\"https:\/\/www.oarcanjo.net\/site\/santo-acacio\/#article\",\"isPartOf\":{\"@id\":\"https:\/\/www.oarcanjo.net\/site\/santo-acacio\/\"},\"author\":{\"name\":\"danilo\",\"@id\":\"https:\/\/www.oarcanjo.net\/site\/#\/schema\/person\/5eb9480bedd2f3c97e430ce128c29c6c\"},\"headline\":\"Santo Ac\u00e1cio\",\"datePublished\":\"2019-05-08T03:17:50+00:00\",\"dateModified\":\"2019-02-20T17:35:15+00:00\",\"mainEntityOfPage\":{\"@id\":\"https:\/\/www.oarcanjo.net\/site\/santo-acacio\/\"},\"wordCount\":186,\"commentCount\":0,\"publisher\":{\"@id\":\"https:\/\/www.oarcanjo.net\/site\/#organization\"},\"image\":{\"@id\":\"https:\/\/www.oarcanjo.net\/site\/santo-acacio\/#primaryimage\"},\"thumbnailUrl\":\"http:\/\/3.bp.blogspot.com\/_z-c0Sh5Zlrs\/SJo_esO4CWI\/AAAAAAAABZs\/EKCrIYw5zTc\/s400\/Santo+Ac%C3%A1cio.jpg\",\"articleSection\":[\"Testemunhos\"],\"inLanguage\":\"pt-BR\",\"potentialAction\":[{\"@type\":\"CommentAction\",\"name\":\"Comment\",\"target\":[\"https:\/\/www.oarcanjo.net\/site\/santo-acacio\/#respond\"]}]},{\"@type\":\"WebPage\",\"@id\":\"https:\/\/www.oarcanjo.net\/site\/santo-acacio\/\",\"url\":\"https:\/\/www.oarcanjo.net\/site\/santo-acacio\/\",\"name\":\"Santo Ac\u00e1cio - O Arcanjo no ar\",\"isPartOf\":{\"@id\":\"https:\/\/www.oarcanjo.net\/site\/#website\"},\"primaryImageOfPage\":{\"@id\":\"https:\/\/www.oarcanjo.net\/site\/santo-acacio\/#primaryimage\"},\"image\":{\"@id\":\"https:\/\/www.oarcanjo.net\/site\/santo-acacio\/#primaryimage\"},\"thumbnailUrl\":\"http:\/\/3.bp.blogspot.com\/_z-c0Sh5Zlrs\/SJo_esO4CWI\/AAAAAAAABZs\/EKCrIYw5zTc\/s400\/Santo+Ac%C3%A1cio.jpg\",\"datePublished\":\"2019-05-08T03:17:50+00:00\",\"dateModified\":\"2019-02-20T17:35:15+00:00\",\"breadcrumb\":{\"@id\":\"https:\/\/www.oarcanjo.net\/site\/santo-acacio\/#breadcrumb\"},\"inLanguage\":\"pt-BR\",\"potentialAction\":[{\"@type\":\"ReadAction\",\"target\":[\"https:\/\/www.oarcanjo.net\/site\/santo-acacio\/\"]}]},{\"@type\":\"ImageObject\",\"inLanguage\":\"pt-BR\",\"@id\":\"https:\/\/www.oarcanjo.net\/site\/santo-acacio\/#primaryimage\",\"url\":\"http:\/\/3.bp.blogspot.com\/_z-c0Sh5Zlrs\/SJo_esO4CWI\/AAAAAAAABZs\/EKCrIYw5zTc\/s400\/Santo+Ac%C3%A1cio.jpg\",\"contentUrl\":\"http:\/\/3.bp.blogspot.com\/_z-c0Sh5Zlrs\/SJo_esO4CWI\/AAAAAAAABZs\/EKCrIYw5zTc\/s400\/Santo+Ac%C3%A1cio.jpg\"},{\"@type\":\"BreadcrumbList\",\"@id\":\"https:\/\/www.oarcanjo.net\/site\/santo-acacio\/#breadcrumb\",\"itemListElement\":[{\"@type\":\"ListItem\",\"position\":1,\"name\":\"In\u00edcio\",\"item\":\"https:\/\/www.oarcanjo.net\/site\/\"},{\"@type\":\"ListItem\",\"position\":2,\"name\":\"Santo Ac\u00e1cio\"}]},{\"@type\":\"WebSite\",\"@id\":\"https:\/\/www.oarcanjo.net\/site\/#website\",\"url\":\"https:\/\/www.oarcanjo.net\/site\/\",\"name\":\"O Arcanjo no ar\",\"description\":\"Site da Par\u00f3quia S\u00e3o Miguel Arcanjo (Arquidiocese de SP)\",\"publisher\":{\"@id\":\"https:\/\/www.oarcanjo.net\/site\/#organization\"},\"potentialAction\":[{\"@type\":\"SearchAction\",\"target\":{\"@type\":\"EntryPoint\",\"urlTemplate\":\"https:\/\/www.oarcanjo.net\/site\/?s={search_term_string}\"},\"query-input\":{\"@type\":\"PropertyValueSpecification\",\"valueRequired\":true,\"valueName\":\"search_term_string\"}}],\"inLanguage\":\"pt-BR\"},{\"@type\":\"Organization\",\"@id\":\"https:\/\/www.oarcanjo.net\/site\/#organization\",\"name\":\"Par\u00f3quia S\u00e3o Miguel Arcanjo\",\"url\":\"https:\/\/www.oarcanjo.net\/site\/\",\"logo\":{\"@type\":\"ImageObject\",\"inLanguage\":\"pt-BR\",\"@id\":\"https:\/\/www.oarcanjo.net\/site\/#\/schema\/logo\/image\/\",\"url\":\"https:\/\/www.oarcanjo.net\/site\/wp-content\/uploads\/LogoOArcanjo.png\",\"contentUrl\":\"https:\/\/www.oarcanjo.net\/site\/wp-content\/uploads\/LogoOArcanjo.png\",\"width\":319,\"height\":99,\"caption\":\"Par\u00f3quia S\u00e3o Miguel Arcanjo\"},\"image\":{\"@id\":\"https:\/\/www.oarcanjo.net\/site\/#\/schema\/logo\/image\/\"},\"sameAs\":[\"https:\/\/www.facebook.com\/OArcanjoNoAr\/\"]},{\"@type\":\"Person\",\"@id\":\"https:\/\/www.oarcanjo.net\/site\/#\/schema\/person\/5eb9480bedd2f3c97e430ce128c29c6c\",\"name\":\"danilo\"}]}<\/script>\n<!-- \/ Yoast SEO plugin. -->","yoast_head_json":{"title":"Santo Ac\u00e1cio - O Arcanjo no ar","robots":{"index":"index","follow":"follow","max-snippet":"max-snippet:-1","max-image-preview":"max-image-preview:large","max-video-preview":"max-video-preview:-1"},"canonical":"https:\/\/www.oarcanjo.net\/site\/santo-acacio\/","og_locale":"pt_BR","og_type":"article","og_title":"Santo Ac\u00e1cio - O Arcanjo no ar","og_description":"8 de Maio Ac\u00e1cio era um centuri\u00e3o da Capad\u00f3cia, atual Turquia, do ex\u00e9rcito romano da cidade de Tr\u00e1cia, que, ap\u00f3s ser acusado pelo tribuno Firmo e pelo proc\u00f4nsul Bibiano de ser crist\u00e3o e sofrer \u00e1speras torturas e cru\u00e9is tormentos, foi decapitado em Biz\u00e2ncio sob as ordens dos imperadores Diocleciano e Maximiano, no ano 304. O [&hellip;]","og_url":"https:\/\/www.oarcanjo.net\/site\/santo-acacio\/","og_site_name":"O Arcanjo no ar","article_publisher":"https:\/\/www.facebook.com\/OArcanjoNoAr\/","article_published_time":"2019-05-08T03:17:50+00:00","article_modified_time":"2019-02-20T17:35:15+00:00","og_image":[{"url":"http:\/\/3.bp.blogspot.com\/_z-c0Sh5Zlrs\/SJo_esO4CWI\/AAAAAAAABZs\/EKCrIYw5zTc\/s400\/Santo+Ac%C3%A1cio.jpg"}],"author":"danilo","twitter_card":"summary_large_image","twitter_misc":{"Escrito por":"danilo","Est. tempo de leitura":"1 minuto"},"schema":{"@context":"https:\/\/schema.org","@graph":[{"@type":"Article","@id":"https:\/\/www.oarcanjo.net\/site\/santo-acacio\/#article","isPartOf":{"@id":"https:\/\/www.oarcanjo.net\/site\/santo-acacio\/"},"author":{"name":"danilo","@id":"https:\/\/www.oarcanjo.net\/site\/#\/schema\/person\/5eb9480bedd2f3c97e430ce128c29c6c"},"headline":"Santo Ac\u00e1cio","datePublished":"2019-05-08T03:17:50+00:00","dateModified":"2019-02-20T17:35:15+00:00","mainEntityOfPage":{"@id":"https:\/\/www.oarcanjo.net\/site\/santo-acacio\/"},"wordCount":186,"commentCount":0,"publisher":{"@id":"https:\/\/www.oarcanjo.net\/site\/#organization"},"image":{"@id":"https:\/\/www.oarcanjo.net\/site\/santo-acacio\/#primaryimage"},"thumbnailUrl":"http:\/\/3.bp.blogspot.com\/_z-c0Sh5Zlrs\/SJo_esO4CWI\/AAAAAAAABZs\/EKCrIYw5zTc\/s400\/Santo+Ac%C3%A1cio.jpg","articleSection":["Testemunhos"],"inLanguage":"pt-BR","potentialAction":[{"@type":"CommentAction","name":"Comment","target":["https:\/\/www.oarcanjo.net\/site\/santo-acacio\/#respond"]}]},{"@type":"WebPage","@id":"https:\/\/www.oarcanjo.net\/site\/santo-acacio\/","url":"https:\/\/www.oarcanjo.net\/site\/santo-acacio\/","name":"Santo Ac\u00e1cio - O Arcanjo no ar","isPartOf":{"@id":"https:\/\/www.oarcanjo.net\/site\/#website"},"primaryImageOfPage":{"@id":"https:\/\/www.oarcanjo.net\/site\/santo-acacio\/#primaryimage"},"image":{"@id":"https:\/\/www.oarcanjo.net\/site\/santo-acacio\/#primaryimage"},"thumbnailUrl":"http:\/\/3.bp.blogspot.com\/_z-c0Sh5Zlrs\/SJo_esO4CWI\/AAAAAAAABZs\/EKCrIYw5zTc\/s400\/Santo+Ac%C3%A1cio.jpg","datePublished":"2019-05-08T03:17:50+00:00","dateModified":"2019-02-20T17:35:15+00:00","breadcrumb":{"@id":"https:\/\/www.oarcanjo.net\/site\/santo-acacio\/#breadcrumb"},"inLanguage":"pt-BR","potentialAction":[{"@type":"ReadAction","target":["https:\/\/www.oarcanjo.net\/site\/santo-acacio\/"]}]},{"@type":"ImageObject","inLanguage":"pt-BR","@id":"https:\/\/www.oarcanjo.net\/site\/santo-acacio\/#primaryimage","url":"http:\/\/3.bp.blogspot.com\/_z-c0Sh5Zlrs\/SJo_esO4CWI\/AAAAAAAABZs\/EKCrIYw5zTc\/s400\/Santo+Ac%C3%A1cio.jpg","contentUrl":"http:\/\/3.bp.blogspot.com\/_z-c0Sh5Zlrs\/SJo_esO4CWI\/AAAAAAAABZs\/EKCrIYw5zTc\/s400\/Santo+Ac%C3%A1cio.jpg"},{"@type":"BreadcrumbList","@id":"https:\/\/www.oarcanjo.net\/site\/santo-acacio\/#breadcrumb","itemListElement":[{"@type":"ListItem","position":1,"name":"In\u00edcio","item":"https:\/\/www.oarcanjo.net\/site\/"},{"@type":"ListItem","position":2,"name":"Santo Ac\u00e1cio"}]},{"@type":"WebSite","@id":"https:\/\/www.oarcanjo.net\/site\/#website","url":"https:\/\/www.oarcanjo.net\/site\/","name":"O Arcanjo no ar","description":"Site da Par\u00f3quia S\u00e3o Miguel Arcanjo (Arquidiocese de SP)","publisher":{"@id":"https:\/\/www.oarcanjo.net\/site\/#organization"},"potentialAction":[{"@type":"SearchAction","target":{"@type":"EntryPoint","urlTemplate":"https:\/\/www.oarcanjo.net\/site\/?s={search_term_string}"},"query-input":{"@type":"PropertyValueSpecification","valueRequired":true,"valueName":"search_term_string"}}],"inLanguage":"pt-BR"},{"@type":"Organization","@id":"https:\/\/www.oarcanjo.net\/site\/#organization","name":"Par\u00f3quia S\u00e3o Miguel Arcanjo","url":"https:\/\/www.oarcanjo.net\/site\/","logo":{"@type":"ImageObject","inLanguage":"pt-BR","@id":"https:\/\/www.oarcanjo.net\/site\/#\/schema\/logo\/image\/","url":"https:\/\/www.oarcanjo.net\/site\/wp-content\/uploads\/LogoOArcanjo.png","contentUrl":"https:\/\/www.oarcanjo.net\/site\/wp-content\/uploads\/LogoOArcanjo.png","width":319,"height":99,"caption":"Par\u00f3quia S\u00e3o Miguel Arcanjo"},"image":{"@id":"https:\/\/www.oarcanjo.net\/site\/#\/schema\/logo\/image\/"},"sameAs":["https:\/\/www.facebook.com\/OArcanjoNoAr\/"]},{"@type":"Person","@id":"https:\/\/www.oarcanjo.net\/site\/#\/schema\/person\/5eb9480bedd2f3c97e430ce128c29c6c","name":"danilo"}]}},"publishpress_future_action":{"enabled":false,"date":"2026-05-07 13:49:42","action":"category","newStatus":"draft","terms":[],"taxonomy":"category"},"publishpress_future_workflow_manual_trigger":{"enabledWorkflows":[]},"_links":{"self":[{"href":"https:\/\/www.oarcanjo.net\/site\/wp-json\/wp\/v2\/posts\/9291"}],"collection":[{"href":"https:\/\/www.oarcanjo.net\/site\/wp-json\/wp\/v2\/posts"}],"about":[{"href":"https:\/\/www.oarcanjo.net\/site\/wp-json\/wp\/v2\/types\/post"}],"author":[{"embeddable":true,"href":"https:\/\/www.oarcanjo.net\/site\/wp-json\/wp\/v2\/users\/14"}],"replies":[{"embeddable":true,"href":"https:\/\/www.oarcanjo.net\/site\/wp-json\/wp\/v2\/comments?post=9291"}],"version-history":[{"count":1,"href":"https:\/\/www.oarcanjo.net\/site\/wp-json\/wp\/v2\/posts\/9291\/revisions"}],"predecessor-version":[{"id":93052,"href":"https:\/\/www.oarcanjo.net\/site\/wp-json\/wp\/v2\/posts\/9291\/revisions\/93052"}],"wp:attachment":[{"href":"https:\/\/www.oarcanjo.net\/site\/wp-json\/wp\/v2\/media?parent=9291"}],"wp:term":[{"taxonomy":"category","embeddable":true,"href":"https:\/\/www.oarcanjo.net\/site\/wp-json\/wp\/v2\/categories?post=9291"},{"taxonomy":"post_tag","embeddable":true,"href":"https:\/\/www.oarcanjo.net\/site\/wp-json\/wp\/v2\/tags?post=9291"}],"curies":[{"name":"wp","href":"https:\/\/api.w.org\/{rel}","templated":true}]}}