
{"id":9293,"date":"2019-05-09T00:19:44","date_gmt":"2019-05-09T03:19:44","guid":{"rendered":"http:\/\/www.oarcanjo.net\/site\/?p=9293"},"modified":"2019-02-20T14:35:22","modified_gmt":"2019-02-20T17:35:22","slug":"sao-pacomio","status":"publish","type":"post","link":"https:\/\/www.oarcanjo.net\/site\/sao-pacomio\/","title":{"rendered":"S\u00e3o Pac\u00f4mio"},"content":{"rendered":"<p><img decoding=\"async\" src=\"http:\/\/www.cleofas.com.br\/virtual\/santodia\/scd0129_pacomio.jpg\" alt=\"\" \/><\/p>\n<p>9 de Maio<\/p>\n<p>Pac\u00f4mio nasceu no Egito, em 287, na Tebaida. Filho de pais pag\u00e3os, cheios de supersti\u00e7\u00f5es e idolatrias, desde a inf\u00e2ncia mostrou grande avers\u00e3o a tudo isso. Aos vinte anos de idade foi convocado para o ex\u00e9rcito imperial e acabou ficando prisioneiro em Tebes. Foi quando fez o seu primeiro contato com os crist\u00e3os, cuja religi\u00e3o at\u00e9 ent\u00e3o lhe era desconhecida.<\/p>\n<p>\u00c0 noite, na pris\u00e3o, recebeu um pouco de alimento de alguns crist\u00e3os, que, escondidos, conseguiram entrar. Comovido com esse gesto de pessoas desconhecidas, perguntou quem havia mandado que fizessem aquilo e eles responderam: &#8220;Deus que est\u00e1 no c\u00e9u&#8221;. Nessa noite, Pac\u00f4mio rezou com eles para esse Deus, sentindo j\u00e1 nas primeiras palavras ouvidas que esta seria a sua doutrina. O Evangelho o tocou de tal forma que ele se converteu e voltou para o Egito, onde recebeu o batismo.<\/p>\n<p>Depois, compartilhou durante sete anos a companhia de um anci\u00e3o eremita de nome Palemon, que vivia dedicado \u00e0 ora\u00e7\u00e3o. A princ\u00edpio, o anci\u00e3o n\u00e3o quis aceit\u00e1-lo a seu lado, porque sabia que a vida de solid\u00e3o e ora\u00e7\u00f5es n\u00e3o era nada f\u00e1cil. Mas Pac\u00f4mio estava determinado e convenceu-o de que deveria ficar.<\/p>\n<p>Um dia, durante suas caminhadas, Pac\u00f4mio ouviu uma voz que lhe dizia para inaugurar ali, exatamente naquele lugar, um mosteiro onde receberia e acolheria muitos religiosos. Depois, apareceu-lhe um anjo que o ensinou como deveria organizar o mosteiro.<\/p>\n<p>Pac\u00f4mio p\u00f4s-se a trabalhar arduamente e o deixou pronto. As profecias que ele ouviu se concretizaram e muitas pessoas se juntaram a ele. Monges, eremitas e religiosos de todos os lugares pediram admiss\u00e3o no mosteiro de Pac\u00f4mio, que obteve a aprova\u00e7\u00e3o do bispo Atan\u00e1sio, santo e doutor da Igreja. At\u00e9 seu irm\u00e3o Jo\u00e3o, que distribuiu toda a sua riqueza entre os pobres, uniu-se a ele.<\/p>\n<p>Com Pac\u00f4mio nasceu a vida mon\u00e1stica, ou cenob\u00edtica, no Egito, n\u00e3o mais com um chefe carism\u00e1tico que agregava ermit\u00e3os reunidos em pequenos grupos em torno de si, mas uma comunidade de religiosos, com regras precisas de vida em comum na ora\u00e7\u00e3o, contempla\u00e7\u00e3o e trabalho, a exemplo dos primeiros ap\u00f3stolos de Jesus.<\/p>\n<p>Pac\u00f4mio ainda abriu mais oito mosteiros masculinos e um feminino. Sua fama de santidade espalhou-se pelo Egito e pela \u00c1sia Menor. Foi agraciado por Deus com o dom da profecia e morreu no ano de 347, v\u00edtima de uma peste que assolava o Egito na \u00e9poca. At\u00e9 o s\u00e9culo XII, havia, ainda, cerca de quinhentos monges da Ordem de S\u00e3o Pac\u00f4mio.<\/p>\n<p>S\u00e3o Pac\u00f4mio, o eremita, at\u00e9 hoje \u00e9 considerado um dos representantes de Deus que mais prestaram servi\u00e7o \u00e0 Igreja cat\u00f3lica. Sua festa lit\u00fargica ocorre no dia 9 de maio.<\/p>\n<div id=\"themify_builder_content-9293\" data-postid=\"9293\" class=\"themify_builder_content themify_builder_content-9293 themify_builder themify_builder_front\">\n\t<\/div>\n<!-- \/themify_builder_content -->","protected":false},"excerpt":{"rendered":"<p>9 de Maio Pac\u00f4mio nasceu no Egito, em 287, na Tebaida. Filho de pais pag\u00e3os, cheios de supersti\u00e7\u00f5es e idolatrias, desde a inf\u00e2ncia mostrou grande avers\u00e3o a tudo isso. Aos vinte anos de idade foi convocado para o ex\u00e9rcito imperial e acabou ficando prisioneiro em Tebes. Foi quando fez o seu primeiro contato com os [&hellip;]<\/p>\n","protected":false},"author":14,"featured_media":0,"comment_status":"open","ping_status":"open","sticky":false,"template":"","format":"standard","meta":{"ngg_post_thumbnail":0,"footnotes":""},"categories":[186],"tags":[],"yoast_head":"<!-- This site is optimized with the Yoast SEO plugin v23.5 - https:\/\/yoast.com\/wordpress\/plugins\/seo\/ -->\n<title>S\u00e3o Pac\u00f4mio - O Arcanjo no ar<\/title>\n<meta name=\"robots\" content=\"index, follow, max-snippet:-1, max-image-preview:large, max-video-preview:-1\" \/>\n<link rel=\"canonical\" href=\"https:\/\/www.oarcanjo.net\/site\/sao-pacomio\/\" \/>\n<meta property=\"og:locale\" content=\"pt_BR\" \/>\n<meta property=\"og:type\" content=\"article\" \/>\n<meta property=\"og:title\" content=\"S\u00e3o Pac\u00f4mio - O Arcanjo no ar\" \/>\n<meta property=\"og:description\" content=\"9 de Maio Pac\u00f4mio nasceu no Egito, em 287, na Tebaida. Filho de pais pag\u00e3os, cheios de supersti\u00e7\u00f5es e idolatrias, desde a inf\u00e2ncia mostrou grande avers\u00e3o a tudo isso. Aos vinte anos de idade foi convocado para o ex\u00e9rcito imperial e acabou ficando prisioneiro em Tebes. Foi quando fez o seu primeiro contato com os [&hellip;]\" \/>\n<meta property=\"og:url\" content=\"https:\/\/www.oarcanjo.net\/site\/sao-pacomio\/\" \/>\n<meta property=\"og:site_name\" content=\"O Arcanjo no ar\" \/>\n<meta property=\"article:publisher\" content=\"https:\/\/www.facebook.com\/OArcanjoNoAr\/\" \/>\n<meta property=\"article:published_time\" content=\"2019-05-09T03:19:44+00:00\" \/>\n<meta property=\"article:modified_time\" content=\"2019-02-20T17:35:22+00:00\" \/>\n<meta property=\"og:image\" content=\"http:\/\/www.cleofas.com.br\/virtual\/santodia\/scd0129_pacomio.jpg\" \/>\n<meta name=\"author\" content=\"danilo\" \/>\n<meta name=\"twitter:card\" content=\"summary_large_image\" \/>\n<meta name=\"twitter:label1\" content=\"Escrito por\" \/>\n\t<meta name=\"twitter:data1\" content=\"danilo\" \/>\n\t<meta name=\"twitter:label2\" content=\"Est. tempo de leitura\" \/>\n\t<meta name=\"twitter:data2\" content=\"2 minutos\" \/>\n<script type=\"application\/ld+json\" class=\"yoast-schema-graph\">{\"@context\":\"https:\/\/schema.org\",\"@graph\":[{\"@type\":\"Article\",\"@id\":\"https:\/\/www.oarcanjo.net\/site\/sao-pacomio\/#article\",\"isPartOf\":{\"@id\":\"https:\/\/www.oarcanjo.net\/site\/sao-pacomio\/\"},\"author\":{\"name\":\"danilo\",\"@id\":\"https:\/\/www.oarcanjo.net\/site\/#\/schema\/person\/5eb9480bedd2f3c97e430ce128c29c6c\"},\"headline\":\"S\u00e3o Pac\u00f4mio\",\"datePublished\":\"2019-05-09T03:19:44+00:00\",\"dateModified\":\"2019-02-20T17:35:22+00:00\",\"mainEntityOfPage\":{\"@id\":\"https:\/\/www.oarcanjo.net\/site\/sao-pacomio\/\"},\"wordCount\":486,\"commentCount\":0,\"publisher\":{\"@id\":\"https:\/\/www.oarcanjo.net\/site\/#organization\"},\"image\":{\"@id\":\"https:\/\/www.oarcanjo.net\/site\/sao-pacomio\/#primaryimage\"},\"thumbnailUrl\":\"http:\/\/www.cleofas.com.br\/virtual\/santodia\/scd0129_pacomio.jpg\",\"articleSection\":[\"Testemunhos\"],\"inLanguage\":\"pt-BR\",\"potentialAction\":[{\"@type\":\"CommentAction\",\"name\":\"Comment\",\"target\":[\"https:\/\/www.oarcanjo.net\/site\/sao-pacomio\/#respond\"]}]},{\"@type\":\"WebPage\",\"@id\":\"https:\/\/www.oarcanjo.net\/site\/sao-pacomio\/\",\"url\":\"https:\/\/www.oarcanjo.net\/site\/sao-pacomio\/\",\"name\":\"S\u00e3o Pac\u00f4mio - O Arcanjo no ar\",\"isPartOf\":{\"@id\":\"https:\/\/www.oarcanjo.net\/site\/#website\"},\"primaryImageOfPage\":{\"@id\":\"https:\/\/www.oarcanjo.net\/site\/sao-pacomio\/#primaryimage\"},\"image\":{\"@id\":\"https:\/\/www.oarcanjo.net\/site\/sao-pacomio\/#primaryimage\"},\"thumbnailUrl\":\"http:\/\/www.cleofas.com.br\/virtual\/santodia\/scd0129_pacomio.jpg\",\"datePublished\":\"2019-05-09T03:19:44+00:00\",\"dateModified\":\"2019-02-20T17:35:22+00:00\",\"breadcrumb\":{\"@id\":\"https:\/\/www.oarcanjo.net\/site\/sao-pacomio\/#breadcrumb\"},\"inLanguage\":\"pt-BR\",\"potentialAction\":[{\"@type\":\"ReadAction\",\"target\":[\"https:\/\/www.oarcanjo.net\/site\/sao-pacomio\/\"]}]},{\"@type\":\"ImageObject\",\"inLanguage\":\"pt-BR\",\"@id\":\"https:\/\/www.oarcanjo.net\/site\/sao-pacomio\/#primaryimage\",\"url\":\"http:\/\/www.cleofas.com.br\/virtual\/santodia\/scd0129_pacomio.jpg\",\"contentUrl\":\"http:\/\/www.cleofas.com.br\/virtual\/santodia\/scd0129_pacomio.jpg\"},{\"@type\":\"BreadcrumbList\",\"@id\":\"https:\/\/www.oarcanjo.net\/site\/sao-pacomio\/#breadcrumb\",\"itemListElement\":[{\"@type\":\"ListItem\",\"position\":1,\"name\":\"In\u00edcio\",\"item\":\"https:\/\/www.oarcanjo.net\/site\/\"},{\"@type\":\"ListItem\",\"position\":2,\"name\":\"S\u00e3o Pac\u00f4mio\"}]},{\"@type\":\"WebSite\",\"@id\":\"https:\/\/www.oarcanjo.net\/site\/#website\",\"url\":\"https:\/\/www.oarcanjo.net\/site\/\",\"name\":\"O Arcanjo no ar\",\"description\":\"Site da Par\u00f3quia S\u00e3o Miguel Arcanjo (Arquidiocese de SP)\",\"publisher\":{\"@id\":\"https:\/\/www.oarcanjo.net\/site\/#organization\"},\"potentialAction\":[{\"@type\":\"SearchAction\",\"target\":{\"@type\":\"EntryPoint\",\"urlTemplate\":\"https:\/\/www.oarcanjo.net\/site\/?s={search_term_string}\"},\"query-input\":{\"@type\":\"PropertyValueSpecification\",\"valueRequired\":true,\"valueName\":\"search_term_string\"}}],\"inLanguage\":\"pt-BR\"},{\"@type\":\"Organization\",\"@id\":\"https:\/\/www.oarcanjo.net\/site\/#organization\",\"name\":\"Par\u00f3quia S\u00e3o Miguel Arcanjo\",\"url\":\"https:\/\/www.oarcanjo.net\/site\/\",\"logo\":{\"@type\":\"ImageObject\",\"inLanguage\":\"pt-BR\",\"@id\":\"https:\/\/www.oarcanjo.net\/site\/#\/schema\/logo\/image\/\",\"url\":\"https:\/\/www.oarcanjo.net\/site\/wp-content\/uploads\/LogoOArcanjo.png\",\"contentUrl\":\"https:\/\/www.oarcanjo.net\/site\/wp-content\/uploads\/LogoOArcanjo.png\",\"width\":319,\"height\":99,\"caption\":\"Par\u00f3quia S\u00e3o Miguel Arcanjo\"},\"image\":{\"@id\":\"https:\/\/www.oarcanjo.net\/site\/#\/schema\/logo\/image\/\"},\"sameAs\":[\"https:\/\/www.facebook.com\/OArcanjoNoAr\/\"]},{\"@type\":\"Person\",\"@id\":\"https:\/\/www.oarcanjo.net\/site\/#\/schema\/person\/5eb9480bedd2f3c97e430ce128c29c6c\",\"name\":\"danilo\"}]}<\/script>\n<!-- \/ Yoast SEO plugin. -->","yoast_head_json":{"title":"S\u00e3o Pac\u00f4mio - O Arcanjo no ar","robots":{"index":"index","follow":"follow","max-snippet":"max-snippet:-1","max-image-preview":"max-image-preview:large","max-video-preview":"max-video-preview:-1"},"canonical":"https:\/\/www.oarcanjo.net\/site\/sao-pacomio\/","og_locale":"pt_BR","og_type":"article","og_title":"S\u00e3o Pac\u00f4mio - O Arcanjo no ar","og_description":"9 de Maio Pac\u00f4mio nasceu no Egito, em 287, na Tebaida. Filho de pais pag\u00e3os, cheios de supersti\u00e7\u00f5es e idolatrias, desde a inf\u00e2ncia mostrou grande avers\u00e3o a tudo isso. Aos vinte anos de idade foi convocado para o ex\u00e9rcito imperial e acabou ficando prisioneiro em Tebes. Foi quando fez o seu primeiro contato com os [&hellip;]","og_url":"https:\/\/www.oarcanjo.net\/site\/sao-pacomio\/","og_site_name":"O Arcanjo no ar","article_publisher":"https:\/\/www.facebook.com\/OArcanjoNoAr\/","article_published_time":"2019-05-09T03:19:44+00:00","article_modified_time":"2019-02-20T17:35:22+00:00","og_image":[{"url":"http:\/\/www.cleofas.com.br\/virtual\/santodia\/scd0129_pacomio.jpg"}],"author":"danilo","twitter_card":"summary_large_image","twitter_misc":{"Escrito por":"danilo","Est. tempo de leitura":"2 minutos"},"schema":{"@context":"https:\/\/schema.org","@graph":[{"@type":"Article","@id":"https:\/\/www.oarcanjo.net\/site\/sao-pacomio\/#article","isPartOf":{"@id":"https:\/\/www.oarcanjo.net\/site\/sao-pacomio\/"},"author":{"name":"danilo","@id":"https:\/\/www.oarcanjo.net\/site\/#\/schema\/person\/5eb9480bedd2f3c97e430ce128c29c6c"},"headline":"S\u00e3o Pac\u00f4mio","datePublished":"2019-05-09T03:19:44+00:00","dateModified":"2019-02-20T17:35:22+00:00","mainEntityOfPage":{"@id":"https:\/\/www.oarcanjo.net\/site\/sao-pacomio\/"},"wordCount":486,"commentCount":0,"publisher":{"@id":"https:\/\/www.oarcanjo.net\/site\/#organization"},"image":{"@id":"https:\/\/www.oarcanjo.net\/site\/sao-pacomio\/#primaryimage"},"thumbnailUrl":"http:\/\/www.cleofas.com.br\/virtual\/santodia\/scd0129_pacomio.jpg","articleSection":["Testemunhos"],"inLanguage":"pt-BR","potentialAction":[{"@type":"CommentAction","name":"Comment","target":["https:\/\/www.oarcanjo.net\/site\/sao-pacomio\/#respond"]}]},{"@type":"WebPage","@id":"https:\/\/www.oarcanjo.net\/site\/sao-pacomio\/","url":"https:\/\/www.oarcanjo.net\/site\/sao-pacomio\/","name":"S\u00e3o Pac\u00f4mio - O Arcanjo no ar","isPartOf":{"@id":"https:\/\/www.oarcanjo.net\/site\/#website"},"primaryImageOfPage":{"@id":"https:\/\/www.oarcanjo.net\/site\/sao-pacomio\/#primaryimage"},"image":{"@id":"https:\/\/www.oarcanjo.net\/site\/sao-pacomio\/#primaryimage"},"thumbnailUrl":"http:\/\/www.cleofas.com.br\/virtual\/santodia\/scd0129_pacomio.jpg","datePublished":"2019-05-09T03:19:44+00:00","dateModified":"2019-02-20T17:35:22+00:00","breadcrumb":{"@id":"https:\/\/www.oarcanjo.net\/site\/sao-pacomio\/#breadcrumb"},"inLanguage":"pt-BR","potentialAction":[{"@type":"ReadAction","target":["https:\/\/www.oarcanjo.net\/site\/sao-pacomio\/"]}]},{"@type":"ImageObject","inLanguage":"pt-BR","@id":"https:\/\/www.oarcanjo.net\/site\/sao-pacomio\/#primaryimage","url":"http:\/\/www.cleofas.com.br\/virtual\/santodia\/scd0129_pacomio.jpg","contentUrl":"http:\/\/www.cleofas.com.br\/virtual\/santodia\/scd0129_pacomio.jpg"},{"@type":"BreadcrumbList","@id":"https:\/\/www.oarcanjo.net\/site\/sao-pacomio\/#breadcrumb","itemListElement":[{"@type":"ListItem","position":1,"name":"In\u00edcio","item":"https:\/\/www.oarcanjo.net\/site\/"},{"@type":"ListItem","position":2,"name":"S\u00e3o Pac\u00f4mio"}]},{"@type":"WebSite","@id":"https:\/\/www.oarcanjo.net\/site\/#website","url":"https:\/\/www.oarcanjo.net\/site\/","name":"O Arcanjo no ar","description":"Site da Par\u00f3quia S\u00e3o Miguel Arcanjo (Arquidiocese de SP)","publisher":{"@id":"https:\/\/www.oarcanjo.net\/site\/#organization"},"potentialAction":[{"@type":"SearchAction","target":{"@type":"EntryPoint","urlTemplate":"https:\/\/www.oarcanjo.net\/site\/?s={search_term_string}"},"query-input":{"@type":"PropertyValueSpecification","valueRequired":true,"valueName":"search_term_string"}}],"inLanguage":"pt-BR"},{"@type":"Organization","@id":"https:\/\/www.oarcanjo.net\/site\/#organization","name":"Par\u00f3quia S\u00e3o Miguel Arcanjo","url":"https:\/\/www.oarcanjo.net\/site\/","logo":{"@type":"ImageObject","inLanguage":"pt-BR","@id":"https:\/\/www.oarcanjo.net\/site\/#\/schema\/logo\/image\/","url":"https:\/\/www.oarcanjo.net\/site\/wp-content\/uploads\/LogoOArcanjo.png","contentUrl":"https:\/\/www.oarcanjo.net\/site\/wp-content\/uploads\/LogoOArcanjo.png","width":319,"height":99,"caption":"Par\u00f3quia S\u00e3o Miguel Arcanjo"},"image":{"@id":"https:\/\/www.oarcanjo.net\/site\/#\/schema\/logo\/image\/"},"sameAs":["https:\/\/www.facebook.com\/OArcanjoNoAr\/"]},{"@type":"Person","@id":"https:\/\/www.oarcanjo.net\/site\/#\/schema\/person\/5eb9480bedd2f3c97e430ce128c29c6c","name":"danilo"}]}},"publishpress_future_action":{"enabled":false,"date":"2026-05-07 13:49:43","action":"category","newStatus":"draft","terms":[],"taxonomy":"category"},"publishpress_future_workflow_manual_trigger":{"enabledWorkflows":[]},"_links":{"self":[{"href":"https:\/\/www.oarcanjo.net\/site\/wp-json\/wp\/v2\/posts\/9293"}],"collection":[{"href":"https:\/\/www.oarcanjo.net\/site\/wp-json\/wp\/v2\/posts"}],"about":[{"href":"https:\/\/www.oarcanjo.net\/site\/wp-json\/wp\/v2\/types\/post"}],"author":[{"embeddable":true,"href":"https:\/\/www.oarcanjo.net\/site\/wp-json\/wp\/v2\/users\/14"}],"replies":[{"embeddable":true,"href":"https:\/\/www.oarcanjo.net\/site\/wp-json\/wp\/v2\/comments?post=9293"}],"version-history":[{"count":1,"href":"https:\/\/www.oarcanjo.net\/site\/wp-json\/wp\/v2\/posts\/9293\/revisions"}],"predecessor-version":[{"id":93054,"href":"https:\/\/www.oarcanjo.net\/site\/wp-json\/wp\/v2\/posts\/9293\/revisions\/93054"}],"wp:attachment":[{"href":"https:\/\/www.oarcanjo.net\/site\/wp-json\/wp\/v2\/media?parent=9293"}],"wp:term":[{"taxonomy":"category","embeddable":true,"href":"https:\/\/www.oarcanjo.net\/site\/wp-json\/wp\/v2\/categories?post=9293"},{"taxonomy":"post_tag","embeddable":true,"href":"https:\/\/www.oarcanjo.net\/site\/wp-json\/wp\/v2\/tags?post=9293"}],"curies":[{"name":"wp","href":"https:\/\/api.w.org\/{rel}","templated":true}]}}