
{"id":9298,"date":"2019-05-09T00:25:42","date_gmt":"2019-05-09T03:25:42","guid":{"rendered":"http:\/\/www.oarcanjo.net\/site\/?p=9298"},"modified":"2019-02-20T14:38:21","modified_gmt":"2019-02-20T17:38:21","slug":"bem-aventurada-maria-teresa-de-jesus","status":"publish","type":"post","link":"https:\/\/www.oarcanjo.net\/site\/bem-aventurada-maria-teresa-de-jesus\/","title":{"rendered":"Bem Aventurada Maria Teresa de Jesus"},"content":{"rendered":"<p><img decoding=\"async\" src=\"http:\/\/4.bp.blogspot.com\/_z-c0Sh5Zlrs\/SJo_yZhSIkI\/AAAAAAAABZ8\/lVq0VkRlB2c\/s400\/Maria+Teresa+de+Jesus.jpg\" alt=\"\" \/><\/p>\n<p>9 de Maio<\/p>\n<p>Fundou a congrega\u00e7\u00e3o das Irm\u00e3s Escolares de Nossa Senhora<\/p>\n<p>Carolina Francisca Gerhardinger nasceu em 20 de junho de 1797 no sub\u00farbio da cidade de Regensburg-Stadtamhof, na Alemanha. Pertencia a uma fam\u00edlia de classe m\u00e9dia muito religiosa e com ela aprendeu desde cedo os valores humanos e crist\u00e3os.<\/p>\n<p>Carolina estudou na escola das Irm\u00e3s de Notre Dame, mas durante o governo napole\u00f4nico as institui\u00e7\u00f5es religiosas foram suspensas, inclusive essa na Alemanha. Por isso o bispo decidiu escolher as tr\u00eas melhores alunas e form\u00e1-las professoras, para dar continuidade ao ensino das crian\u00e7as daquela comunidade. Carolina foi escolhida por ser muito aplicada e respons\u00e1vel nos seus deveres de filha e aluna.<\/p>\n<p>Ainda muito jovem, recebeu o diploma de professora prim\u00e1ria, come\u00e7ando o trabalho de educadora de crian\u00e7as e jovens, fun\u00e7\u00e3o que exerceu at\u00e9 1833. Nessa \u00e9poca, a restri\u00e7\u00e3o napole\u00f4nica foi suspensa e as institui\u00e7\u00f5es religiosas puderam retomar a tarefa do ensino.<\/p>\n<p>A jovem Carolina acolheu o chamado de Deus e se tornou uma religiosa. Sua grande preocupa\u00e7\u00e3o era que seus alunos se tornassem pessoas felizes e preparadas para a vida. E essa inquieta\u00e7\u00e3o lhe deu a id\u00e9ia de criar uma congrega\u00e7\u00e3o religiosa organizada de maneira que pudesse enviar, duas a duas, professoras para atender as escolas rurais.<\/p>\n<p>Com a orienta\u00e7\u00e3o do bispo, em 1833 fundou a congrega\u00e7\u00e3o das Irm\u00e3s Escolares de Nossa Senhora, em Neunburg vor dem Wald, na Baviera, Alemanha, sendo eleita a superiora.<\/p>\n<p>Um de seus grandes desafios era oferecer uma boa educa\u00e7\u00e3o \u00e0s crian\u00e7as e jovens, principalmente \u00e0s mais pobres e abandonadas. Acreditava que uma boa educa\u00e7\u00e3o humana e crist\u00e3 era fundamental para a mudan\u00e7a da sociedade.<\/p>\n<p>Em 1835, fez sua profiss\u00e3o pelas m\u00e3os do bispo de Regensburg, trocando o nome para Maria Teresa de Jesus. Com a ajuda do imperador Ludovico I da Baviera, transferiu a Casa m\u00e3e de Neunburg para M\u00f4naco. Ela administrou e desenvolveu a congrega\u00e7\u00e3o, de modo efervescente, apesar das in\u00fameras dificuldades, durante quarenta anos.<\/p>\n<p>Em 1847, Maria Teresa de Jesus, aceitando o pedido dos mission\u00e1rios americanos, partiu junto com mais cinco religiosas para os Estados Unidos. Ali, com a ajuda do beato Jo\u00e3o Neumann, fundou um orfanato em Baltimore, abriu escolas em Pittsburg e Philadelphia, destinadas a atender os filhos dos emigrantes alem\u00e3es. Tr\u00eas anos mais tarde, a congrega\u00e7\u00e3o j\u00e1 se expandira por toda a Alemanha, ultrapassando as fronteiras para a Hungria e a Inglaterra.<\/p>\n<p>Em 1859, a fundadora foi nomeada superiora-geral vital\u00edcia. Ap\u00f3s uma grave enfermidade, ela morreu no dia 9 de maio de 1879, em M\u00f4naco, na Casa m\u00e3e da sua congrega\u00e7\u00e3o. Em 1985, o papa Jo\u00e3o Paulo II a proclamou beata Maria Teresa de Jesus, instituindo sua festa lit\u00fargica para o dia de sua morte.<\/p>\n<div id=\"themify_builder_content-9298\" data-postid=\"9298\" class=\"themify_builder_content themify_builder_content-9298 themify_builder themify_builder_front\">\n\t<\/div>\n<!-- \/themify_builder_content -->","protected":false},"excerpt":{"rendered":"<p>9 de Maio Fundou a congrega\u00e7\u00e3o das Irm\u00e3s Escolares de Nossa Senhora Carolina Francisca Gerhardinger nasceu em 20 de junho de 1797 no sub\u00farbio da cidade de Regensburg-Stadtamhof, na Alemanha. Pertencia a uma fam\u00edlia de classe m\u00e9dia muito religiosa e com ela aprendeu desde cedo os valores humanos e crist\u00e3os. Carolina estudou na escola das [&hellip;]<\/p>\n","protected":false},"author":14,"featured_media":0,"comment_status":"open","ping_status":"open","sticky":false,"template":"","format":"standard","meta":{"ngg_post_thumbnail":0,"footnotes":""},"categories":[186],"tags":[],"yoast_head":"<!-- This site is optimized with the Yoast SEO plugin v23.5 - https:\/\/yoast.com\/wordpress\/plugins\/seo\/ -->\n<title>Bem Aventurada Maria Teresa de Jesus - O Arcanjo no ar<\/title>\n<meta name=\"robots\" content=\"index, follow, max-snippet:-1, max-image-preview:large, max-video-preview:-1\" \/>\n<link rel=\"canonical\" href=\"https:\/\/www.oarcanjo.net\/site\/bem-aventurada-maria-teresa-de-jesus\/\" \/>\n<meta property=\"og:locale\" content=\"pt_BR\" \/>\n<meta property=\"og:type\" content=\"article\" \/>\n<meta property=\"og:title\" content=\"Bem Aventurada Maria Teresa de Jesus - O Arcanjo no ar\" \/>\n<meta property=\"og:description\" content=\"9 de Maio Fundou a congrega\u00e7\u00e3o das Irm\u00e3s Escolares de Nossa Senhora Carolina Francisca Gerhardinger nasceu em 20 de junho de 1797 no sub\u00farbio da cidade de Regensburg-Stadtamhof, na Alemanha. Pertencia a uma fam\u00edlia de classe m\u00e9dia muito religiosa e com ela aprendeu desde cedo os valores humanos e crist\u00e3os. Carolina estudou na escola das [&hellip;]\" \/>\n<meta property=\"og:url\" content=\"https:\/\/www.oarcanjo.net\/site\/bem-aventurada-maria-teresa-de-jesus\/\" \/>\n<meta property=\"og:site_name\" content=\"O Arcanjo no ar\" \/>\n<meta property=\"article:publisher\" content=\"https:\/\/www.facebook.com\/OArcanjoNoAr\/\" \/>\n<meta property=\"article:published_time\" content=\"2019-05-09T03:25:42+00:00\" \/>\n<meta property=\"article:modified_time\" content=\"2019-02-20T17:38:21+00:00\" \/>\n<meta property=\"og:image\" content=\"http:\/\/4.bp.blogspot.com\/_z-c0Sh5Zlrs\/SJo_yZhSIkI\/AAAAAAAABZ8\/lVq0VkRlB2c\/s400\/Maria+Teresa+de+Jesus.jpg\" \/>\n<meta name=\"author\" content=\"danilo\" \/>\n<meta name=\"twitter:card\" content=\"summary_large_image\" \/>\n<meta name=\"twitter:label1\" content=\"Escrito por\" \/>\n\t<meta name=\"twitter:data1\" content=\"danilo\" \/>\n\t<meta name=\"twitter:label2\" content=\"Est. tempo de leitura\" \/>\n\t<meta name=\"twitter:data2\" content=\"2 minutos\" \/>\n<script type=\"application\/ld+json\" class=\"yoast-schema-graph\">{\"@context\":\"https:\/\/schema.org\",\"@graph\":[{\"@type\":\"Article\",\"@id\":\"https:\/\/www.oarcanjo.net\/site\/bem-aventurada-maria-teresa-de-jesus\/#article\",\"isPartOf\":{\"@id\":\"https:\/\/www.oarcanjo.net\/site\/bem-aventurada-maria-teresa-de-jesus\/\"},\"author\":{\"name\":\"danilo\",\"@id\":\"https:\/\/www.oarcanjo.net\/site\/#\/schema\/person\/5eb9480bedd2f3c97e430ce128c29c6c\"},\"headline\":\"Bem Aventurada Maria Teresa de Jesus\",\"datePublished\":\"2019-05-09T03:25:42+00:00\",\"dateModified\":\"2019-02-20T17:38:21+00:00\",\"mainEntityOfPage\":{\"@id\":\"https:\/\/www.oarcanjo.net\/site\/bem-aventurada-maria-teresa-de-jesus\/\"},\"wordCount\":490,\"commentCount\":0,\"publisher\":{\"@id\":\"https:\/\/www.oarcanjo.net\/site\/#organization\"},\"image\":{\"@id\":\"https:\/\/www.oarcanjo.net\/site\/bem-aventurada-maria-teresa-de-jesus\/#primaryimage\"},\"thumbnailUrl\":\"http:\/\/4.bp.blogspot.com\/_z-c0Sh5Zlrs\/SJo_yZhSIkI\/AAAAAAAABZ8\/lVq0VkRlB2c\/s400\/Maria+Teresa+de+Jesus.jpg\",\"articleSection\":[\"Testemunhos\"],\"inLanguage\":\"pt-BR\",\"potentialAction\":[{\"@type\":\"CommentAction\",\"name\":\"Comment\",\"target\":[\"https:\/\/www.oarcanjo.net\/site\/bem-aventurada-maria-teresa-de-jesus\/#respond\"]}]},{\"@type\":\"WebPage\",\"@id\":\"https:\/\/www.oarcanjo.net\/site\/bem-aventurada-maria-teresa-de-jesus\/\",\"url\":\"https:\/\/www.oarcanjo.net\/site\/bem-aventurada-maria-teresa-de-jesus\/\",\"name\":\"Bem Aventurada Maria Teresa de Jesus - O Arcanjo no ar\",\"isPartOf\":{\"@id\":\"https:\/\/www.oarcanjo.net\/site\/#website\"},\"primaryImageOfPage\":{\"@id\":\"https:\/\/www.oarcanjo.net\/site\/bem-aventurada-maria-teresa-de-jesus\/#primaryimage\"},\"image\":{\"@id\":\"https:\/\/www.oarcanjo.net\/site\/bem-aventurada-maria-teresa-de-jesus\/#primaryimage\"},\"thumbnailUrl\":\"http:\/\/4.bp.blogspot.com\/_z-c0Sh5Zlrs\/SJo_yZhSIkI\/AAAAAAAABZ8\/lVq0VkRlB2c\/s400\/Maria+Teresa+de+Jesus.jpg\",\"datePublished\":\"2019-05-09T03:25:42+00:00\",\"dateModified\":\"2019-02-20T17:38:21+00:00\",\"breadcrumb\":{\"@id\":\"https:\/\/www.oarcanjo.net\/site\/bem-aventurada-maria-teresa-de-jesus\/#breadcrumb\"},\"inLanguage\":\"pt-BR\",\"potentialAction\":[{\"@type\":\"ReadAction\",\"target\":[\"https:\/\/www.oarcanjo.net\/site\/bem-aventurada-maria-teresa-de-jesus\/\"]}]},{\"@type\":\"ImageObject\",\"inLanguage\":\"pt-BR\",\"@id\":\"https:\/\/www.oarcanjo.net\/site\/bem-aventurada-maria-teresa-de-jesus\/#primaryimage\",\"url\":\"http:\/\/4.bp.blogspot.com\/_z-c0Sh5Zlrs\/SJo_yZhSIkI\/AAAAAAAABZ8\/lVq0VkRlB2c\/s400\/Maria+Teresa+de+Jesus.jpg\",\"contentUrl\":\"http:\/\/4.bp.blogspot.com\/_z-c0Sh5Zlrs\/SJo_yZhSIkI\/AAAAAAAABZ8\/lVq0VkRlB2c\/s400\/Maria+Teresa+de+Jesus.jpg\"},{\"@type\":\"BreadcrumbList\",\"@id\":\"https:\/\/www.oarcanjo.net\/site\/bem-aventurada-maria-teresa-de-jesus\/#breadcrumb\",\"itemListElement\":[{\"@type\":\"ListItem\",\"position\":1,\"name\":\"In\u00edcio\",\"item\":\"https:\/\/www.oarcanjo.net\/site\/\"},{\"@type\":\"ListItem\",\"position\":2,\"name\":\"Bem Aventurada Maria Teresa de Jesus\"}]},{\"@type\":\"WebSite\",\"@id\":\"https:\/\/www.oarcanjo.net\/site\/#website\",\"url\":\"https:\/\/www.oarcanjo.net\/site\/\",\"name\":\"O Arcanjo no ar\",\"description\":\"Site da Par\u00f3quia S\u00e3o Miguel Arcanjo (Arquidiocese de SP)\",\"publisher\":{\"@id\":\"https:\/\/www.oarcanjo.net\/site\/#organization\"},\"potentialAction\":[{\"@type\":\"SearchAction\",\"target\":{\"@type\":\"EntryPoint\",\"urlTemplate\":\"https:\/\/www.oarcanjo.net\/site\/?s={search_term_string}\"},\"query-input\":{\"@type\":\"PropertyValueSpecification\",\"valueRequired\":true,\"valueName\":\"search_term_string\"}}],\"inLanguage\":\"pt-BR\"},{\"@type\":\"Organization\",\"@id\":\"https:\/\/www.oarcanjo.net\/site\/#organization\",\"name\":\"Par\u00f3quia S\u00e3o Miguel Arcanjo\",\"url\":\"https:\/\/www.oarcanjo.net\/site\/\",\"logo\":{\"@type\":\"ImageObject\",\"inLanguage\":\"pt-BR\",\"@id\":\"https:\/\/www.oarcanjo.net\/site\/#\/schema\/logo\/image\/\",\"url\":\"https:\/\/www.oarcanjo.net\/site\/wp-content\/uploads\/LogoOArcanjo.png\",\"contentUrl\":\"https:\/\/www.oarcanjo.net\/site\/wp-content\/uploads\/LogoOArcanjo.png\",\"width\":319,\"height\":99,\"caption\":\"Par\u00f3quia S\u00e3o Miguel Arcanjo\"},\"image\":{\"@id\":\"https:\/\/www.oarcanjo.net\/site\/#\/schema\/logo\/image\/\"},\"sameAs\":[\"https:\/\/www.facebook.com\/OArcanjoNoAr\/\"]},{\"@type\":\"Person\",\"@id\":\"https:\/\/www.oarcanjo.net\/site\/#\/schema\/person\/5eb9480bedd2f3c97e430ce128c29c6c\",\"name\":\"danilo\"}]}<\/script>\n<!-- \/ Yoast SEO plugin. -->","yoast_head_json":{"title":"Bem Aventurada Maria Teresa de Jesus - O Arcanjo no ar","robots":{"index":"index","follow":"follow","max-snippet":"max-snippet:-1","max-image-preview":"max-image-preview:large","max-video-preview":"max-video-preview:-1"},"canonical":"https:\/\/www.oarcanjo.net\/site\/bem-aventurada-maria-teresa-de-jesus\/","og_locale":"pt_BR","og_type":"article","og_title":"Bem Aventurada Maria Teresa de Jesus - O Arcanjo no ar","og_description":"9 de Maio Fundou a congrega\u00e7\u00e3o das Irm\u00e3s Escolares de Nossa Senhora Carolina Francisca Gerhardinger nasceu em 20 de junho de 1797 no sub\u00farbio da cidade de Regensburg-Stadtamhof, na Alemanha. Pertencia a uma fam\u00edlia de classe m\u00e9dia muito religiosa e com ela aprendeu desde cedo os valores humanos e crist\u00e3os. Carolina estudou na escola das [&hellip;]","og_url":"https:\/\/www.oarcanjo.net\/site\/bem-aventurada-maria-teresa-de-jesus\/","og_site_name":"O Arcanjo no ar","article_publisher":"https:\/\/www.facebook.com\/OArcanjoNoAr\/","article_published_time":"2019-05-09T03:25:42+00:00","article_modified_time":"2019-02-20T17:38:21+00:00","og_image":[{"url":"http:\/\/4.bp.blogspot.com\/_z-c0Sh5Zlrs\/SJo_yZhSIkI\/AAAAAAAABZ8\/lVq0VkRlB2c\/s400\/Maria+Teresa+de+Jesus.jpg"}],"author":"danilo","twitter_card":"summary_large_image","twitter_misc":{"Escrito por":"danilo","Est. tempo de leitura":"2 minutos"},"schema":{"@context":"https:\/\/schema.org","@graph":[{"@type":"Article","@id":"https:\/\/www.oarcanjo.net\/site\/bem-aventurada-maria-teresa-de-jesus\/#article","isPartOf":{"@id":"https:\/\/www.oarcanjo.net\/site\/bem-aventurada-maria-teresa-de-jesus\/"},"author":{"name":"danilo","@id":"https:\/\/www.oarcanjo.net\/site\/#\/schema\/person\/5eb9480bedd2f3c97e430ce128c29c6c"},"headline":"Bem Aventurada Maria Teresa de Jesus","datePublished":"2019-05-09T03:25:42+00:00","dateModified":"2019-02-20T17:38:21+00:00","mainEntityOfPage":{"@id":"https:\/\/www.oarcanjo.net\/site\/bem-aventurada-maria-teresa-de-jesus\/"},"wordCount":490,"commentCount":0,"publisher":{"@id":"https:\/\/www.oarcanjo.net\/site\/#organization"},"image":{"@id":"https:\/\/www.oarcanjo.net\/site\/bem-aventurada-maria-teresa-de-jesus\/#primaryimage"},"thumbnailUrl":"http:\/\/4.bp.blogspot.com\/_z-c0Sh5Zlrs\/SJo_yZhSIkI\/AAAAAAAABZ8\/lVq0VkRlB2c\/s400\/Maria+Teresa+de+Jesus.jpg","articleSection":["Testemunhos"],"inLanguage":"pt-BR","potentialAction":[{"@type":"CommentAction","name":"Comment","target":["https:\/\/www.oarcanjo.net\/site\/bem-aventurada-maria-teresa-de-jesus\/#respond"]}]},{"@type":"WebPage","@id":"https:\/\/www.oarcanjo.net\/site\/bem-aventurada-maria-teresa-de-jesus\/","url":"https:\/\/www.oarcanjo.net\/site\/bem-aventurada-maria-teresa-de-jesus\/","name":"Bem Aventurada Maria Teresa de Jesus - O Arcanjo no ar","isPartOf":{"@id":"https:\/\/www.oarcanjo.net\/site\/#website"},"primaryImageOfPage":{"@id":"https:\/\/www.oarcanjo.net\/site\/bem-aventurada-maria-teresa-de-jesus\/#primaryimage"},"image":{"@id":"https:\/\/www.oarcanjo.net\/site\/bem-aventurada-maria-teresa-de-jesus\/#primaryimage"},"thumbnailUrl":"http:\/\/4.bp.blogspot.com\/_z-c0Sh5Zlrs\/SJo_yZhSIkI\/AAAAAAAABZ8\/lVq0VkRlB2c\/s400\/Maria+Teresa+de+Jesus.jpg","datePublished":"2019-05-09T03:25:42+00:00","dateModified":"2019-02-20T17:38:21+00:00","breadcrumb":{"@id":"https:\/\/www.oarcanjo.net\/site\/bem-aventurada-maria-teresa-de-jesus\/#breadcrumb"},"inLanguage":"pt-BR","potentialAction":[{"@type":"ReadAction","target":["https:\/\/www.oarcanjo.net\/site\/bem-aventurada-maria-teresa-de-jesus\/"]}]},{"@type":"ImageObject","inLanguage":"pt-BR","@id":"https:\/\/www.oarcanjo.net\/site\/bem-aventurada-maria-teresa-de-jesus\/#primaryimage","url":"http:\/\/4.bp.blogspot.com\/_z-c0Sh5Zlrs\/SJo_yZhSIkI\/AAAAAAAABZ8\/lVq0VkRlB2c\/s400\/Maria+Teresa+de+Jesus.jpg","contentUrl":"http:\/\/4.bp.blogspot.com\/_z-c0Sh5Zlrs\/SJo_yZhSIkI\/AAAAAAAABZ8\/lVq0VkRlB2c\/s400\/Maria+Teresa+de+Jesus.jpg"},{"@type":"BreadcrumbList","@id":"https:\/\/www.oarcanjo.net\/site\/bem-aventurada-maria-teresa-de-jesus\/#breadcrumb","itemListElement":[{"@type":"ListItem","position":1,"name":"In\u00edcio","item":"https:\/\/www.oarcanjo.net\/site\/"},{"@type":"ListItem","position":2,"name":"Bem Aventurada Maria Teresa de Jesus"}]},{"@type":"WebSite","@id":"https:\/\/www.oarcanjo.net\/site\/#website","url":"https:\/\/www.oarcanjo.net\/site\/","name":"O Arcanjo no ar","description":"Site da Par\u00f3quia S\u00e3o Miguel Arcanjo (Arquidiocese de SP)","publisher":{"@id":"https:\/\/www.oarcanjo.net\/site\/#organization"},"potentialAction":[{"@type":"SearchAction","target":{"@type":"EntryPoint","urlTemplate":"https:\/\/www.oarcanjo.net\/site\/?s={search_term_string}"},"query-input":{"@type":"PropertyValueSpecification","valueRequired":true,"valueName":"search_term_string"}}],"inLanguage":"pt-BR"},{"@type":"Organization","@id":"https:\/\/www.oarcanjo.net\/site\/#organization","name":"Par\u00f3quia S\u00e3o Miguel Arcanjo","url":"https:\/\/www.oarcanjo.net\/site\/","logo":{"@type":"ImageObject","inLanguage":"pt-BR","@id":"https:\/\/www.oarcanjo.net\/site\/#\/schema\/logo\/image\/","url":"https:\/\/www.oarcanjo.net\/site\/wp-content\/uploads\/LogoOArcanjo.png","contentUrl":"https:\/\/www.oarcanjo.net\/site\/wp-content\/uploads\/LogoOArcanjo.png","width":319,"height":99,"caption":"Par\u00f3quia S\u00e3o Miguel Arcanjo"},"image":{"@id":"https:\/\/www.oarcanjo.net\/site\/#\/schema\/logo\/image\/"},"sameAs":["https:\/\/www.facebook.com\/OArcanjoNoAr\/"]},{"@type":"Person","@id":"https:\/\/www.oarcanjo.net\/site\/#\/schema\/person\/5eb9480bedd2f3c97e430ce128c29c6c","name":"danilo"}]}},"publishpress_future_action":{"enabled":false,"date":"2026-05-07 13:48:55","action":"category","newStatus":"draft","terms":[],"taxonomy":"category"},"publishpress_future_workflow_manual_trigger":{"enabledWorkflows":[]},"_links":{"self":[{"href":"https:\/\/www.oarcanjo.net\/site\/wp-json\/wp\/v2\/posts\/9298"}],"collection":[{"href":"https:\/\/www.oarcanjo.net\/site\/wp-json\/wp\/v2\/posts"}],"about":[{"href":"https:\/\/www.oarcanjo.net\/site\/wp-json\/wp\/v2\/types\/post"}],"author":[{"embeddable":true,"href":"https:\/\/www.oarcanjo.net\/site\/wp-json\/wp\/v2\/users\/14"}],"replies":[{"embeddable":true,"href":"https:\/\/www.oarcanjo.net\/site\/wp-json\/wp\/v2\/comments?post=9298"}],"version-history":[{"count":1,"href":"https:\/\/www.oarcanjo.net\/site\/wp-json\/wp\/v2\/posts\/9298\/revisions"}],"predecessor-version":[{"id":93071,"href":"https:\/\/www.oarcanjo.net\/site\/wp-json\/wp\/v2\/posts\/9298\/revisions\/93071"}],"wp:attachment":[{"href":"https:\/\/www.oarcanjo.net\/site\/wp-json\/wp\/v2\/media?parent=9298"}],"wp:term":[{"taxonomy":"category","embeddable":true,"href":"https:\/\/www.oarcanjo.net\/site\/wp-json\/wp\/v2\/categories?post=9298"},{"taxonomy":"post_tag","embeddable":true,"href":"https:\/\/www.oarcanjo.net\/site\/wp-json\/wp\/v2\/tags?post=9298"}],"curies":[{"name":"wp","href":"https:\/\/api.w.org\/{rel}","templated":true}]}}