
{"id":9300,"date":"2019-05-11T00:59:44","date_gmt":"2019-05-11T03:59:44","guid":{"rendered":"http:\/\/www.oarcanjo.net\/site\/?p=9300"},"modified":"2019-02-20T14:38:25","modified_gmt":"2019-02-20T17:38:25","slug":"santo-antonino-de-florenca","status":"publish","type":"post","link":"https:\/\/www.oarcanjo.net\/site\/santo-antonino-de-florenca\/","title":{"rendered":"Santo Antonino de Floren\u00e7a"},"content":{"rendered":"<p><img decoding=\"async\" src=\"http:\/\/1.bp.blogspot.com\/_z-c0Sh5Zlrs\/SJpAL84tvgI\/AAAAAAAABaM\/V8Tvt19zMlQ\/s400\/Santo+Antonino+de+Floren%C3%A7a.jpg\" alt=\"\" \/><\/p>\n<p>10 de Maio<\/p>\n<p><img decoding=\"async\" src=\"http:\/\/1.bp.blogspot.com\/_Xp1YjQJsCDk\/R0B6wXiBnuI\/AAAAAAAAAIc\/5AsHhse-ufw\/s400\/santo_antonino_de_florenca1.jpg\" border=\"0\" alt=\"\" \/><\/p>\n<p><span><span style=\"color: #000000\"><span style=\"color: #999999\">Santo Antonino, Arcebispo de Floren\u00e7a: ex\u00edmio combatente do neopaganismo renascentista<\/span><br \/>\n<\/span><span style=\"color: #333333\">Embora fr\u00e1gil de corpo, tornou-se um dos gigantes da admir\u00e1vel reforma da Ordem Dominicana do s\u00e9culo XV e um baluarte contra o esp\u00edrito e os costumes renascentistas que come\u00e7avam a minar a civiliza\u00e7\u00e3o crist\u00e3 medieval<br \/>\n<\/span><br \/>\n<span style=\"color: #000000\">De pequena estatura &#8211; da\u00ed seu nome, diminutivo de Antonio -, nasceu Antonino em Floren\u00e7a, no ano de 1389, filho \u00fanico de Nicolau e Tomasina Pierrozi. Viveu na conflu\u00eancia da Idade M\u00e9dia com a Renascen\u00e7a, e soube contrapor a austeridade medieval \u00e0 busca infrene de prazeres que o neopaganismo renascentista procurava ressuscitar.<br \/>\n<\/span><br \/>\n<span style=\"color: #000000\">Se naqueles prim\u00f3rdios do movimento renascentista tivesse surgido uma verdadeira coorte de Santos que o combatesse como o fez Santo Antonino, por certo a Renascen\u00e7a, com seu esp\u00edrito naturalista e neopag\u00e3o, n\u00e3o teria dominado os esp\u00edritos e penetrado nos ambientes cat\u00f3licos como ocorreu nos s\u00e9culos XV e XVI.<br \/>\n<\/span><br \/>\n<span style=\"color: #000000\">Aos 10 anos, costumava Antonino ir todos os dias \u00e0 igreja de S\u00e3o Miguel, onde rezava aos p\u00e9s do Crucifixo e diante do altar de Nossa Senhora, em cuja honra recitava sempre o respons\u00f3rio <em>Sancta et Immaculata Virginitas<\/em>. A Sant\u00edssima Virgem concedeu-lhe a excelsa virtude da pureza, que Antonino conservaria at\u00e9 a hora da morte.<br \/>\n<\/span><br \/>\n<span style=\"color: #000000\">Foi nessa mesma igreja que lhe veio, aos 15 anos, o desejo de abra\u00e7ar o estado religioso na Ordem Dominicana. Era Quaresma do ano de 1404.<br \/>\n<\/span><br \/>\n<span style=\"color: #cc3300\"><strong>A dura prova da voca\u00e7\u00e3o<br \/>\n<\/strong><\/span><br \/>\n<span style=\"color: #000000\">Dirigiu-se ent\u00e3o a Frei Giovanni Dominici, Prior do Convento de Fiesole e mais tarde Cardeal-Arcebispo de Ragusa e Legado papal na Hungria. De porte avantajado e eloq\u00fc\u00eancia grave e majestosa, Frei Dominici tornou-se, com Santa Catarina de Siena e S\u00e3o Raimundo de C\u00e1pua, o mestre da reforma dominicana. E tamb\u00e9m de Antonino, que passaria a se considerar seu disc\u00edpulo e continuador.<br \/>\n<\/span><br \/>\n<span style=\"color: #000000\">Vendo a d\u00e9bil complei\u00e7\u00e3o f\u00edsica do postulante e julgando-o sem condi\u00e7\u00f5es de suportar os rigores da regra, perguntou-lhe Frei Dominici a que mat\u00e9ria era mais afei\u00e7oado.<br \/>\n<\/span><br \/>\n<span style=\"color: #000000\">&#8211; &#8220;<em>Ao Direito Can\u00f4nico<\/em>&#8220;, respondeu-lhe Antonino. A fim de melhor perscrutar os des\u00edgnios de Deus sobre aquela alma, replicou-lhe ent\u00e3o o Prior que depois de aprender de cor todo o C\u00f3digo, voltasse a procur\u00e1-lo.<br \/>\n<\/span><br \/>\n<span style=\"color: #000000\">Um ano depois retorna Antonino, com todas as regras e o texto do Direito Can\u00f4nico aprendidos na ponta da l\u00edngua.<br \/>\n<\/span><br \/>\n<span style=\"color: #000000\">Vendo nisso um evidente des\u00edgnio divino, pois que lhe pedira quase o imposs\u00edvel, decidiu o ilustre dominicano impor-lhe ent\u00e3o o h\u00e1bito branco dos frades pregadores. Era 1405 e Antonino contava apenas 16 anos.<br \/>\n<\/span><br \/>\n<span style=\"color: #000000\">Foi em seguida enviado para o noviciado em Cortona, onde em pouco tempo fez grandes progressos na virtude e no saber, professando os votos ao cabo de um ano. Ali conheceu o c\u00e9lebre Fra Ang\u00e9lico, expoente m\u00e1ximo da pintura sacra medieval.<br \/>\n<\/span><br \/>\n<span style=\"color: #000000\">Na festa de Pentecostes de 1406 retorna Antonino a Floren\u00e7a, acompanhado de tr\u00eas outros professos.<br \/>\n<\/span><br \/>\n<span style=\"color: #cc3300\"><strong>De franzino religioso a baluarte da reforma dominicana<\/strong><\/p>\n<p><span style=\"color: #000000\">Com o tempo, aperfei\u00e7oou-se nos estudos, tornando-se eminente te\u00f3logo. Preocupou-se sobretudo por essa teologia pr\u00e1tica e necess\u00e1ria, que se ocupa dos casos de consci\u00eancia.<br \/>\n<\/span><br \/>\n<span style=\"color: #000000\">Para n\u00e3o participar da n\u00f3doa do cisma que ent\u00e3o se pronunciara em torno do s\u00f3lio pontif\u00edcio, retirou-se de Floren\u00e7a numa noite, juntamente com os religiosos de S\u00e3o Domingos. Pois queria permanecer fiel \u00e0quele que seu mestre sem hesita\u00e7\u00e3o lhe designara, de acordo com Santa Catarina de Siena, como o verdadeiro Pont\u00edfice: Martinho V, cuja elei\u00e7\u00e3o poria mais tarde fim ao cisma.<br \/>\n<\/span><br \/>\n<span style=\"color: #000000\">Estabeleceram-se ent\u00e3o em Foligno, onde retomaram a vida santa e austera que lhes havia prescrito Frei Giovanni Dominici. Houve no entanto uma devastadora peste, que os obrigou a se refugiar em Cortona. Ali Santo Antonino tornou-se Prior, em 1418, com apenas 29 anos.<br \/>\n<\/span><br \/>\n<span style=\"color: #000000\">A partir de ent\u00e3o a reforma dominicana, muito debilitada pelo cisma e pela peste, tomou vigoroso impulso. Santo Antonino &#8211; cuja reputa\u00e7\u00e3o de ci\u00eancia, prud\u00eancia e santidade era de todos conhecida &#8211; tornou-se a alma desse salutar movimento. No ano seguinte, 1419, faleceu na Checoslov\u00e1quia o seu querido e inesquec\u00edvel mestre Giovanni Dominici, Cardeal de Ragusa.<br \/>\n<\/span><br \/>\n<span style=\"color: #000000\">Enquanto permaneceu como Prior, esmerou-se em mostrar a seus subordinados o que deveriam fazer e o que evitar, mais do que pelas palavras, atrav\u00e9s dos exemplos. Como entendia esse papel, ele mesmo o exprimiu num cap\u00edtulo essencial de sua <em>Suma Teol\u00f3gica<\/em>, sob o t\u00edtulo <em>Religiosos<\/em>:<br \/>\n<\/span><br \/>\n<span style=\"color: #000000\"><em>&#8220;O primeiro dever \u00e9 de dar o exemplo. O mestre deve prestar contas a Deus de todos aqueles que lhe s\u00e3o submissos, e merece a morte cada vez que lhes oferece um mau modelo. O Prior tem a obriga\u00e7\u00e3o de se inquietar a respeito de cada um de seus religiosos, em particular de trat\u00e1-los segundo as suas necessidades. Que ele reprima os agitados, sustente e encoraje os timoratos, os escrupulosos, ap\u00f3ie os doentes; tenha paci\u00eancia em rela\u00e7\u00e3o a todos. Que explique e fa\u00e7a observar a regra, zele para que sua autoridade n\u00e3o seja desprezada. Mas o amor deve estar acima do receio, e a virtude que faz com que ele seja amado \u00e9 a virtude da humildade.&#8221;<\/em><br \/>\n<\/span><br \/>\n<span style=\"color: #cc3300\"><strong>Superior e amigo do c\u00e9lebre Fra Ang\u00e9lico<\/strong><\/p>\n<p><span style=\"color: #000000\">Em 1439, j\u00e1 sob o pontificado de Eug\u00eanio IV, que sucedera a Martinho V, Santo Antonino tornou-se Prior do Convento de S\u00e3o Marcos em Floren\u00e7a. Ele viu aquela casa religiosa ser magnificamente restaurada, embelezada pela generosidade dos M\u00e9dicis e pelos incompar\u00e1veis trabalhos art\u00edsticos de Fra Ang\u00e9lico, al\u00e9m de dotada de excelente biblioteca. <\/span><\/p>\n<p><span style=\"color: #000000\">Com o falecimento do Cardeal Bartolomeu Zarabella, vagou-se a importante Arquidiocese de Floren\u00e7a. A popula\u00e7\u00e3o desejava, para substitu\u00ed-lo, algu\u00e9m que fosse perfeito nas letras e nos costumes. <\/span><\/p>\n<p><span style=\"color: #000000\">Embora houvesse em Floren\u00e7a muitos homens doutos e virtuosos, n\u00e3o foi entretanto f\u00e1cil encontrar quem reunisse em si aqueles predicados. Tanto \u00e9 assim que a Arquidiocese permaneceu vaga durante nove meses. <\/span><\/p>\n<p><span style=\"color: #000000\">At\u00e9 que o olhar do Papa Eug\u00eanio IV, por sugest\u00e3o de Fra Ang\u00e9lico, incidiu sobre Antonino, sendo este nomeado Arcebispo de Floren\u00e7a. <\/span><\/p>\n<p><span style=\"color: #000000\">O Santo contudo recusou-se obstinadamente a aceitar a nomea\u00e7\u00e3o, pensando mesmo em fugir para a Sardenha, at\u00e9 a escolha de outro sucessor. Foi preciso o Papa amea\u00e7\u00e1-lo, em nome da santa obedi\u00eancia, sob pena de pecado mortal e at\u00e9 de excomunh\u00e3o, para que finalmente se resignasse a aceitar o cargo. <\/span><\/p>\n<p><span style=\"color: #000000\">Ao faz\u00ea-lo, exclamou: <em>&#8220;Senhor, aceito este cargo contra a minha vontade, para n\u00e3o resistir \u00e0quela de vosso Vig\u00e1rio. Assisti-me, pois, Senhor, porquanto sabeis que necessito.&#8221;<\/em> <\/span><\/p>\n<p><span style=\"color: #000000\">Partiu de Fiesole pela manh\u00e3, indo celebrar a Santa Missa numa igreja de S\u00e3o Gallo, pr\u00f3ximo de Floren\u00e7a. Ali foram o Clero e o povo receb\u00ea-lo com grande aparato, enquanto os sinos repicavam. Toda a cidade se rejubilava pelo fato de possuir t\u00e3o digno e santo Pastor. Era o dia 13 de mar\u00e7o de 1446. Antonino tinha 56 anos e haveria de dirigir a Arquidiocese durante 13 anos. <\/span><\/p>\n<p><span style=\"color: #cc3300\"><strong>Arcebispo &#8211; ant\u00edtese do esp\u00edrito renascentista <\/strong><\/span><\/p>\n<p><span style=\"color: #000000\">Os h\u00e1bitos do Santo em nada se modificaram ap\u00f3s ascender a t\u00e3o alto e cobi\u00e7ado cargo, pois tanto a sua vida privada como a do Pal\u00e1cio Arquiepiscopal ele fez cercar da antiga austeridade medieval. Pelo exemplo, lutou o novo Arcebispo contra a sede insaci\u00e1vel de prazeres que o esp\u00edrito renascentista de ent\u00e3o suscitava intensamente nas almas. Al\u00e9m do exemplo, sua vigorosa atua\u00e7\u00e3o anti-renascentista manifestou-se igualmente eficaz. <\/span><\/p>\n<p><span style=\"color: #000000\">Era auxiliado por apenas seis pessoas, que ele fazia quest\u00e3o de dotar com bons proventos, impedindo assim que pudessem ser objeto de suborno da parte de quantos buscavam os pr\u00e9stimos da Arquidiocese. <\/span><\/p>\n<p><span style=\"color: #000000\">Tomava conhecimento de todas as causas que deviam ser julgadas em seu tribunal. Todos se sentiam t\u00e3o bem com os julgamentos, opini\u00f5es e conselhos do Santo, que antes mesmo de ser nomeado Arcebispo j\u00e1 era conhecido como Antonino dos Conselhos. <\/span><\/p>\n<p><span style=\"color: #000000\">Sua humildade tornava-o duro e intransigente para consigo mesmo, enquanto sua mansid\u00e3o fazia-o magn\u00e2nimo, paciente e af\u00e1vel para com os outros. Muito solicitado por visitantes, recebia todos, n\u00e3o se conhecendo Prelado de acesso mais f\u00e1cil: ouvia as queixas, mesmo as mais longas, com uma paci\u00eancia infatig\u00e1vel, respondendo com uma do\u00e7ura que nada desarmava. Ele resolveu o dif\u00edcil problema de n\u00e3o separar a do\u00e7ura da severidade indispens\u00e1vel a um chefe. Seu \u00fanico desejo era de fazer voltar os culpados \u00e0 emenda. <\/span><\/p>\n<p><span style=\"color: #000000\">Apesar das in\u00fameras obriga\u00e7\u00f5es impostas pelo seu m\u00fanus episcopal, jamais perdia a solid\u00e3o, a paz e a serenidade de cora\u00e7\u00e3o, estando continuamente voltado \u00e0 contempla\u00e7\u00e3o das coisas de Deus. <\/span><\/p>\n<p><span style=\"color: #000000\">Era tal a justi\u00e7a de seus julgamentos, que o Papa proibiu de se recorrer das senten\u00e7as que ele ditava. <\/span><\/p>\n<p><span style=\"color: #000000\">O Santo soube muito bem utilizar-se deste favor em benef\u00edcio da Igreja, livrando sua Arquidiocese das pr\u00e1ticas \u00edmpias, imorais e funestas da magia; da chaga da usura; dos charlat\u00e3es e dos comediantes. Todas essas n\u00f3doas j\u00e1 eram conseq\u00fc\u00eancia do esp\u00edrito renascentista, que ent\u00e3o se expandia por todas as classes e ambientes da Cristandade. <\/span><\/p>\n<p><span style=\"color: #000000\">Inventara-se um jogo atrav\u00e9s do qual a juventude florentina perdia diariamente grossas somas de dinheiro, com grande preju\u00edzo para as fam\u00edlias. Inicialmente o Santo proibiu esse jogo, sob pena de excomunh\u00e3o. Em seguida, passou a ir aos lugares onde se jogava, expulsando os que ali encontrava, virando as mesas, os dados, o dinheiro e as apostas. Seu zelo livrou as igrejas da presen\u00e7a de pessoas insolentes, que profanavam a santidade do local com conversas sacr\u00edlegas. <\/span><\/p>\n<p><span style=\"color: #000000\">N\u00e3o temeu sequer opor-se aos magistrados e ao bra\u00e7o secular, quando, abusando de seu poder, violavam os direitos e as imunidades da Igreja. Reprimiu as suas viol\u00eancias com censuras eclesi\u00e1sticas, sem se importar com as amea\u00e7as que lhe eram feitas. <\/span><\/p>\n<p><span style=\"color: #000000\">Certo dia, algu\u00e9m amea\u00e7ou atir\u00e1-lo pela janela e priv\u00e1-lo do Arcebispado, ao que o Santo, calmamente, respondeu dizendo que n\u00e3o se julgava digno do mart\u00edrio e sempre desejara ser destitu\u00eddo do Episcopado&#8230; <\/span><\/p>\n<p><span style=\"color: #000000\">Para a reforma do Clero, quis controlar tudo pessoalmente. Visitou uma a uma todas as igrejas, n\u00e3o somente de sua Arquidiocese, mas ainda dos Bispados sufrag\u00e2neos de Fiesole e Pistoia. Chegando de improviso, exigia que se lhe prestassem contas. <\/span><\/p>\n<p><span style=\"color: #000000\">Muitas das obras de Santo Antonino foram escritas para responder a consultas. O objetivo de sua <em>Suma Teol\u00f3gica<\/em> &#8211; o primeiro livro a apresentar em plano t\u00e3o amplo o estudo da teologia moral &#8211; foi de fornecer mat\u00e9ria aos pregadores, um guia aos confessores e uma regra de vida aos fi\u00e9is, segundo as exig\u00eancias de sua situa\u00e7\u00e3o. \u00c9 sobretudo a moral crist\u00e3, em suas aplica\u00e7\u00f5es pr\u00e1ticas, que constitui o tema de sua obra visando a reforma interior do homem. <\/span><\/p>\n<p><span style=\"color: #000000\">Deus concedeu a Santo Antonino uma gra\u00e7a insigne, um contraforte harm\u00f4nico de sua austeridade reformadora: o dom dos milagres. <\/span><\/p>\n<p><span style=\"color: #000000\">Um nobre de Floren\u00e7a tinha um filho muito doente, que acabou falecendo. O pai chorou muito essa morte e se dirigiu a Santo Antonino, pedindo-lhe que o ressuscitasse. Diante de t\u00e3o \u00e1rduo pedido, e movido pela compaix\u00e3o, o Santo p\u00f4s-se em ora\u00e7\u00e3o. Ao terminar, consolou o pai, dizendo-lhe que n\u00e3o chorasse mais, porque chegando em casa encontraria o filho vivo, o que de fato aconteceu.<br \/>\n<\/span><br \/>\n<span style=\"color: #cc3300\"><strong>Previs\u00e3o da pr\u00f3pria morte<\/strong><\/span><span style=\"color: #000000\"><\/p>\n<p>No m\u00eas de abril de 1459 seu estado se agravou, sendo conduzido \u00e0 casa de campo de San&#8217;Antonio-del-Vescovo. Tentou-se encoraj\u00e1-lo, como se faz com os doentes, falando-lhe de sua convalescen\u00e7a. Ele respondeu apenas: <em>Fiat voluntas tua<\/em>, lembrando que havia completado os 70 anos do Salmista.<\/p>\n<p>No dia 30 ele fez seu testamento, de comovedora simplicidade. Pediu ent\u00e3o para ser enterrado no coro da igreja de S\u00e3o Marcos de Floren\u00e7a.<\/p>\n<p>Em 1\u00ba de maio recebeu a extrema-un\u00e7\u00e3o, enquanto os dominicanos cercavam seu leito recitando o of\u00edcio das Matinas. Pronunciou algumas palavras imperfeitas ou mal formadas, entre as quais se entenderam estas: <em>&#8220;Servir a Deus \u00e9 reinar&#8221;<\/em>, al\u00e9m de repetir v\u00e1rias vezes o respons\u00f3rio de Nossa Senhora <em>Sancta et immaculata virginitas<\/em>.<\/p>\n<p>Na madrugada de 2 de maio, vig\u00edlia da Ascens\u00e3o, Antonino entregou sua alma virginal a Deus, ap\u00f3s uma longa agonia.<\/p>\n<p>Seu corpo foi velado durante oito dias, exalando um agrad\u00e1vel odor. O Papa Pio II, que se encontrava em Floren\u00e7a, concedeu sete anos de indulg\u00eancia a todos que visitassem o Santo e lhe osculassem os p\u00e9s. \u00c1 vista dos v\u00e1rios milagres operados em sua sepultura, o Papa Adriano VI assinou o decreto de sua canoniza\u00e7\u00e3o em 1523<\/span><\/span><\/span><\/span><\/p>\n<div id=\"themify_builder_content-9300\" data-postid=\"9300\" class=\"themify_builder_content themify_builder_content-9300 themify_builder themify_builder_front\">\n\t<\/div>\n<!-- \/themify_builder_content -->","protected":false},"excerpt":{"rendered":"<p>10 de Maio Santo Antonino, Arcebispo de Floren\u00e7a: ex\u00edmio combatente do neopaganismo renascentista Embora fr\u00e1gil de corpo, tornou-se um dos gigantes da admir\u00e1vel reforma da Ordem Dominicana do s\u00e9culo XV e um baluarte contra o esp\u00edrito e os costumes renascentistas que come\u00e7avam a minar a civiliza\u00e7\u00e3o crist\u00e3 medieval De pequena estatura &#8211; da\u00ed seu nome, [&hellip;]<\/p>\n","protected":false},"author":14,"featured_media":0,"comment_status":"open","ping_status":"open","sticky":false,"template":"","format":"standard","meta":{"ngg_post_thumbnail":0,"footnotes":""},"categories":[186],"tags":[],"yoast_head":"<!-- This site is optimized with the Yoast SEO plugin v23.5 - https:\/\/yoast.com\/wordpress\/plugins\/seo\/ -->\n<title>Santo Antonino de Floren\u00e7a - O Arcanjo no ar<\/title>\n<meta name=\"robots\" content=\"index, follow, max-snippet:-1, max-image-preview:large, max-video-preview:-1\" \/>\n<link rel=\"canonical\" href=\"https:\/\/www.oarcanjo.net\/site\/santo-antonino-de-florenca\/\" \/>\n<meta property=\"og:locale\" content=\"pt_BR\" \/>\n<meta property=\"og:type\" content=\"article\" \/>\n<meta property=\"og:title\" content=\"Santo Antonino de Floren\u00e7a - O Arcanjo no ar\" \/>\n<meta property=\"og:description\" content=\"10 de Maio Santo Antonino, Arcebispo de Floren\u00e7a: ex\u00edmio combatente do neopaganismo renascentista Embora fr\u00e1gil de corpo, tornou-se um dos gigantes da admir\u00e1vel reforma da Ordem Dominicana do s\u00e9culo XV e um baluarte contra o esp\u00edrito e os costumes renascentistas que come\u00e7avam a minar a civiliza\u00e7\u00e3o crist\u00e3 medieval De pequena estatura &#8211; da\u00ed seu nome, [&hellip;]\" \/>\n<meta property=\"og:url\" content=\"https:\/\/www.oarcanjo.net\/site\/santo-antonino-de-florenca\/\" \/>\n<meta property=\"og:site_name\" content=\"O Arcanjo no ar\" \/>\n<meta property=\"article:publisher\" content=\"https:\/\/www.facebook.com\/OArcanjoNoAr\/\" \/>\n<meta property=\"article:published_time\" content=\"2019-05-11T03:59:44+00:00\" \/>\n<meta property=\"article:modified_time\" content=\"2019-02-20T17:38:25+00:00\" \/>\n<meta property=\"og:image\" content=\"http:\/\/1.bp.blogspot.com\/_z-c0Sh5Zlrs\/SJpAL84tvgI\/AAAAAAAABaM\/V8Tvt19zMlQ\/s400\/Santo+Antonino+de+Floren%C3%A7a.jpg\" \/>\n<meta name=\"author\" content=\"danilo\" \/>\n<meta name=\"twitter:card\" content=\"summary_large_image\" \/>\n<meta name=\"twitter:label1\" content=\"Escrito por\" \/>\n\t<meta name=\"twitter:data1\" content=\"danilo\" \/>\n\t<meta name=\"twitter:label2\" content=\"Est. tempo de leitura\" \/>\n\t<meta name=\"twitter:data2\" content=\"11 minutos\" \/>\n<script type=\"application\/ld+json\" class=\"yoast-schema-graph\">{\"@context\":\"https:\/\/schema.org\",\"@graph\":[{\"@type\":\"Article\",\"@id\":\"https:\/\/www.oarcanjo.net\/site\/santo-antonino-de-florenca\/#article\",\"isPartOf\":{\"@id\":\"https:\/\/www.oarcanjo.net\/site\/santo-antonino-de-florenca\/\"},\"author\":{\"name\":\"danilo\",\"@id\":\"https:\/\/www.oarcanjo.net\/site\/#\/schema\/person\/5eb9480bedd2f3c97e430ce128c29c6c\"},\"headline\":\"Santo Antonino de Floren\u00e7a\",\"datePublished\":\"2019-05-11T03:59:44+00:00\",\"dateModified\":\"2019-02-20T17:38:25+00:00\",\"mainEntityOfPage\":{\"@id\":\"https:\/\/www.oarcanjo.net\/site\/santo-antonino-de-florenca\/\"},\"wordCount\":2169,\"commentCount\":0,\"publisher\":{\"@id\":\"https:\/\/www.oarcanjo.net\/site\/#organization\"},\"image\":{\"@id\":\"https:\/\/www.oarcanjo.net\/site\/santo-antonino-de-florenca\/#primaryimage\"},\"thumbnailUrl\":\"http:\/\/1.bp.blogspot.com\/_z-c0Sh5Zlrs\/SJpAL84tvgI\/AAAAAAAABaM\/V8Tvt19zMlQ\/s400\/Santo+Antonino+de+Floren%C3%A7a.jpg\",\"articleSection\":[\"Testemunhos\"],\"inLanguage\":\"pt-BR\",\"potentialAction\":[{\"@type\":\"CommentAction\",\"name\":\"Comment\",\"target\":[\"https:\/\/www.oarcanjo.net\/site\/santo-antonino-de-florenca\/#respond\"]}]},{\"@type\":\"WebPage\",\"@id\":\"https:\/\/www.oarcanjo.net\/site\/santo-antonino-de-florenca\/\",\"url\":\"https:\/\/www.oarcanjo.net\/site\/santo-antonino-de-florenca\/\",\"name\":\"Santo Antonino de Floren\u00e7a - O Arcanjo no ar\",\"isPartOf\":{\"@id\":\"https:\/\/www.oarcanjo.net\/site\/#website\"},\"primaryImageOfPage\":{\"@id\":\"https:\/\/www.oarcanjo.net\/site\/santo-antonino-de-florenca\/#primaryimage\"},\"image\":{\"@id\":\"https:\/\/www.oarcanjo.net\/site\/santo-antonino-de-florenca\/#primaryimage\"},\"thumbnailUrl\":\"http:\/\/1.bp.blogspot.com\/_z-c0Sh5Zlrs\/SJpAL84tvgI\/AAAAAAAABaM\/V8Tvt19zMlQ\/s400\/Santo+Antonino+de+Floren%C3%A7a.jpg\",\"datePublished\":\"2019-05-11T03:59:44+00:00\",\"dateModified\":\"2019-02-20T17:38:25+00:00\",\"breadcrumb\":{\"@id\":\"https:\/\/www.oarcanjo.net\/site\/santo-antonino-de-florenca\/#breadcrumb\"},\"inLanguage\":\"pt-BR\",\"potentialAction\":[{\"@type\":\"ReadAction\",\"target\":[\"https:\/\/www.oarcanjo.net\/site\/santo-antonino-de-florenca\/\"]}]},{\"@type\":\"ImageObject\",\"inLanguage\":\"pt-BR\",\"@id\":\"https:\/\/www.oarcanjo.net\/site\/santo-antonino-de-florenca\/#primaryimage\",\"url\":\"http:\/\/1.bp.blogspot.com\/_z-c0Sh5Zlrs\/SJpAL84tvgI\/AAAAAAAABaM\/V8Tvt19zMlQ\/s400\/Santo+Antonino+de+Floren%C3%A7a.jpg\",\"contentUrl\":\"http:\/\/1.bp.blogspot.com\/_z-c0Sh5Zlrs\/SJpAL84tvgI\/AAAAAAAABaM\/V8Tvt19zMlQ\/s400\/Santo+Antonino+de+Floren%C3%A7a.jpg\"},{\"@type\":\"BreadcrumbList\",\"@id\":\"https:\/\/www.oarcanjo.net\/site\/santo-antonino-de-florenca\/#breadcrumb\",\"itemListElement\":[{\"@type\":\"ListItem\",\"position\":1,\"name\":\"In\u00edcio\",\"item\":\"https:\/\/www.oarcanjo.net\/site\/\"},{\"@type\":\"ListItem\",\"position\":2,\"name\":\"Santo Antonino de Floren\u00e7a\"}]},{\"@type\":\"WebSite\",\"@id\":\"https:\/\/www.oarcanjo.net\/site\/#website\",\"url\":\"https:\/\/www.oarcanjo.net\/site\/\",\"name\":\"O Arcanjo no ar\",\"description\":\"Site da Par\u00f3quia S\u00e3o Miguel Arcanjo (Arquidiocese de SP)\",\"publisher\":{\"@id\":\"https:\/\/www.oarcanjo.net\/site\/#organization\"},\"potentialAction\":[{\"@type\":\"SearchAction\",\"target\":{\"@type\":\"EntryPoint\",\"urlTemplate\":\"https:\/\/www.oarcanjo.net\/site\/?s={search_term_string}\"},\"query-input\":{\"@type\":\"PropertyValueSpecification\",\"valueRequired\":true,\"valueName\":\"search_term_string\"}}],\"inLanguage\":\"pt-BR\"},{\"@type\":\"Organization\",\"@id\":\"https:\/\/www.oarcanjo.net\/site\/#organization\",\"name\":\"Par\u00f3quia S\u00e3o Miguel Arcanjo\",\"url\":\"https:\/\/www.oarcanjo.net\/site\/\",\"logo\":{\"@type\":\"ImageObject\",\"inLanguage\":\"pt-BR\",\"@id\":\"https:\/\/www.oarcanjo.net\/site\/#\/schema\/logo\/image\/\",\"url\":\"https:\/\/www.oarcanjo.net\/site\/wp-content\/uploads\/LogoOArcanjo.png\",\"contentUrl\":\"https:\/\/www.oarcanjo.net\/site\/wp-content\/uploads\/LogoOArcanjo.png\",\"width\":319,\"height\":99,\"caption\":\"Par\u00f3quia S\u00e3o Miguel Arcanjo\"},\"image\":{\"@id\":\"https:\/\/www.oarcanjo.net\/site\/#\/schema\/logo\/image\/\"},\"sameAs\":[\"https:\/\/www.facebook.com\/OArcanjoNoAr\/\"]},{\"@type\":\"Person\",\"@id\":\"https:\/\/www.oarcanjo.net\/site\/#\/schema\/person\/5eb9480bedd2f3c97e430ce128c29c6c\",\"name\":\"danilo\"}]}<\/script>\n<!-- \/ Yoast SEO plugin. -->","yoast_head_json":{"title":"Santo Antonino de Floren\u00e7a - O Arcanjo no ar","robots":{"index":"index","follow":"follow","max-snippet":"max-snippet:-1","max-image-preview":"max-image-preview:large","max-video-preview":"max-video-preview:-1"},"canonical":"https:\/\/www.oarcanjo.net\/site\/santo-antonino-de-florenca\/","og_locale":"pt_BR","og_type":"article","og_title":"Santo Antonino de Floren\u00e7a - O Arcanjo no ar","og_description":"10 de Maio Santo Antonino, Arcebispo de Floren\u00e7a: ex\u00edmio combatente do neopaganismo renascentista Embora fr\u00e1gil de corpo, tornou-se um dos gigantes da admir\u00e1vel reforma da Ordem Dominicana do s\u00e9culo XV e um baluarte contra o esp\u00edrito e os costumes renascentistas que come\u00e7avam a minar a civiliza\u00e7\u00e3o crist\u00e3 medieval De pequena estatura &#8211; da\u00ed seu nome, [&hellip;]","og_url":"https:\/\/www.oarcanjo.net\/site\/santo-antonino-de-florenca\/","og_site_name":"O Arcanjo no ar","article_publisher":"https:\/\/www.facebook.com\/OArcanjoNoAr\/","article_published_time":"2019-05-11T03:59:44+00:00","article_modified_time":"2019-02-20T17:38:25+00:00","og_image":[{"url":"http:\/\/1.bp.blogspot.com\/_z-c0Sh5Zlrs\/SJpAL84tvgI\/AAAAAAAABaM\/V8Tvt19zMlQ\/s400\/Santo+Antonino+de+Floren%C3%A7a.jpg"}],"author":"danilo","twitter_card":"summary_large_image","twitter_misc":{"Escrito por":"danilo","Est. tempo de leitura":"11 minutos"},"schema":{"@context":"https:\/\/schema.org","@graph":[{"@type":"Article","@id":"https:\/\/www.oarcanjo.net\/site\/santo-antonino-de-florenca\/#article","isPartOf":{"@id":"https:\/\/www.oarcanjo.net\/site\/santo-antonino-de-florenca\/"},"author":{"name":"danilo","@id":"https:\/\/www.oarcanjo.net\/site\/#\/schema\/person\/5eb9480bedd2f3c97e430ce128c29c6c"},"headline":"Santo Antonino de Floren\u00e7a","datePublished":"2019-05-11T03:59:44+00:00","dateModified":"2019-02-20T17:38:25+00:00","mainEntityOfPage":{"@id":"https:\/\/www.oarcanjo.net\/site\/santo-antonino-de-florenca\/"},"wordCount":2169,"commentCount":0,"publisher":{"@id":"https:\/\/www.oarcanjo.net\/site\/#organization"},"image":{"@id":"https:\/\/www.oarcanjo.net\/site\/santo-antonino-de-florenca\/#primaryimage"},"thumbnailUrl":"http:\/\/1.bp.blogspot.com\/_z-c0Sh5Zlrs\/SJpAL84tvgI\/AAAAAAAABaM\/V8Tvt19zMlQ\/s400\/Santo+Antonino+de+Floren%C3%A7a.jpg","articleSection":["Testemunhos"],"inLanguage":"pt-BR","potentialAction":[{"@type":"CommentAction","name":"Comment","target":["https:\/\/www.oarcanjo.net\/site\/santo-antonino-de-florenca\/#respond"]}]},{"@type":"WebPage","@id":"https:\/\/www.oarcanjo.net\/site\/santo-antonino-de-florenca\/","url":"https:\/\/www.oarcanjo.net\/site\/santo-antonino-de-florenca\/","name":"Santo Antonino de Floren\u00e7a - O Arcanjo no ar","isPartOf":{"@id":"https:\/\/www.oarcanjo.net\/site\/#website"},"primaryImageOfPage":{"@id":"https:\/\/www.oarcanjo.net\/site\/santo-antonino-de-florenca\/#primaryimage"},"image":{"@id":"https:\/\/www.oarcanjo.net\/site\/santo-antonino-de-florenca\/#primaryimage"},"thumbnailUrl":"http:\/\/1.bp.blogspot.com\/_z-c0Sh5Zlrs\/SJpAL84tvgI\/AAAAAAAABaM\/V8Tvt19zMlQ\/s400\/Santo+Antonino+de+Floren%C3%A7a.jpg","datePublished":"2019-05-11T03:59:44+00:00","dateModified":"2019-02-20T17:38:25+00:00","breadcrumb":{"@id":"https:\/\/www.oarcanjo.net\/site\/santo-antonino-de-florenca\/#breadcrumb"},"inLanguage":"pt-BR","potentialAction":[{"@type":"ReadAction","target":["https:\/\/www.oarcanjo.net\/site\/santo-antonino-de-florenca\/"]}]},{"@type":"ImageObject","inLanguage":"pt-BR","@id":"https:\/\/www.oarcanjo.net\/site\/santo-antonino-de-florenca\/#primaryimage","url":"http:\/\/1.bp.blogspot.com\/_z-c0Sh5Zlrs\/SJpAL84tvgI\/AAAAAAAABaM\/V8Tvt19zMlQ\/s400\/Santo+Antonino+de+Floren%C3%A7a.jpg","contentUrl":"http:\/\/1.bp.blogspot.com\/_z-c0Sh5Zlrs\/SJpAL84tvgI\/AAAAAAAABaM\/V8Tvt19zMlQ\/s400\/Santo+Antonino+de+Floren%C3%A7a.jpg"},{"@type":"BreadcrumbList","@id":"https:\/\/www.oarcanjo.net\/site\/santo-antonino-de-florenca\/#breadcrumb","itemListElement":[{"@type":"ListItem","position":1,"name":"In\u00edcio","item":"https:\/\/www.oarcanjo.net\/site\/"},{"@type":"ListItem","position":2,"name":"Santo Antonino de Floren\u00e7a"}]},{"@type":"WebSite","@id":"https:\/\/www.oarcanjo.net\/site\/#website","url":"https:\/\/www.oarcanjo.net\/site\/","name":"O Arcanjo no ar","description":"Site da Par\u00f3quia S\u00e3o Miguel Arcanjo (Arquidiocese de SP)","publisher":{"@id":"https:\/\/www.oarcanjo.net\/site\/#organization"},"potentialAction":[{"@type":"SearchAction","target":{"@type":"EntryPoint","urlTemplate":"https:\/\/www.oarcanjo.net\/site\/?s={search_term_string}"},"query-input":{"@type":"PropertyValueSpecification","valueRequired":true,"valueName":"search_term_string"}}],"inLanguage":"pt-BR"},{"@type":"Organization","@id":"https:\/\/www.oarcanjo.net\/site\/#organization","name":"Par\u00f3quia S\u00e3o Miguel Arcanjo","url":"https:\/\/www.oarcanjo.net\/site\/","logo":{"@type":"ImageObject","inLanguage":"pt-BR","@id":"https:\/\/www.oarcanjo.net\/site\/#\/schema\/logo\/image\/","url":"https:\/\/www.oarcanjo.net\/site\/wp-content\/uploads\/LogoOArcanjo.png","contentUrl":"https:\/\/www.oarcanjo.net\/site\/wp-content\/uploads\/LogoOArcanjo.png","width":319,"height":99,"caption":"Par\u00f3quia S\u00e3o Miguel Arcanjo"},"image":{"@id":"https:\/\/www.oarcanjo.net\/site\/#\/schema\/logo\/image\/"},"sameAs":["https:\/\/www.facebook.com\/OArcanjoNoAr\/"]},{"@type":"Person","@id":"https:\/\/www.oarcanjo.net\/site\/#\/schema\/person\/5eb9480bedd2f3c97e430ce128c29c6c","name":"danilo"}]}},"publishpress_future_action":{"enabled":false,"date":"2026-05-07 13:48:56","action":"category","newStatus":"draft","terms":[],"taxonomy":"category"},"publishpress_future_workflow_manual_trigger":{"enabledWorkflows":[]},"_links":{"self":[{"href":"https:\/\/www.oarcanjo.net\/site\/wp-json\/wp\/v2\/posts\/9300"}],"collection":[{"href":"https:\/\/www.oarcanjo.net\/site\/wp-json\/wp\/v2\/posts"}],"about":[{"href":"https:\/\/www.oarcanjo.net\/site\/wp-json\/wp\/v2\/types\/post"}],"author":[{"embeddable":true,"href":"https:\/\/www.oarcanjo.net\/site\/wp-json\/wp\/v2\/users\/14"}],"replies":[{"embeddable":true,"href":"https:\/\/www.oarcanjo.net\/site\/wp-json\/wp\/v2\/comments?post=9300"}],"version-history":[{"count":1,"href":"https:\/\/www.oarcanjo.net\/site\/wp-json\/wp\/v2\/posts\/9300\/revisions"}],"predecessor-version":[{"id":93072,"href":"https:\/\/www.oarcanjo.net\/site\/wp-json\/wp\/v2\/posts\/9300\/revisions\/93072"}],"wp:attachment":[{"href":"https:\/\/www.oarcanjo.net\/site\/wp-json\/wp\/v2\/media?parent=9300"}],"wp:term":[{"taxonomy":"category","embeddable":true,"href":"https:\/\/www.oarcanjo.net\/site\/wp-json\/wp\/v2\/categories?post=9300"},{"taxonomy":"post_tag","embeddable":true,"href":"https:\/\/www.oarcanjo.net\/site\/wp-json\/wp\/v2\/tags?post=9300"}],"curies":[{"name":"wp","href":"https:\/\/api.w.org\/{rel}","templated":true}]}}