
{"id":9302,"date":"2019-05-10T00:03:31","date_gmt":"2019-05-10T03:03:31","guid":{"rendered":"http:\/\/www.oarcanjo.net\/site\/?p=9302"},"modified":"2019-02-20T14:36:11","modified_gmt":"2019-02-20T17:36:11","slug":"bem-aventurado-damiao-de-molokai","status":"publish","type":"post","link":"https:\/\/www.oarcanjo.net\/site\/bem-aventurado-damiao-de-molokai\/","title":{"rendered":"Bem Aventurado Dami\u00e3o de Molokai"},"content":{"rendered":"<p><img decoding=\"async\" src=\"http:\/\/4.bp.blogspot.com\/_N7qno7a5_DU\/SEVOMj0ejyI\/AAAAAAAADCc\/VPxIAkofBUo\/s320\/Pe.+Dami%C3%A3o+-+leprosos.jpg\" alt=\"\" \/><\/p>\n<p>10 de Maio<\/p>\n<p>Josef de Veuster-Wouters nasceu no dia 3 de janeiro de 1840, numa pequena cidade ao norte de Bruxelas, na B\u00e9lgica. Aos dezenove anos de idade, entra para a Ordem dos Padres do Sagrado Cora\u00e7\u00e3o e toma o nome de Dami\u00e3o. Em seguida, \u00e9 enviado para terminar seus estudos num col\u00e9gio teol\u00f3gico em Paris.<\/p>\n<p>A vida de Dami\u00e3o come\u00e7ou a mudar quando completou vinte e um anos de idade. Um bispo do Hava\u00ed, arquip\u00e9lago do Pac\u00edfico, estava em Paris, onde ministrava algumas palestras e pretendia conseguir mission\u00e1rios para o local. Ele expunha os problemas daquela regi\u00e3o e, especialmente, dos doentes de lepra, que eram exilados e abandonados numa ilha chamada Molokai, por determina\u00e7\u00e3o do governo.<\/p>\n<p>Dami\u00e3o logo se interessou e se colocou \u00e0 disposi\u00e7\u00e3o para ir como mission\u00e1rio \u00e0 ilha. Alguns fatos antecederam a sua ida. Uma epidemia de febre tif\u00f3ide atingiu o col\u00e9gio e seu irm\u00e3o caiu doente. Dami\u00e3o ainda n\u00e3o era sacerdote, mas estava disposto a insistir que o aceitassem na miss\u00e3o rumo a Molokai. Escreveu uma carta ao superior da Ordem do Sagrado Cora\u00e7\u00e3o, que, inspirado por Deus, permitiu a sua partida. Assim, em 1863 Dami\u00e3o embarcava para o Hava\u00ed, ap\u00f3s ser ordenado sacerdote.<\/p>\n<p>Chegando ao arquip\u00e9lago, Dami\u00e3o logo se colocou a par da situa\u00e7\u00e3o. A regi\u00e3o recebera imigrantes chineses e com eles a lepra. Em 1865, temendo a dissemina\u00e7\u00e3o da doen\u00e7a, o governo local decidiu isolar os doentes na ilha de Molokai. Nessa ilha existia uma pen\u00ednsula cujo acesso era imposs\u00edvel, exceto pelo mar. Assim, aquela pen\u00ednsula, chamada Kalauapa, tornou-se a pris\u00e3o dos leprosos.<\/p>\n<p>Para l\u00e1 se dirigiu Dami\u00e3o, junto de tr\u00eas mission\u00e1rios que iriam revezar os cuidados com os leprosos. Os leprosos n\u00e3o tinham como trabalhar, roubavam-se entre si e matavam-se por um punhado de arroz. Dami\u00e3o sabia que ficaria ali para sempre, pois grande era o seu cora\u00e7\u00e3o.<\/p>\n<p>Naquele local abandonado, o padre come\u00e7ou a trabalhar. O primeiro passo foi recuperar o cemit\u00e9rio e enterrar os mortos. Com freq\u00fc\u00eancia ia \u00e0 capital, comprar faixas, rem\u00e9dios, len\u00e7\u00f3is e roupas para todos. Nesse meio tempo, escrevia para o jornal local, contando os terrores da ilha de Molokai. Essas not\u00edcias se espalharam e abalaram o mundo, todo tipo de ajuda humanit\u00e1ria come\u00e7ou a surgir. Um m\u00e9dico que contra\u00edra a lepra ao cuidar dos doentes ouviu falar de Dami\u00e3o e viajou para a ilha a fim de ajudar.<\/p>\n<p>No tempo que passou na ilha, Dami\u00e3o construiu uma igrejinha de alvenaria, onde passou a celebrar as missas. Tamb\u00e9m construiu um pequeno hospital, onde, ele e o m\u00e9dico, cuidavam dos doentes mais graves. Dois aquedutos completavam a estrutura sanit\u00e1ria t\u00e3o necess\u00e1ria \u00e0 vida daquele povoado. Por\u00e9m a obra de Dami\u00e3o abrangeu algo mais do que a melhoria f\u00edsica do local, ele trouxe nova esperan\u00e7a e al\u00edvio para os doentes. J\u00e1 era chamado ap\u00f3stolo dos leprosos.<\/p>\n<p><strong>testemunha de um Deus pr\u00f3ximo<\/strong><\/p>\n<p>\u00a0Dami\u00e3o acrescenta sempre \u00e0 sua assinatura as palavras: <em>&#8220;sacerdote mission\u00e1rio&#8221;.<\/em> \u00c9 assim que ele se define. \u00c9 este o t\u00edtulo que deseja entre os leprosos. Em tempo normal passa a maior parte do dia a visit\u00e1-los, qualquer que seja a sua religi\u00e3o (os cat\u00f3licos n\u00e3o ultrapassam metade da popula\u00e7\u00e3o total). Em cada casa, sujeitando-se a respirar o ar viciado, deixa a palavra apropriada: aqui do\u00e7ura e consolo, ali uma pequena admoesta\u00e7\u00e3o para acordar a consci\u00eancia; se necess\u00e1rio, lan\u00e7a m\u00e3o da repreens\u00e3o. D\u00e1-lhes medicamentos e trata-lhes as chagas como quem cuida de flores.<\/p>\n<p>\u00a0<img loading=\"lazy\" decoding=\"async\" src=\"http:\/\/www.ssccafrica.org\/images\/damiaopequenos.jpg\" border=\"0\" alt=\"\" width=\"145\" height=\"245\" align=\"left\" \/><\/p>\n<p>Quando v\u00ea aproximar-se o fim de alguma das suas ovelhas, administra-lhes os Sacramentos dos doentes. E diz: <em>&#8220;\u00c9 verdade que v\u00ea-los causa repugn\u00e2ncia; mas s\u00e3o almas resgatadas pelo pre\u00e7o do sangue do Salvador. Tamb\u00e9m Ele, na sua miseric\u00f3rdia, consolou os leprosos. Se n\u00e3o posso cur\u00e1-los, tenho, pelos menos, meios p<\/em><em>ara os consolar. Confio em que muitos, purificados da lepra da alma pelos sacramentos, ser\u00e3o, um dia, dignos do C\u00e9u&#8221;. <\/em>Neste trabalho de preparar para morrer bem encontra o Padre Dami\u00e3o uma grande consola\u00e7\u00e3o. Os funerais s\u00e3o verdadeiras festas, cheias de uma surpreendente alegria.<\/p>\n<p>O seu cativeiro volunt\u00e1rio entre os marginalizados pela sociedade \u00e9, para eles, um sinal do amor de Deus. Dami\u00e3o, pela sua presen\u00e7a entre os leprosos, pelo que era e pelo que fazia, tornou-se testemunha de um Deus que se aproxima do sofrimento humano e rompe a solid\u00e3o.<\/p>\n<p>No meio dos leprosos e, sobretudo, quando sabe que est\u00e1 atingido pela terr\u00edvel doen\u00e7a, sente-se unido a Jesus, no caminho da cruz. Deixa nas m\u00e3os de Deus que a sua vida se prolongue ou n\u00e3o, considerando-se o mission\u00e1rio mais feliz do mundo. Dami\u00e3o dizia: <em>&#8220;Quem serve a Deus \u00e9 fiz em toda a parte&#8221;.<\/em><\/p>\n<p>Alimenta esta atitude, sobretudo mediante a adora\u00e7\u00e3o do Sant\u00edssimo: <em>&#8220;\u00c9 ao p\u00e9 do altar &#8211;<\/em>escrevia em 1881 a seu irm\u00e3o, tamb\u00e9m religioso dos Sagrados Cora\u00e7\u00f5es &#8211;<em> que achamos a for\u00e7a necess\u00e1ria na nossa solid\u00e3o. \u00c9 a\u00ed que me encontro todos os dias contigo e com todos os irm\u00e3os da nossa querida congrega\u00e7\u00e3o. Sem o Sant\u00edssimo Sacramento seria insuport\u00e1vel uma situa\u00e7\u00e3o como a minha. Mas, tendo o Senhor a meu lado, estou sempre alegre e contente&#8221;.<\/em><\/p>\n<p>No seu leito de morte renovou sinceramente e com alegria interior os seus votos religiosos, dizendo a seus irm\u00e3os que n\u00e3o desejava j\u00e1 celebrar a sua \u00faltima P\u00e1scoa na terra mas sim no c\u00e9u.\u00a0<\/p>\n<p>Numa noite de 1885, Dami\u00e3o colocou o p\u00e9 esquerdo numa bacia com \u00e1gua muito quente. Percebeu que tinha contra\u00eddo a lepra, pois n\u00e3o sentiu dor alguma. Havia passado cerca de dez anos desde que ele chegou \u00e0 ilha e, milagrosamente, n\u00e3o havia contra\u00eddo a doen\u00e7a at\u00e9 ent\u00e3o. Com o passar do tempo, a doen\u00e7a o tomou por inteiro.<\/p>\n<p>O doutor j\u00e1 havia morrido, assim como muitos dos amigos, quando, em 15 de abril de 1889, padre Dami\u00e3o de Veuster morreu. Em 1936, seu corpo foi transladado para a B\u00e9lgica, onde recebeu os solenes funerais de Estado. Em 1995, padre Dami\u00e3o de Molokai foi beatificado pelo papa Jo\u00e3o Paulo II e sua festa, designada para o dia 10 de maio.<\/p>\n<div id=\"themify_builder_content-9302\" data-postid=\"9302\" class=\"themify_builder_content themify_builder_content-9302 themify_builder themify_builder_front\">\n\t<\/div>\n<!-- \/themify_builder_content -->","protected":false},"excerpt":{"rendered":"<p>10 de Maio Josef de Veuster-Wouters nasceu no dia 3 de janeiro de 1840, numa pequena cidade ao norte de Bruxelas, na B\u00e9lgica. Aos dezenove anos de idade, entra para a Ordem dos Padres do Sagrado Cora\u00e7\u00e3o e toma o nome de Dami\u00e3o. Em seguida, \u00e9 enviado para terminar seus estudos num col\u00e9gio teol\u00f3gico em [&hellip;]<\/p>\n","protected":false},"author":14,"featured_media":0,"comment_status":"open","ping_status":"open","sticky":false,"template":"","format":"standard","meta":{"ngg_post_thumbnail":0,"footnotes":""},"categories":[186],"tags":[],"yoast_head":"<!-- This site is optimized with the Yoast SEO plugin v23.5 - https:\/\/yoast.com\/wordpress\/plugins\/seo\/ -->\n<title>Bem Aventurado Dami\u00e3o de Molokai - O Arcanjo no ar<\/title>\n<meta name=\"robots\" content=\"index, follow, max-snippet:-1, max-image-preview:large, max-video-preview:-1\" \/>\n<link rel=\"canonical\" href=\"https:\/\/www.oarcanjo.net\/site\/bem-aventurado-damiao-de-molokai\/\" \/>\n<meta property=\"og:locale\" content=\"pt_BR\" \/>\n<meta property=\"og:type\" content=\"article\" \/>\n<meta property=\"og:title\" content=\"Bem Aventurado Dami\u00e3o de Molokai - O Arcanjo no ar\" \/>\n<meta property=\"og:description\" content=\"10 de Maio Josef de Veuster-Wouters nasceu no dia 3 de janeiro de 1840, numa pequena cidade ao norte de Bruxelas, na B\u00e9lgica. Aos dezenove anos de idade, entra para a Ordem dos Padres do Sagrado Cora\u00e7\u00e3o e toma o nome de Dami\u00e3o. Em seguida, \u00e9 enviado para terminar seus estudos num col\u00e9gio teol\u00f3gico em [&hellip;]\" \/>\n<meta property=\"og:url\" content=\"https:\/\/www.oarcanjo.net\/site\/bem-aventurado-damiao-de-molokai\/\" \/>\n<meta property=\"og:site_name\" content=\"O Arcanjo no ar\" \/>\n<meta property=\"article:publisher\" content=\"https:\/\/www.facebook.com\/OArcanjoNoAr\/\" \/>\n<meta property=\"article:published_time\" content=\"2019-05-10T03:03:31+00:00\" \/>\n<meta property=\"article:modified_time\" content=\"2019-02-20T17:36:11+00:00\" \/>\n<meta property=\"og:image\" content=\"http:\/\/4.bp.blogspot.com\/_N7qno7a5_DU\/SEVOMj0ejyI\/AAAAAAAADCc\/VPxIAkofBUo\/s320\/Pe.+Dami%C3%A3o+-+leprosos.jpg\" \/>\n<meta name=\"author\" content=\"danilo\" \/>\n<meta name=\"twitter:card\" content=\"summary_large_image\" \/>\n<meta name=\"twitter:label1\" content=\"Escrito por\" \/>\n\t<meta name=\"twitter:data1\" content=\"danilo\" \/>\n\t<meta name=\"twitter:label2\" content=\"Est. tempo de leitura\" \/>\n\t<meta name=\"twitter:data2\" content=\"5 minutos\" \/>\n<script type=\"application\/ld+json\" class=\"yoast-schema-graph\">{\"@context\":\"https:\/\/schema.org\",\"@graph\":[{\"@type\":\"Article\",\"@id\":\"https:\/\/www.oarcanjo.net\/site\/bem-aventurado-damiao-de-molokai\/#article\",\"isPartOf\":{\"@id\":\"https:\/\/www.oarcanjo.net\/site\/bem-aventurado-damiao-de-molokai\/\"},\"author\":{\"name\":\"danilo\",\"@id\":\"https:\/\/www.oarcanjo.net\/site\/#\/schema\/person\/5eb9480bedd2f3c97e430ce128c29c6c\"},\"headline\":\"Bem Aventurado Dami\u00e3o de Molokai\",\"datePublished\":\"2019-05-10T03:03:31+00:00\",\"dateModified\":\"2019-02-20T17:36:11+00:00\",\"mainEntityOfPage\":{\"@id\":\"https:\/\/www.oarcanjo.net\/site\/bem-aventurado-damiao-de-molokai\/\"},\"wordCount\":1099,\"commentCount\":0,\"publisher\":{\"@id\":\"https:\/\/www.oarcanjo.net\/site\/#organization\"},\"image\":{\"@id\":\"https:\/\/www.oarcanjo.net\/site\/bem-aventurado-damiao-de-molokai\/#primaryimage\"},\"thumbnailUrl\":\"http:\/\/4.bp.blogspot.com\/_N7qno7a5_DU\/SEVOMj0ejyI\/AAAAAAAADCc\/VPxIAkofBUo\/s320\/Pe.+Dami%C3%A3o+-+leprosos.jpg\",\"articleSection\":[\"Testemunhos\"],\"inLanguage\":\"pt-BR\",\"potentialAction\":[{\"@type\":\"CommentAction\",\"name\":\"Comment\",\"target\":[\"https:\/\/www.oarcanjo.net\/site\/bem-aventurado-damiao-de-molokai\/#respond\"]}]},{\"@type\":\"WebPage\",\"@id\":\"https:\/\/www.oarcanjo.net\/site\/bem-aventurado-damiao-de-molokai\/\",\"url\":\"https:\/\/www.oarcanjo.net\/site\/bem-aventurado-damiao-de-molokai\/\",\"name\":\"Bem Aventurado Dami\u00e3o de Molokai - O Arcanjo no ar\",\"isPartOf\":{\"@id\":\"https:\/\/www.oarcanjo.net\/site\/#website\"},\"primaryImageOfPage\":{\"@id\":\"https:\/\/www.oarcanjo.net\/site\/bem-aventurado-damiao-de-molokai\/#primaryimage\"},\"image\":{\"@id\":\"https:\/\/www.oarcanjo.net\/site\/bem-aventurado-damiao-de-molokai\/#primaryimage\"},\"thumbnailUrl\":\"http:\/\/4.bp.blogspot.com\/_N7qno7a5_DU\/SEVOMj0ejyI\/AAAAAAAADCc\/VPxIAkofBUo\/s320\/Pe.+Dami%C3%A3o+-+leprosos.jpg\",\"datePublished\":\"2019-05-10T03:03:31+00:00\",\"dateModified\":\"2019-02-20T17:36:11+00:00\",\"breadcrumb\":{\"@id\":\"https:\/\/www.oarcanjo.net\/site\/bem-aventurado-damiao-de-molokai\/#breadcrumb\"},\"inLanguage\":\"pt-BR\",\"potentialAction\":[{\"@type\":\"ReadAction\",\"target\":[\"https:\/\/www.oarcanjo.net\/site\/bem-aventurado-damiao-de-molokai\/\"]}]},{\"@type\":\"ImageObject\",\"inLanguage\":\"pt-BR\",\"@id\":\"https:\/\/www.oarcanjo.net\/site\/bem-aventurado-damiao-de-molokai\/#primaryimage\",\"url\":\"http:\/\/4.bp.blogspot.com\/_N7qno7a5_DU\/SEVOMj0ejyI\/AAAAAAAADCc\/VPxIAkofBUo\/s320\/Pe.+Dami%C3%A3o+-+leprosos.jpg\",\"contentUrl\":\"http:\/\/4.bp.blogspot.com\/_N7qno7a5_DU\/SEVOMj0ejyI\/AAAAAAAADCc\/VPxIAkofBUo\/s320\/Pe.+Dami%C3%A3o+-+leprosos.jpg\"},{\"@type\":\"BreadcrumbList\",\"@id\":\"https:\/\/www.oarcanjo.net\/site\/bem-aventurado-damiao-de-molokai\/#breadcrumb\",\"itemListElement\":[{\"@type\":\"ListItem\",\"position\":1,\"name\":\"In\u00edcio\",\"item\":\"https:\/\/www.oarcanjo.net\/site\/\"},{\"@type\":\"ListItem\",\"position\":2,\"name\":\"Bem Aventurado Dami\u00e3o de Molokai\"}]},{\"@type\":\"WebSite\",\"@id\":\"https:\/\/www.oarcanjo.net\/site\/#website\",\"url\":\"https:\/\/www.oarcanjo.net\/site\/\",\"name\":\"O Arcanjo no ar\",\"description\":\"Site da Par\u00f3quia S\u00e3o Miguel Arcanjo (Arquidiocese de SP)\",\"publisher\":{\"@id\":\"https:\/\/www.oarcanjo.net\/site\/#organization\"},\"potentialAction\":[{\"@type\":\"SearchAction\",\"target\":{\"@type\":\"EntryPoint\",\"urlTemplate\":\"https:\/\/www.oarcanjo.net\/site\/?s={search_term_string}\"},\"query-input\":{\"@type\":\"PropertyValueSpecification\",\"valueRequired\":true,\"valueName\":\"search_term_string\"}}],\"inLanguage\":\"pt-BR\"},{\"@type\":\"Organization\",\"@id\":\"https:\/\/www.oarcanjo.net\/site\/#organization\",\"name\":\"Par\u00f3quia S\u00e3o Miguel Arcanjo\",\"url\":\"https:\/\/www.oarcanjo.net\/site\/\",\"logo\":{\"@type\":\"ImageObject\",\"inLanguage\":\"pt-BR\",\"@id\":\"https:\/\/www.oarcanjo.net\/site\/#\/schema\/logo\/image\/\",\"url\":\"https:\/\/www.oarcanjo.net\/site\/wp-content\/uploads\/LogoOArcanjo.png\",\"contentUrl\":\"https:\/\/www.oarcanjo.net\/site\/wp-content\/uploads\/LogoOArcanjo.png\",\"width\":319,\"height\":99,\"caption\":\"Par\u00f3quia S\u00e3o Miguel Arcanjo\"},\"image\":{\"@id\":\"https:\/\/www.oarcanjo.net\/site\/#\/schema\/logo\/image\/\"},\"sameAs\":[\"https:\/\/www.facebook.com\/OArcanjoNoAr\/\"]},{\"@type\":\"Person\",\"@id\":\"https:\/\/www.oarcanjo.net\/site\/#\/schema\/person\/5eb9480bedd2f3c97e430ce128c29c6c\",\"name\":\"danilo\"}]}<\/script>\n<!-- \/ Yoast SEO plugin. -->","yoast_head_json":{"title":"Bem Aventurado Dami\u00e3o de Molokai - O Arcanjo no ar","robots":{"index":"index","follow":"follow","max-snippet":"max-snippet:-1","max-image-preview":"max-image-preview:large","max-video-preview":"max-video-preview:-1"},"canonical":"https:\/\/www.oarcanjo.net\/site\/bem-aventurado-damiao-de-molokai\/","og_locale":"pt_BR","og_type":"article","og_title":"Bem Aventurado Dami\u00e3o de Molokai - O Arcanjo no ar","og_description":"10 de Maio Josef de Veuster-Wouters nasceu no dia 3 de janeiro de 1840, numa pequena cidade ao norte de Bruxelas, na B\u00e9lgica. Aos dezenove anos de idade, entra para a Ordem dos Padres do Sagrado Cora\u00e7\u00e3o e toma o nome de Dami\u00e3o. Em seguida, \u00e9 enviado para terminar seus estudos num col\u00e9gio teol\u00f3gico em [&hellip;]","og_url":"https:\/\/www.oarcanjo.net\/site\/bem-aventurado-damiao-de-molokai\/","og_site_name":"O Arcanjo no ar","article_publisher":"https:\/\/www.facebook.com\/OArcanjoNoAr\/","article_published_time":"2019-05-10T03:03:31+00:00","article_modified_time":"2019-02-20T17:36:11+00:00","og_image":[{"url":"http:\/\/4.bp.blogspot.com\/_N7qno7a5_DU\/SEVOMj0ejyI\/AAAAAAAADCc\/VPxIAkofBUo\/s320\/Pe.+Dami%C3%A3o+-+leprosos.jpg"}],"author":"danilo","twitter_card":"summary_large_image","twitter_misc":{"Escrito por":"danilo","Est. tempo de leitura":"5 minutos"},"schema":{"@context":"https:\/\/schema.org","@graph":[{"@type":"Article","@id":"https:\/\/www.oarcanjo.net\/site\/bem-aventurado-damiao-de-molokai\/#article","isPartOf":{"@id":"https:\/\/www.oarcanjo.net\/site\/bem-aventurado-damiao-de-molokai\/"},"author":{"name":"danilo","@id":"https:\/\/www.oarcanjo.net\/site\/#\/schema\/person\/5eb9480bedd2f3c97e430ce128c29c6c"},"headline":"Bem Aventurado Dami\u00e3o de Molokai","datePublished":"2019-05-10T03:03:31+00:00","dateModified":"2019-02-20T17:36:11+00:00","mainEntityOfPage":{"@id":"https:\/\/www.oarcanjo.net\/site\/bem-aventurado-damiao-de-molokai\/"},"wordCount":1099,"commentCount":0,"publisher":{"@id":"https:\/\/www.oarcanjo.net\/site\/#organization"},"image":{"@id":"https:\/\/www.oarcanjo.net\/site\/bem-aventurado-damiao-de-molokai\/#primaryimage"},"thumbnailUrl":"http:\/\/4.bp.blogspot.com\/_N7qno7a5_DU\/SEVOMj0ejyI\/AAAAAAAADCc\/VPxIAkofBUo\/s320\/Pe.+Dami%C3%A3o+-+leprosos.jpg","articleSection":["Testemunhos"],"inLanguage":"pt-BR","potentialAction":[{"@type":"CommentAction","name":"Comment","target":["https:\/\/www.oarcanjo.net\/site\/bem-aventurado-damiao-de-molokai\/#respond"]}]},{"@type":"WebPage","@id":"https:\/\/www.oarcanjo.net\/site\/bem-aventurado-damiao-de-molokai\/","url":"https:\/\/www.oarcanjo.net\/site\/bem-aventurado-damiao-de-molokai\/","name":"Bem Aventurado Dami\u00e3o de Molokai - O Arcanjo no ar","isPartOf":{"@id":"https:\/\/www.oarcanjo.net\/site\/#website"},"primaryImageOfPage":{"@id":"https:\/\/www.oarcanjo.net\/site\/bem-aventurado-damiao-de-molokai\/#primaryimage"},"image":{"@id":"https:\/\/www.oarcanjo.net\/site\/bem-aventurado-damiao-de-molokai\/#primaryimage"},"thumbnailUrl":"http:\/\/4.bp.blogspot.com\/_N7qno7a5_DU\/SEVOMj0ejyI\/AAAAAAAADCc\/VPxIAkofBUo\/s320\/Pe.+Dami%C3%A3o+-+leprosos.jpg","datePublished":"2019-05-10T03:03:31+00:00","dateModified":"2019-02-20T17:36:11+00:00","breadcrumb":{"@id":"https:\/\/www.oarcanjo.net\/site\/bem-aventurado-damiao-de-molokai\/#breadcrumb"},"inLanguage":"pt-BR","potentialAction":[{"@type":"ReadAction","target":["https:\/\/www.oarcanjo.net\/site\/bem-aventurado-damiao-de-molokai\/"]}]},{"@type":"ImageObject","inLanguage":"pt-BR","@id":"https:\/\/www.oarcanjo.net\/site\/bem-aventurado-damiao-de-molokai\/#primaryimage","url":"http:\/\/4.bp.blogspot.com\/_N7qno7a5_DU\/SEVOMj0ejyI\/AAAAAAAADCc\/VPxIAkofBUo\/s320\/Pe.+Dami%C3%A3o+-+leprosos.jpg","contentUrl":"http:\/\/4.bp.blogspot.com\/_N7qno7a5_DU\/SEVOMj0ejyI\/AAAAAAAADCc\/VPxIAkofBUo\/s320\/Pe.+Dami%C3%A3o+-+leprosos.jpg"},{"@type":"BreadcrumbList","@id":"https:\/\/www.oarcanjo.net\/site\/bem-aventurado-damiao-de-molokai\/#breadcrumb","itemListElement":[{"@type":"ListItem","position":1,"name":"In\u00edcio","item":"https:\/\/www.oarcanjo.net\/site\/"},{"@type":"ListItem","position":2,"name":"Bem Aventurado Dami\u00e3o de Molokai"}]},{"@type":"WebSite","@id":"https:\/\/www.oarcanjo.net\/site\/#website","url":"https:\/\/www.oarcanjo.net\/site\/","name":"O Arcanjo no ar","description":"Site da Par\u00f3quia S\u00e3o Miguel Arcanjo (Arquidiocese de SP)","publisher":{"@id":"https:\/\/www.oarcanjo.net\/site\/#organization"},"potentialAction":[{"@type":"SearchAction","target":{"@type":"EntryPoint","urlTemplate":"https:\/\/www.oarcanjo.net\/site\/?s={search_term_string}"},"query-input":{"@type":"PropertyValueSpecification","valueRequired":true,"valueName":"search_term_string"}}],"inLanguage":"pt-BR"},{"@type":"Organization","@id":"https:\/\/www.oarcanjo.net\/site\/#organization","name":"Par\u00f3quia S\u00e3o Miguel Arcanjo","url":"https:\/\/www.oarcanjo.net\/site\/","logo":{"@type":"ImageObject","inLanguage":"pt-BR","@id":"https:\/\/www.oarcanjo.net\/site\/#\/schema\/logo\/image\/","url":"https:\/\/www.oarcanjo.net\/site\/wp-content\/uploads\/LogoOArcanjo.png","contentUrl":"https:\/\/www.oarcanjo.net\/site\/wp-content\/uploads\/LogoOArcanjo.png","width":319,"height":99,"caption":"Par\u00f3quia S\u00e3o Miguel Arcanjo"},"image":{"@id":"https:\/\/www.oarcanjo.net\/site\/#\/schema\/logo\/image\/"},"sameAs":["https:\/\/www.facebook.com\/OArcanjoNoAr\/"]},{"@type":"Person","@id":"https:\/\/www.oarcanjo.net\/site\/#\/schema\/person\/5eb9480bedd2f3c97e430ce128c29c6c","name":"danilo"}]}},"publishpress_future_action":{"enabled":false,"date":"2026-05-07 13:48:14","action":"category","newStatus":"draft","terms":[],"taxonomy":"category"},"publishpress_future_workflow_manual_trigger":{"enabledWorkflows":[]},"_links":{"self":[{"href":"https:\/\/www.oarcanjo.net\/site\/wp-json\/wp\/v2\/posts\/9302"}],"collection":[{"href":"https:\/\/www.oarcanjo.net\/site\/wp-json\/wp\/v2\/posts"}],"about":[{"href":"https:\/\/www.oarcanjo.net\/site\/wp-json\/wp\/v2\/types\/post"}],"author":[{"embeddable":true,"href":"https:\/\/www.oarcanjo.net\/site\/wp-json\/wp\/v2\/users\/14"}],"replies":[{"embeddable":true,"href":"https:\/\/www.oarcanjo.net\/site\/wp-json\/wp\/v2\/comments?post=9302"}],"version-history":[{"count":1,"href":"https:\/\/www.oarcanjo.net\/site\/wp-json\/wp\/v2\/posts\/9302\/revisions"}],"predecessor-version":[{"id":93061,"href":"https:\/\/www.oarcanjo.net\/site\/wp-json\/wp\/v2\/posts\/9302\/revisions\/93061"}],"wp:attachment":[{"href":"https:\/\/www.oarcanjo.net\/site\/wp-json\/wp\/v2\/media?parent=9302"}],"wp:term":[{"taxonomy":"category","embeddable":true,"href":"https:\/\/www.oarcanjo.net\/site\/wp-json\/wp\/v2\/categories?post=9302"},{"taxonomy":"post_tag","embeddable":true,"href":"https:\/\/www.oarcanjo.net\/site\/wp-json\/wp\/v2\/tags?post=9302"}],"curies":[{"name":"wp","href":"https:\/\/api.w.org\/{rel}","templated":true}]}}