
{"id":9306,"date":"2019-05-11T00:07:39","date_gmt":"2019-05-11T03:07:39","guid":{"rendered":"http:\/\/www.oarcanjo.net\/site\/?p=9306"},"modified":"2019-02-20T14:36:02","modified_gmt":"2019-02-20T17:36:02","slug":"santo-inacio-de-lacomi","status":"publish","type":"post","link":"https:\/\/www.oarcanjo.net\/site\/santo-inacio-de-lacomi\/","title":{"rendered":"Santo In\u00e1cio de L\u00e1comi"},"content":{"rendered":"<p><img decoding=\"async\" src=\"http:\/\/bp0.blogger.com\/_-RbbZpt0dcc\/SD1CpPIZdqI\/AAAAAAAAAWE\/ItZKA0fLoyc\/s1600\/Inacio%2Bde%2BLaconi.jpg\" alt=\"\" \/><\/p>\n<p>11 de Maio<\/p>\n<p>Francisco In\u00e1cio Vincenzo Peis, o segundo de nove irm\u00e3os, nasceu na cidade de L\u00e1coni, It\u00e1lia, no dia 17 de novembro de 1701. Seus pais eram muito pobres, mas ricos de virtudes humanas e crist\u00e3s, educando os filhos no fiel seguimento de Jesus Cristo.<\/p>\n<p>In\u00e1cio, desde a inf\u00e2ncia, sentiu um forte chamado para a vida religiosa. Possu\u00eda dons especiais da profecia, da cura e um forte carisma. Costumava praticar severas penit\u00eancias, mantendo seu esp\u00edrito sereno e alegre, em estreita comunh\u00e3o com Cristo.<\/p>\n<p>Antes de completar os vinte anos de idade, ele adoeceu gravemente e por duas vezes quase morreu. Nessa ocasi\u00e3o, decidiu que seguiria os passos de s\u00e3o Francisco de Assis e se dedicaria aos pobres e doentes, se ficasse curado. E assim o fez. Foi para a cidade de Cagliari para viver entre os frades capuchinhos do Convento do Bom Caminho. Mas n\u00e3o p\u00f4de ser aceito, devido \u00e0 sua fr\u00e1gil sa\u00fade. Depois de totalmente recuperado, em 1721, vestiu o h\u00e1bito dos franciscanos.<\/p>\n<p>Frei In\u00e1cio de L\u00e1coni, como era chamado, foi enviado para v\u00e1rios conventos e, ap\u00f3s quinze anos, retornou ao Convento do Bom Caminho em Cagliari, onde permaneceu em definitivo. Ali, ficou encarregado da portaria, fun\u00e7\u00e3o que desempenhou at\u00e9 a morte. Tinha o verdadeiro esp\u00edrito franciscano: exemplo vivo da pobreza, entretanto de absoluta disponibilidade aos pobres, aos desamparados, aos doentes f\u00edsicos e aos doentes espirituais, ou seja, aos pecadores, muitos dos quais conseguiu recolocar no caminho crist\u00e3o.<\/p>\n<p>Durante seus \u00faltimos cinco anos de vida, In\u00e1cio ficou completamente cego. Mesmo assim continuou cumprindo com rigor a vida comum com todos os regulamentos do convento. Morreu no dia 11 de maio de 1781. Depois da morte, a fama de sua santidade se fortaleceu com a rela\u00e7\u00e3o dos milagres alcan\u00e7ados pela sua intercess\u00e3o.<\/p>\n<p>Frei In\u00e1cio de L\u00e1coni foi beatificado pelo papa Pio XII em 1940 e depois canonizado por este mesmo santo padre em 1951. O dia designado para sua celebra\u00e7\u00e3o lit\u00fargica foi o de sua morte: 11 de maio.<\/p>\n<div id=\"themify_builder_content-9306\" data-postid=\"9306\" class=\"themify_builder_content themify_builder_content-9306 themify_builder themify_builder_front\">\n\t<\/div>\n<!-- \/themify_builder_content -->","protected":false},"excerpt":{"rendered":"<p>11 de Maio Francisco In\u00e1cio Vincenzo Peis, o segundo de nove irm\u00e3os, nasceu na cidade de L\u00e1coni, It\u00e1lia, no dia 17 de novembro de 1701. Seus pais eram muito pobres, mas ricos de virtudes humanas e crist\u00e3s, educando os filhos no fiel seguimento de Jesus Cristo. In\u00e1cio, desde a inf\u00e2ncia, sentiu um forte chamado para [&hellip;]<\/p>\n","protected":false},"author":14,"featured_media":0,"comment_status":"open","ping_status":"open","sticky":false,"template":"","format":"standard","meta":{"ngg_post_thumbnail":0,"footnotes":""},"categories":[186],"tags":[],"yoast_head":"<!-- This site is optimized with the Yoast SEO plugin v23.5 - https:\/\/yoast.com\/wordpress\/plugins\/seo\/ -->\n<title>Santo In\u00e1cio de L\u00e1comi - O Arcanjo no ar<\/title>\n<meta name=\"robots\" content=\"index, follow, max-snippet:-1, max-image-preview:large, max-video-preview:-1\" \/>\n<link rel=\"canonical\" href=\"https:\/\/www.oarcanjo.net\/site\/santo-inacio-de-lacomi\/\" \/>\n<meta property=\"og:locale\" content=\"pt_BR\" \/>\n<meta property=\"og:type\" content=\"article\" \/>\n<meta property=\"og:title\" content=\"Santo In\u00e1cio de L\u00e1comi - O Arcanjo no ar\" \/>\n<meta property=\"og:description\" content=\"11 de Maio Francisco In\u00e1cio Vincenzo Peis, o segundo de nove irm\u00e3os, nasceu na cidade de L\u00e1coni, It\u00e1lia, no dia 17 de novembro de 1701. Seus pais eram muito pobres, mas ricos de virtudes humanas e crist\u00e3s, educando os filhos no fiel seguimento de Jesus Cristo. In\u00e1cio, desde a inf\u00e2ncia, sentiu um forte chamado para [&hellip;]\" \/>\n<meta property=\"og:url\" content=\"https:\/\/www.oarcanjo.net\/site\/santo-inacio-de-lacomi\/\" \/>\n<meta property=\"og:site_name\" content=\"O Arcanjo no ar\" \/>\n<meta property=\"article:publisher\" content=\"https:\/\/www.facebook.com\/OArcanjoNoAr\/\" \/>\n<meta property=\"article:published_time\" content=\"2019-05-11T03:07:39+00:00\" \/>\n<meta property=\"article:modified_time\" content=\"2019-02-20T17:36:02+00:00\" \/>\n<meta property=\"og:image\" content=\"http:\/\/bp0.blogger.com\/_-RbbZpt0dcc\/SD1CpPIZdqI\/AAAAAAAAAWE\/ItZKA0fLoyc\/s1600\/Inacio%2Bde%2BLaconi.jpg\" \/>\n<meta name=\"author\" content=\"danilo\" \/>\n<meta name=\"twitter:card\" content=\"summary_large_image\" \/>\n<meta name=\"twitter:label1\" content=\"Escrito por\" \/>\n\t<meta name=\"twitter:data1\" content=\"danilo\" \/>\n\t<meta name=\"twitter:label2\" content=\"Est. tempo de leitura\" \/>\n\t<meta name=\"twitter:data2\" content=\"2 minutos\" \/>\n<script type=\"application\/ld+json\" class=\"yoast-schema-graph\">{\"@context\":\"https:\/\/schema.org\",\"@graph\":[{\"@type\":\"Article\",\"@id\":\"https:\/\/www.oarcanjo.net\/site\/santo-inacio-de-lacomi\/#article\",\"isPartOf\":{\"@id\":\"https:\/\/www.oarcanjo.net\/site\/santo-inacio-de-lacomi\/\"},\"author\":{\"name\":\"danilo\",\"@id\":\"https:\/\/www.oarcanjo.net\/site\/#\/schema\/person\/5eb9480bedd2f3c97e430ce128c29c6c\"},\"headline\":\"Santo In\u00e1cio de L\u00e1comi\",\"datePublished\":\"2019-05-11T03:07:39+00:00\",\"dateModified\":\"2019-02-20T17:36:02+00:00\",\"mainEntityOfPage\":{\"@id\":\"https:\/\/www.oarcanjo.net\/site\/santo-inacio-de-lacomi\/\"},\"wordCount\":360,\"commentCount\":0,\"publisher\":{\"@id\":\"https:\/\/www.oarcanjo.net\/site\/#organization\"},\"image\":{\"@id\":\"https:\/\/www.oarcanjo.net\/site\/santo-inacio-de-lacomi\/#primaryimage\"},\"thumbnailUrl\":\"http:\/\/bp0.blogger.com\/_-RbbZpt0dcc\/SD1CpPIZdqI\/AAAAAAAAAWE\/ItZKA0fLoyc\/s1600\/Inacio%2Bde%2BLaconi.jpg\",\"articleSection\":[\"Testemunhos\"],\"inLanguage\":\"pt-BR\",\"potentialAction\":[{\"@type\":\"CommentAction\",\"name\":\"Comment\",\"target\":[\"https:\/\/www.oarcanjo.net\/site\/santo-inacio-de-lacomi\/#respond\"]}]},{\"@type\":\"WebPage\",\"@id\":\"https:\/\/www.oarcanjo.net\/site\/santo-inacio-de-lacomi\/\",\"url\":\"https:\/\/www.oarcanjo.net\/site\/santo-inacio-de-lacomi\/\",\"name\":\"Santo In\u00e1cio de L\u00e1comi - O Arcanjo no ar\",\"isPartOf\":{\"@id\":\"https:\/\/www.oarcanjo.net\/site\/#website\"},\"primaryImageOfPage\":{\"@id\":\"https:\/\/www.oarcanjo.net\/site\/santo-inacio-de-lacomi\/#primaryimage\"},\"image\":{\"@id\":\"https:\/\/www.oarcanjo.net\/site\/santo-inacio-de-lacomi\/#primaryimage\"},\"thumbnailUrl\":\"http:\/\/bp0.blogger.com\/_-RbbZpt0dcc\/SD1CpPIZdqI\/AAAAAAAAAWE\/ItZKA0fLoyc\/s1600\/Inacio%2Bde%2BLaconi.jpg\",\"datePublished\":\"2019-05-11T03:07:39+00:00\",\"dateModified\":\"2019-02-20T17:36:02+00:00\",\"breadcrumb\":{\"@id\":\"https:\/\/www.oarcanjo.net\/site\/santo-inacio-de-lacomi\/#breadcrumb\"},\"inLanguage\":\"pt-BR\",\"potentialAction\":[{\"@type\":\"ReadAction\",\"target\":[\"https:\/\/www.oarcanjo.net\/site\/santo-inacio-de-lacomi\/\"]}]},{\"@type\":\"ImageObject\",\"inLanguage\":\"pt-BR\",\"@id\":\"https:\/\/www.oarcanjo.net\/site\/santo-inacio-de-lacomi\/#primaryimage\",\"url\":\"http:\/\/bp0.blogger.com\/_-RbbZpt0dcc\/SD1CpPIZdqI\/AAAAAAAAAWE\/ItZKA0fLoyc\/s1600\/Inacio%2Bde%2BLaconi.jpg\",\"contentUrl\":\"http:\/\/bp0.blogger.com\/_-RbbZpt0dcc\/SD1CpPIZdqI\/AAAAAAAAAWE\/ItZKA0fLoyc\/s1600\/Inacio%2Bde%2BLaconi.jpg\"},{\"@type\":\"BreadcrumbList\",\"@id\":\"https:\/\/www.oarcanjo.net\/site\/santo-inacio-de-lacomi\/#breadcrumb\",\"itemListElement\":[{\"@type\":\"ListItem\",\"position\":1,\"name\":\"In\u00edcio\",\"item\":\"https:\/\/www.oarcanjo.net\/site\/\"},{\"@type\":\"ListItem\",\"position\":2,\"name\":\"Santo In\u00e1cio de L\u00e1comi\"}]},{\"@type\":\"WebSite\",\"@id\":\"https:\/\/www.oarcanjo.net\/site\/#website\",\"url\":\"https:\/\/www.oarcanjo.net\/site\/\",\"name\":\"O Arcanjo no ar\",\"description\":\"Site da Par\u00f3quia S\u00e3o Miguel Arcanjo (Arquidiocese de SP)\",\"publisher\":{\"@id\":\"https:\/\/www.oarcanjo.net\/site\/#organization\"},\"potentialAction\":[{\"@type\":\"SearchAction\",\"target\":{\"@type\":\"EntryPoint\",\"urlTemplate\":\"https:\/\/www.oarcanjo.net\/site\/?s={search_term_string}\"},\"query-input\":{\"@type\":\"PropertyValueSpecification\",\"valueRequired\":true,\"valueName\":\"search_term_string\"}}],\"inLanguage\":\"pt-BR\"},{\"@type\":\"Organization\",\"@id\":\"https:\/\/www.oarcanjo.net\/site\/#organization\",\"name\":\"Par\u00f3quia S\u00e3o Miguel Arcanjo\",\"url\":\"https:\/\/www.oarcanjo.net\/site\/\",\"logo\":{\"@type\":\"ImageObject\",\"inLanguage\":\"pt-BR\",\"@id\":\"https:\/\/www.oarcanjo.net\/site\/#\/schema\/logo\/image\/\",\"url\":\"https:\/\/www.oarcanjo.net\/site\/wp-content\/uploads\/LogoOArcanjo.png\",\"contentUrl\":\"https:\/\/www.oarcanjo.net\/site\/wp-content\/uploads\/LogoOArcanjo.png\",\"width\":319,\"height\":99,\"caption\":\"Par\u00f3quia S\u00e3o Miguel Arcanjo\"},\"image\":{\"@id\":\"https:\/\/www.oarcanjo.net\/site\/#\/schema\/logo\/image\/\"},\"sameAs\":[\"https:\/\/www.facebook.com\/OArcanjoNoAr\/\"]},{\"@type\":\"Person\",\"@id\":\"https:\/\/www.oarcanjo.net\/site\/#\/schema\/person\/5eb9480bedd2f3c97e430ce128c29c6c\",\"name\":\"danilo\"}]}<\/script>\n<!-- \/ Yoast SEO plugin. -->","yoast_head_json":{"title":"Santo In\u00e1cio de L\u00e1comi - O Arcanjo no ar","robots":{"index":"index","follow":"follow","max-snippet":"max-snippet:-1","max-image-preview":"max-image-preview:large","max-video-preview":"max-video-preview:-1"},"canonical":"https:\/\/www.oarcanjo.net\/site\/santo-inacio-de-lacomi\/","og_locale":"pt_BR","og_type":"article","og_title":"Santo In\u00e1cio de L\u00e1comi - O Arcanjo no ar","og_description":"11 de Maio Francisco In\u00e1cio Vincenzo Peis, o segundo de nove irm\u00e3os, nasceu na cidade de L\u00e1coni, It\u00e1lia, no dia 17 de novembro de 1701. Seus pais eram muito pobres, mas ricos de virtudes humanas e crist\u00e3s, educando os filhos no fiel seguimento de Jesus Cristo. In\u00e1cio, desde a inf\u00e2ncia, sentiu um forte chamado para [&hellip;]","og_url":"https:\/\/www.oarcanjo.net\/site\/santo-inacio-de-lacomi\/","og_site_name":"O Arcanjo no ar","article_publisher":"https:\/\/www.facebook.com\/OArcanjoNoAr\/","article_published_time":"2019-05-11T03:07:39+00:00","article_modified_time":"2019-02-20T17:36:02+00:00","og_image":[{"url":"http:\/\/bp0.blogger.com\/_-RbbZpt0dcc\/SD1CpPIZdqI\/AAAAAAAAAWE\/ItZKA0fLoyc\/s1600\/Inacio%2Bde%2BLaconi.jpg"}],"author":"danilo","twitter_card":"summary_large_image","twitter_misc":{"Escrito por":"danilo","Est. tempo de leitura":"2 minutos"},"schema":{"@context":"https:\/\/schema.org","@graph":[{"@type":"Article","@id":"https:\/\/www.oarcanjo.net\/site\/santo-inacio-de-lacomi\/#article","isPartOf":{"@id":"https:\/\/www.oarcanjo.net\/site\/santo-inacio-de-lacomi\/"},"author":{"name":"danilo","@id":"https:\/\/www.oarcanjo.net\/site\/#\/schema\/person\/5eb9480bedd2f3c97e430ce128c29c6c"},"headline":"Santo In\u00e1cio de L\u00e1comi","datePublished":"2019-05-11T03:07:39+00:00","dateModified":"2019-02-20T17:36:02+00:00","mainEntityOfPage":{"@id":"https:\/\/www.oarcanjo.net\/site\/santo-inacio-de-lacomi\/"},"wordCount":360,"commentCount":0,"publisher":{"@id":"https:\/\/www.oarcanjo.net\/site\/#organization"},"image":{"@id":"https:\/\/www.oarcanjo.net\/site\/santo-inacio-de-lacomi\/#primaryimage"},"thumbnailUrl":"http:\/\/bp0.blogger.com\/_-RbbZpt0dcc\/SD1CpPIZdqI\/AAAAAAAAAWE\/ItZKA0fLoyc\/s1600\/Inacio%2Bde%2BLaconi.jpg","articleSection":["Testemunhos"],"inLanguage":"pt-BR","potentialAction":[{"@type":"CommentAction","name":"Comment","target":["https:\/\/www.oarcanjo.net\/site\/santo-inacio-de-lacomi\/#respond"]}]},{"@type":"WebPage","@id":"https:\/\/www.oarcanjo.net\/site\/santo-inacio-de-lacomi\/","url":"https:\/\/www.oarcanjo.net\/site\/santo-inacio-de-lacomi\/","name":"Santo In\u00e1cio de L\u00e1comi - O Arcanjo no ar","isPartOf":{"@id":"https:\/\/www.oarcanjo.net\/site\/#website"},"primaryImageOfPage":{"@id":"https:\/\/www.oarcanjo.net\/site\/santo-inacio-de-lacomi\/#primaryimage"},"image":{"@id":"https:\/\/www.oarcanjo.net\/site\/santo-inacio-de-lacomi\/#primaryimage"},"thumbnailUrl":"http:\/\/bp0.blogger.com\/_-RbbZpt0dcc\/SD1CpPIZdqI\/AAAAAAAAAWE\/ItZKA0fLoyc\/s1600\/Inacio%2Bde%2BLaconi.jpg","datePublished":"2019-05-11T03:07:39+00:00","dateModified":"2019-02-20T17:36:02+00:00","breadcrumb":{"@id":"https:\/\/www.oarcanjo.net\/site\/santo-inacio-de-lacomi\/#breadcrumb"},"inLanguage":"pt-BR","potentialAction":[{"@type":"ReadAction","target":["https:\/\/www.oarcanjo.net\/site\/santo-inacio-de-lacomi\/"]}]},{"@type":"ImageObject","inLanguage":"pt-BR","@id":"https:\/\/www.oarcanjo.net\/site\/santo-inacio-de-lacomi\/#primaryimage","url":"http:\/\/bp0.blogger.com\/_-RbbZpt0dcc\/SD1CpPIZdqI\/AAAAAAAAAWE\/ItZKA0fLoyc\/s1600\/Inacio%2Bde%2BLaconi.jpg","contentUrl":"http:\/\/bp0.blogger.com\/_-RbbZpt0dcc\/SD1CpPIZdqI\/AAAAAAAAAWE\/ItZKA0fLoyc\/s1600\/Inacio%2Bde%2BLaconi.jpg"},{"@type":"BreadcrumbList","@id":"https:\/\/www.oarcanjo.net\/site\/santo-inacio-de-lacomi\/#breadcrumb","itemListElement":[{"@type":"ListItem","position":1,"name":"In\u00edcio","item":"https:\/\/www.oarcanjo.net\/site\/"},{"@type":"ListItem","position":2,"name":"Santo In\u00e1cio de L\u00e1comi"}]},{"@type":"WebSite","@id":"https:\/\/www.oarcanjo.net\/site\/#website","url":"https:\/\/www.oarcanjo.net\/site\/","name":"O Arcanjo no ar","description":"Site da Par\u00f3quia S\u00e3o Miguel Arcanjo (Arquidiocese de SP)","publisher":{"@id":"https:\/\/www.oarcanjo.net\/site\/#organization"},"potentialAction":[{"@type":"SearchAction","target":{"@type":"EntryPoint","urlTemplate":"https:\/\/www.oarcanjo.net\/site\/?s={search_term_string}"},"query-input":{"@type":"PropertyValueSpecification","valueRequired":true,"valueName":"search_term_string"}}],"inLanguage":"pt-BR"},{"@type":"Organization","@id":"https:\/\/www.oarcanjo.net\/site\/#organization","name":"Par\u00f3quia S\u00e3o Miguel Arcanjo","url":"https:\/\/www.oarcanjo.net\/site\/","logo":{"@type":"ImageObject","inLanguage":"pt-BR","@id":"https:\/\/www.oarcanjo.net\/site\/#\/schema\/logo\/image\/","url":"https:\/\/www.oarcanjo.net\/site\/wp-content\/uploads\/LogoOArcanjo.png","contentUrl":"https:\/\/www.oarcanjo.net\/site\/wp-content\/uploads\/LogoOArcanjo.png","width":319,"height":99,"caption":"Par\u00f3quia S\u00e3o Miguel Arcanjo"},"image":{"@id":"https:\/\/www.oarcanjo.net\/site\/#\/schema\/logo\/image\/"},"sameAs":["https:\/\/www.facebook.com\/OArcanjoNoAr\/"]},{"@type":"Person","@id":"https:\/\/www.oarcanjo.net\/site\/#\/schema\/person\/5eb9480bedd2f3c97e430ce128c29c6c","name":"danilo"}]}},"publishpress_future_action":{"enabled":false,"date":"2026-05-07 13:49:36","action":"category","newStatus":"draft","terms":[],"taxonomy":"category"},"publishpress_future_workflow_manual_trigger":{"enabledWorkflows":[]},"_links":{"self":[{"href":"https:\/\/www.oarcanjo.net\/site\/wp-json\/wp\/v2\/posts\/9306"}],"collection":[{"href":"https:\/\/www.oarcanjo.net\/site\/wp-json\/wp\/v2\/posts"}],"about":[{"href":"https:\/\/www.oarcanjo.net\/site\/wp-json\/wp\/v2\/types\/post"}],"author":[{"embeddable":true,"href":"https:\/\/www.oarcanjo.net\/site\/wp-json\/wp\/v2\/users\/14"}],"replies":[{"embeddable":true,"href":"https:\/\/www.oarcanjo.net\/site\/wp-json\/wp\/v2\/comments?post=9306"}],"version-history":[{"count":1,"href":"https:\/\/www.oarcanjo.net\/site\/wp-json\/wp\/v2\/posts\/9306\/revisions"}],"predecessor-version":[{"id":93060,"href":"https:\/\/www.oarcanjo.net\/site\/wp-json\/wp\/v2\/posts\/9306\/revisions\/93060"}],"wp:attachment":[{"href":"https:\/\/www.oarcanjo.net\/site\/wp-json\/wp\/v2\/media?parent=9306"}],"wp:term":[{"taxonomy":"category","embeddable":true,"href":"https:\/\/www.oarcanjo.net\/site\/wp-json\/wp\/v2\/categories?post=9306"},{"taxonomy":"post_tag","embeddable":true,"href":"https:\/\/www.oarcanjo.net\/site\/wp-json\/wp\/v2\/tags?post=9306"}],"curies":[{"name":"wp","href":"https:\/\/api.w.org\/{rel}","templated":true}]}}