
{"id":9308,"date":"2019-05-12T00:09:26","date_gmt":"2019-05-12T03:09:26","guid":{"rendered":"http:\/\/www.oarcanjo.net\/site\/?p=9308"},"modified":"2019-02-20T14:35:35","modified_gmt":"2019-02-20T17:35:35","slug":"sao-pancracio","status":"publish","type":"post","link":"https:\/\/www.oarcanjo.net\/site\/sao-pancracio\/","title":{"rendered":"S\u00e3o Pancr\u00e1cio"},"content":{"rendered":"<p><img decoding=\"async\" src=\"http:\/\/www.portalbaw.com.br\/religiao\/pancracio.jpg\" alt=\"\" \/><\/p>\n<p>12 de Maio<\/p>\n<p>Nascido na ent\u00e3o cidade turca de Frigia no ano 289 d.C., Pancr\u00e1cio era filho de nobres romanos muito ricos e que n\u00e3o tinham como religi\u00e3o o cristianismo . Perdeu seu pai quando tinha 8 anos, mudando-se na ocasi\u00e3o para Roma com sua m\u00e3e , indo morar junto ao tio , Dion\u00edsio.<\/p>\n<div>\nO Imperador Diocleciano iniciou nesta \u00e9poca a mais terr\u00edvel persegui\u00e7\u00e3o feita aos crist\u00e3os. O Papa Marcelino refugiou-se no s\u00edtio vizinho ao de Dion\u00edsio. Pancr\u00e1cio, embora muito jovem, ficou entusiasmado com a f\u00e9 de muitos crist\u00e3os que estavam dispostos a dar a vida por Jesus Cristo. Interessou-se por conhecer o Evangelho e foi batizado. Algumas fontes ressaltam que o pr\u00f3prio Papa Marcelino foi quem o catequizou e batizou. Era o ano 303 d.C..<\/div>\n<div>\nA persegui\u00e7\u00e3o ordenada por Diocleciano intensificou-se, condenando todos aqueles que n\u00e3o ofereciam incenso aos deuses e ao Imperador. Pancr\u00e1cio foi descoberto e levado diante do Imperador que ordenou a sua morte. Aos 12 de maio do ano 304 da era Crist\u00e3, na cidade de Roma, na Via Aur\u00e9lia, Pancr\u00e1cio foi decapitado.<\/div>\n<p>O seu t\u00famulo se encontra numa das estradas mais famosas de Roma, a Via Aur\u00e9lia, no cemit\u00e9rio de Ottavilla, onde, no s\u00e9culo VI, o papa S\u00edmaco mandou erguer uma igreja em sua homenagem, existente at\u00e9 hoje. H\u00e1 muitas outras igrejas em louvor a s\u00e3o Pancr\u00e1cio na It\u00e1lia, Fran\u00e7a, Inglaterra e Espanha, onde seu culto se difundiu. A ele tamb\u00e9m foram dedicados os mosteiros de Roma, fundado por s\u00e3o Greg\u00f3rio Magno, e o de Londres, fundado por santo Agostinho de Canterbury.<\/p>\n<div>Os crist\u00e3os se incumbiram de sepultar o jovem m\u00e1rtir em um cemit\u00e9rio nas proximidades dessa importante via da Roma Antiga, a Catacumba de Calep\u00f3dio , que, em seguida, teve o seu nome mudado em homenagem a ele. Neste local l\u00ea-se \u201c HIC DECOLLATUS FUIT SANCTUS PANCRATIUS \u201d (Aqui foi degolado S\u00e3o Pancr\u00e1cio).<\/div>\n<div>\nO culto a S\u00e3o Pancr\u00e1cio iniciou-se desde o dia de seu mart\u00edrio; muitos devotos visitavam a tumba, convertendo-a em um aut\u00eantico santu\u00e1rio de peregrina\u00e7\u00e3o de pessoas vindas de todos os lugares. Acima de sua catacumba foi erguida uma Bas\u00edlica , no in\u00edcio do s\u00e9culo VI. Mais tarde, o pont\u00edfice Hon\u00f3rio I construiu, entre os anos 625 e 638, uma nova Bas\u00edlica em honra de S\u00e3o Pancr\u00e1cio, uma vez que a antiga corria risco de ruir.<\/div>\n<div>\nA Devo\u00e7\u00e3o a S\u00e3o Pancr\u00e1cio propagou-se pelo Ocidente e pelo Oriente no decorrer dos anos, em boa parte gra\u00e7as \u00e0 narra\u00e7\u00e3o de sua paix\u00e3o e de dois atrativos que ajudaram a sua venera\u00e7\u00e3o: a sua tenra idade por ocasi\u00e3o da morte e os milagres que por sua intercess\u00e3o lhe foram atribu\u00eddos. Sua devo\u00e7\u00e3o expandiu-se inclusive na Inglaterra onde, S\u00e3o Agostinho de Canterbury lhe dedicou uma igreja em meados do s\u00e9culo VI.<\/div>\n<div>\nS\u00e3o Pancr\u00e1cio \u00e9 considerado padroeiro dos jovens e das crian\u00e7as, amparo dos idosos e intercessor dos enfermos. Apesar do patrono dos trabalhadores ser S\u00e3o Jos\u00e9, S\u00e3o Pancr\u00e1cio \u00e9 tamb\u00e9m outro dos santos a quem muitos devotos recorrem para encontrar trabalho.<\/div>\n<div id=\"themify_builder_content-9308\" data-postid=\"9308\" class=\"themify_builder_content themify_builder_content-9308 themify_builder themify_builder_front\">\n\t<\/div>\n<!-- \/themify_builder_content -->","protected":false},"excerpt":{"rendered":"<p>12 de Maio Nascido na ent\u00e3o cidade turca de Frigia no ano 289 d.C., Pancr\u00e1cio era filho de nobres romanos muito ricos e que n\u00e3o tinham como religi\u00e3o o cristianismo . Perdeu seu pai quando tinha 8 anos, mudando-se na ocasi\u00e3o para Roma com sua m\u00e3e , indo morar junto ao tio , Dion\u00edsio. O [&hellip;]<\/p>\n","protected":false},"author":14,"featured_media":0,"comment_status":"open","ping_status":"open","sticky":false,"template":"","format":"standard","meta":{"ngg_post_thumbnail":0,"footnotes":""},"categories":[186],"tags":[],"yoast_head":"<!-- This site is optimized with the Yoast SEO plugin v23.5 - https:\/\/yoast.com\/wordpress\/plugins\/seo\/ -->\n<title>S\u00e3o Pancr\u00e1cio - O Arcanjo no ar<\/title>\n<meta name=\"robots\" content=\"index, follow, max-snippet:-1, max-image-preview:large, max-video-preview:-1\" \/>\n<link rel=\"canonical\" href=\"https:\/\/www.oarcanjo.net\/site\/sao-pancracio\/\" \/>\n<meta property=\"og:locale\" content=\"pt_BR\" \/>\n<meta property=\"og:type\" content=\"article\" \/>\n<meta property=\"og:title\" content=\"S\u00e3o Pancr\u00e1cio - O Arcanjo no ar\" \/>\n<meta property=\"og:description\" content=\"12 de Maio Nascido na ent\u00e3o cidade turca de Frigia no ano 289 d.C., Pancr\u00e1cio era filho de nobres romanos muito ricos e que n\u00e3o tinham como religi\u00e3o o cristianismo . Perdeu seu pai quando tinha 8 anos, mudando-se na ocasi\u00e3o para Roma com sua m\u00e3e , indo morar junto ao tio , Dion\u00edsio. O [&hellip;]\" \/>\n<meta property=\"og:url\" content=\"https:\/\/www.oarcanjo.net\/site\/sao-pancracio\/\" \/>\n<meta property=\"og:site_name\" content=\"O Arcanjo no ar\" \/>\n<meta property=\"article:publisher\" content=\"https:\/\/www.facebook.com\/OArcanjoNoAr\/\" \/>\n<meta property=\"article:published_time\" content=\"2019-05-12T03:09:26+00:00\" \/>\n<meta property=\"article:modified_time\" content=\"2019-02-20T17:35:35+00:00\" \/>\n<meta property=\"og:image\" content=\"http:\/\/www.portalbaw.com.br\/religiao\/pancracio.jpg\" \/>\n<meta name=\"author\" content=\"danilo\" \/>\n<meta name=\"twitter:card\" content=\"summary_large_image\" \/>\n<meta name=\"twitter:label1\" content=\"Escrito por\" \/>\n\t<meta name=\"twitter:data1\" content=\"danilo\" \/>\n\t<meta name=\"twitter:label2\" content=\"Est. tempo de leitura\" \/>\n\t<meta name=\"twitter:data2\" content=\"3 minutos\" \/>\n<script type=\"application\/ld+json\" class=\"yoast-schema-graph\">{\"@context\":\"https:\/\/schema.org\",\"@graph\":[{\"@type\":\"Article\",\"@id\":\"https:\/\/www.oarcanjo.net\/site\/sao-pancracio\/#article\",\"isPartOf\":{\"@id\":\"https:\/\/www.oarcanjo.net\/site\/sao-pancracio\/\"},\"author\":{\"name\":\"danilo\",\"@id\":\"https:\/\/www.oarcanjo.net\/site\/#\/schema\/person\/5eb9480bedd2f3c97e430ce128c29c6c\"},\"headline\":\"S\u00e3o Pancr\u00e1cio\",\"datePublished\":\"2019-05-12T03:09:26+00:00\",\"dateModified\":\"2019-02-20T17:35:35+00:00\",\"mainEntityOfPage\":{\"@id\":\"https:\/\/www.oarcanjo.net\/site\/sao-pancracio\/\"},\"wordCount\":556,\"commentCount\":0,\"publisher\":{\"@id\":\"https:\/\/www.oarcanjo.net\/site\/#organization\"},\"image\":{\"@id\":\"https:\/\/www.oarcanjo.net\/site\/sao-pancracio\/#primaryimage\"},\"thumbnailUrl\":\"http:\/\/www.portalbaw.com.br\/religiao\/pancracio.jpg\",\"articleSection\":[\"Testemunhos\"],\"inLanguage\":\"pt-BR\",\"potentialAction\":[{\"@type\":\"CommentAction\",\"name\":\"Comment\",\"target\":[\"https:\/\/www.oarcanjo.net\/site\/sao-pancracio\/#respond\"]}]},{\"@type\":\"WebPage\",\"@id\":\"https:\/\/www.oarcanjo.net\/site\/sao-pancracio\/\",\"url\":\"https:\/\/www.oarcanjo.net\/site\/sao-pancracio\/\",\"name\":\"S\u00e3o Pancr\u00e1cio - O Arcanjo no ar\",\"isPartOf\":{\"@id\":\"https:\/\/www.oarcanjo.net\/site\/#website\"},\"primaryImageOfPage\":{\"@id\":\"https:\/\/www.oarcanjo.net\/site\/sao-pancracio\/#primaryimage\"},\"image\":{\"@id\":\"https:\/\/www.oarcanjo.net\/site\/sao-pancracio\/#primaryimage\"},\"thumbnailUrl\":\"http:\/\/www.portalbaw.com.br\/religiao\/pancracio.jpg\",\"datePublished\":\"2019-05-12T03:09:26+00:00\",\"dateModified\":\"2019-02-20T17:35:35+00:00\",\"breadcrumb\":{\"@id\":\"https:\/\/www.oarcanjo.net\/site\/sao-pancracio\/#breadcrumb\"},\"inLanguage\":\"pt-BR\",\"potentialAction\":[{\"@type\":\"ReadAction\",\"target\":[\"https:\/\/www.oarcanjo.net\/site\/sao-pancracio\/\"]}]},{\"@type\":\"ImageObject\",\"inLanguage\":\"pt-BR\",\"@id\":\"https:\/\/www.oarcanjo.net\/site\/sao-pancracio\/#primaryimage\",\"url\":\"http:\/\/www.portalbaw.com.br\/religiao\/pancracio.jpg\",\"contentUrl\":\"http:\/\/www.portalbaw.com.br\/religiao\/pancracio.jpg\"},{\"@type\":\"BreadcrumbList\",\"@id\":\"https:\/\/www.oarcanjo.net\/site\/sao-pancracio\/#breadcrumb\",\"itemListElement\":[{\"@type\":\"ListItem\",\"position\":1,\"name\":\"In\u00edcio\",\"item\":\"https:\/\/www.oarcanjo.net\/site\/\"},{\"@type\":\"ListItem\",\"position\":2,\"name\":\"S\u00e3o Pancr\u00e1cio\"}]},{\"@type\":\"WebSite\",\"@id\":\"https:\/\/www.oarcanjo.net\/site\/#website\",\"url\":\"https:\/\/www.oarcanjo.net\/site\/\",\"name\":\"O Arcanjo no ar\",\"description\":\"Site da Par\u00f3quia S\u00e3o Miguel Arcanjo (Arquidiocese de SP)\",\"publisher\":{\"@id\":\"https:\/\/www.oarcanjo.net\/site\/#organization\"},\"potentialAction\":[{\"@type\":\"SearchAction\",\"target\":{\"@type\":\"EntryPoint\",\"urlTemplate\":\"https:\/\/www.oarcanjo.net\/site\/?s={search_term_string}\"},\"query-input\":{\"@type\":\"PropertyValueSpecification\",\"valueRequired\":true,\"valueName\":\"search_term_string\"}}],\"inLanguage\":\"pt-BR\"},{\"@type\":\"Organization\",\"@id\":\"https:\/\/www.oarcanjo.net\/site\/#organization\",\"name\":\"Par\u00f3quia S\u00e3o Miguel Arcanjo\",\"url\":\"https:\/\/www.oarcanjo.net\/site\/\",\"logo\":{\"@type\":\"ImageObject\",\"inLanguage\":\"pt-BR\",\"@id\":\"https:\/\/www.oarcanjo.net\/site\/#\/schema\/logo\/image\/\",\"url\":\"https:\/\/www.oarcanjo.net\/site\/wp-content\/uploads\/LogoOArcanjo.png\",\"contentUrl\":\"https:\/\/www.oarcanjo.net\/site\/wp-content\/uploads\/LogoOArcanjo.png\",\"width\":319,\"height\":99,\"caption\":\"Par\u00f3quia S\u00e3o Miguel Arcanjo\"},\"image\":{\"@id\":\"https:\/\/www.oarcanjo.net\/site\/#\/schema\/logo\/image\/\"},\"sameAs\":[\"https:\/\/www.facebook.com\/OArcanjoNoAr\/\"]},{\"@type\":\"Person\",\"@id\":\"https:\/\/www.oarcanjo.net\/site\/#\/schema\/person\/5eb9480bedd2f3c97e430ce128c29c6c\",\"name\":\"danilo\"}]}<\/script>\n<!-- \/ Yoast SEO plugin. -->","yoast_head_json":{"title":"S\u00e3o Pancr\u00e1cio - O Arcanjo no ar","robots":{"index":"index","follow":"follow","max-snippet":"max-snippet:-1","max-image-preview":"max-image-preview:large","max-video-preview":"max-video-preview:-1"},"canonical":"https:\/\/www.oarcanjo.net\/site\/sao-pancracio\/","og_locale":"pt_BR","og_type":"article","og_title":"S\u00e3o Pancr\u00e1cio - O Arcanjo no ar","og_description":"12 de Maio Nascido na ent\u00e3o cidade turca de Frigia no ano 289 d.C., Pancr\u00e1cio era filho de nobres romanos muito ricos e que n\u00e3o tinham como religi\u00e3o o cristianismo . Perdeu seu pai quando tinha 8 anos, mudando-se na ocasi\u00e3o para Roma com sua m\u00e3e , indo morar junto ao tio , Dion\u00edsio. O [&hellip;]","og_url":"https:\/\/www.oarcanjo.net\/site\/sao-pancracio\/","og_site_name":"O Arcanjo no ar","article_publisher":"https:\/\/www.facebook.com\/OArcanjoNoAr\/","article_published_time":"2019-05-12T03:09:26+00:00","article_modified_time":"2019-02-20T17:35:35+00:00","og_image":[{"url":"http:\/\/www.portalbaw.com.br\/religiao\/pancracio.jpg"}],"author":"danilo","twitter_card":"summary_large_image","twitter_misc":{"Escrito por":"danilo","Est. tempo de leitura":"3 minutos"},"schema":{"@context":"https:\/\/schema.org","@graph":[{"@type":"Article","@id":"https:\/\/www.oarcanjo.net\/site\/sao-pancracio\/#article","isPartOf":{"@id":"https:\/\/www.oarcanjo.net\/site\/sao-pancracio\/"},"author":{"name":"danilo","@id":"https:\/\/www.oarcanjo.net\/site\/#\/schema\/person\/5eb9480bedd2f3c97e430ce128c29c6c"},"headline":"S\u00e3o Pancr\u00e1cio","datePublished":"2019-05-12T03:09:26+00:00","dateModified":"2019-02-20T17:35:35+00:00","mainEntityOfPage":{"@id":"https:\/\/www.oarcanjo.net\/site\/sao-pancracio\/"},"wordCount":556,"commentCount":0,"publisher":{"@id":"https:\/\/www.oarcanjo.net\/site\/#organization"},"image":{"@id":"https:\/\/www.oarcanjo.net\/site\/sao-pancracio\/#primaryimage"},"thumbnailUrl":"http:\/\/www.portalbaw.com.br\/religiao\/pancracio.jpg","articleSection":["Testemunhos"],"inLanguage":"pt-BR","potentialAction":[{"@type":"CommentAction","name":"Comment","target":["https:\/\/www.oarcanjo.net\/site\/sao-pancracio\/#respond"]}]},{"@type":"WebPage","@id":"https:\/\/www.oarcanjo.net\/site\/sao-pancracio\/","url":"https:\/\/www.oarcanjo.net\/site\/sao-pancracio\/","name":"S\u00e3o Pancr\u00e1cio - O Arcanjo no ar","isPartOf":{"@id":"https:\/\/www.oarcanjo.net\/site\/#website"},"primaryImageOfPage":{"@id":"https:\/\/www.oarcanjo.net\/site\/sao-pancracio\/#primaryimage"},"image":{"@id":"https:\/\/www.oarcanjo.net\/site\/sao-pancracio\/#primaryimage"},"thumbnailUrl":"http:\/\/www.portalbaw.com.br\/religiao\/pancracio.jpg","datePublished":"2019-05-12T03:09:26+00:00","dateModified":"2019-02-20T17:35:35+00:00","breadcrumb":{"@id":"https:\/\/www.oarcanjo.net\/site\/sao-pancracio\/#breadcrumb"},"inLanguage":"pt-BR","potentialAction":[{"@type":"ReadAction","target":["https:\/\/www.oarcanjo.net\/site\/sao-pancracio\/"]}]},{"@type":"ImageObject","inLanguage":"pt-BR","@id":"https:\/\/www.oarcanjo.net\/site\/sao-pancracio\/#primaryimage","url":"http:\/\/www.portalbaw.com.br\/religiao\/pancracio.jpg","contentUrl":"http:\/\/www.portalbaw.com.br\/religiao\/pancracio.jpg"},{"@type":"BreadcrumbList","@id":"https:\/\/www.oarcanjo.net\/site\/sao-pancracio\/#breadcrumb","itemListElement":[{"@type":"ListItem","position":1,"name":"In\u00edcio","item":"https:\/\/www.oarcanjo.net\/site\/"},{"@type":"ListItem","position":2,"name":"S\u00e3o Pancr\u00e1cio"}]},{"@type":"WebSite","@id":"https:\/\/www.oarcanjo.net\/site\/#website","url":"https:\/\/www.oarcanjo.net\/site\/","name":"O Arcanjo no ar","description":"Site da Par\u00f3quia S\u00e3o Miguel Arcanjo (Arquidiocese de SP)","publisher":{"@id":"https:\/\/www.oarcanjo.net\/site\/#organization"},"potentialAction":[{"@type":"SearchAction","target":{"@type":"EntryPoint","urlTemplate":"https:\/\/www.oarcanjo.net\/site\/?s={search_term_string}"},"query-input":{"@type":"PropertyValueSpecification","valueRequired":true,"valueName":"search_term_string"}}],"inLanguage":"pt-BR"},{"@type":"Organization","@id":"https:\/\/www.oarcanjo.net\/site\/#organization","name":"Par\u00f3quia S\u00e3o Miguel Arcanjo","url":"https:\/\/www.oarcanjo.net\/site\/","logo":{"@type":"ImageObject","inLanguage":"pt-BR","@id":"https:\/\/www.oarcanjo.net\/site\/#\/schema\/logo\/image\/","url":"https:\/\/www.oarcanjo.net\/site\/wp-content\/uploads\/LogoOArcanjo.png","contentUrl":"https:\/\/www.oarcanjo.net\/site\/wp-content\/uploads\/LogoOArcanjo.png","width":319,"height":99,"caption":"Par\u00f3quia S\u00e3o Miguel Arcanjo"},"image":{"@id":"https:\/\/www.oarcanjo.net\/site\/#\/schema\/logo\/image\/"},"sameAs":["https:\/\/www.facebook.com\/OArcanjoNoAr\/"]},{"@type":"Person","@id":"https:\/\/www.oarcanjo.net\/site\/#\/schema\/person\/5eb9480bedd2f3c97e430ce128c29c6c","name":"danilo"}]}},"publishpress_future_action":{"enabled":false,"date":"2026-05-07 13:48:55","action":"category","newStatus":"draft","terms":[],"taxonomy":"category"},"publishpress_future_workflow_manual_trigger":{"enabledWorkflows":[]},"_links":{"self":[{"href":"https:\/\/www.oarcanjo.net\/site\/wp-json\/wp\/v2\/posts\/9308"}],"collection":[{"href":"https:\/\/www.oarcanjo.net\/site\/wp-json\/wp\/v2\/posts"}],"about":[{"href":"https:\/\/www.oarcanjo.net\/site\/wp-json\/wp\/v2\/types\/post"}],"author":[{"embeddable":true,"href":"https:\/\/www.oarcanjo.net\/site\/wp-json\/wp\/v2\/users\/14"}],"replies":[{"embeddable":true,"href":"https:\/\/www.oarcanjo.net\/site\/wp-json\/wp\/v2\/comments?post=9308"}],"version-history":[{"count":1,"href":"https:\/\/www.oarcanjo.net\/site\/wp-json\/wp\/v2\/posts\/9308\/revisions"}],"predecessor-version":[{"id":93056,"href":"https:\/\/www.oarcanjo.net\/site\/wp-json\/wp\/v2\/posts\/9308\/revisions\/93056"}],"wp:attachment":[{"href":"https:\/\/www.oarcanjo.net\/site\/wp-json\/wp\/v2\/media?parent=9308"}],"wp:term":[{"taxonomy":"category","embeddable":true,"href":"https:\/\/www.oarcanjo.net\/site\/wp-json\/wp\/v2\/categories?post=9308"},{"taxonomy":"post_tag","embeddable":true,"href":"https:\/\/www.oarcanjo.net\/site\/wp-json\/wp\/v2\/tags?post=9308"}],"curies":[{"name":"wp","href":"https:\/\/api.w.org\/{rel}","templated":true}]}}