
{"id":9311,"date":"2019-05-12T00:12:06","date_gmt":"2019-05-12T03:12:06","guid":{"rendered":"http:\/\/www.oarcanjo.net\/site\/?p=9311"},"modified":"2019-02-20T14:38:29","modified_gmt":"2019-02-20T17:38:29","slug":"bem-aventuradajoana-de-portugal","status":"publish","type":"post","link":"https:\/\/www.oarcanjo.net\/site\/bem-aventuradajoana-de-portugal\/","title":{"rendered":"Bem Aventurada Joana de Portugal"},"content":{"rendered":"<p><img decoding=\"async\" src=\"http:\/\/www.prof2000.pt\/users\/joaojoana\/imag-sj2.jpg\" alt=\"\" \/><\/p>\n<p>12 de Maio<\/p>\n<p>Filha de D. Afonso V, Rei de Portugal, a Princesa Santa Joana nasceu em Lisboa, no dia 6 de Fevereiro de 1452. Possu\u00eda grande beleza e personalidade marcante. Ficou \u00f3rf\u00e3 de m\u00e3e aos 4 anos (ou 15?) de idade. Procurou desde menina praticar sempre o bem, tanto no desprendimento das grandezas da corte e das vaidades do mundo, como na profunda piedade e vida interior, na sincera devo\u00e7\u00e3o \u00e0 paix\u00e3o de Cristo e na desinteressada caridade em favor dos pobres.\u00a0<\/p>\n<p>Exerceu a reg\u00eancia do Reino quando seu pai foi \u00e0 frente de uma esquadra conquistar Arzila e T\u00e2nger, na \u00c1frica.<\/p>\n<p>Desejosa de se consagrar a Deus na Ordem dominicana, precisou vencer a resist\u00eancia do pai e de seu irm\u00e3o D. Jo\u00e3o (futuro D. Jo\u00e3o II) que desejavam um casamento vantajoso para ela. Aos 19 anos, recolheu-se no Mosteiro de Odivelas; mas a 4 de Agasto de 1472, entrou no Mosteiro de Jesus da ent\u00e3o Vila de Aveiro, a que ela chamava \u201ca sua Lisboa a pequena\u201d. A\u00ed viveu em austeridade e fervor religioso, sob o h\u00e1bito dominicano. Faleceu a 12 de Maio de 1490; tinha 38 anos de idade. Foi sepultada no coro de baixo do referido Mosteiro.<\/p>\n<p>Logo ap\u00f3s a sua morte, o povo de Aveiro come\u00e7ou a vener\u00e1-la por santa, considerando-a mesmo, mais tarde, como protectora da Cidade; o seu culto foi confirmado pelo Papa Inoc\u00eancio XII, em 4 de Abril de 1693. Em 5 de Janeiro de 1965, a Papa Paulo VI constituiu-a padroeira principal da Cidade e da Diocese de Aveiro.<\/p>\n<p><span style=\"font-size: small;font-family: Georgia\"><a href=\"image1_zoom();\"><strong><span style=\"font-size: small;font-family: Georgia\"><img loading=\"lazy\" decoding=\"async\" src=\"http:\/\/www.prof2000.pt\/users\/joaojoana\/PD07AveiroP.jpg\" border=\"0\" alt=\"\" width=\"82\" height=\"112\" \/><\/span><\/strong><\/a><\/span><\/p>\n<p><span style=\"font-size: small;font-family: Georgia\">No Museu de Aveiro<br \/>\nRetrato da Princesa Santa Joana<\/span><\/p>\n<p><span style=\"font-size: small;font-family: Georgia\"><br \/>\nA princesa portuguesa, com olhar frio e distante, aparece luxuosamente representada, com uma rica crespina no cabelo, tecida de ouro e com pedras preciosas a cobrir-lhe quase totalmente a testa. Os cabelos longos, espalham-se sobre os ombros, de ambos os lados de uma camisa bordada e decotada em V.<\/p>\n<p>\u00c9 o \u00fanico retrato feminino, isolado, da nossa pintura do s\u00e9culo XV.\u00a0\u00a0<br \/>\nRepresenta a princesa em busto, vestida \u00e0 moda da corte.<\/p>\n<p><span style=\"font-size: small;font-family: Georgia\"><strong><span style=\"color: #c671ff\">T\u00famulo de Santa Joana<\/span><\/strong><br \/>\nEncontra-se no coro-santu\u00e1rio do Mosteiro de Jesus e \u00e9 um magn\u00edfico exemplar do s\u00e9culo XVIII, com fin\u00edssimas incrusta\u00e7\u00f5es de m\u00e1rmore policromo que, dada a sua delicadeza e perfei\u00e7\u00e3o, parecem pinturas.<br \/>\nBelo exemplar barroco do s\u00e9culo XVIII, com coluna torsa de calc\u00e1rio, rematada por um capitel cor\u00edntio.<\/span><\/p>\n<p><span class=\"titulo\"><span style=\"font-size: medium;color: #c671ff;font-family: Georgia\">Lenda de Santa Joana Princesa<\/span><\/span><span style=\"font-size: small;font-family: Georgia\"><br \/>\n<span class=\"texto\">A princesa D. Joana, filha do rei Afonso V, revelou desde muito tenra idade uma grande voca\u00e7\u00e3o religiosa. Esta filha primog\u00e9nita, apesar de ser obrigada a viver na Corte pela sua posi\u00e7\u00e3o, afastava-se o mais poss\u00edvel de festas e conv\u00edvios e passava grande parte do seu tempo a rezar e a meditar. A princesa era, dizia-se, muito bela e teve muitos pretendentes, entre estes muitas cabe\u00e7as coroadas, mas a todos recusou alegando a sua inten\u00e7\u00e3o de se tornar freira. Com a autoriza\u00e7\u00e3o real, entrou D. Joana no Convento de Odivelas, mudando-se mais tarde para o Convento de Santa Clara de Coimbra, mas acabando por resolver professar no Convento de Jesus, em Aveiro. Esta \u00faltima decis\u00e3o foi contestada tanto pelo rei como pelo povo, dado que o Convento de Jesus era muito pobre e, na opini\u00e3o geral, indigno de uma princesa. Por outro lado, o povo discordava da voca\u00e7\u00e3o da princesa e n\u00e3o queriam que ela professasse. Perante tanta disc\u00f3rdia D. Joana decidiu n\u00e3o professar, mas declarou que usaria o v\u00e9u de novi\u00e7a para sempre e insistiu em ingressar no Convento de Jesus, vivendo na humildade e na pobreza e aplicando as rendas que possu\u00eda no socorro dos pobres. A sua caridade era t\u00e3o grande que depressa ficou conhecida como santa. Mas a bela princesa adoeceu de peste e morreu em grande sofrimento. Quando o seu enterro passou pelos jardins do convento deu-se um facto ins\u00f3lito: as flores que ela havia tratado em vida caiam sobre o seu caix\u00e3o prestando-lhe uma \u00faltima homenagem. Ap\u00f3s este primeiro milagre, muitos outros foram atribu\u00eddos a Santa Joana Princesa, levando a que, duzentos anos depois, o Papa Inoc\u00eancio XII concedesse a beatifica\u00e7\u00e3o a esta infanta de Portugal.<br \/>\n<\/span><\/span><\/p>\n<p><span style=\"font-size: small;color: #c671ff;font-family: Georgia\"><strong>Santa Joana\u00a0<\/strong> <strong>1452 \u2013 1490<\/strong><\/span><\/p>\n<ul>\n<li><span style=\"font-size: small;font-family: Georgia\">Jurada princesa e herdeira do trono ainda no ber\u00e7o<\/span><\/li>\n<li><span style=\"font-size: small;font-family: Georgia\">Regente do reino em 1471<\/span><\/li>\n<li><span style=\"font-size: small;font-family: Georgia\">Tomou o h\u00e1bito de novi\u00e7a dominicana no convento de Jesus em Aveiro, em 1475, onde residia desde 1472<\/span><\/li>\n<li><span style=\"font-size: small;font-family: Georgia\">Encarregada da educa\u00e7\u00e3o de seu sobrinho D. Jorge, duque de Aveiro<\/span><\/li>\n<li><span style=\"font-size: small;font-family: Georgia\">Recusou todas as propostas de casamento apresentadas por soberanos estrangeiros<\/span><\/li>\n<li><span style=\"font-size: small;font-family: Georgia\">Beatificada por Inoc\u00eancio XII <\/span><\/li>\n<\/ul>\n<p><\/span><\/p>\n<div id=\"themify_builder_content-9311\" data-postid=\"9311\" class=\"themify_builder_content themify_builder_content-9311 themify_builder themify_builder_front\">\n\t<\/div>\n<!-- \/themify_builder_content -->","protected":false},"excerpt":{"rendered":"<p>12 de Maio Filha de D. Afonso V, Rei de Portugal, a Princesa Santa Joana nasceu em Lisboa, no dia 6 de Fevereiro de 1452. Possu\u00eda grande beleza e personalidade marcante. Ficou \u00f3rf\u00e3 de m\u00e3e aos 4 anos (ou 15?) de idade. Procurou desde menina praticar sempre o bem, tanto no desprendimento das grandezas da [&hellip;]<\/p>\n","protected":false},"author":14,"featured_media":0,"comment_status":"open","ping_status":"open","sticky":false,"template":"","format":"standard","meta":{"ngg_post_thumbnail":0,"footnotes":""},"categories":[186],"tags":[],"yoast_head":"<!-- This site is optimized with the Yoast SEO plugin v23.5 - https:\/\/yoast.com\/wordpress\/plugins\/seo\/ -->\n<title>Bem Aventurada Joana de Portugal - O Arcanjo no ar<\/title>\n<meta name=\"robots\" content=\"index, follow, max-snippet:-1, max-image-preview:large, max-video-preview:-1\" \/>\n<link rel=\"canonical\" href=\"https:\/\/www.oarcanjo.net\/site\/bem-aventuradajoana-de-portugal\/\" \/>\n<meta property=\"og:locale\" content=\"pt_BR\" \/>\n<meta property=\"og:type\" content=\"article\" \/>\n<meta property=\"og:title\" content=\"Bem Aventurada Joana de Portugal - O Arcanjo no ar\" \/>\n<meta property=\"og:description\" content=\"12 de Maio Filha de D. Afonso V, Rei de Portugal, a Princesa Santa Joana nasceu em Lisboa, no dia 6 de Fevereiro de 1452. Possu\u00eda grande beleza e personalidade marcante. Ficou \u00f3rf\u00e3 de m\u00e3e aos 4 anos (ou 15?) de idade. Procurou desde menina praticar sempre o bem, tanto no desprendimento das grandezas da [&hellip;]\" \/>\n<meta property=\"og:url\" content=\"https:\/\/www.oarcanjo.net\/site\/bem-aventuradajoana-de-portugal\/\" \/>\n<meta property=\"og:site_name\" content=\"O Arcanjo no ar\" \/>\n<meta property=\"article:publisher\" content=\"https:\/\/www.facebook.com\/OArcanjoNoAr\/\" \/>\n<meta property=\"article:published_time\" content=\"2019-05-12T03:12:06+00:00\" \/>\n<meta property=\"article:modified_time\" content=\"2019-02-20T17:38:29+00:00\" \/>\n<meta property=\"og:image\" content=\"http:\/\/www.prof2000.pt\/users\/joaojoana\/imag-sj2.jpg\" \/>\n<meta name=\"author\" content=\"danilo\" \/>\n<meta name=\"twitter:card\" content=\"summary_large_image\" \/>\n<meta name=\"twitter:label1\" content=\"Escrito por\" \/>\n\t<meta name=\"twitter:data1\" content=\"danilo\" \/>\n\t<meta name=\"twitter:label2\" content=\"Est. tempo de leitura\" \/>\n\t<meta name=\"twitter:data2\" content=\"4 minutos\" \/>\n<script type=\"application\/ld+json\" class=\"yoast-schema-graph\">{\"@context\":\"https:\/\/schema.org\",\"@graph\":[{\"@type\":\"Article\",\"@id\":\"https:\/\/www.oarcanjo.net\/site\/bem-aventuradajoana-de-portugal\/#article\",\"isPartOf\":{\"@id\":\"https:\/\/www.oarcanjo.net\/site\/bem-aventuradajoana-de-portugal\/\"},\"author\":{\"name\":\"danilo\",\"@id\":\"https:\/\/www.oarcanjo.net\/site\/#\/schema\/person\/5eb9480bedd2f3c97e430ce128c29c6c\"},\"headline\":\"Bem Aventurada Joana de Portugal\",\"datePublished\":\"2019-05-12T03:12:06+00:00\",\"dateModified\":\"2019-02-20T17:38:29+00:00\",\"mainEntityOfPage\":{\"@id\":\"https:\/\/www.oarcanjo.net\/site\/bem-aventuradajoana-de-portugal\/\"},\"wordCount\":773,\"commentCount\":0,\"publisher\":{\"@id\":\"https:\/\/www.oarcanjo.net\/site\/#organization\"},\"image\":{\"@id\":\"https:\/\/www.oarcanjo.net\/site\/bem-aventuradajoana-de-portugal\/#primaryimage\"},\"thumbnailUrl\":\"http:\/\/www.prof2000.pt\/users\/joaojoana\/imag-sj2.jpg\",\"articleSection\":[\"Testemunhos\"],\"inLanguage\":\"pt-BR\",\"potentialAction\":[{\"@type\":\"CommentAction\",\"name\":\"Comment\",\"target\":[\"https:\/\/www.oarcanjo.net\/site\/bem-aventuradajoana-de-portugal\/#respond\"]}]},{\"@type\":\"WebPage\",\"@id\":\"https:\/\/www.oarcanjo.net\/site\/bem-aventuradajoana-de-portugal\/\",\"url\":\"https:\/\/www.oarcanjo.net\/site\/bem-aventuradajoana-de-portugal\/\",\"name\":\"Bem Aventurada Joana de Portugal - O Arcanjo no ar\",\"isPartOf\":{\"@id\":\"https:\/\/www.oarcanjo.net\/site\/#website\"},\"primaryImageOfPage\":{\"@id\":\"https:\/\/www.oarcanjo.net\/site\/bem-aventuradajoana-de-portugal\/#primaryimage\"},\"image\":{\"@id\":\"https:\/\/www.oarcanjo.net\/site\/bem-aventuradajoana-de-portugal\/#primaryimage\"},\"thumbnailUrl\":\"http:\/\/www.prof2000.pt\/users\/joaojoana\/imag-sj2.jpg\",\"datePublished\":\"2019-05-12T03:12:06+00:00\",\"dateModified\":\"2019-02-20T17:38:29+00:00\",\"breadcrumb\":{\"@id\":\"https:\/\/www.oarcanjo.net\/site\/bem-aventuradajoana-de-portugal\/#breadcrumb\"},\"inLanguage\":\"pt-BR\",\"potentialAction\":[{\"@type\":\"ReadAction\",\"target\":[\"https:\/\/www.oarcanjo.net\/site\/bem-aventuradajoana-de-portugal\/\"]}]},{\"@type\":\"ImageObject\",\"inLanguage\":\"pt-BR\",\"@id\":\"https:\/\/www.oarcanjo.net\/site\/bem-aventuradajoana-de-portugal\/#primaryimage\",\"url\":\"http:\/\/www.prof2000.pt\/users\/joaojoana\/imag-sj2.jpg\",\"contentUrl\":\"http:\/\/www.prof2000.pt\/users\/joaojoana\/imag-sj2.jpg\"},{\"@type\":\"BreadcrumbList\",\"@id\":\"https:\/\/www.oarcanjo.net\/site\/bem-aventuradajoana-de-portugal\/#breadcrumb\",\"itemListElement\":[{\"@type\":\"ListItem\",\"position\":1,\"name\":\"In\u00edcio\",\"item\":\"https:\/\/www.oarcanjo.net\/site\/\"},{\"@type\":\"ListItem\",\"position\":2,\"name\":\"Bem Aventurada Joana de Portugal\"}]},{\"@type\":\"WebSite\",\"@id\":\"https:\/\/www.oarcanjo.net\/site\/#website\",\"url\":\"https:\/\/www.oarcanjo.net\/site\/\",\"name\":\"O Arcanjo no ar\",\"description\":\"Site da Par\u00f3quia S\u00e3o Miguel Arcanjo (Arquidiocese de SP)\",\"publisher\":{\"@id\":\"https:\/\/www.oarcanjo.net\/site\/#organization\"},\"potentialAction\":[{\"@type\":\"SearchAction\",\"target\":{\"@type\":\"EntryPoint\",\"urlTemplate\":\"https:\/\/www.oarcanjo.net\/site\/?s={search_term_string}\"},\"query-input\":{\"@type\":\"PropertyValueSpecification\",\"valueRequired\":true,\"valueName\":\"search_term_string\"}}],\"inLanguage\":\"pt-BR\"},{\"@type\":\"Organization\",\"@id\":\"https:\/\/www.oarcanjo.net\/site\/#organization\",\"name\":\"Par\u00f3quia S\u00e3o Miguel Arcanjo\",\"url\":\"https:\/\/www.oarcanjo.net\/site\/\",\"logo\":{\"@type\":\"ImageObject\",\"inLanguage\":\"pt-BR\",\"@id\":\"https:\/\/www.oarcanjo.net\/site\/#\/schema\/logo\/image\/\",\"url\":\"https:\/\/www.oarcanjo.net\/site\/wp-content\/uploads\/LogoOArcanjo.png\",\"contentUrl\":\"https:\/\/www.oarcanjo.net\/site\/wp-content\/uploads\/LogoOArcanjo.png\",\"width\":319,\"height\":99,\"caption\":\"Par\u00f3quia S\u00e3o Miguel Arcanjo\"},\"image\":{\"@id\":\"https:\/\/www.oarcanjo.net\/site\/#\/schema\/logo\/image\/\"},\"sameAs\":[\"https:\/\/www.facebook.com\/OArcanjoNoAr\/\"]},{\"@type\":\"Person\",\"@id\":\"https:\/\/www.oarcanjo.net\/site\/#\/schema\/person\/5eb9480bedd2f3c97e430ce128c29c6c\",\"name\":\"danilo\"}]}<\/script>\n<!-- \/ Yoast SEO plugin. -->","yoast_head_json":{"title":"Bem Aventurada Joana de Portugal - O Arcanjo no ar","robots":{"index":"index","follow":"follow","max-snippet":"max-snippet:-1","max-image-preview":"max-image-preview:large","max-video-preview":"max-video-preview:-1"},"canonical":"https:\/\/www.oarcanjo.net\/site\/bem-aventuradajoana-de-portugal\/","og_locale":"pt_BR","og_type":"article","og_title":"Bem Aventurada Joana de Portugal - O Arcanjo no ar","og_description":"12 de Maio Filha de D. Afonso V, Rei de Portugal, a Princesa Santa Joana nasceu em Lisboa, no dia 6 de Fevereiro de 1452. Possu\u00eda grande beleza e personalidade marcante. Ficou \u00f3rf\u00e3 de m\u00e3e aos 4 anos (ou 15?) de idade. Procurou desde menina praticar sempre o bem, tanto no desprendimento das grandezas da [&hellip;]","og_url":"https:\/\/www.oarcanjo.net\/site\/bem-aventuradajoana-de-portugal\/","og_site_name":"O Arcanjo no ar","article_publisher":"https:\/\/www.facebook.com\/OArcanjoNoAr\/","article_published_time":"2019-05-12T03:12:06+00:00","article_modified_time":"2019-02-20T17:38:29+00:00","og_image":[{"url":"http:\/\/www.prof2000.pt\/users\/joaojoana\/imag-sj2.jpg"}],"author":"danilo","twitter_card":"summary_large_image","twitter_misc":{"Escrito por":"danilo","Est. tempo de leitura":"4 minutos"},"schema":{"@context":"https:\/\/schema.org","@graph":[{"@type":"Article","@id":"https:\/\/www.oarcanjo.net\/site\/bem-aventuradajoana-de-portugal\/#article","isPartOf":{"@id":"https:\/\/www.oarcanjo.net\/site\/bem-aventuradajoana-de-portugal\/"},"author":{"name":"danilo","@id":"https:\/\/www.oarcanjo.net\/site\/#\/schema\/person\/5eb9480bedd2f3c97e430ce128c29c6c"},"headline":"Bem Aventurada Joana de Portugal","datePublished":"2019-05-12T03:12:06+00:00","dateModified":"2019-02-20T17:38:29+00:00","mainEntityOfPage":{"@id":"https:\/\/www.oarcanjo.net\/site\/bem-aventuradajoana-de-portugal\/"},"wordCount":773,"commentCount":0,"publisher":{"@id":"https:\/\/www.oarcanjo.net\/site\/#organization"},"image":{"@id":"https:\/\/www.oarcanjo.net\/site\/bem-aventuradajoana-de-portugal\/#primaryimage"},"thumbnailUrl":"http:\/\/www.prof2000.pt\/users\/joaojoana\/imag-sj2.jpg","articleSection":["Testemunhos"],"inLanguage":"pt-BR","potentialAction":[{"@type":"CommentAction","name":"Comment","target":["https:\/\/www.oarcanjo.net\/site\/bem-aventuradajoana-de-portugal\/#respond"]}]},{"@type":"WebPage","@id":"https:\/\/www.oarcanjo.net\/site\/bem-aventuradajoana-de-portugal\/","url":"https:\/\/www.oarcanjo.net\/site\/bem-aventuradajoana-de-portugal\/","name":"Bem Aventurada Joana de Portugal - O Arcanjo no ar","isPartOf":{"@id":"https:\/\/www.oarcanjo.net\/site\/#website"},"primaryImageOfPage":{"@id":"https:\/\/www.oarcanjo.net\/site\/bem-aventuradajoana-de-portugal\/#primaryimage"},"image":{"@id":"https:\/\/www.oarcanjo.net\/site\/bem-aventuradajoana-de-portugal\/#primaryimage"},"thumbnailUrl":"http:\/\/www.prof2000.pt\/users\/joaojoana\/imag-sj2.jpg","datePublished":"2019-05-12T03:12:06+00:00","dateModified":"2019-02-20T17:38:29+00:00","breadcrumb":{"@id":"https:\/\/www.oarcanjo.net\/site\/bem-aventuradajoana-de-portugal\/#breadcrumb"},"inLanguage":"pt-BR","potentialAction":[{"@type":"ReadAction","target":["https:\/\/www.oarcanjo.net\/site\/bem-aventuradajoana-de-portugal\/"]}]},{"@type":"ImageObject","inLanguage":"pt-BR","@id":"https:\/\/www.oarcanjo.net\/site\/bem-aventuradajoana-de-portugal\/#primaryimage","url":"http:\/\/www.prof2000.pt\/users\/joaojoana\/imag-sj2.jpg","contentUrl":"http:\/\/www.prof2000.pt\/users\/joaojoana\/imag-sj2.jpg"},{"@type":"BreadcrumbList","@id":"https:\/\/www.oarcanjo.net\/site\/bem-aventuradajoana-de-portugal\/#breadcrumb","itemListElement":[{"@type":"ListItem","position":1,"name":"In\u00edcio","item":"https:\/\/www.oarcanjo.net\/site\/"},{"@type":"ListItem","position":2,"name":"Bem Aventurada Joana de Portugal"}]},{"@type":"WebSite","@id":"https:\/\/www.oarcanjo.net\/site\/#website","url":"https:\/\/www.oarcanjo.net\/site\/","name":"O Arcanjo no ar","description":"Site da Par\u00f3quia S\u00e3o Miguel Arcanjo (Arquidiocese de SP)","publisher":{"@id":"https:\/\/www.oarcanjo.net\/site\/#organization"},"potentialAction":[{"@type":"SearchAction","target":{"@type":"EntryPoint","urlTemplate":"https:\/\/www.oarcanjo.net\/site\/?s={search_term_string}"},"query-input":{"@type":"PropertyValueSpecification","valueRequired":true,"valueName":"search_term_string"}}],"inLanguage":"pt-BR"},{"@type":"Organization","@id":"https:\/\/www.oarcanjo.net\/site\/#organization","name":"Par\u00f3quia S\u00e3o Miguel Arcanjo","url":"https:\/\/www.oarcanjo.net\/site\/","logo":{"@type":"ImageObject","inLanguage":"pt-BR","@id":"https:\/\/www.oarcanjo.net\/site\/#\/schema\/logo\/image\/","url":"https:\/\/www.oarcanjo.net\/site\/wp-content\/uploads\/LogoOArcanjo.png","contentUrl":"https:\/\/www.oarcanjo.net\/site\/wp-content\/uploads\/LogoOArcanjo.png","width":319,"height":99,"caption":"Par\u00f3quia S\u00e3o Miguel Arcanjo"},"image":{"@id":"https:\/\/www.oarcanjo.net\/site\/#\/schema\/logo\/image\/"},"sameAs":["https:\/\/www.facebook.com\/OArcanjoNoAr\/"]},{"@type":"Person","@id":"https:\/\/www.oarcanjo.net\/site\/#\/schema\/person\/5eb9480bedd2f3c97e430ce128c29c6c","name":"danilo"}]}},"publishpress_future_action":{"enabled":false,"date":"2026-05-07 13:48:14","action":"category","newStatus":"draft","terms":[],"taxonomy":"category"},"publishpress_future_workflow_manual_trigger":{"enabledWorkflows":[]},"_links":{"self":[{"href":"https:\/\/www.oarcanjo.net\/site\/wp-json\/wp\/v2\/posts\/9311"}],"collection":[{"href":"https:\/\/www.oarcanjo.net\/site\/wp-json\/wp\/v2\/posts"}],"about":[{"href":"https:\/\/www.oarcanjo.net\/site\/wp-json\/wp\/v2\/types\/post"}],"author":[{"embeddable":true,"href":"https:\/\/www.oarcanjo.net\/site\/wp-json\/wp\/v2\/users\/14"}],"replies":[{"embeddable":true,"href":"https:\/\/www.oarcanjo.net\/site\/wp-json\/wp\/v2\/comments?post=9311"}],"version-history":[{"count":1,"href":"https:\/\/www.oarcanjo.net\/site\/wp-json\/wp\/v2\/posts\/9311\/revisions"}],"predecessor-version":[{"id":93073,"href":"https:\/\/www.oarcanjo.net\/site\/wp-json\/wp\/v2\/posts\/9311\/revisions\/93073"}],"wp:attachment":[{"href":"https:\/\/www.oarcanjo.net\/site\/wp-json\/wp\/v2\/media?parent=9311"}],"wp:term":[{"taxonomy":"category","embeddable":true,"href":"https:\/\/www.oarcanjo.net\/site\/wp-json\/wp\/v2\/categories?post=9311"},{"taxonomy":"post_tag","embeddable":true,"href":"https:\/\/www.oarcanjo.net\/site\/wp-json\/wp\/v2\/tags?post=9311"}],"curies":[{"name":"wp","href":"https:\/\/api.w.org\/{rel}","templated":true}]}}