
{"id":9313,"date":"2019-05-13T00:16:38","date_gmt":"2019-05-13T03:16:38","guid":{"rendered":"http:\/\/www.oarcanjo.net\/site\/?p=9313"},"modified":"2019-02-20T14:35:39","modified_gmt":"2019-02-20T17:35:39","slug":"santa-maria-domenica-mazzarello","status":"publish","type":"post","link":"https:\/\/www.oarcanjo.net\/site\/santa-maria-domenica-mazzarello\/","title":{"rendered":"Santa Maria Domenica Mazzarello"},"content":{"rendered":"<p><img loading=\"lazy\" decoding=\"async\" src=\"http:\/\/alexandrinabalasar.free.fr\/maria_domenica_mazzarello_01.jpg\" alt=\"\" width=\"422\" height=\"601\" \/><\/p>\n<p>13 de Maio<\/p>\n<p>Co-Fundadora do Instituto das Filhas de Maria Auxiliadora &#8211; Irm\u00e3s Salesianas &#8211;<\/p>\n<p>Maria Dom\u00eanica Mazzarello nasceu em 9 de maio de 1837, em Mornese, It\u00e1lia. Filha de camponeses, era a primog\u00eanita de dez filhos e aprendera a trabalhar duro, ajudando a m\u00e3e, Maria, nos trabalhos de casa e o pai, Jos\u00e9, nos vinhedos, at\u00e9 que a irm\u00e3 Felicina p\u00f4de substitu\u00ed-la em casa.<\/p>\n<p>Os pais eram crist\u00e3os fervorosos, muito preocupados com a educa\u00e7\u00e3o dos filhos, e se dedicaram especialmente \u00e0 primog\u00eanita. Para isso contaram com a ajuda de padre Domingos Pestarino, que teve forte influ\u00eancia na forma\u00e7\u00e3o espiritual de Maria Dom\u00eanica.<\/p>\n<p>No dia 9 de dezembro de 1855, nasceu em Mornese a Pia Sociedade das Filhas da Imaculada, composta por mo\u00e7as escolhidas a dedo por dom Pestarino. Maria Dom\u00eanica, ent\u00e3o com dezoito anos, era uma delas. Esse grupo se distinguiu pela dedica\u00e7\u00e3o \u00e0s meninas mais desprotegidas, pela preocupa\u00e7\u00e3o com a catequese e com o acompanhamento \u00e0s m\u00e3es crist\u00e3s. Entre elas, Maria Dom\u00eanica sobressa\u00eda, pela alegria e pela lideran\u00e7a que exercia.<\/p>\n<p>Em 1857, durante uma epidemia de tifo, Maria Dom\u00eanica foi cuidar de parentes que haviam contra\u00eddo a mol\u00e9stia. Mas o esfor\u00e7o a debilitou e ela tamb\u00e9m ficou doente. Com muito custo conseguiu se recuperar, mas a antiga energia nunca mais voltou. Assim, impossibilitada de trabalhar nos campos, convidou Petronila, sua grande amiga e Filha da Imaculada, para freq\u00fcentarem aulas de corte e costura com o alfaiate do lugar, para aprenderem a profiss\u00e3o.<\/p>\n<p>Quando estavam aptas, abriram uma salinha de costura no povoado, para ensinar \u00e0s meninas do povo n\u00e3o apenas a costurar, mas a amar muito Jesus e Nossa Senhora e viver sempre na presen\u00e7a deles: &#8220;Cada ponto da agulha seja um ato de amor a Deus&#8221;.<\/p>\n<p>Dessa salinha de costura nasceu o Instituto das Filhas de Maria Auxiliadora. O n\u00famero de meninas aumentava e algumas, n\u00e3o tendo para onde ir, permaneciam ali. Vendo o trabalho que faziam, outras mo\u00e7as quiseram juntar-se a elas e, logo, constitu\u00edram um grupo de mo\u00e7as, unidas por um mesmo ideal, fortalecidas por uma mesma espiritualidade, vivendo vida comum.<\/p>\n<p>Quando dom Jo\u00e3o Bosco, hoje santo, as conheceu, no in\u00edcio de outubro de 1864, percebeu que ali estava a resposta de Deus ao seu desejo de fazer pelas meninas o mesmo que ele j\u00e1 vinha fazendo pelos meninos. E assim, depois de longa prepara\u00e7\u00e3o, em 1872 nasceu o Instituto das Filhas de Maria Auxiliadora, as Irm\u00e3s Salesianas.<\/p>\n<p><img decoding=\"async\" src=\"http:\/\/www.colledonbosco.it\/_immagini\/santita_fam-salesiana\/maria_domenica_mazzarello\/maria_domenica_mazzarello-08.jpg\" alt=\"\" \/><\/p>\n<p>Maria Dom\u00eanica foi logo eleita superiora e confirmada por dom Bosco. E sob sua dire\u00e7\u00e3o o Instituto cresce e se expande pela It\u00e1lia, pela Europa e chega at\u00e9 \u00e0 Am\u00e9rica. Quando ela morre, aos quarenta e quatro anos de idade, em 13 de maio de 1881, suas irm\u00e3s j\u00e1 eram realidade na Igreja e em dois continentes. Hoje, sua congrega\u00e7\u00e3o espalha-se por todo o mundo a servi\u00e7o da juventude pobre e desamparada.<\/p>\n<p>Maria Dom\u00eanica Mazzarello foi canonizada pelo papa Pio XII em 1951 e sua venera\u00e7\u00e3o ocorre no festivo dia da celebra\u00e7\u00e3o de Nossa Senhora de F\u00e1tima, data em que a fundadora foi ao encontro do Pai Eterno.<\/p>\n<div id=\"themify_builder_content-9313\" data-postid=\"9313\" class=\"themify_builder_content themify_builder_content-9313 themify_builder themify_builder_front\">\n\t<\/div>\n<!-- \/themify_builder_content -->","protected":false},"excerpt":{"rendered":"<p>13 de Maio Co-Fundadora do Instituto das Filhas de Maria Auxiliadora &#8211; Irm\u00e3s Salesianas &#8211; Maria Dom\u00eanica Mazzarello nasceu em 9 de maio de 1837, em Mornese, It\u00e1lia. Filha de camponeses, era a primog\u00eanita de dez filhos e aprendera a trabalhar duro, ajudando a m\u00e3e, Maria, nos trabalhos de casa e o pai, Jos\u00e9, nos [&hellip;]<\/p>\n","protected":false},"author":14,"featured_media":0,"comment_status":"open","ping_status":"open","sticky":false,"template":"","format":"standard","meta":{"ngg_post_thumbnail":0,"footnotes":""},"categories":[186],"tags":[],"yoast_head":"<!-- This site is optimized with the Yoast SEO plugin v23.5 - https:\/\/yoast.com\/wordpress\/plugins\/seo\/ -->\n<title>Santa Maria Domenica Mazzarello - O Arcanjo no ar<\/title>\n<meta name=\"robots\" content=\"index, follow, max-snippet:-1, max-image-preview:large, max-video-preview:-1\" \/>\n<link rel=\"canonical\" href=\"https:\/\/www.oarcanjo.net\/site\/santa-maria-domenica-mazzarello\/\" \/>\n<meta property=\"og:locale\" content=\"pt_BR\" \/>\n<meta property=\"og:type\" content=\"article\" \/>\n<meta property=\"og:title\" content=\"Santa Maria Domenica Mazzarello - O Arcanjo no ar\" \/>\n<meta property=\"og:description\" content=\"13 de Maio Co-Fundadora do Instituto das Filhas de Maria Auxiliadora &#8211; Irm\u00e3s Salesianas &#8211; Maria Dom\u00eanica Mazzarello nasceu em 9 de maio de 1837, em Mornese, It\u00e1lia. Filha de camponeses, era a primog\u00eanita de dez filhos e aprendera a trabalhar duro, ajudando a m\u00e3e, Maria, nos trabalhos de casa e o pai, Jos\u00e9, nos [&hellip;]\" \/>\n<meta property=\"og:url\" content=\"https:\/\/www.oarcanjo.net\/site\/santa-maria-domenica-mazzarello\/\" \/>\n<meta property=\"og:site_name\" content=\"O Arcanjo no ar\" \/>\n<meta property=\"article:publisher\" content=\"https:\/\/www.facebook.com\/OArcanjoNoAr\/\" \/>\n<meta property=\"article:published_time\" content=\"2019-05-13T03:16:38+00:00\" \/>\n<meta property=\"article:modified_time\" content=\"2019-02-20T17:35:39+00:00\" \/>\n<meta property=\"og:image\" content=\"http:\/\/alexandrinabalasar.free.fr\/maria_domenica_mazzarello_01.jpg\" \/>\n<meta name=\"author\" content=\"danilo\" \/>\n<meta name=\"twitter:card\" content=\"summary_large_image\" \/>\n<meta name=\"twitter:label1\" content=\"Escrito por\" \/>\n\t<meta name=\"twitter:data1\" content=\"danilo\" \/>\n\t<meta name=\"twitter:label2\" content=\"Est. tempo de leitura\" \/>\n\t<meta name=\"twitter:data2\" content=\"3 minutos\" \/>\n<script type=\"application\/ld+json\" class=\"yoast-schema-graph\">{\"@context\":\"https:\/\/schema.org\",\"@graph\":[{\"@type\":\"Article\",\"@id\":\"https:\/\/www.oarcanjo.net\/site\/santa-maria-domenica-mazzarello\/#article\",\"isPartOf\":{\"@id\":\"https:\/\/www.oarcanjo.net\/site\/santa-maria-domenica-mazzarello\/\"},\"author\":{\"name\":\"danilo\",\"@id\":\"https:\/\/www.oarcanjo.net\/site\/#\/schema\/person\/5eb9480bedd2f3c97e430ce128c29c6c\"},\"headline\":\"Santa Maria Domenica Mazzarello\",\"datePublished\":\"2019-05-13T03:16:38+00:00\",\"dateModified\":\"2019-02-20T17:35:39+00:00\",\"mainEntityOfPage\":{\"@id\":\"https:\/\/www.oarcanjo.net\/site\/santa-maria-domenica-mazzarello\/\"},\"wordCount\":554,\"commentCount\":1,\"publisher\":{\"@id\":\"https:\/\/www.oarcanjo.net\/site\/#organization\"},\"image\":{\"@id\":\"https:\/\/www.oarcanjo.net\/site\/santa-maria-domenica-mazzarello\/#primaryimage\"},\"thumbnailUrl\":\"http:\/\/alexandrinabalasar.free.fr\/maria_domenica_mazzarello_01.jpg\",\"articleSection\":[\"Testemunhos\"],\"inLanguage\":\"pt-BR\",\"potentialAction\":[{\"@type\":\"CommentAction\",\"name\":\"Comment\",\"target\":[\"https:\/\/www.oarcanjo.net\/site\/santa-maria-domenica-mazzarello\/#respond\"]}]},{\"@type\":\"WebPage\",\"@id\":\"https:\/\/www.oarcanjo.net\/site\/santa-maria-domenica-mazzarello\/\",\"url\":\"https:\/\/www.oarcanjo.net\/site\/santa-maria-domenica-mazzarello\/\",\"name\":\"Santa Maria Domenica Mazzarello - O Arcanjo no ar\",\"isPartOf\":{\"@id\":\"https:\/\/www.oarcanjo.net\/site\/#website\"},\"primaryImageOfPage\":{\"@id\":\"https:\/\/www.oarcanjo.net\/site\/santa-maria-domenica-mazzarello\/#primaryimage\"},\"image\":{\"@id\":\"https:\/\/www.oarcanjo.net\/site\/santa-maria-domenica-mazzarello\/#primaryimage\"},\"thumbnailUrl\":\"http:\/\/alexandrinabalasar.free.fr\/maria_domenica_mazzarello_01.jpg\",\"datePublished\":\"2019-05-13T03:16:38+00:00\",\"dateModified\":\"2019-02-20T17:35:39+00:00\",\"breadcrumb\":{\"@id\":\"https:\/\/www.oarcanjo.net\/site\/santa-maria-domenica-mazzarello\/#breadcrumb\"},\"inLanguage\":\"pt-BR\",\"potentialAction\":[{\"@type\":\"ReadAction\",\"target\":[\"https:\/\/www.oarcanjo.net\/site\/santa-maria-domenica-mazzarello\/\"]}]},{\"@type\":\"ImageObject\",\"inLanguage\":\"pt-BR\",\"@id\":\"https:\/\/www.oarcanjo.net\/site\/santa-maria-domenica-mazzarello\/#primaryimage\",\"url\":\"http:\/\/alexandrinabalasar.free.fr\/maria_domenica_mazzarello_01.jpg\",\"contentUrl\":\"http:\/\/alexandrinabalasar.free.fr\/maria_domenica_mazzarello_01.jpg\"},{\"@type\":\"BreadcrumbList\",\"@id\":\"https:\/\/www.oarcanjo.net\/site\/santa-maria-domenica-mazzarello\/#breadcrumb\",\"itemListElement\":[{\"@type\":\"ListItem\",\"position\":1,\"name\":\"In\u00edcio\",\"item\":\"https:\/\/www.oarcanjo.net\/site\/\"},{\"@type\":\"ListItem\",\"position\":2,\"name\":\"Santa Maria Domenica Mazzarello\"}]},{\"@type\":\"WebSite\",\"@id\":\"https:\/\/www.oarcanjo.net\/site\/#website\",\"url\":\"https:\/\/www.oarcanjo.net\/site\/\",\"name\":\"O Arcanjo no ar\",\"description\":\"Site da Par\u00f3quia S\u00e3o Miguel Arcanjo (Arquidiocese de SP)\",\"publisher\":{\"@id\":\"https:\/\/www.oarcanjo.net\/site\/#organization\"},\"potentialAction\":[{\"@type\":\"SearchAction\",\"target\":{\"@type\":\"EntryPoint\",\"urlTemplate\":\"https:\/\/www.oarcanjo.net\/site\/?s={search_term_string}\"},\"query-input\":{\"@type\":\"PropertyValueSpecification\",\"valueRequired\":true,\"valueName\":\"search_term_string\"}}],\"inLanguage\":\"pt-BR\"},{\"@type\":\"Organization\",\"@id\":\"https:\/\/www.oarcanjo.net\/site\/#organization\",\"name\":\"Par\u00f3quia S\u00e3o Miguel Arcanjo\",\"url\":\"https:\/\/www.oarcanjo.net\/site\/\",\"logo\":{\"@type\":\"ImageObject\",\"inLanguage\":\"pt-BR\",\"@id\":\"https:\/\/www.oarcanjo.net\/site\/#\/schema\/logo\/image\/\",\"url\":\"https:\/\/www.oarcanjo.net\/site\/wp-content\/uploads\/LogoOArcanjo.png\",\"contentUrl\":\"https:\/\/www.oarcanjo.net\/site\/wp-content\/uploads\/LogoOArcanjo.png\",\"width\":319,\"height\":99,\"caption\":\"Par\u00f3quia S\u00e3o Miguel Arcanjo\"},\"image\":{\"@id\":\"https:\/\/www.oarcanjo.net\/site\/#\/schema\/logo\/image\/\"},\"sameAs\":[\"https:\/\/www.facebook.com\/OArcanjoNoAr\/\"]},{\"@type\":\"Person\",\"@id\":\"https:\/\/www.oarcanjo.net\/site\/#\/schema\/person\/5eb9480bedd2f3c97e430ce128c29c6c\",\"name\":\"danilo\"}]}<\/script>\n<!-- \/ Yoast SEO plugin. -->","yoast_head_json":{"title":"Santa Maria Domenica Mazzarello - O Arcanjo no ar","robots":{"index":"index","follow":"follow","max-snippet":"max-snippet:-1","max-image-preview":"max-image-preview:large","max-video-preview":"max-video-preview:-1"},"canonical":"https:\/\/www.oarcanjo.net\/site\/santa-maria-domenica-mazzarello\/","og_locale":"pt_BR","og_type":"article","og_title":"Santa Maria Domenica Mazzarello - O Arcanjo no ar","og_description":"13 de Maio Co-Fundadora do Instituto das Filhas de Maria Auxiliadora &#8211; Irm\u00e3s Salesianas &#8211; Maria Dom\u00eanica Mazzarello nasceu em 9 de maio de 1837, em Mornese, It\u00e1lia. Filha de camponeses, era a primog\u00eanita de dez filhos e aprendera a trabalhar duro, ajudando a m\u00e3e, Maria, nos trabalhos de casa e o pai, Jos\u00e9, nos [&hellip;]","og_url":"https:\/\/www.oarcanjo.net\/site\/santa-maria-domenica-mazzarello\/","og_site_name":"O Arcanjo no ar","article_publisher":"https:\/\/www.facebook.com\/OArcanjoNoAr\/","article_published_time":"2019-05-13T03:16:38+00:00","article_modified_time":"2019-02-20T17:35:39+00:00","og_image":[{"url":"http:\/\/alexandrinabalasar.free.fr\/maria_domenica_mazzarello_01.jpg"}],"author":"danilo","twitter_card":"summary_large_image","twitter_misc":{"Escrito por":"danilo","Est. tempo de leitura":"3 minutos"},"schema":{"@context":"https:\/\/schema.org","@graph":[{"@type":"Article","@id":"https:\/\/www.oarcanjo.net\/site\/santa-maria-domenica-mazzarello\/#article","isPartOf":{"@id":"https:\/\/www.oarcanjo.net\/site\/santa-maria-domenica-mazzarello\/"},"author":{"name":"danilo","@id":"https:\/\/www.oarcanjo.net\/site\/#\/schema\/person\/5eb9480bedd2f3c97e430ce128c29c6c"},"headline":"Santa Maria Domenica Mazzarello","datePublished":"2019-05-13T03:16:38+00:00","dateModified":"2019-02-20T17:35:39+00:00","mainEntityOfPage":{"@id":"https:\/\/www.oarcanjo.net\/site\/santa-maria-domenica-mazzarello\/"},"wordCount":554,"commentCount":1,"publisher":{"@id":"https:\/\/www.oarcanjo.net\/site\/#organization"},"image":{"@id":"https:\/\/www.oarcanjo.net\/site\/santa-maria-domenica-mazzarello\/#primaryimage"},"thumbnailUrl":"http:\/\/alexandrinabalasar.free.fr\/maria_domenica_mazzarello_01.jpg","articleSection":["Testemunhos"],"inLanguage":"pt-BR","potentialAction":[{"@type":"CommentAction","name":"Comment","target":["https:\/\/www.oarcanjo.net\/site\/santa-maria-domenica-mazzarello\/#respond"]}]},{"@type":"WebPage","@id":"https:\/\/www.oarcanjo.net\/site\/santa-maria-domenica-mazzarello\/","url":"https:\/\/www.oarcanjo.net\/site\/santa-maria-domenica-mazzarello\/","name":"Santa Maria Domenica Mazzarello - O Arcanjo no ar","isPartOf":{"@id":"https:\/\/www.oarcanjo.net\/site\/#website"},"primaryImageOfPage":{"@id":"https:\/\/www.oarcanjo.net\/site\/santa-maria-domenica-mazzarello\/#primaryimage"},"image":{"@id":"https:\/\/www.oarcanjo.net\/site\/santa-maria-domenica-mazzarello\/#primaryimage"},"thumbnailUrl":"http:\/\/alexandrinabalasar.free.fr\/maria_domenica_mazzarello_01.jpg","datePublished":"2019-05-13T03:16:38+00:00","dateModified":"2019-02-20T17:35:39+00:00","breadcrumb":{"@id":"https:\/\/www.oarcanjo.net\/site\/santa-maria-domenica-mazzarello\/#breadcrumb"},"inLanguage":"pt-BR","potentialAction":[{"@type":"ReadAction","target":["https:\/\/www.oarcanjo.net\/site\/santa-maria-domenica-mazzarello\/"]}]},{"@type":"ImageObject","inLanguage":"pt-BR","@id":"https:\/\/www.oarcanjo.net\/site\/santa-maria-domenica-mazzarello\/#primaryimage","url":"http:\/\/alexandrinabalasar.free.fr\/maria_domenica_mazzarello_01.jpg","contentUrl":"http:\/\/alexandrinabalasar.free.fr\/maria_domenica_mazzarello_01.jpg"},{"@type":"BreadcrumbList","@id":"https:\/\/www.oarcanjo.net\/site\/santa-maria-domenica-mazzarello\/#breadcrumb","itemListElement":[{"@type":"ListItem","position":1,"name":"In\u00edcio","item":"https:\/\/www.oarcanjo.net\/site\/"},{"@type":"ListItem","position":2,"name":"Santa Maria Domenica Mazzarello"}]},{"@type":"WebSite","@id":"https:\/\/www.oarcanjo.net\/site\/#website","url":"https:\/\/www.oarcanjo.net\/site\/","name":"O Arcanjo no ar","description":"Site da Par\u00f3quia S\u00e3o Miguel Arcanjo (Arquidiocese de SP)","publisher":{"@id":"https:\/\/www.oarcanjo.net\/site\/#organization"},"potentialAction":[{"@type":"SearchAction","target":{"@type":"EntryPoint","urlTemplate":"https:\/\/www.oarcanjo.net\/site\/?s={search_term_string}"},"query-input":{"@type":"PropertyValueSpecification","valueRequired":true,"valueName":"search_term_string"}}],"inLanguage":"pt-BR"},{"@type":"Organization","@id":"https:\/\/www.oarcanjo.net\/site\/#organization","name":"Par\u00f3quia S\u00e3o Miguel Arcanjo","url":"https:\/\/www.oarcanjo.net\/site\/","logo":{"@type":"ImageObject","inLanguage":"pt-BR","@id":"https:\/\/www.oarcanjo.net\/site\/#\/schema\/logo\/image\/","url":"https:\/\/www.oarcanjo.net\/site\/wp-content\/uploads\/LogoOArcanjo.png","contentUrl":"https:\/\/www.oarcanjo.net\/site\/wp-content\/uploads\/LogoOArcanjo.png","width":319,"height":99,"caption":"Par\u00f3quia S\u00e3o Miguel Arcanjo"},"image":{"@id":"https:\/\/www.oarcanjo.net\/site\/#\/schema\/logo\/image\/"},"sameAs":["https:\/\/www.facebook.com\/OArcanjoNoAr\/"]},{"@type":"Person","@id":"https:\/\/www.oarcanjo.net\/site\/#\/schema\/person\/5eb9480bedd2f3c97e430ce128c29c6c","name":"danilo"}]}},"publishpress_future_action":{"enabled":false,"date":"2026-05-07 13:48:29","action":"category","newStatus":"draft","terms":[],"taxonomy":"category"},"publishpress_future_workflow_manual_trigger":{"enabledWorkflows":[]},"_links":{"self":[{"href":"https:\/\/www.oarcanjo.net\/site\/wp-json\/wp\/v2\/posts\/9313"}],"collection":[{"href":"https:\/\/www.oarcanjo.net\/site\/wp-json\/wp\/v2\/posts"}],"about":[{"href":"https:\/\/www.oarcanjo.net\/site\/wp-json\/wp\/v2\/types\/post"}],"author":[{"embeddable":true,"href":"https:\/\/www.oarcanjo.net\/site\/wp-json\/wp\/v2\/users\/14"}],"replies":[{"embeddable":true,"href":"https:\/\/www.oarcanjo.net\/site\/wp-json\/wp\/v2\/comments?post=9313"}],"version-history":[{"count":1,"href":"https:\/\/www.oarcanjo.net\/site\/wp-json\/wp\/v2\/posts\/9313\/revisions"}],"predecessor-version":[{"id":93057,"href":"https:\/\/www.oarcanjo.net\/site\/wp-json\/wp\/v2\/posts\/9313\/revisions\/93057"}],"wp:attachment":[{"href":"https:\/\/www.oarcanjo.net\/site\/wp-json\/wp\/v2\/media?parent=9313"}],"wp:term":[{"taxonomy":"category","embeddable":true,"href":"https:\/\/www.oarcanjo.net\/site\/wp-json\/wp\/v2\/categories?post=9313"},{"taxonomy":"post_tag","embeddable":true,"href":"https:\/\/www.oarcanjo.net\/site\/wp-json\/wp\/v2\/tags?post=9313"}],"curies":[{"name":"wp","href":"https:\/\/api.w.org\/{rel}","templated":true}]}}