
{"id":9321,"date":"2019-05-14T00:38:49","date_gmt":"2019-05-14T03:38:49","guid":{"rendered":"http:\/\/www.oarcanjo.net\/site\/?p=9321"},"modified":"2019-02-20T14:35:47","modified_gmt":"2019-02-20T17:35:47","slug":"sao-matias","status":"publish","type":"post","link":"https:\/\/www.oarcanjo.net\/site\/sao-matias\/","title":{"rendered":"S\u00e3o Matias"},"content":{"rendered":"<p><img decoding=\"async\" src=\"http:\/\/3.bp.blogspot.com\/_K5-9KuKdEMg\/SgtQzg0TdtI\/AAAAAAAAA1g\/7VutHiJlmqw\/s400\/s-matias.JPG\" alt=\"\" \/><\/p>\n<p>14 de Maio<\/p>\n<p>Matias, o ap\u00f3stolo &#8220;p\u00f3stumo&#8221;. \u00c9 assim chamado porque surgiu depois da morte do ap\u00f3stolo Judas Iscariotes, o traidor. Alguns te\u00f3logos se referem \u00e0 ele como o d\u00e9cimo terceiro ap\u00f3stolo, pois foi eleito para ocupar esse posto, conforme consta dos Atos dos Ap\u00f3stolos, na B\u00edblia.<\/p>\n<p>A elei\u00e7\u00e3o dos onze ap\u00f3stolos deu-se dias depois da Ascens\u00e3o de Jesus e da vinda do Esp\u00edrito Santo e assim foi descrita: &#8220;Depois da Ascens\u00e3o de Jesus, Pedro disse aos demais disc\u00edpulos: Irm\u00e3os, em Judas se cumpriu o que dele se havia anunciado na Sagrada Escritura: Com o pre\u00e7o de sua maldade se comprou um campo&#8221;. O salmo 109 ordena &#8220;Que outro receba seu cargo&#8221;.<\/p>\n<p>&#8216;Conv\u00e9m, ent\u00e3o, que elejamos um para o lugar de Judas. E o eleito deve ser dos que estiveram entre n\u00f3s o tempo todo em que o Senhor conviveu entre n\u00f3s, desde que foi batizado por Jo\u00e3o Batista at\u00e9 que ressuscitou e subiu aos c\u00e9us'&#8221;. (At 1, 21-26)<\/p>\n<p>As outras informa\u00e7\u00f5es existentes sobre Matias fazem parte das tradi\u00e7\u00f5es e dos escritos da \u00e9poca. Esses registros, entretanto, s\u00e3o apenas fragmentos com algumas cita\u00e7\u00f5es e frases, que foram recuperadas e, segundo os te\u00f3logos, s\u00e3o de sua autoria. De fato, existe uma certa confus\u00e3o entre os ap\u00f3stolos Matias e Mateus em alguns escritos antigos.<\/p>\n<p>Segundo a tradi\u00e7\u00e3o Matias evangelizou na Jud\u00e9ia, Capad\u00f3cia e, depois, na Eti\u00f3pia. Ele sofreu persegui\u00e7\u00f5es e o mart\u00edrio, morreu apedrejado e decapitado em Colchis, Jerusal\u00e9m, testemunhando sua fidelidade a Jesus.<\/p>\n<p>H\u00e1 registros de que santa Helena, m\u00e3e do imperador Constantino, o Grande, mandou trasladar as rel\u00edquias de s\u00e3o Matias para Roma, onde uma parte est\u00e1 guardada na igreja de Santa Maria Maior. O restante delas se encontra na antiq\u00fc\u00edssima igreja de S\u00e3o Matias, em Treves, na Alemanha, cidade que a tradi\u00e7\u00e3o diz ter sido evangelizada por ele e que o tem como seu padroeiro.<\/p>\n<p>S\u00e3o Matias era comemorado no dia 24 de fevereiro, mas atualmente sua festa ocorre no dia 14 de maio.<\/p>\n<div id=\"themify_builder_content-9321\" data-postid=\"9321\" class=\"themify_builder_content themify_builder_content-9321 themify_builder themify_builder_front\">\n\t<\/div>\n<!-- \/themify_builder_content -->","protected":false},"excerpt":{"rendered":"<p>14 de Maio Matias, o ap\u00f3stolo &#8220;p\u00f3stumo&#8221;. \u00c9 assim chamado porque surgiu depois da morte do ap\u00f3stolo Judas Iscariotes, o traidor. Alguns te\u00f3logos se referem \u00e0 ele como o d\u00e9cimo terceiro ap\u00f3stolo, pois foi eleito para ocupar esse posto, conforme consta dos Atos dos Ap\u00f3stolos, na B\u00edblia. A elei\u00e7\u00e3o dos onze ap\u00f3stolos deu-se dias depois [&hellip;]<\/p>\n","protected":false},"author":14,"featured_media":0,"comment_status":"open","ping_status":"open","sticky":false,"template":"","format":"standard","meta":{"ngg_post_thumbnail":0,"footnotes":""},"categories":[186],"tags":[],"yoast_head":"<!-- This site is optimized with the Yoast SEO plugin v23.5 - https:\/\/yoast.com\/wordpress\/plugins\/seo\/ -->\n<title>S\u00e3o Matias - O Arcanjo no ar<\/title>\n<meta name=\"robots\" content=\"index, follow, max-snippet:-1, max-image-preview:large, max-video-preview:-1\" \/>\n<link rel=\"canonical\" href=\"https:\/\/www.oarcanjo.net\/site\/sao-matias\/\" \/>\n<meta property=\"og:locale\" content=\"pt_BR\" \/>\n<meta property=\"og:type\" content=\"article\" \/>\n<meta property=\"og:title\" content=\"S\u00e3o Matias - O Arcanjo no ar\" \/>\n<meta property=\"og:description\" content=\"14 de Maio Matias, o ap\u00f3stolo &#8220;p\u00f3stumo&#8221;. \u00c9 assim chamado porque surgiu depois da morte do ap\u00f3stolo Judas Iscariotes, o traidor. Alguns te\u00f3logos se referem \u00e0 ele como o d\u00e9cimo terceiro ap\u00f3stolo, pois foi eleito para ocupar esse posto, conforme consta dos Atos dos Ap\u00f3stolos, na B\u00edblia. A elei\u00e7\u00e3o dos onze ap\u00f3stolos deu-se dias depois [&hellip;]\" \/>\n<meta property=\"og:url\" content=\"https:\/\/www.oarcanjo.net\/site\/sao-matias\/\" \/>\n<meta property=\"og:site_name\" content=\"O Arcanjo no ar\" \/>\n<meta property=\"article:publisher\" content=\"https:\/\/www.facebook.com\/OArcanjoNoAr\/\" \/>\n<meta property=\"article:published_time\" content=\"2019-05-14T03:38:49+00:00\" \/>\n<meta property=\"article:modified_time\" content=\"2019-02-20T17:35:47+00:00\" \/>\n<meta property=\"og:image\" content=\"http:\/\/3.bp.blogspot.com\/_K5-9KuKdEMg\/SgtQzg0TdtI\/AAAAAAAAA1g\/7VutHiJlmqw\/s400\/s-matias.JPG\" \/>\n<meta name=\"author\" content=\"danilo\" \/>\n<meta name=\"twitter:card\" content=\"summary_large_image\" \/>\n<meta name=\"twitter:label1\" content=\"Escrito por\" \/>\n\t<meta name=\"twitter:data1\" content=\"danilo\" \/>\n\t<meta name=\"twitter:label2\" content=\"Est. tempo de leitura\" \/>\n\t<meta name=\"twitter:data2\" content=\"2 minutos\" \/>\n<script type=\"application\/ld+json\" class=\"yoast-schema-graph\">{\"@context\":\"https:\/\/schema.org\",\"@graph\":[{\"@type\":\"Article\",\"@id\":\"https:\/\/www.oarcanjo.net\/site\/sao-matias\/#article\",\"isPartOf\":{\"@id\":\"https:\/\/www.oarcanjo.net\/site\/sao-matias\/\"},\"author\":{\"name\":\"danilo\",\"@id\":\"https:\/\/www.oarcanjo.net\/site\/#\/schema\/person\/5eb9480bedd2f3c97e430ce128c29c6c\"},\"headline\":\"S\u00e3o Matias\",\"datePublished\":\"2019-05-14T03:38:49+00:00\",\"dateModified\":\"2019-02-20T17:35:47+00:00\",\"mainEntityOfPage\":{\"@id\":\"https:\/\/www.oarcanjo.net\/site\/sao-matias\/\"},\"wordCount\":365,\"commentCount\":0,\"publisher\":{\"@id\":\"https:\/\/www.oarcanjo.net\/site\/#organization\"},\"image\":{\"@id\":\"https:\/\/www.oarcanjo.net\/site\/sao-matias\/#primaryimage\"},\"thumbnailUrl\":\"http:\/\/3.bp.blogspot.com\/_K5-9KuKdEMg\/SgtQzg0TdtI\/AAAAAAAAA1g\/7VutHiJlmqw\/s400\/s-matias.JPG\",\"articleSection\":[\"Testemunhos\"],\"inLanguage\":\"pt-BR\",\"potentialAction\":[{\"@type\":\"CommentAction\",\"name\":\"Comment\",\"target\":[\"https:\/\/www.oarcanjo.net\/site\/sao-matias\/#respond\"]}]},{\"@type\":\"WebPage\",\"@id\":\"https:\/\/www.oarcanjo.net\/site\/sao-matias\/\",\"url\":\"https:\/\/www.oarcanjo.net\/site\/sao-matias\/\",\"name\":\"S\u00e3o Matias - O Arcanjo no ar\",\"isPartOf\":{\"@id\":\"https:\/\/www.oarcanjo.net\/site\/#website\"},\"primaryImageOfPage\":{\"@id\":\"https:\/\/www.oarcanjo.net\/site\/sao-matias\/#primaryimage\"},\"image\":{\"@id\":\"https:\/\/www.oarcanjo.net\/site\/sao-matias\/#primaryimage\"},\"thumbnailUrl\":\"http:\/\/3.bp.blogspot.com\/_K5-9KuKdEMg\/SgtQzg0TdtI\/AAAAAAAAA1g\/7VutHiJlmqw\/s400\/s-matias.JPG\",\"datePublished\":\"2019-05-14T03:38:49+00:00\",\"dateModified\":\"2019-02-20T17:35:47+00:00\",\"breadcrumb\":{\"@id\":\"https:\/\/www.oarcanjo.net\/site\/sao-matias\/#breadcrumb\"},\"inLanguage\":\"pt-BR\",\"potentialAction\":[{\"@type\":\"ReadAction\",\"target\":[\"https:\/\/www.oarcanjo.net\/site\/sao-matias\/\"]}]},{\"@type\":\"ImageObject\",\"inLanguage\":\"pt-BR\",\"@id\":\"https:\/\/www.oarcanjo.net\/site\/sao-matias\/#primaryimage\",\"url\":\"http:\/\/3.bp.blogspot.com\/_K5-9KuKdEMg\/SgtQzg0TdtI\/AAAAAAAAA1g\/7VutHiJlmqw\/s400\/s-matias.JPG\",\"contentUrl\":\"http:\/\/3.bp.blogspot.com\/_K5-9KuKdEMg\/SgtQzg0TdtI\/AAAAAAAAA1g\/7VutHiJlmqw\/s400\/s-matias.JPG\"},{\"@type\":\"BreadcrumbList\",\"@id\":\"https:\/\/www.oarcanjo.net\/site\/sao-matias\/#breadcrumb\",\"itemListElement\":[{\"@type\":\"ListItem\",\"position\":1,\"name\":\"In\u00edcio\",\"item\":\"https:\/\/www.oarcanjo.net\/site\/\"},{\"@type\":\"ListItem\",\"position\":2,\"name\":\"S\u00e3o Matias\"}]},{\"@type\":\"WebSite\",\"@id\":\"https:\/\/www.oarcanjo.net\/site\/#website\",\"url\":\"https:\/\/www.oarcanjo.net\/site\/\",\"name\":\"O Arcanjo no ar\",\"description\":\"Site da Par\u00f3quia S\u00e3o Miguel Arcanjo (Arquidiocese de SP)\",\"publisher\":{\"@id\":\"https:\/\/www.oarcanjo.net\/site\/#organization\"},\"potentialAction\":[{\"@type\":\"SearchAction\",\"target\":{\"@type\":\"EntryPoint\",\"urlTemplate\":\"https:\/\/www.oarcanjo.net\/site\/?s={search_term_string}\"},\"query-input\":{\"@type\":\"PropertyValueSpecification\",\"valueRequired\":true,\"valueName\":\"search_term_string\"}}],\"inLanguage\":\"pt-BR\"},{\"@type\":\"Organization\",\"@id\":\"https:\/\/www.oarcanjo.net\/site\/#organization\",\"name\":\"Par\u00f3quia S\u00e3o Miguel Arcanjo\",\"url\":\"https:\/\/www.oarcanjo.net\/site\/\",\"logo\":{\"@type\":\"ImageObject\",\"inLanguage\":\"pt-BR\",\"@id\":\"https:\/\/www.oarcanjo.net\/site\/#\/schema\/logo\/image\/\",\"url\":\"https:\/\/www.oarcanjo.net\/site\/wp-content\/uploads\/LogoOArcanjo.png\",\"contentUrl\":\"https:\/\/www.oarcanjo.net\/site\/wp-content\/uploads\/LogoOArcanjo.png\",\"width\":319,\"height\":99,\"caption\":\"Par\u00f3quia S\u00e3o Miguel Arcanjo\"},\"image\":{\"@id\":\"https:\/\/www.oarcanjo.net\/site\/#\/schema\/logo\/image\/\"},\"sameAs\":[\"https:\/\/www.facebook.com\/OArcanjoNoAr\/\"]},{\"@type\":\"Person\",\"@id\":\"https:\/\/www.oarcanjo.net\/site\/#\/schema\/person\/5eb9480bedd2f3c97e430ce128c29c6c\",\"name\":\"danilo\"}]}<\/script>\n<!-- \/ Yoast SEO plugin. -->","yoast_head_json":{"title":"S\u00e3o Matias - O Arcanjo no ar","robots":{"index":"index","follow":"follow","max-snippet":"max-snippet:-1","max-image-preview":"max-image-preview:large","max-video-preview":"max-video-preview:-1"},"canonical":"https:\/\/www.oarcanjo.net\/site\/sao-matias\/","og_locale":"pt_BR","og_type":"article","og_title":"S\u00e3o Matias - O Arcanjo no ar","og_description":"14 de Maio Matias, o ap\u00f3stolo &#8220;p\u00f3stumo&#8221;. \u00c9 assim chamado porque surgiu depois da morte do ap\u00f3stolo Judas Iscariotes, o traidor. Alguns te\u00f3logos se referem \u00e0 ele como o d\u00e9cimo terceiro ap\u00f3stolo, pois foi eleito para ocupar esse posto, conforme consta dos Atos dos Ap\u00f3stolos, na B\u00edblia. A elei\u00e7\u00e3o dos onze ap\u00f3stolos deu-se dias depois [&hellip;]","og_url":"https:\/\/www.oarcanjo.net\/site\/sao-matias\/","og_site_name":"O Arcanjo no ar","article_publisher":"https:\/\/www.facebook.com\/OArcanjoNoAr\/","article_published_time":"2019-05-14T03:38:49+00:00","article_modified_time":"2019-02-20T17:35:47+00:00","og_image":[{"url":"http:\/\/3.bp.blogspot.com\/_K5-9KuKdEMg\/SgtQzg0TdtI\/AAAAAAAAA1g\/7VutHiJlmqw\/s400\/s-matias.JPG"}],"author":"danilo","twitter_card":"summary_large_image","twitter_misc":{"Escrito por":"danilo","Est. tempo de leitura":"2 minutos"},"schema":{"@context":"https:\/\/schema.org","@graph":[{"@type":"Article","@id":"https:\/\/www.oarcanjo.net\/site\/sao-matias\/#article","isPartOf":{"@id":"https:\/\/www.oarcanjo.net\/site\/sao-matias\/"},"author":{"name":"danilo","@id":"https:\/\/www.oarcanjo.net\/site\/#\/schema\/person\/5eb9480bedd2f3c97e430ce128c29c6c"},"headline":"S\u00e3o Matias","datePublished":"2019-05-14T03:38:49+00:00","dateModified":"2019-02-20T17:35:47+00:00","mainEntityOfPage":{"@id":"https:\/\/www.oarcanjo.net\/site\/sao-matias\/"},"wordCount":365,"commentCount":0,"publisher":{"@id":"https:\/\/www.oarcanjo.net\/site\/#organization"},"image":{"@id":"https:\/\/www.oarcanjo.net\/site\/sao-matias\/#primaryimage"},"thumbnailUrl":"http:\/\/3.bp.blogspot.com\/_K5-9KuKdEMg\/SgtQzg0TdtI\/AAAAAAAAA1g\/7VutHiJlmqw\/s400\/s-matias.JPG","articleSection":["Testemunhos"],"inLanguage":"pt-BR","potentialAction":[{"@type":"CommentAction","name":"Comment","target":["https:\/\/www.oarcanjo.net\/site\/sao-matias\/#respond"]}]},{"@type":"WebPage","@id":"https:\/\/www.oarcanjo.net\/site\/sao-matias\/","url":"https:\/\/www.oarcanjo.net\/site\/sao-matias\/","name":"S\u00e3o Matias - O Arcanjo no ar","isPartOf":{"@id":"https:\/\/www.oarcanjo.net\/site\/#website"},"primaryImageOfPage":{"@id":"https:\/\/www.oarcanjo.net\/site\/sao-matias\/#primaryimage"},"image":{"@id":"https:\/\/www.oarcanjo.net\/site\/sao-matias\/#primaryimage"},"thumbnailUrl":"http:\/\/3.bp.blogspot.com\/_K5-9KuKdEMg\/SgtQzg0TdtI\/AAAAAAAAA1g\/7VutHiJlmqw\/s400\/s-matias.JPG","datePublished":"2019-05-14T03:38:49+00:00","dateModified":"2019-02-20T17:35:47+00:00","breadcrumb":{"@id":"https:\/\/www.oarcanjo.net\/site\/sao-matias\/#breadcrumb"},"inLanguage":"pt-BR","potentialAction":[{"@type":"ReadAction","target":["https:\/\/www.oarcanjo.net\/site\/sao-matias\/"]}]},{"@type":"ImageObject","inLanguage":"pt-BR","@id":"https:\/\/www.oarcanjo.net\/site\/sao-matias\/#primaryimage","url":"http:\/\/3.bp.blogspot.com\/_K5-9KuKdEMg\/SgtQzg0TdtI\/AAAAAAAAA1g\/7VutHiJlmqw\/s400\/s-matias.JPG","contentUrl":"http:\/\/3.bp.blogspot.com\/_K5-9KuKdEMg\/SgtQzg0TdtI\/AAAAAAAAA1g\/7VutHiJlmqw\/s400\/s-matias.JPG"},{"@type":"BreadcrumbList","@id":"https:\/\/www.oarcanjo.net\/site\/sao-matias\/#breadcrumb","itemListElement":[{"@type":"ListItem","position":1,"name":"In\u00edcio","item":"https:\/\/www.oarcanjo.net\/site\/"},{"@type":"ListItem","position":2,"name":"S\u00e3o Matias"}]},{"@type":"WebSite","@id":"https:\/\/www.oarcanjo.net\/site\/#website","url":"https:\/\/www.oarcanjo.net\/site\/","name":"O Arcanjo no ar","description":"Site da Par\u00f3quia S\u00e3o Miguel Arcanjo (Arquidiocese de SP)","publisher":{"@id":"https:\/\/www.oarcanjo.net\/site\/#organization"},"potentialAction":[{"@type":"SearchAction","target":{"@type":"EntryPoint","urlTemplate":"https:\/\/www.oarcanjo.net\/site\/?s={search_term_string}"},"query-input":{"@type":"PropertyValueSpecification","valueRequired":true,"valueName":"search_term_string"}}],"inLanguage":"pt-BR"},{"@type":"Organization","@id":"https:\/\/www.oarcanjo.net\/site\/#organization","name":"Par\u00f3quia S\u00e3o Miguel Arcanjo","url":"https:\/\/www.oarcanjo.net\/site\/","logo":{"@type":"ImageObject","inLanguage":"pt-BR","@id":"https:\/\/www.oarcanjo.net\/site\/#\/schema\/logo\/image\/","url":"https:\/\/www.oarcanjo.net\/site\/wp-content\/uploads\/LogoOArcanjo.png","contentUrl":"https:\/\/www.oarcanjo.net\/site\/wp-content\/uploads\/LogoOArcanjo.png","width":319,"height":99,"caption":"Par\u00f3quia S\u00e3o Miguel Arcanjo"},"image":{"@id":"https:\/\/www.oarcanjo.net\/site\/#\/schema\/logo\/image\/"},"sameAs":["https:\/\/www.facebook.com\/OArcanjoNoAr\/"]},{"@type":"Person","@id":"https:\/\/www.oarcanjo.net\/site\/#\/schema\/person\/5eb9480bedd2f3c97e430ce128c29c6c","name":"danilo"}]}},"publishpress_future_action":{"enabled":false,"date":"2026-05-09 07:54:49","action":"category","newStatus":"draft","terms":[],"taxonomy":"category"},"publishpress_future_workflow_manual_trigger":{"enabledWorkflows":[]},"_links":{"self":[{"href":"https:\/\/www.oarcanjo.net\/site\/wp-json\/wp\/v2\/posts\/9321"}],"collection":[{"href":"https:\/\/www.oarcanjo.net\/site\/wp-json\/wp\/v2\/posts"}],"about":[{"href":"https:\/\/www.oarcanjo.net\/site\/wp-json\/wp\/v2\/types\/post"}],"author":[{"embeddable":true,"href":"https:\/\/www.oarcanjo.net\/site\/wp-json\/wp\/v2\/users\/14"}],"replies":[{"embeddable":true,"href":"https:\/\/www.oarcanjo.net\/site\/wp-json\/wp\/v2\/comments?post=9321"}],"version-history":[{"count":1,"href":"https:\/\/www.oarcanjo.net\/site\/wp-json\/wp\/v2\/posts\/9321\/revisions"}],"predecessor-version":[{"id":93058,"href":"https:\/\/www.oarcanjo.net\/site\/wp-json\/wp\/v2\/posts\/9321\/revisions\/93058"}],"wp:attachment":[{"href":"https:\/\/www.oarcanjo.net\/site\/wp-json\/wp\/v2\/media?parent=9321"}],"wp:term":[{"taxonomy":"category","embeddable":true,"href":"https:\/\/www.oarcanjo.net\/site\/wp-json\/wp\/v2\/categories?post=9321"},{"taxonomy":"post_tag","embeddable":true,"href":"https:\/\/www.oarcanjo.net\/site\/wp-json\/wp\/v2\/tags?post=9321"}],"curies":[{"name":"wp","href":"https:\/\/api.w.org\/{rel}","templated":true}]}}