
{"id":9323,"date":"2019-05-14T00:40:12","date_gmt":"2019-05-14T03:40:12","guid":{"rendered":"http:\/\/www.oarcanjo.net\/site\/?p=9323"},"modified":"2019-02-20T14:34:41","modified_gmt":"2019-02-20T17:34:41","slug":"sao-miguel-garicoits","status":"publish","type":"post","link":"https:\/\/www.oarcanjo.net\/site\/sao-miguel-garicoits\/","title":{"rendered":"S\u00e3o Miguel Garicoits"},"content":{"rendered":"<p><img loading=\"lazy\" decoding=\"async\" class=\"alignnone size-full wp-image-71878\" src=\"http:\/\/www.oarcanjo.net\/site\/wp-content\/uploads\/Sao-Miguel-Garicoits.jpg\" alt=\"S\u00e3o Miguel Garicoits\" width=\"200\" height=\"267\" \/><\/p>\n<p>14 de Maio<\/p>\n<p>Fundador da Congrega\u00e7\u00e3o dos Padres do Sagrado Cora\u00e7\u00e3o de Jesus<\/p>\n<p>Miguel Garicoits nasceu em 15 de abril de 1797, em Ibarre, Fran\u00e7a. Seus pais, apesar de humildes, socorriam padres fugitivos do terror da Revolu\u00e7\u00e3o Francesa.<\/p>\n<p>O p\u00e1roco da vizinhan\u00e7a se encarregou da educa\u00e7\u00e3o de Miguel e depois o recomendou ao bispo de Baiona. Dedicado e inteligente, foi estudar no Semin\u00e1rio de Dax, ordenando-se sacerdote em 1823, e dois anos depois se tornou professor de Filosofia no Semin\u00e1rio Maior de B\u00e9tharram, nos Baixos Pirineus.<\/p>\n<p>Miguel se tornou formador de novos padres. Preocupava-se com o clero, que se mostrava despreparado e desorientado. Para mudar tal quadro, teve a id\u00e9ia de fundar um instituto de sacerdotes que atuariam como colaboradores nas par\u00f3quias, nos col\u00e9gios e nos semin\u00e1rios, dando suporte intelectual.<\/p>\n<p>O bispo n\u00e3o ficou muito animado com essa id\u00e9ia, por\u00e9m o autorizou a tentar. Assim, Miguel iniciou o seu projeto, procurando padres que estivessem dispostos \u00e0 miss\u00e3o. Ele os educou e preparou, o que encorajou o novo bispo de Baiona a dar o seu apoio. Em 1841, o instituto, que passou a se chamar Padres do Sagrado Cora\u00e7\u00e3o de Jesus, recebia a aprova\u00e7\u00e3o diocesana.<\/p>\n<p>Por\u00e9m uma doen\u00e7a seria o novo desafio que Miguel teria de enfrentar. Em 1853, adquiriu uma paralisia que o prenderia \u00e0 cama. Foram nove anos de sofrimento. Padre Miguel morreu em 14 de maio de 1863.<\/p>\n<p>Treze anos depois, teve inicio o seu processo de canoniza\u00e7\u00e3o, que terminou em 1947, quando foi proclamado santo pelo Papa Pio XII. Hoje, os Padres do Sagrado Cora\u00e7\u00e3o de Jesus, ou Padres de B\u00e9tharram, como tamb\u00e9m eram chamados, est\u00e3o presentes na It\u00e1lia, Espanha, Inglaterra, Argentina, no Uruguai e Brasil.<\/p>\n<div id=\"themify_builder_content-9323\" data-postid=\"9323\" class=\"themify_builder_content themify_builder_content-9323 themify_builder themify_builder_front\">\n\t<\/div>\n<!-- \/themify_builder_content -->","protected":false},"excerpt":{"rendered":"<p>14 de Maio Fundador da Congrega\u00e7\u00e3o dos Padres do Sagrado Cora\u00e7\u00e3o de Jesus Miguel Garicoits nasceu em 15 de abril de 1797, em Ibarre, Fran\u00e7a. Seus pais, apesar de humildes, socorriam padres fugitivos do terror da Revolu\u00e7\u00e3o Francesa. O p\u00e1roco da vizinhan\u00e7a se encarregou da educa\u00e7\u00e3o de Miguel e depois o recomendou ao bispo de [&hellip;]<\/p>\n","protected":false},"author":14,"featured_media":0,"comment_status":"open","ping_status":"open","sticky":false,"template":"","format":"standard","meta":{"ngg_post_thumbnail":0,"footnotes":""},"categories":[186],"tags":[],"yoast_head":"<!-- This site is optimized with the Yoast SEO plugin v23.5 - https:\/\/yoast.com\/wordpress\/plugins\/seo\/ -->\n<title>S\u00e3o Miguel Garicoits - O Arcanjo no ar<\/title>\n<meta name=\"robots\" content=\"index, follow, max-snippet:-1, max-image-preview:large, max-video-preview:-1\" \/>\n<link rel=\"canonical\" href=\"https:\/\/www.oarcanjo.net\/site\/sao-miguel-garicoits\/\" \/>\n<meta property=\"og:locale\" content=\"pt_BR\" \/>\n<meta property=\"og:type\" content=\"article\" \/>\n<meta property=\"og:title\" content=\"S\u00e3o Miguel Garicoits - O Arcanjo no ar\" \/>\n<meta property=\"og:description\" content=\"14 de Maio Fundador da Congrega\u00e7\u00e3o dos Padres do Sagrado Cora\u00e7\u00e3o de Jesus Miguel Garicoits nasceu em 15 de abril de 1797, em Ibarre, Fran\u00e7a. Seus pais, apesar de humildes, socorriam padres fugitivos do terror da Revolu\u00e7\u00e3o Francesa. O p\u00e1roco da vizinhan\u00e7a se encarregou da educa\u00e7\u00e3o de Miguel e depois o recomendou ao bispo de [&hellip;]\" \/>\n<meta property=\"og:url\" content=\"https:\/\/www.oarcanjo.net\/site\/sao-miguel-garicoits\/\" \/>\n<meta property=\"og:site_name\" content=\"O Arcanjo no ar\" \/>\n<meta property=\"article:publisher\" content=\"https:\/\/www.facebook.com\/OArcanjoNoAr\/\" \/>\n<meta property=\"article:published_time\" content=\"2019-05-14T03:40:12+00:00\" \/>\n<meta property=\"article:modified_time\" content=\"2019-02-20T17:34:41+00:00\" \/>\n<meta property=\"og:image\" content=\"http:\/\/www.oarcanjo.net\/site\/wp-content\/uploads\/Sao-Miguel-Garicoits.jpg\" \/>\n<meta name=\"author\" content=\"danilo\" \/>\n<meta name=\"twitter:card\" content=\"summary_large_image\" \/>\n<meta name=\"twitter:label1\" content=\"Escrito por\" \/>\n\t<meta name=\"twitter:data1\" content=\"danilo\" \/>\n\t<meta name=\"twitter:label2\" content=\"Est. tempo de leitura\" \/>\n\t<meta name=\"twitter:data2\" content=\"1 minuto\" \/>\n<script type=\"application\/ld+json\" class=\"yoast-schema-graph\">{\"@context\":\"https:\/\/schema.org\",\"@graph\":[{\"@type\":\"Article\",\"@id\":\"https:\/\/www.oarcanjo.net\/site\/sao-miguel-garicoits\/#article\",\"isPartOf\":{\"@id\":\"https:\/\/www.oarcanjo.net\/site\/sao-miguel-garicoits\/\"},\"author\":{\"name\":\"danilo\",\"@id\":\"https:\/\/www.oarcanjo.net\/site\/#\/schema\/person\/5eb9480bedd2f3c97e430ce128c29c6c\"},\"headline\":\"S\u00e3o Miguel Garicoits\",\"datePublished\":\"2019-05-14T03:40:12+00:00\",\"dateModified\":\"2019-02-20T17:34:41+00:00\",\"mainEntityOfPage\":{\"@id\":\"https:\/\/www.oarcanjo.net\/site\/sao-miguel-garicoits\/\"},\"wordCount\":300,\"commentCount\":0,\"publisher\":{\"@id\":\"https:\/\/www.oarcanjo.net\/site\/#organization\"},\"image\":{\"@id\":\"https:\/\/www.oarcanjo.net\/site\/sao-miguel-garicoits\/#primaryimage\"},\"thumbnailUrl\":\"http:\/\/www.oarcanjo.net\/site\/wp-content\/uploads\/Sao-Miguel-Garicoits.jpg\",\"articleSection\":[\"Testemunhos\"],\"inLanguage\":\"pt-BR\",\"potentialAction\":[{\"@type\":\"CommentAction\",\"name\":\"Comment\",\"target\":[\"https:\/\/www.oarcanjo.net\/site\/sao-miguel-garicoits\/#respond\"]}]},{\"@type\":\"WebPage\",\"@id\":\"https:\/\/www.oarcanjo.net\/site\/sao-miguel-garicoits\/\",\"url\":\"https:\/\/www.oarcanjo.net\/site\/sao-miguel-garicoits\/\",\"name\":\"S\u00e3o Miguel Garicoits - O Arcanjo no ar\",\"isPartOf\":{\"@id\":\"https:\/\/www.oarcanjo.net\/site\/#website\"},\"primaryImageOfPage\":{\"@id\":\"https:\/\/www.oarcanjo.net\/site\/sao-miguel-garicoits\/#primaryimage\"},\"image\":{\"@id\":\"https:\/\/www.oarcanjo.net\/site\/sao-miguel-garicoits\/#primaryimage\"},\"thumbnailUrl\":\"http:\/\/www.oarcanjo.net\/site\/wp-content\/uploads\/Sao-Miguel-Garicoits.jpg\",\"datePublished\":\"2019-05-14T03:40:12+00:00\",\"dateModified\":\"2019-02-20T17:34:41+00:00\",\"breadcrumb\":{\"@id\":\"https:\/\/www.oarcanjo.net\/site\/sao-miguel-garicoits\/#breadcrumb\"},\"inLanguage\":\"pt-BR\",\"potentialAction\":[{\"@type\":\"ReadAction\",\"target\":[\"https:\/\/www.oarcanjo.net\/site\/sao-miguel-garicoits\/\"]}]},{\"@type\":\"ImageObject\",\"inLanguage\":\"pt-BR\",\"@id\":\"https:\/\/www.oarcanjo.net\/site\/sao-miguel-garicoits\/#primaryimage\",\"url\":\"https:\/\/www.oarcanjo.net\/site\/wp-content\/uploads\/Sao-Miguel-Garicoits.jpg\",\"contentUrl\":\"https:\/\/www.oarcanjo.net\/site\/wp-content\/uploads\/Sao-Miguel-Garicoits.jpg\",\"width\":200,\"height\":267,\"caption\":\"S\u00e3o Miguel Garicoits\"},{\"@type\":\"BreadcrumbList\",\"@id\":\"https:\/\/www.oarcanjo.net\/site\/sao-miguel-garicoits\/#breadcrumb\",\"itemListElement\":[{\"@type\":\"ListItem\",\"position\":1,\"name\":\"In\u00edcio\",\"item\":\"https:\/\/www.oarcanjo.net\/site\/\"},{\"@type\":\"ListItem\",\"position\":2,\"name\":\"S\u00e3o Miguel Garicoits\"}]},{\"@type\":\"WebSite\",\"@id\":\"https:\/\/www.oarcanjo.net\/site\/#website\",\"url\":\"https:\/\/www.oarcanjo.net\/site\/\",\"name\":\"O Arcanjo no ar\",\"description\":\"Site da Par\u00f3quia S\u00e3o Miguel Arcanjo (Arquidiocese de SP)\",\"publisher\":{\"@id\":\"https:\/\/www.oarcanjo.net\/site\/#organization\"},\"potentialAction\":[{\"@type\":\"SearchAction\",\"target\":{\"@type\":\"EntryPoint\",\"urlTemplate\":\"https:\/\/www.oarcanjo.net\/site\/?s={search_term_string}\"},\"query-input\":{\"@type\":\"PropertyValueSpecification\",\"valueRequired\":true,\"valueName\":\"search_term_string\"}}],\"inLanguage\":\"pt-BR\"},{\"@type\":\"Organization\",\"@id\":\"https:\/\/www.oarcanjo.net\/site\/#organization\",\"name\":\"Par\u00f3quia S\u00e3o Miguel Arcanjo\",\"url\":\"https:\/\/www.oarcanjo.net\/site\/\",\"logo\":{\"@type\":\"ImageObject\",\"inLanguage\":\"pt-BR\",\"@id\":\"https:\/\/www.oarcanjo.net\/site\/#\/schema\/logo\/image\/\",\"url\":\"https:\/\/www.oarcanjo.net\/site\/wp-content\/uploads\/LogoOArcanjo.png\",\"contentUrl\":\"https:\/\/www.oarcanjo.net\/site\/wp-content\/uploads\/LogoOArcanjo.png\",\"width\":319,\"height\":99,\"caption\":\"Par\u00f3quia S\u00e3o Miguel Arcanjo\"},\"image\":{\"@id\":\"https:\/\/www.oarcanjo.net\/site\/#\/schema\/logo\/image\/\"},\"sameAs\":[\"https:\/\/www.facebook.com\/OArcanjoNoAr\/\"]},{\"@type\":\"Person\",\"@id\":\"https:\/\/www.oarcanjo.net\/site\/#\/schema\/person\/5eb9480bedd2f3c97e430ce128c29c6c\",\"name\":\"danilo\"}]}<\/script>\n<!-- \/ Yoast SEO plugin. -->","yoast_head_json":{"title":"S\u00e3o Miguel Garicoits - O Arcanjo no ar","robots":{"index":"index","follow":"follow","max-snippet":"max-snippet:-1","max-image-preview":"max-image-preview:large","max-video-preview":"max-video-preview:-1"},"canonical":"https:\/\/www.oarcanjo.net\/site\/sao-miguel-garicoits\/","og_locale":"pt_BR","og_type":"article","og_title":"S\u00e3o Miguel Garicoits - O Arcanjo no ar","og_description":"14 de Maio Fundador da Congrega\u00e7\u00e3o dos Padres do Sagrado Cora\u00e7\u00e3o de Jesus Miguel Garicoits nasceu em 15 de abril de 1797, em Ibarre, Fran\u00e7a. Seus pais, apesar de humildes, socorriam padres fugitivos do terror da Revolu\u00e7\u00e3o Francesa. O p\u00e1roco da vizinhan\u00e7a se encarregou da educa\u00e7\u00e3o de Miguel e depois o recomendou ao bispo de [&hellip;]","og_url":"https:\/\/www.oarcanjo.net\/site\/sao-miguel-garicoits\/","og_site_name":"O Arcanjo no ar","article_publisher":"https:\/\/www.facebook.com\/OArcanjoNoAr\/","article_published_time":"2019-05-14T03:40:12+00:00","article_modified_time":"2019-02-20T17:34:41+00:00","og_image":[{"url":"http:\/\/www.oarcanjo.net\/site\/wp-content\/uploads\/Sao-Miguel-Garicoits.jpg"}],"author":"danilo","twitter_card":"summary_large_image","twitter_misc":{"Escrito por":"danilo","Est. tempo de leitura":"1 minuto"},"schema":{"@context":"https:\/\/schema.org","@graph":[{"@type":"Article","@id":"https:\/\/www.oarcanjo.net\/site\/sao-miguel-garicoits\/#article","isPartOf":{"@id":"https:\/\/www.oarcanjo.net\/site\/sao-miguel-garicoits\/"},"author":{"name":"danilo","@id":"https:\/\/www.oarcanjo.net\/site\/#\/schema\/person\/5eb9480bedd2f3c97e430ce128c29c6c"},"headline":"S\u00e3o Miguel Garicoits","datePublished":"2019-05-14T03:40:12+00:00","dateModified":"2019-02-20T17:34:41+00:00","mainEntityOfPage":{"@id":"https:\/\/www.oarcanjo.net\/site\/sao-miguel-garicoits\/"},"wordCount":300,"commentCount":0,"publisher":{"@id":"https:\/\/www.oarcanjo.net\/site\/#organization"},"image":{"@id":"https:\/\/www.oarcanjo.net\/site\/sao-miguel-garicoits\/#primaryimage"},"thumbnailUrl":"http:\/\/www.oarcanjo.net\/site\/wp-content\/uploads\/Sao-Miguel-Garicoits.jpg","articleSection":["Testemunhos"],"inLanguage":"pt-BR","potentialAction":[{"@type":"CommentAction","name":"Comment","target":["https:\/\/www.oarcanjo.net\/site\/sao-miguel-garicoits\/#respond"]}]},{"@type":"WebPage","@id":"https:\/\/www.oarcanjo.net\/site\/sao-miguel-garicoits\/","url":"https:\/\/www.oarcanjo.net\/site\/sao-miguel-garicoits\/","name":"S\u00e3o Miguel Garicoits - O Arcanjo no ar","isPartOf":{"@id":"https:\/\/www.oarcanjo.net\/site\/#website"},"primaryImageOfPage":{"@id":"https:\/\/www.oarcanjo.net\/site\/sao-miguel-garicoits\/#primaryimage"},"image":{"@id":"https:\/\/www.oarcanjo.net\/site\/sao-miguel-garicoits\/#primaryimage"},"thumbnailUrl":"http:\/\/www.oarcanjo.net\/site\/wp-content\/uploads\/Sao-Miguel-Garicoits.jpg","datePublished":"2019-05-14T03:40:12+00:00","dateModified":"2019-02-20T17:34:41+00:00","breadcrumb":{"@id":"https:\/\/www.oarcanjo.net\/site\/sao-miguel-garicoits\/#breadcrumb"},"inLanguage":"pt-BR","potentialAction":[{"@type":"ReadAction","target":["https:\/\/www.oarcanjo.net\/site\/sao-miguel-garicoits\/"]}]},{"@type":"ImageObject","inLanguage":"pt-BR","@id":"https:\/\/www.oarcanjo.net\/site\/sao-miguel-garicoits\/#primaryimage","url":"https:\/\/www.oarcanjo.net\/site\/wp-content\/uploads\/Sao-Miguel-Garicoits.jpg","contentUrl":"https:\/\/www.oarcanjo.net\/site\/wp-content\/uploads\/Sao-Miguel-Garicoits.jpg","width":200,"height":267,"caption":"S\u00e3o Miguel Garicoits"},{"@type":"BreadcrumbList","@id":"https:\/\/www.oarcanjo.net\/site\/sao-miguel-garicoits\/#breadcrumb","itemListElement":[{"@type":"ListItem","position":1,"name":"In\u00edcio","item":"https:\/\/www.oarcanjo.net\/site\/"},{"@type":"ListItem","position":2,"name":"S\u00e3o Miguel Garicoits"}]},{"@type":"WebSite","@id":"https:\/\/www.oarcanjo.net\/site\/#website","url":"https:\/\/www.oarcanjo.net\/site\/","name":"O Arcanjo no ar","description":"Site da Par\u00f3quia S\u00e3o Miguel Arcanjo (Arquidiocese de SP)","publisher":{"@id":"https:\/\/www.oarcanjo.net\/site\/#organization"},"potentialAction":[{"@type":"SearchAction","target":{"@type":"EntryPoint","urlTemplate":"https:\/\/www.oarcanjo.net\/site\/?s={search_term_string}"},"query-input":{"@type":"PropertyValueSpecification","valueRequired":true,"valueName":"search_term_string"}}],"inLanguage":"pt-BR"},{"@type":"Organization","@id":"https:\/\/www.oarcanjo.net\/site\/#organization","name":"Par\u00f3quia S\u00e3o Miguel Arcanjo","url":"https:\/\/www.oarcanjo.net\/site\/","logo":{"@type":"ImageObject","inLanguage":"pt-BR","@id":"https:\/\/www.oarcanjo.net\/site\/#\/schema\/logo\/image\/","url":"https:\/\/www.oarcanjo.net\/site\/wp-content\/uploads\/LogoOArcanjo.png","contentUrl":"https:\/\/www.oarcanjo.net\/site\/wp-content\/uploads\/LogoOArcanjo.png","width":319,"height":99,"caption":"Par\u00f3quia S\u00e3o Miguel Arcanjo"},"image":{"@id":"https:\/\/www.oarcanjo.net\/site\/#\/schema\/logo\/image\/"},"sameAs":["https:\/\/www.facebook.com\/OArcanjoNoAr\/"]},{"@type":"Person","@id":"https:\/\/www.oarcanjo.net\/site\/#\/schema\/person\/5eb9480bedd2f3c97e430ce128c29c6c","name":"danilo"}]}},"publishpress_future_action":{"enabled":false,"date":"2026-05-07 13:48:29","action":"category","newStatus":"draft","terms":[],"taxonomy":"category"},"publishpress_future_workflow_manual_trigger":{"enabledWorkflows":[]},"_links":{"self":[{"href":"https:\/\/www.oarcanjo.net\/site\/wp-json\/wp\/v2\/posts\/9323"}],"collection":[{"href":"https:\/\/www.oarcanjo.net\/site\/wp-json\/wp\/v2\/posts"}],"about":[{"href":"https:\/\/www.oarcanjo.net\/site\/wp-json\/wp\/v2\/types\/post"}],"author":[{"embeddable":true,"href":"https:\/\/www.oarcanjo.net\/site\/wp-json\/wp\/v2\/users\/14"}],"replies":[{"embeddable":true,"href":"https:\/\/www.oarcanjo.net\/site\/wp-json\/wp\/v2\/comments?post=9323"}],"version-history":[{"count":1,"href":"https:\/\/www.oarcanjo.net\/site\/wp-json\/wp\/v2\/posts\/9323\/revisions"}],"predecessor-version":[{"id":93045,"href":"https:\/\/www.oarcanjo.net\/site\/wp-json\/wp\/v2\/posts\/9323\/revisions\/93045"}],"wp:attachment":[{"href":"https:\/\/www.oarcanjo.net\/site\/wp-json\/wp\/v2\/media?parent=9323"}],"wp:term":[{"taxonomy":"category","embeddable":true,"href":"https:\/\/www.oarcanjo.net\/site\/wp-json\/wp\/v2\/categories?post=9323"},{"taxonomy":"post_tag","embeddable":true,"href":"https:\/\/www.oarcanjo.net\/site\/wp-json\/wp\/v2\/tags?post=9323"}],"curies":[{"name":"wp","href":"https:\/\/api.w.org\/{rel}","templated":true}]}}