
{"id":93317,"date":"2019-03-06T08:53:25","date_gmt":"2019-03-06T11:53:25","guid":{"rendered":"https:\/\/www.oarcanjo.net\/site\/?p=93317"},"modified":"2019-03-06T08:53:48","modified_gmt":"2019-03-06T11:53:48","slug":"o-significado-das-cinzas-que-marca-o-inicio-da-quaresma","status":"publish","type":"post","link":"https:\/\/www.oarcanjo.net\/site\/o-significado-das-cinzas-que-marca-o-inicio-da-quaresma\/","title":{"rendered":"O significado das cinzas que marcam o in\u00edcio da Quaresma"},"content":{"rendered":"<p><em>Fernando Altemeyer Jr.<\/em><\/p>\n<p>Cinzas: s\u00e3o s\u00edmbolo de penit\u00eancia, de luto e da finitude da mat\u00e9ria passada pela prova de fogo.<\/p>\n<p>Representam simultaneamente o pecado e a fragilidade humana (livro da Sabedoria 15,10; profeta Ezequiel 28,18; profeta Malaquias 3,21). Cobrir-se de cinzas \u00e9 sinal p\u00fablico de arrependimento e forma concreta de colocar-se \u00e0 prova. \u00c9 manifesta\u00e7\u00e3o p\u00fablica da consci\u00eancia do pecado e sua abjura\u00e7\u00e3o (Judite 4, 11-15; Ezequiel 27, 30), na esperan\u00e7a do perd\u00e3o misericordioso de Deus.<\/p>\n<p>Nos primeiros s\u00e9culos do cristianismo os membros da Igreja que tivessem cometido pecados grav\u00edssimos, motivo de grande esc\u00e2ndalo, estavam sujeitos \u00e0 uma penit\u00eancia p\u00fablica, que podia durar semanas ou mesmo anos, segundo a gravidade da culpa. Vinham estes descal\u00e7os at\u00e9 a Catedral, no primeiro dia da quaresma. O bispo da cidade depois de exort\u00e1-los ao arrependimento dos pecados, os cobria com um cil\u00edcio, pequena t\u00fanica com cinto ou cord\u00e3o, de material \u00e1spero ou grosseiro, trazido diretamente sobre a pele e atirava-lhes uma por\u00e7\u00e3o de cinzas na cabe\u00e7a dizendo ao mesmo tempo: &#8220;Lembra-te, \u00f3 humano, que \u00e9s p\u00f3 e que a p\u00f3 ser\u00e1s reduzido.&#8221; Eram jogados ent\u00e3o fora da Igreja e n\u00e3o podiam mais entrar nesta enquanto n\u00e3o fosse cumprida a sua penit\u00eancia.<\/p>\n<p>No s\u00e9culo XI, quiseram padres e leigos seguir esta pr\u00e1tica de humilha\u00e7\u00e3o e penit\u00eancia, reservada outrora aos pecadores p\u00fablicos e not\u00f3rios, e assim no Ocidente a partir do s\u00e9culo XII o costume expandiu-se em todas as Igrejas quando os fi\u00e9is na Quarta-feira antes da Quadrag\u00e9sima iam receber cinzas em suas frontes.<\/p>\n<p>Hoje a f\u00f3rmula permanece a mesma : &#8220;Lembra-te que \u00e9s p\u00f3, e ao p\u00f3 h\u00e1s de voltar.(G\u00eanesis 3,19)&#8221;, ou diz-se o texto do Evangelho de Jesus segundo Marcos 1,15: &#8220;Convertei-vos e crede no Evangelho&#8221;.<\/p>\n<p>&#8220;Na Quarta-feira anterior ao primeiro Domingo da Quaresma, os crist\u00e3os, recebendo as cinzas, entram no tempo estabelecido para que suas vidas se purifiquem. Este sinal de penit\u00eancia, que v\u00eam da tradi\u00e7\u00e3o b\u00edblica e que o costume da Igreja conservou at\u00e9 hoje, manifesta a condi\u00e7\u00e3o da humanidade pecadora, que confessa exteriormente sua falta diante do Senhor e exprime assim a vontade de uma convers\u00e3o interior, conduzida pela esperan\u00e7a que o Senhor ser\u00e1 para n\u00f3s pleno de ternura. Este sinal marca o come\u00e7o do caminho de convers\u00e3o, que atingir\u00e1 sua meta pela celebra\u00e7\u00e3o do sacramento da Penit\u00eancia nos dias que precedem a P\u00e1scoa.&#8221; (Congrega\u00e7\u00e3o para o culto divino, 18 de janeiro de 1988).<\/p>\n<div id=\"themify_builder_content-93317\" data-postid=\"93317\" class=\"themify_builder_content themify_builder_content-93317 themify_builder themify_builder_front\">\n\t<\/div>\n<!-- \/themify_builder_content -->","protected":false},"excerpt":{"rendered":"<p>Fernando Altemeyer Jr. Cinzas: s\u00e3o s\u00edmbolo de penit\u00eancia, de luto e da finitude da mat\u00e9ria passada pela prova de fogo. Representam simultaneamente o pecado e a fragilidade humana (livro da Sabedoria 15,10; profeta Ezequiel 28,18; profeta Malaquias 3,21). Cobrir-se de cinzas \u00e9 sinal p\u00fablico de arrependimento e forma concreta de colocar-se \u00e0 prova. \u00c9 manifesta\u00e7\u00e3o [&hellip;]<\/p>\n","protected":false},"author":5,"featured_media":0,"comment_status":"open","ping_status":"open","sticky":false,"template":"","format":"standard","meta":{"ngg_post_thumbnail":0,"footnotes":""},"categories":[9],"tags":[],"yoast_head":"<!-- This site is optimized with the Yoast SEO plugin v23.5 - https:\/\/yoast.com\/wordpress\/plugins\/seo\/ -->\n<title>O significado das cinzas que marcam o in\u00edcio da Quaresma - O Arcanjo no ar<\/title>\n<meta name=\"robots\" content=\"index, follow, max-snippet:-1, max-image-preview:large, max-video-preview:-1\" \/>\n<link rel=\"canonical\" href=\"https:\/\/www.oarcanjo.net\/site\/o-significado-das-cinzas-que-marca-o-inicio-da-quaresma\/\" \/>\n<meta property=\"og:locale\" content=\"pt_BR\" \/>\n<meta property=\"og:type\" content=\"article\" \/>\n<meta property=\"og:title\" content=\"O significado das cinzas que marcam o in\u00edcio da Quaresma - O Arcanjo no ar\" \/>\n<meta property=\"og:description\" content=\"Fernando Altemeyer Jr. Cinzas: s\u00e3o s\u00edmbolo de penit\u00eancia, de luto e da finitude da mat\u00e9ria passada pela prova de fogo. Representam simultaneamente o pecado e a fragilidade humana (livro da Sabedoria 15,10; profeta Ezequiel 28,18; profeta Malaquias 3,21). Cobrir-se de cinzas \u00e9 sinal p\u00fablico de arrependimento e forma concreta de colocar-se \u00e0 prova. \u00c9 manifesta\u00e7\u00e3o [&hellip;]\" \/>\n<meta property=\"og:url\" content=\"https:\/\/www.oarcanjo.net\/site\/o-significado-das-cinzas-que-marca-o-inicio-da-quaresma\/\" \/>\n<meta property=\"og:site_name\" content=\"O Arcanjo no ar\" \/>\n<meta property=\"article:publisher\" content=\"https:\/\/www.facebook.com\/OArcanjoNoAr\/\" \/>\n<meta property=\"article:published_time\" content=\"2019-03-06T11:53:25+00:00\" \/>\n<meta property=\"article:modified_time\" content=\"2019-03-06T11:53:48+00:00\" \/>\n<meta property=\"og:image\" content=\"https:\/\/www.oarcanjo.net\/site\/wp-content\/uploads\/logo-o-arcanjo-no-ar-facebook.png\" \/>\n\t<meta property=\"og:image:width\" content=\"300\" \/>\n\t<meta property=\"og:image:height\" content=\"300\" \/>\n\t<meta property=\"og:image:type\" content=\"image\/png\" \/>\n<meta name=\"author\" content=\"editor\" \/>\n<meta name=\"twitter:card\" content=\"summary_large_image\" \/>\n<meta name=\"twitter:label1\" content=\"Escrito por\" \/>\n\t<meta name=\"twitter:data1\" content=\"editor\" \/>\n\t<meta name=\"twitter:label2\" content=\"Est. tempo de leitura\" \/>\n\t<meta name=\"twitter:data2\" content=\"2 minutos\" \/>\n<script type=\"application\/ld+json\" class=\"yoast-schema-graph\">{\"@context\":\"https:\/\/schema.org\",\"@graph\":[{\"@type\":\"Article\",\"@id\":\"https:\/\/www.oarcanjo.net\/site\/o-significado-das-cinzas-que-marca-o-inicio-da-quaresma\/#article\",\"isPartOf\":{\"@id\":\"https:\/\/www.oarcanjo.net\/site\/o-significado-das-cinzas-que-marca-o-inicio-da-quaresma\/\"},\"author\":{\"name\":\"editor\",\"@id\":\"https:\/\/www.oarcanjo.net\/site\/#\/schema\/person\/f7024d007863202483a31326673a0838\"},\"headline\":\"O significado das cinzas que marcam o in\u00edcio da Quaresma\",\"datePublished\":\"2019-03-06T11:53:25+00:00\",\"dateModified\":\"2019-03-06T11:53:48+00:00\",\"mainEntityOfPage\":{\"@id\":\"https:\/\/www.oarcanjo.net\/site\/o-significado-das-cinzas-que-marca-o-inicio-da-quaresma\/\"},\"wordCount\":445,\"commentCount\":0,\"publisher\":{\"@id\":\"https:\/\/www.oarcanjo.net\/site\/#organization\"},\"articleSection\":[\"Reflex\u00f5es\"],\"inLanguage\":\"pt-BR\",\"potentialAction\":[{\"@type\":\"CommentAction\",\"name\":\"Comment\",\"target\":[\"https:\/\/www.oarcanjo.net\/site\/o-significado-das-cinzas-que-marca-o-inicio-da-quaresma\/#respond\"]}]},{\"@type\":\"WebPage\",\"@id\":\"https:\/\/www.oarcanjo.net\/site\/o-significado-das-cinzas-que-marca-o-inicio-da-quaresma\/\",\"url\":\"https:\/\/www.oarcanjo.net\/site\/o-significado-das-cinzas-que-marca-o-inicio-da-quaresma\/\",\"name\":\"O significado das cinzas que marcam o in\u00edcio da Quaresma - O Arcanjo no ar\",\"isPartOf\":{\"@id\":\"https:\/\/www.oarcanjo.net\/site\/#website\"},\"datePublished\":\"2019-03-06T11:53:25+00:00\",\"dateModified\":\"2019-03-06T11:53:48+00:00\",\"breadcrumb\":{\"@id\":\"https:\/\/www.oarcanjo.net\/site\/o-significado-das-cinzas-que-marca-o-inicio-da-quaresma\/#breadcrumb\"},\"inLanguage\":\"pt-BR\",\"potentialAction\":[{\"@type\":\"ReadAction\",\"target\":[\"https:\/\/www.oarcanjo.net\/site\/o-significado-das-cinzas-que-marca-o-inicio-da-quaresma\/\"]}]},{\"@type\":\"BreadcrumbList\",\"@id\":\"https:\/\/www.oarcanjo.net\/site\/o-significado-das-cinzas-que-marca-o-inicio-da-quaresma\/#breadcrumb\",\"itemListElement\":[{\"@type\":\"ListItem\",\"position\":1,\"name\":\"In\u00edcio\",\"item\":\"https:\/\/www.oarcanjo.net\/site\/\"},{\"@type\":\"ListItem\",\"position\":2,\"name\":\"O significado das cinzas que marcam o in\u00edcio da Quaresma\"}]},{\"@type\":\"WebSite\",\"@id\":\"https:\/\/www.oarcanjo.net\/site\/#website\",\"url\":\"https:\/\/www.oarcanjo.net\/site\/\",\"name\":\"O Arcanjo no ar\",\"description\":\"Site da Par\u00f3quia S\u00e3o Miguel Arcanjo (Arquidiocese de SP)\",\"publisher\":{\"@id\":\"https:\/\/www.oarcanjo.net\/site\/#organization\"},\"potentialAction\":[{\"@type\":\"SearchAction\",\"target\":{\"@type\":\"EntryPoint\",\"urlTemplate\":\"https:\/\/www.oarcanjo.net\/site\/?s={search_term_string}\"},\"query-input\":{\"@type\":\"PropertyValueSpecification\",\"valueRequired\":true,\"valueName\":\"search_term_string\"}}],\"inLanguage\":\"pt-BR\"},{\"@type\":\"Organization\",\"@id\":\"https:\/\/www.oarcanjo.net\/site\/#organization\",\"name\":\"Par\u00f3quia S\u00e3o Miguel Arcanjo\",\"url\":\"https:\/\/www.oarcanjo.net\/site\/\",\"logo\":{\"@type\":\"ImageObject\",\"inLanguage\":\"pt-BR\",\"@id\":\"https:\/\/www.oarcanjo.net\/site\/#\/schema\/logo\/image\/\",\"url\":\"https:\/\/www.oarcanjo.net\/site\/wp-content\/uploads\/LogoOArcanjo.png\",\"contentUrl\":\"https:\/\/www.oarcanjo.net\/site\/wp-content\/uploads\/LogoOArcanjo.png\",\"width\":319,\"height\":99,\"caption\":\"Par\u00f3quia S\u00e3o Miguel Arcanjo\"},\"image\":{\"@id\":\"https:\/\/www.oarcanjo.net\/site\/#\/schema\/logo\/image\/\"},\"sameAs\":[\"https:\/\/www.facebook.com\/OArcanjoNoAr\/\"]},{\"@type\":\"Person\",\"@id\":\"https:\/\/www.oarcanjo.net\/site\/#\/schema\/person\/f7024d007863202483a31326673a0838\",\"name\":\"editor\",\"sameAs\":[\"http:\/\/www.oarcanjo.net\"]}]}<\/script>\n<!-- \/ Yoast SEO plugin. -->","yoast_head_json":{"title":"O significado das cinzas que marcam o in\u00edcio da Quaresma - O Arcanjo no ar","robots":{"index":"index","follow":"follow","max-snippet":"max-snippet:-1","max-image-preview":"max-image-preview:large","max-video-preview":"max-video-preview:-1"},"canonical":"https:\/\/www.oarcanjo.net\/site\/o-significado-das-cinzas-que-marca-o-inicio-da-quaresma\/","og_locale":"pt_BR","og_type":"article","og_title":"O significado das cinzas que marcam o in\u00edcio da Quaresma - O Arcanjo no ar","og_description":"Fernando Altemeyer Jr. Cinzas: s\u00e3o s\u00edmbolo de penit\u00eancia, de luto e da finitude da mat\u00e9ria passada pela prova de fogo. Representam simultaneamente o pecado e a fragilidade humana (livro da Sabedoria 15,10; profeta Ezequiel 28,18; profeta Malaquias 3,21). Cobrir-se de cinzas \u00e9 sinal p\u00fablico de arrependimento e forma concreta de colocar-se \u00e0 prova. \u00c9 manifesta\u00e7\u00e3o [&hellip;]","og_url":"https:\/\/www.oarcanjo.net\/site\/o-significado-das-cinzas-que-marca-o-inicio-da-quaresma\/","og_site_name":"O Arcanjo no ar","article_publisher":"https:\/\/www.facebook.com\/OArcanjoNoAr\/","article_published_time":"2019-03-06T11:53:25+00:00","article_modified_time":"2019-03-06T11:53:48+00:00","og_image":[{"width":300,"height":300,"url":"https:\/\/www.oarcanjo.net\/site\/wp-content\/uploads\/logo-o-arcanjo-no-ar-facebook.png","type":"image\/png"}],"author":"editor","twitter_card":"summary_large_image","twitter_misc":{"Escrito por":"editor","Est. tempo de leitura":"2 minutos"},"schema":{"@context":"https:\/\/schema.org","@graph":[{"@type":"Article","@id":"https:\/\/www.oarcanjo.net\/site\/o-significado-das-cinzas-que-marca-o-inicio-da-quaresma\/#article","isPartOf":{"@id":"https:\/\/www.oarcanjo.net\/site\/o-significado-das-cinzas-que-marca-o-inicio-da-quaresma\/"},"author":{"name":"editor","@id":"https:\/\/www.oarcanjo.net\/site\/#\/schema\/person\/f7024d007863202483a31326673a0838"},"headline":"O significado das cinzas que marcam o in\u00edcio da Quaresma","datePublished":"2019-03-06T11:53:25+00:00","dateModified":"2019-03-06T11:53:48+00:00","mainEntityOfPage":{"@id":"https:\/\/www.oarcanjo.net\/site\/o-significado-das-cinzas-que-marca-o-inicio-da-quaresma\/"},"wordCount":445,"commentCount":0,"publisher":{"@id":"https:\/\/www.oarcanjo.net\/site\/#organization"},"articleSection":["Reflex\u00f5es"],"inLanguage":"pt-BR","potentialAction":[{"@type":"CommentAction","name":"Comment","target":["https:\/\/www.oarcanjo.net\/site\/o-significado-das-cinzas-que-marca-o-inicio-da-quaresma\/#respond"]}]},{"@type":"WebPage","@id":"https:\/\/www.oarcanjo.net\/site\/o-significado-das-cinzas-que-marca-o-inicio-da-quaresma\/","url":"https:\/\/www.oarcanjo.net\/site\/o-significado-das-cinzas-que-marca-o-inicio-da-quaresma\/","name":"O significado das cinzas que marcam o in\u00edcio da Quaresma - O Arcanjo no ar","isPartOf":{"@id":"https:\/\/www.oarcanjo.net\/site\/#website"},"datePublished":"2019-03-06T11:53:25+00:00","dateModified":"2019-03-06T11:53:48+00:00","breadcrumb":{"@id":"https:\/\/www.oarcanjo.net\/site\/o-significado-das-cinzas-que-marca-o-inicio-da-quaresma\/#breadcrumb"},"inLanguage":"pt-BR","potentialAction":[{"@type":"ReadAction","target":["https:\/\/www.oarcanjo.net\/site\/o-significado-das-cinzas-que-marca-o-inicio-da-quaresma\/"]}]},{"@type":"BreadcrumbList","@id":"https:\/\/www.oarcanjo.net\/site\/o-significado-das-cinzas-que-marca-o-inicio-da-quaresma\/#breadcrumb","itemListElement":[{"@type":"ListItem","position":1,"name":"In\u00edcio","item":"https:\/\/www.oarcanjo.net\/site\/"},{"@type":"ListItem","position":2,"name":"O significado das cinzas que marcam o in\u00edcio da Quaresma"}]},{"@type":"WebSite","@id":"https:\/\/www.oarcanjo.net\/site\/#website","url":"https:\/\/www.oarcanjo.net\/site\/","name":"O Arcanjo no ar","description":"Site da Par\u00f3quia S\u00e3o Miguel Arcanjo (Arquidiocese de SP)","publisher":{"@id":"https:\/\/www.oarcanjo.net\/site\/#organization"},"potentialAction":[{"@type":"SearchAction","target":{"@type":"EntryPoint","urlTemplate":"https:\/\/www.oarcanjo.net\/site\/?s={search_term_string}"},"query-input":{"@type":"PropertyValueSpecification","valueRequired":true,"valueName":"search_term_string"}}],"inLanguage":"pt-BR"},{"@type":"Organization","@id":"https:\/\/www.oarcanjo.net\/site\/#organization","name":"Par\u00f3quia S\u00e3o Miguel Arcanjo","url":"https:\/\/www.oarcanjo.net\/site\/","logo":{"@type":"ImageObject","inLanguage":"pt-BR","@id":"https:\/\/www.oarcanjo.net\/site\/#\/schema\/logo\/image\/","url":"https:\/\/www.oarcanjo.net\/site\/wp-content\/uploads\/LogoOArcanjo.png","contentUrl":"https:\/\/www.oarcanjo.net\/site\/wp-content\/uploads\/LogoOArcanjo.png","width":319,"height":99,"caption":"Par\u00f3quia S\u00e3o Miguel Arcanjo"},"image":{"@id":"https:\/\/www.oarcanjo.net\/site\/#\/schema\/logo\/image\/"},"sameAs":["https:\/\/www.facebook.com\/OArcanjoNoAr\/"]},{"@type":"Person","@id":"https:\/\/www.oarcanjo.net\/site\/#\/schema\/person\/f7024d007863202483a31326673a0838","name":"editor","sameAs":["http:\/\/www.oarcanjo.net"]}]}},"publishpress_future_action":{"enabled":false,"date":"2026-05-08 12:32:55","action":"category","newStatus":"draft","terms":[],"taxonomy":"category"},"publishpress_future_workflow_manual_trigger":{"enabledWorkflows":[]},"_links":{"self":[{"href":"https:\/\/www.oarcanjo.net\/site\/wp-json\/wp\/v2\/posts\/93317"}],"collection":[{"href":"https:\/\/www.oarcanjo.net\/site\/wp-json\/wp\/v2\/posts"}],"about":[{"href":"https:\/\/www.oarcanjo.net\/site\/wp-json\/wp\/v2\/types\/post"}],"author":[{"embeddable":true,"href":"https:\/\/www.oarcanjo.net\/site\/wp-json\/wp\/v2\/users\/5"}],"replies":[{"embeddable":true,"href":"https:\/\/www.oarcanjo.net\/site\/wp-json\/wp\/v2\/comments?post=93317"}],"version-history":[{"count":3,"href":"https:\/\/www.oarcanjo.net\/site\/wp-json\/wp\/v2\/posts\/93317\/revisions"}],"predecessor-version":[{"id":93319,"href":"https:\/\/www.oarcanjo.net\/site\/wp-json\/wp\/v2\/posts\/93317\/revisions\/93319"}],"wp:attachment":[{"href":"https:\/\/www.oarcanjo.net\/site\/wp-json\/wp\/v2\/media?parent=93317"}],"wp:term":[{"taxonomy":"category","embeddable":true,"href":"https:\/\/www.oarcanjo.net\/site\/wp-json\/wp\/v2\/categories?post=93317"},{"taxonomy":"post_tag","embeddable":true,"href":"https:\/\/www.oarcanjo.net\/site\/wp-json\/wp\/v2\/tags?post=93317"}],"curies":[{"name":"wp","href":"https:\/\/api.w.org\/{rel}","templated":true}]}}