
{"id":9342,"date":"2010-06-18T13:30:52","date_gmt":"2010-06-18T16:30:52","guid":{"rendered":"http:\/\/www.oarcanjo.net\/site\/?p=9342"},"modified":"2010-06-21T23:45:44","modified_gmt":"2010-06-22T02:45:44","slug":"festa-junina-2010","status":"publish","type":"post","link":"https:\/\/www.oarcanjo.net\/site\/festa-junina-2010\/","title":{"rendered":"Festa Junina 2010"},"content":{"rendered":"<p>Animados com o jubileu de prata do Pe. Julio e com o jubileu de ouro da par\u00f3quia, damos continuidade \u00e0s comemora\u00e7\u00f5es do ano com a prepara\u00e7\u00e3o da festa junina, em homenagem a Santo Ant\u00f4nio, S\u00e3o Pedro e S\u00e3o Jo\u00e3o.<\/p>\n<p>A festa junina da comunidade S\u00e3o Miguel Arcanjo acontece nos dias <strong><span style=\"color: #ff0000;\">19 e 20 de junho<\/span><\/strong>. No s\u00e1bado, dia 19, ser\u00e1 das <strong>18h \u00e0s 23h <\/strong>e no domingo, dia 20, ter\u00e1 in\u00edcio com o <strong>caf\u00e9 da manh\u00e3 \u00e0s 8h30 e continuar\u00e1 das 12h \u00e0s 21h<\/strong>.<\/p>\n<p>Haver\u00e1 barracas de doces e salgados, churrasco, fogazza, pizza, pernil, pastel, batata frita, refrigerante, vinho quente, quent\u00e3o, caldo verde, crepe e muita brincadeira pra crian\u00e7ada.<\/p>\n<p>No s\u00e1bado e no domingo \u00e0s 20h, as crian\u00e7as, ensaiadas pela Professora Mikaella, v\u00e3o dan\u00e7ar quadrilha.<\/p>\n<p>A festa ter\u00e1 a presen\u00e7a da <span style=\"color: #ff0000;\"><strong>Banda B\u00e1lsamo<\/strong><\/span> e de <strong><span style=\"color: #ff0000;\">sanfoneiros<\/span><\/strong>, que voluntariamente estar\u00e3o nos animando.<\/p>\n<p>Traga a sua fam\u00edlia e divirta-se!<\/p>\n<p><strong>Vamos juntos torcer pelo Brasil no domingo.<\/strong><\/p>\n<p>Neste ano a arrecada\u00e7\u00e3o ser\u00e1 doada ao <strong>Centro de Defesa dos Direitos Humanos Pe. Ezequiel Ramin<\/strong>, criado h\u00e1 23 anos por D. Luciano Mendes de Almeida, e que atende 800 jovens e fam\u00edlias por m\u00eas.<\/p>\n<p>Rua Sapucaia, na altura do n\u00ba 172, ao lado da igreja<br \/>\nTel.: (11) 2692-6798<br \/>\n<strong>S\u00e1bado 19 de junho:<\/strong> das 18h \u00e0s 23h<br \/>\n<strong> Domingo 20 de junho: <\/strong>das 12h \u00e0s 21h e caf\u00e9 da manh\u00e3 \u00e0s 8h30<\/p>\n<p><strong>Agradecemos o apoio de toda Comunidade S\u00e3o Miguel Arcanjo e das seguintes empresas e organiza\u00e7\u00f5es:<\/strong><\/p>\n<p style=\"padding-left: 30px;\"><em>Arpec Caldeiras<br \/>\nBanda B\u00e1lsamo<br \/>\nCantina Magali Jorge<br \/>\nCentro de Defesa dos Direitos Humanos Pe. Ezequiel Ramin<br \/>\nCEAL<br \/>\nCepam Panificadora e Restaurante<br \/>\nCol\u00e9gio Regina Mundi<br \/>\nDi Cunto<br \/>\nOpala P\u00e3es e Doces<br \/>\nTrattoria Carasi<br \/>\nRestaurante Nona Maria<br \/>\nSalgado Classe A<br \/>\nTuf\u00e3o Express Transportes<br \/>\nUniversidade S\u00e3o Judas Tadeu<br \/>\nVeja Comunica\u00e7\u00e3o Visual<\/em><\/p>\n<div id=\"themify_builder_content-9342\" data-postid=\"9342\" class=\"themify_builder_content themify_builder_content-9342 themify_builder themify_builder_front\">\n\t<\/div>\n<!-- \/themify_builder_content -->","protected":false},"excerpt":{"rendered":"<p>Animados com o jubileu de prata do Pe. Julio e com o jubileu de ouro da par\u00f3quia, damos continuidade \u00e0s comemora\u00e7\u00f5es do ano com a prepara\u00e7\u00e3o da festa junina, em homenagem a Santo Ant\u00f4nio, S\u00e3o Pedro e S\u00e3o Jo\u00e3o. A festa junina da comunidade S\u00e3o Miguel Arcanjo acontece nos dias 19 e 20 de junho. [&hellip;]<\/p>\n","protected":false},"author":5,"featured_media":0,"comment_status":"open","ping_status":"open","sticky":false,"template":"","format":"standard","meta":{"ngg_post_thumbnail":0,"footnotes":""},"categories":[8,7],"tags":[],"yoast_head":"<!-- This site is optimized with the Yoast SEO plugin v23.5 - https:\/\/yoast.com\/wordpress\/plugins\/seo\/ -->\n<title>Festa Junina 2010 - O Arcanjo no ar<\/title>\n<meta name=\"robots\" content=\"index, follow, max-snippet:-1, max-image-preview:large, max-video-preview:-1\" \/>\n<link rel=\"canonical\" href=\"https:\/\/www.oarcanjo.net\/site\/festa-junina-2010\/\" \/>\n<meta property=\"og:locale\" content=\"pt_BR\" \/>\n<meta property=\"og:type\" content=\"article\" \/>\n<meta property=\"og:title\" content=\"Festa Junina 2010 - O Arcanjo no ar\" \/>\n<meta property=\"og:description\" content=\"Animados com o jubileu de prata do Pe. Julio e com o jubileu de ouro da par\u00f3quia, damos continuidade \u00e0s comemora\u00e7\u00f5es do ano com a prepara\u00e7\u00e3o da festa junina, em homenagem a Santo Ant\u00f4nio, S\u00e3o Pedro e S\u00e3o Jo\u00e3o. A festa junina da comunidade S\u00e3o Miguel Arcanjo acontece nos dias 19 e 20 de junho. [&hellip;]\" \/>\n<meta property=\"og:url\" content=\"https:\/\/www.oarcanjo.net\/site\/festa-junina-2010\/\" \/>\n<meta property=\"og:site_name\" content=\"O Arcanjo no ar\" \/>\n<meta property=\"article:publisher\" content=\"https:\/\/www.facebook.com\/OArcanjoNoAr\/\" \/>\n<meta property=\"article:published_time\" content=\"2010-06-18T16:30:52+00:00\" \/>\n<meta property=\"article:modified_time\" content=\"2010-06-22T02:45:44+00:00\" \/>\n<meta property=\"og:image\" content=\"https:\/\/www.oarcanjo.net\/site\/wp-content\/uploads\/logo-o-arcanjo-no-ar-facebook.png\" \/>\n\t<meta property=\"og:image:width\" content=\"300\" \/>\n\t<meta property=\"og:image:height\" content=\"300\" \/>\n\t<meta property=\"og:image:type\" content=\"image\/png\" \/>\n<meta name=\"author\" content=\"editor\" \/>\n<meta name=\"twitter:card\" content=\"summary_large_image\" \/>\n<meta name=\"twitter:label1\" content=\"Escrito por\" \/>\n\t<meta name=\"twitter:data1\" content=\"editor\" \/>\n\t<meta name=\"twitter:label2\" content=\"Est. tempo de leitura\" \/>\n\t<meta name=\"twitter:data2\" content=\"2 minutos\" \/>\n<script type=\"application\/ld+json\" class=\"yoast-schema-graph\">{\"@context\":\"https:\/\/schema.org\",\"@graph\":[{\"@type\":\"Article\",\"@id\":\"https:\/\/www.oarcanjo.net\/site\/festa-junina-2010\/#article\",\"isPartOf\":{\"@id\":\"https:\/\/www.oarcanjo.net\/site\/festa-junina-2010\/\"},\"author\":{\"name\":\"editor\",\"@id\":\"https:\/\/www.oarcanjo.net\/site\/#\/schema\/person\/f7024d007863202483a31326673a0838\"},\"headline\":\"Festa Junina 2010\",\"datePublished\":\"2010-06-18T16:30:52+00:00\",\"dateModified\":\"2010-06-22T02:45:44+00:00\",\"mainEntityOfPage\":{\"@id\":\"https:\/\/www.oarcanjo.net\/site\/festa-junina-2010\/\"},\"wordCount\":312,\"commentCount\":14,\"publisher\":{\"@id\":\"https:\/\/www.oarcanjo.net\/site\/#organization\"},\"articleSection\":[\"Not\u00edcias\",\"Rosto da comunidade\"],\"inLanguage\":\"pt-BR\",\"potentialAction\":[{\"@type\":\"CommentAction\",\"name\":\"Comment\",\"target\":[\"https:\/\/www.oarcanjo.net\/site\/festa-junina-2010\/#respond\"]}]},{\"@type\":\"WebPage\",\"@id\":\"https:\/\/www.oarcanjo.net\/site\/festa-junina-2010\/\",\"url\":\"https:\/\/www.oarcanjo.net\/site\/festa-junina-2010\/\",\"name\":\"Festa Junina 2010 - O Arcanjo no ar\",\"isPartOf\":{\"@id\":\"https:\/\/www.oarcanjo.net\/site\/#website\"},\"datePublished\":\"2010-06-18T16:30:52+00:00\",\"dateModified\":\"2010-06-22T02:45:44+00:00\",\"breadcrumb\":{\"@id\":\"https:\/\/www.oarcanjo.net\/site\/festa-junina-2010\/#breadcrumb\"},\"inLanguage\":\"pt-BR\",\"potentialAction\":[{\"@type\":\"ReadAction\",\"target\":[\"https:\/\/www.oarcanjo.net\/site\/festa-junina-2010\/\"]}]},{\"@type\":\"BreadcrumbList\",\"@id\":\"https:\/\/www.oarcanjo.net\/site\/festa-junina-2010\/#breadcrumb\",\"itemListElement\":[{\"@type\":\"ListItem\",\"position\":1,\"name\":\"In\u00edcio\",\"item\":\"https:\/\/www.oarcanjo.net\/site\/\"},{\"@type\":\"ListItem\",\"position\":2,\"name\":\"Festa Junina 2010\"}]},{\"@type\":\"WebSite\",\"@id\":\"https:\/\/www.oarcanjo.net\/site\/#website\",\"url\":\"https:\/\/www.oarcanjo.net\/site\/\",\"name\":\"O Arcanjo no ar\",\"description\":\"Site da Par\u00f3quia S\u00e3o Miguel Arcanjo (Arquidiocese de SP)\",\"publisher\":{\"@id\":\"https:\/\/www.oarcanjo.net\/site\/#organization\"},\"potentialAction\":[{\"@type\":\"SearchAction\",\"target\":{\"@type\":\"EntryPoint\",\"urlTemplate\":\"https:\/\/www.oarcanjo.net\/site\/?s={search_term_string}\"},\"query-input\":{\"@type\":\"PropertyValueSpecification\",\"valueRequired\":true,\"valueName\":\"search_term_string\"}}],\"inLanguage\":\"pt-BR\"},{\"@type\":\"Organization\",\"@id\":\"https:\/\/www.oarcanjo.net\/site\/#organization\",\"name\":\"Par\u00f3quia S\u00e3o Miguel Arcanjo\",\"url\":\"https:\/\/www.oarcanjo.net\/site\/\",\"logo\":{\"@type\":\"ImageObject\",\"inLanguage\":\"pt-BR\",\"@id\":\"https:\/\/www.oarcanjo.net\/site\/#\/schema\/logo\/image\/\",\"url\":\"https:\/\/www.oarcanjo.net\/site\/wp-content\/uploads\/LogoOArcanjo.png\",\"contentUrl\":\"https:\/\/www.oarcanjo.net\/site\/wp-content\/uploads\/LogoOArcanjo.png\",\"width\":319,\"height\":99,\"caption\":\"Par\u00f3quia S\u00e3o Miguel Arcanjo\"},\"image\":{\"@id\":\"https:\/\/www.oarcanjo.net\/site\/#\/schema\/logo\/image\/\"},\"sameAs\":[\"https:\/\/www.facebook.com\/OArcanjoNoAr\/\"]},{\"@type\":\"Person\",\"@id\":\"https:\/\/www.oarcanjo.net\/site\/#\/schema\/person\/f7024d007863202483a31326673a0838\",\"name\":\"editor\",\"sameAs\":[\"http:\/\/www.oarcanjo.net\"]}]}<\/script>\n<!-- \/ Yoast SEO plugin. -->","yoast_head_json":{"title":"Festa Junina 2010 - O Arcanjo no ar","robots":{"index":"index","follow":"follow","max-snippet":"max-snippet:-1","max-image-preview":"max-image-preview:large","max-video-preview":"max-video-preview:-1"},"canonical":"https:\/\/www.oarcanjo.net\/site\/festa-junina-2010\/","og_locale":"pt_BR","og_type":"article","og_title":"Festa Junina 2010 - O Arcanjo no ar","og_description":"Animados com o jubileu de prata do Pe. Julio e com o jubileu de ouro da par\u00f3quia, damos continuidade \u00e0s comemora\u00e7\u00f5es do ano com a prepara\u00e7\u00e3o da festa junina, em homenagem a Santo Ant\u00f4nio, S\u00e3o Pedro e S\u00e3o Jo\u00e3o. A festa junina da comunidade S\u00e3o Miguel Arcanjo acontece nos dias 19 e 20 de junho. [&hellip;]","og_url":"https:\/\/www.oarcanjo.net\/site\/festa-junina-2010\/","og_site_name":"O Arcanjo no ar","article_publisher":"https:\/\/www.facebook.com\/OArcanjoNoAr\/","article_published_time":"2010-06-18T16:30:52+00:00","article_modified_time":"2010-06-22T02:45:44+00:00","og_image":[{"width":300,"height":300,"url":"https:\/\/www.oarcanjo.net\/site\/wp-content\/uploads\/logo-o-arcanjo-no-ar-facebook.png","type":"image\/png"}],"author":"editor","twitter_card":"summary_large_image","twitter_misc":{"Escrito por":"editor","Est. tempo de leitura":"2 minutos"},"schema":{"@context":"https:\/\/schema.org","@graph":[{"@type":"Article","@id":"https:\/\/www.oarcanjo.net\/site\/festa-junina-2010\/#article","isPartOf":{"@id":"https:\/\/www.oarcanjo.net\/site\/festa-junina-2010\/"},"author":{"name":"editor","@id":"https:\/\/www.oarcanjo.net\/site\/#\/schema\/person\/f7024d007863202483a31326673a0838"},"headline":"Festa Junina 2010","datePublished":"2010-06-18T16:30:52+00:00","dateModified":"2010-06-22T02:45:44+00:00","mainEntityOfPage":{"@id":"https:\/\/www.oarcanjo.net\/site\/festa-junina-2010\/"},"wordCount":312,"commentCount":14,"publisher":{"@id":"https:\/\/www.oarcanjo.net\/site\/#organization"},"articleSection":["Not\u00edcias","Rosto da comunidade"],"inLanguage":"pt-BR","potentialAction":[{"@type":"CommentAction","name":"Comment","target":["https:\/\/www.oarcanjo.net\/site\/festa-junina-2010\/#respond"]}]},{"@type":"WebPage","@id":"https:\/\/www.oarcanjo.net\/site\/festa-junina-2010\/","url":"https:\/\/www.oarcanjo.net\/site\/festa-junina-2010\/","name":"Festa Junina 2010 - O Arcanjo no ar","isPartOf":{"@id":"https:\/\/www.oarcanjo.net\/site\/#website"},"datePublished":"2010-06-18T16:30:52+00:00","dateModified":"2010-06-22T02:45:44+00:00","breadcrumb":{"@id":"https:\/\/www.oarcanjo.net\/site\/festa-junina-2010\/#breadcrumb"},"inLanguage":"pt-BR","potentialAction":[{"@type":"ReadAction","target":["https:\/\/www.oarcanjo.net\/site\/festa-junina-2010\/"]}]},{"@type":"BreadcrumbList","@id":"https:\/\/www.oarcanjo.net\/site\/festa-junina-2010\/#breadcrumb","itemListElement":[{"@type":"ListItem","position":1,"name":"In\u00edcio","item":"https:\/\/www.oarcanjo.net\/site\/"},{"@type":"ListItem","position":2,"name":"Festa Junina 2010"}]},{"@type":"WebSite","@id":"https:\/\/www.oarcanjo.net\/site\/#website","url":"https:\/\/www.oarcanjo.net\/site\/","name":"O Arcanjo no ar","description":"Site da Par\u00f3quia S\u00e3o Miguel Arcanjo (Arquidiocese de SP)","publisher":{"@id":"https:\/\/www.oarcanjo.net\/site\/#organization"},"potentialAction":[{"@type":"SearchAction","target":{"@type":"EntryPoint","urlTemplate":"https:\/\/www.oarcanjo.net\/site\/?s={search_term_string}"},"query-input":{"@type":"PropertyValueSpecification","valueRequired":true,"valueName":"search_term_string"}}],"inLanguage":"pt-BR"},{"@type":"Organization","@id":"https:\/\/www.oarcanjo.net\/site\/#organization","name":"Par\u00f3quia S\u00e3o Miguel Arcanjo","url":"https:\/\/www.oarcanjo.net\/site\/","logo":{"@type":"ImageObject","inLanguage":"pt-BR","@id":"https:\/\/www.oarcanjo.net\/site\/#\/schema\/logo\/image\/","url":"https:\/\/www.oarcanjo.net\/site\/wp-content\/uploads\/LogoOArcanjo.png","contentUrl":"https:\/\/www.oarcanjo.net\/site\/wp-content\/uploads\/LogoOArcanjo.png","width":319,"height":99,"caption":"Par\u00f3quia S\u00e3o Miguel Arcanjo"},"image":{"@id":"https:\/\/www.oarcanjo.net\/site\/#\/schema\/logo\/image\/"},"sameAs":["https:\/\/www.facebook.com\/OArcanjoNoAr\/"]},{"@type":"Person","@id":"https:\/\/www.oarcanjo.net\/site\/#\/schema\/person\/f7024d007863202483a31326673a0838","name":"editor","sameAs":["http:\/\/www.oarcanjo.net"]}]}},"publishpress_future_action":{"enabled":false,"date":"2026-05-09 10:23:48","action":"category","newStatus":"draft","terms":[],"taxonomy":"category"},"publishpress_future_workflow_manual_trigger":{"enabledWorkflows":[]},"_links":{"self":[{"href":"https:\/\/www.oarcanjo.net\/site\/wp-json\/wp\/v2\/posts\/9342"}],"collection":[{"href":"https:\/\/www.oarcanjo.net\/site\/wp-json\/wp\/v2\/posts"}],"about":[{"href":"https:\/\/www.oarcanjo.net\/site\/wp-json\/wp\/v2\/types\/post"}],"author":[{"embeddable":true,"href":"https:\/\/www.oarcanjo.net\/site\/wp-json\/wp\/v2\/users\/5"}],"replies":[{"embeddable":true,"href":"https:\/\/www.oarcanjo.net\/site\/wp-json\/wp\/v2\/comments?post=9342"}],"version-history":[{"count":0,"href":"https:\/\/www.oarcanjo.net\/site\/wp-json\/wp\/v2\/posts\/9342\/revisions"}],"wp:attachment":[{"href":"https:\/\/www.oarcanjo.net\/site\/wp-json\/wp\/v2\/media?parent=9342"}],"wp:term":[{"taxonomy":"category","embeddable":true,"href":"https:\/\/www.oarcanjo.net\/site\/wp-json\/wp\/v2\/categories?post=9342"},{"taxonomy":"post_tag","embeddable":true,"href":"https:\/\/www.oarcanjo.net\/site\/wp-json\/wp\/v2\/tags?post=9342"}],"curies":[{"name":"wp","href":"https:\/\/api.w.org\/{rel}","templated":true}]}}