
{"id":945,"date":"2008-12-12T23:28:39","date_gmt":"2008-12-13T02:28:39","guid":{"rendered":"http:\/\/www.oarcanjo.net\/site\/?p=945"},"modified":"2008-12-12T23:29:05","modified_gmt":"2008-12-13T02:29:05","slug":"violentada-e-respeitada","status":"publish","type":"post","link":"https:\/\/www.oarcanjo.net\/site\/violentada-e-respeitada\/","title":{"rendered":"Violentada e respeitada"},"content":{"rendered":"<p><em>Frei Betto<\/em><\/p>\n<p>Completei 60 anos a 10 de dezembro. Sou um dos mais destacados consensos entre os associados \u00e0 ONU. Fui aprovada por 192 pa\u00edses. No entanto, raros os que me respeitam.<br \/>\nInfelizmente n\u00e3o recebi, at\u00e9 hoje, aprova\u00e7\u00e3o do Estado do Vaticano. Logo ele, que se prop\u00f5e a defender os valores encarnados por Jesus, que coincidem com os meus.<\/p>\n<p>Nasci no p\u00f3s-guerra. O mundo ansiava por justi\u00e7a e paz. Ao longo desses 60 anos, sofri todo tipo de viola\u00e7\u00f5es: a Cor\u00e9ia dividiu-se em duas; o Vietn\u00e3 teve sua popula\u00e7\u00e3o civil bombardeada pela Fran\u00e7a e pelos EUA; empresas usamericanas de produtos qu\u00edmicos &#8211; as mesmas que monopolizam as sementes transg\u00eanicas &#8211; chegaram ao perverso requinte de criar o agente laranja e o napalm, destinados a intoxicar letalmente seres vivos.<\/p>\n<p>Fui violentada na \u00c1frica do Sul, v\u00edtima do apartheid, e no Oriente M\u00e9dio, onde ainda sofro em decorr\u00eancia de preconceitos \u00e9tnicos e religiosos. Na continente africano, todos os meus preceitos s\u00e3o ignorados, por culpa do neocolonialismo e da indiferen\u00e7a das na\u00e7\u00f5es ricas. Estas s\u00f3 se lembram das africanas quando se trata de vender suas armas.<\/p>\n<p>Em Guant\u00e1namo, o governo dos EUA promove descarado acinte contra todos os meus princ\u00edpios. No Iraque e no Afeganist\u00e3o, os excessos praticados s\u00e3o ainda mais graves.<\/p>\n<p>Padeci tamb\u00e9m na Uni\u00e3o Sovi\u00e9tica e na China. Sob a bandeira da nova sociedade, reprimiram manifesta\u00e7\u00f5es de pensamento e religi\u00e3o; decretaram a censura; perseguiram opositores pol\u00edticos; implantaram, em nome do socialismo, um capitalismo de Estado.<\/p>\n<p>Na Am\u00e9rica Latina tenho uma tr\u00e1gica trajet\u00f3ria. Ditaduras militares seviciaram-me de todas as maneiras: pris\u00f5es arbitr\u00e1rias, torturas, desaparecimentos, banimentos, assassinatos, seq\u00fcestros de crian\u00e7as&#8230;<\/p>\n<p>Sofri massacres em El Salvador, Guatemala, Col\u00f4mbia e Peru. Grupos paramilitares se vangloriam de violar-me. E em alguns pa\u00edses, como \u00e9 o caso do Brasil, meus transgressores continuam impunes. Felizmente a OEA me leva a s\u00e9rio e trata de apurar den\u00fancias que recebe.<\/p>\n<p>Hoje, sou duramente vilipendiada pelo narcotr\u00e1fico e o terrorismo. As drogas corroem profundamente a dignidade humana; o terrorismo, tanto de Estado quanto de grupos fundamentalistas, inocula no ser humano o medo e a ira como condi\u00e7\u00e3o existencial.<\/p>\n<p>No Brasil, estou longe de merecer o devido respeito. Muitos nem querem ouvir falar de mim. Julgam que sou mulher de bandido. Sou ignorada pelos policiais que torturam; e tamb\u00e9m pelos que praticam explora\u00e7\u00e3o sexual de crian\u00e7as, discrimina\u00e7\u00e3o de negros e ind\u00edgenas, preconceito \u00e0 homossexualidade e agress\u00e3o \u00e0s mulheres.<\/p>\n<p>Sofro, de modo especial, em decorr\u00eancia da estrutura injusta que perdura no pa\u00eds, sobretudo a desigualdade social acentuada pela falta de reforma agr\u00e1ria. O latif\u00fandio figura entre os meus principais inimigos, ao lado da devasta\u00e7\u00e3o ambiental.<\/p>\n<p>Contudo, h\u00e1 avan\u00e7os. Comiss\u00f5es de Justi\u00e7a e Paz se multiplicam pelo pa\u00eds. In\u00fameras ONGs se dedicam \u00e0 minha causa. O governo Lula deu status de minist\u00e9rio \u00e0 Secretaria Especial dos Direitos Humanos, \u00e0 frente da qual se encontra um homem \u00edntegro e corajoso: Paulo de Tarso Vannuchi.<\/p>\n<p>Nas escolas, sou cada vez mais estudada. H\u00e1 um setor da Justi\u00e7a atento \u00e0s amea\u00e7as e viola\u00e7\u00f5es que sofro. As leis Afonso Arinos e Maria da Penha inibem e\/ou punem uma parcela de meus agressores. A aprova\u00e7\u00e3o dos estatutos da Crian\u00e7a e do Adolescente, e do Idoso s\u00e3o avan\u00e7os que me favorecem.<\/p>\n<p>Se muitos ainda n\u00e3o me respeitam mundo afora, ao menos j\u00e1 n\u00e3o ousam falar mal de mim abertamente. Empresas e governos se sentem obrigados a levar em conta tamb\u00e9m meus direitos ecol\u00f3gicos, sociais e raciais.<\/p>\n<p>Sou um projeto de futuro. S\u00f3 na medida em que eu for assumida e respeitada, a humanidade haver\u00e1 de desfrutar a felicidade como experi\u00eancia pessoal e fen\u00f4meno coletivo.<\/p>\n<p>Meu nome \u00e9 Declara\u00e7\u00e3o Universal dos Direitos Humanos.<\/p>\n<div id=\"themify_builder_content-945\" data-postid=\"945\" class=\"themify_builder_content themify_builder_content-945 themify_builder themify_builder_front\">\n\t<\/div>\n<!-- \/themify_builder_content -->","protected":false},"excerpt":{"rendered":"<p>Frei Betto Completei 60 anos a 10 de dezembro. Sou um dos mais destacados consensos entre os associados \u00e0 ONU. Fui aprovada por 192 pa\u00edses. No entanto, raros os que me respeitam. Infelizmente n\u00e3o recebi, at\u00e9 hoje, aprova\u00e7\u00e3o do Estado do Vaticano. Logo ele, que se prop\u00f5e a defender os valores encarnados por Jesus, que [&hellip;]<\/p>\n","protected":false},"author":5,"featured_media":0,"comment_status":"open","ping_status":"open","sticky":false,"template":"","format":"standard","meta":{"ngg_post_thumbnail":0,"footnotes":""},"categories":[9],"tags":[146,43],"yoast_head":"<!-- This site is optimized with the Yoast SEO plugin v23.5 - https:\/\/yoast.com\/wordpress\/plugins\/seo\/ -->\n<title>Violentada e respeitada - O Arcanjo no ar<\/title>\n<meta name=\"robots\" content=\"index, follow, max-snippet:-1, max-image-preview:large, max-video-preview:-1\" \/>\n<link rel=\"canonical\" href=\"https:\/\/www.oarcanjo.net\/site\/violentada-e-respeitada\/\" \/>\n<meta property=\"og:locale\" content=\"pt_BR\" \/>\n<meta property=\"og:type\" content=\"article\" \/>\n<meta property=\"og:title\" content=\"Violentada e respeitada - O Arcanjo no ar\" \/>\n<meta property=\"og:description\" content=\"Frei Betto Completei 60 anos a 10 de dezembro. Sou um dos mais destacados consensos entre os associados \u00e0 ONU. Fui aprovada por 192 pa\u00edses. No entanto, raros os que me respeitam. Infelizmente n\u00e3o recebi, at\u00e9 hoje, aprova\u00e7\u00e3o do Estado do Vaticano. Logo ele, que se prop\u00f5e a defender os valores encarnados por Jesus, que [&hellip;]\" \/>\n<meta property=\"og:url\" content=\"https:\/\/www.oarcanjo.net\/site\/violentada-e-respeitada\/\" \/>\n<meta property=\"og:site_name\" content=\"O Arcanjo no ar\" \/>\n<meta property=\"article:publisher\" content=\"https:\/\/www.facebook.com\/OArcanjoNoAr\/\" \/>\n<meta property=\"article:published_time\" content=\"2008-12-13T02:28:39+00:00\" \/>\n<meta property=\"article:modified_time\" content=\"2008-12-13T02:29:05+00:00\" \/>\n<meta property=\"og:image\" content=\"https:\/\/www.oarcanjo.net\/site\/wp-content\/uploads\/logo-o-arcanjo-no-ar-facebook.png\" \/>\n\t<meta property=\"og:image:width\" content=\"300\" \/>\n\t<meta property=\"og:image:height\" content=\"300\" \/>\n\t<meta property=\"og:image:type\" content=\"image\/png\" \/>\n<meta name=\"author\" content=\"editor\" \/>\n<meta name=\"twitter:card\" content=\"summary_large_image\" \/>\n<meta name=\"twitter:label1\" content=\"Escrito por\" \/>\n\t<meta name=\"twitter:data1\" content=\"editor\" \/>\n\t<meta name=\"twitter:label2\" content=\"Est. tempo de leitura\" \/>\n\t<meta name=\"twitter:data2\" content=\"3 minutos\" \/>\n<script type=\"application\/ld+json\" class=\"yoast-schema-graph\">{\"@context\":\"https:\/\/schema.org\",\"@graph\":[{\"@type\":\"Article\",\"@id\":\"https:\/\/www.oarcanjo.net\/site\/violentada-e-respeitada\/#article\",\"isPartOf\":{\"@id\":\"https:\/\/www.oarcanjo.net\/site\/violentada-e-respeitada\/\"},\"author\":{\"name\":\"editor\",\"@id\":\"https:\/\/www.oarcanjo.net\/site\/#\/schema\/person\/f7024d007863202483a31326673a0838\"},\"headline\":\"Violentada e respeitada\",\"datePublished\":\"2008-12-13T02:28:39+00:00\",\"dateModified\":\"2008-12-13T02:29:05+00:00\",\"mainEntityOfPage\":{\"@id\":\"https:\/\/www.oarcanjo.net\/site\/violentada-e-respeitada\/\"},\"wordCount\":667,\"commentCount\":0,\"publisher\":{\"@id\":\"https:\/\/www.oarcanjo.net\/site\/#organization\"},\"keywords\":[\"dignidade\",\"direitos humanos\"],\"articleSection\":[\"Reflex\u00f5es\"],\"inLanguage\":\"pt-BR\",\"potentialAction\":[{\"@type\":\"CommentAction\",\"name\":\"Comment\",\"target\":[\"https:\/\/www.oarcanjo.net\/site\/violentada-e-respeitada\/#respond\"]}]},{\"@type\":\"WebPage\",\"@id\":\"https:\/\/www.oarcanjo.net\/site\/violentada-e-respeitada\/\",\"url\":\"https:\/\/www.oarcanjo.net\/site\/violentada-e-respeitada\/\",\"name\":\"Violentada e respeitada - O Arcanjo no ar\",\"isPartOf\":{\"@id\":\"https:\/\/www.oarcanjo.net\/site\/#website\"},\"datePublished\":\"2008-12-13T02:28:39+00:00\",\"dateModified\":\"2008-12-13T02:29:05+00:00\",\"breadcrumb\":{\"@id\":\"https:\/\/www.oarcanjo.net\/site\/violentada-e-respeitada\/#breadcrumb\"},\"inLanguage\":\"pt-BR\",\"potentialAction\":[{\"@type\":\"ReadAction\",\"target\":[\"https:\/\/www.oarcanjo.net\/site\/violentada-e-respeitada\/\"]}]},{\"@type\":\"BreadcrumbList\",\"@id\":\"https:\/\/www.oarcanjo.net\/site\/violentada-e-respeitada\/#breadcrumb\",\"itemListElement\":[{\"@type\":\"ListItem\",\"position\":1,\"name\":\"In\u00edcio\",\"item\":\"https:\/\/www.oarcanjo.net\/site\/\"},{\"@type\":\"ListItem\",\"position\":2,\"name\":\"Violentada e respeitada\"}]},{\"@type\":\"WebSite\",\"@id\":\"https:\/\/www.oarcanjo.net\/site\/#website\",\"url\":\"https:\/\/www.oarcanjo.net\/site\/\",\"name\":\"O Arcanjo no ar\",\"description\":\"Site da Par\u00f3quia S\u00e3o Miguel Arcanjo (Arquidiocese de SP)\",\"publisher\":{\"@id\":\"https:\/\/www.oarcanjo.net\/site\/#organization\"},\"potentialAction\":[{\"@type\":\"SearchAction\",\"target\":{\"@type\":\"EntryPoint\",\"urlTemplate\":\"https:\/\/www.oarcanjo.net\/site\/?s={search_term_string}\"},\"query-input\":{\"@type\":\"PropertyValueSpecification\",\"valueRequired\":true,\"valueName\":\"search_term_string\"}}],\"inLanguage\":\"pt-BR\"},{\"@type\":\"Organization\",\"@id\":\"https:\/\/www.oarcanjo.net\/site\/#organization\",\"name\":\"Par\u00f3quia S\u00e3o Miguel Arcanjo\",\"url\":\"https:\/\/www.oarcanjo.net\/site\/\",\"logo\":{\"@type\":\"ImageObject\",\"inLanguage\":\"pt-BR\",\"@id\":\"https:\/\/www.oarcanjo.net\/site\/#\/schema\/logo\/image\/\",\"url\":\"https:\/\/www.oarcanjo.net\/site\/wp-content\/uploads\/LogoOArcanjo.png\",\"contentUrl\":\"https:\/\/www.oarcanjo.net\/site\/wp-content\/uploads\/LogoOArcanjo.png\",\"width\":319,\"height\":99,\"caption\":\"Par\u00f3quia S\u00e3o Miguel Arcanjo\"},\"image\":{\"@id\":\"https:\/\/www.oarcanjo.net\/site\/#\/schema\/logo\/image\/\"},\"sameAs\":[\"https:\/\/www.facebook.com\/OArcanjoNoAr\/\"]},{\"@type\":\"Person\",\"@id\":\"https:\/\/www.oarcanjo.net\/site\/#\/schema\/person\/f7024d007863202483a31326673a0838\",\"name\":\"editor\",\"sameAs\":[\"http:\/\/www.oarcanjo.net\"]}]}<\/script>\n<!-- \/ Yoast SEO plugin. -->","yoast_head_json":{"title":"Violentada e respeitada - O Arcanjo no ar","robots":{"index":"index","follow":"follow","max-snippet":"max-snippet:-1","max-image-preview":"max-image-preview:large","max-video-preview":"max-video-preview:-1"},"canonical":"https:\/\/www.oarcanjo.net\/site\/violentada-e-respeitada\/","og_locale":"pt_BR","og_type":"article","og_title":"Violentada e respeitada - O Arcanjo no ar","og_description":"Frei Betto Completei 60 anos a 10 de dezembro. Sou um dos mais destacados consensos entre os associados \u00e0 ONU. Fui aprovada por 192 pa\u00edses. No entanto, raros os que me respeitam. Infelizmente n\u00e3o recebi, at\u00e9 hoje, aprova\u00e7\u00e3o do Estado do Vaticano. Logo ele, que se prop\u00f5e a defender os valores encarnados por Jesus, que [&hellip;]","og_url":"https:\/\/www.oarcanjo.net\/site\/violentada-e-respeitada\/","og_site_name":"O Arcanjo no ar","article_publisher":"https:\/\/www.facebook.com\/OArcanjoNoAr\/","article_published_time":"2008-12-13T02:28:39+00:00","article_modified_time":"2008-12-13T02:29:05+00:00","og_image":[{"width":300,"height":300,"url":"https:\/\/www.oarcanjo.net\/site\/wp-content\/uploads\/logo-o-arcanjo-no-ar-facebook.png","type":"image\/png"}],"author":"editor","twitter_card":"summary_large_image","twitter_misc":{"Escrito por":"editor","Est. tempo de leitura":"3 minutos"},"schema":{"@context":"https:\/\/schema.org","@graph":[{"@type":"Article","@id":"https:\/\/www.oarcanjo.net\/site\/violentada-e-respeitada\/#article","isPartOf":{"@id":"https:\/\/www.oarcanjo.net\/site\/violentada-e-respeitada\/"},"author":{"name":"editor","@id":"https:\/\/www.oarcanjo.net\/site\/#\/schema\/person\/f7024d007863202483a31326673a0838"},"headline":"Violentada e respeitada","datePublished":"2008-12-13T02:28:39+00:00","dateModified":"2008-12-13T02:29:05+00:00","mainEntityOfPage":{"@id":"https:\/\/www.oarcanjo.net\/site\/violentada-e-respeitada\/"},"wordCount":667,"commentCount":0,"publisher":{"@id":"https:\/\/www.oarcanjo.net\/site\/#organization"},"keywords":["dignidade","direitos humanos"],"articleSection":["Reflex\u00f5es"],"inLanguage":"pt-BR","potentialAction":[{"@type":"CommentAction","name":"Comment","target":["https:\/\/www.oarcanjo.net\/site\/violentada-e-respeitada\/#respond"]}]},{"@type":"WebPage","@id":"https:\/\/www.oarcanjo.net\/site\/violentada-e-respeitada\/","url":"https:\/\/www.oarcanjo.net\/site\/violentada-e-respeitada\/","name":"Violentada e respeitada - O Arcanjo no ar","isPartOf":{"@id":"https:\/\/www.oarcanjo.net\/site\/#website"},"datePublished":"2008-12-13T02:28:39+00:00","dateModified":"2008-12-13T02:29:05+00:00","breadcrumb":{"@id":"https:\/\/www.oarcanjo.net\/site\/violentada-e-respeitada\/#breadcrumb"},"inLanguage":"pt-BR","potentialAction":[{"@type":"ReadAction","target":["https:\/\/www.oarcanjo.net\/site\/violentada-e-respeitada\/"]}]},{"@type":"BreadcrumbList","@id":"https:\/\/www.oarcanjo.net\/site\/violentada-e-respeitada\/#breadcrumb","itemListElement":[{"@type":"ListItem","position":1,"name":"In\u00edcio","item":"https:\/\/www.oarcanjo.net\/site\/"},{"@type":"ListItem","position":2,"name":"Violentada e respeitada"}]},{"@type":"WebSite","@id":"https:\/\/www.oarcanjo.net\/site\/#website","url":"https:\/\/www.oarcanjo.net\/site\/","name":"O Arcanjo no ar","description":"Site da Par\u00f3quia S\u00e3o Miguel Arcanjo (Arquidiocese de SP)","publisher":{"@id":"https:\/\/www.oarcanjo.net\/site\/#organization"},"potentialAction":[{"@type":"SearchAction","target":{"@type":"EntryPoint","urlTemplate":"https:\/\/www.oarcanjo.net\/site\/?s={search_term_string}"},"query-input":{"@type":"PropertyValueSpecification","valueRequired":true,"valueName":"search_term_string"}}],"inLanguage":"pt-BR"},{"@type":"Organization","@id":"https:\/\/www.oarcanjo.net\/site\/#organization","name":"Par\u00f3quia S\u00e3o Miguel Arcanjo","url":"https:\/\/www.oarcanjo.net\/site\/","logo":{"@type":"ImageObject","inLanguage":"pt-BR","@id":"https:\/\/www.oarcanjo.net\/site\/#\/schema\/logo\/image\/","url":"https:\/\/www.oarcanjo.net\/site\/wp-content\/uploads\/LogoOArcanjo.png","contentUrl":"https:\/\/www.oarcanjo.net\/site\/wp-content\/uploads\/LogoOArcanjo.png","width":319,"height":99,"caption":"Par\u00f3quia S\u00e3o Miguel Arcanjo"},"image":{"@id":"https:\/\/www.oarcanjo.net\/site\/#\/schema\/logo\/image\/"},"sameAs":["https:\/\/www.facebook.com\/OArcanjoNoAr\/"]},{"@type":"Person","@id":"https:\/\/www.oarcanjo.net\/site\/#\/schema\/person\/f7024d007863202483a31326673a0838","name":"editor","sameAs":["http:\/\/www.oarcanjo.net"]}]}},"publishpress_future_action":{"enabled":false,"date":"2026-05-08 21:43:17","action":"category","newStatus":"draft","terms":[],"taxonomy":"category"},"publishpress_future_workflow_manual_trigger":{"enabledWorkflows":[]},"_links":{"self":[{"href":"https:\/\/www.oarcanjo.net\/site\/wp-json\/wp\/v2\/posts\/945"}],"collection":[{"href":"https:\/\/www.oarcanjo.net\/site\/wp-json\/wp\/v2\/posts"}],"about":[{"href":"https:\/\/www.oarcanjo.net\/site\/wp-json\/wp\/v2\/types\/post"}],"author":[{"embeddable":true,"href":"https:\/\/www.oarcanjo.net\/site\/wp-json\/wp\/v2\/users\/5"}],"replies":[{"embeddable":true,"href":"https:\/\/www.oarcanjo.net\/site\/wp-json\/wp\/v2\/comments?post=945"}],"version-history":[{"count":0,"href":"https:\/\/www.oarcanjo.net\/site\/wp-json\/wp\/v2\/posts\/945\/revisions"}],"wp:attachment":[{"href":"https:\/\/www.oarcanjo.net\/site\/wp-json\/wp\/v2\/media?parent=945"}],"wp:term":[{"taxonomy":"category","embeddable":true,"href":"https:\/\/www.oarcanjo.net\/site\/wp-json\/wp\/v2\/categories?post=945"},{"taxonomy":"post_tag","embeddable":true,"href":"https:\/\/www.oarcanjo.net\/site\/wp-json\/wp\/v2\/tags?post=945"}],"curies":[{"name":"wp","href":"https:\/\/api.w.org\/{rel}","templated":true}]}}