
{"id":9468,"date":"2019-05-20T09:21:32","date_gmt":"2019-05-20T12:21:32","guid":{"rendered":"http:\/\/www.oarcanjo.net\/site\/?p=9468"},"modified":"2019-02-20T14:37:02","modified_gmt":"2019-02-20T17:37:02","slug":"sao-bernardino-de-sena","status":"publish","type":"post","link":"https:\/\/www.oarcanjo.net\/site\/sao-bernardino-de-sena\/","title":{"rendered":"S\u00e3o Bernardino de Sena"},"content":{"rendered":"<p><img loading=\"lazy\" decoding=\"async\" src=\"http:\/\/images.evangelizo.org\/images\/santibeati\/B\/San_Bernardino_da_Siena_Sacerdote\/San_Bernardino_da_Siena_AA.jpg\" alt=\"\" width=\"596\" height=\"601\" \/><\/p>\n<p>20 de Maio<\/p>\n<p>Na It\u00e1lia, Bernardino nasceu na nobre fam\u00edlia senense dos Albizzeschi, em 8 de setembro de 380, na pequena Massa Mar\u00edtima, em Carrara. Ficou \u00f3rf\u00e3o da m\u00e3e quando tinha tr\u00eas anos e do pai aos sete, sendo criado na cidade de Sena por duas tias extremamente religiosas, que o levaram a descobrir a devo\u00e7\u00e3o a Nossa Senhora e a Jesus Cristo.<\/p>\n<p>Depois de estudar na Universidade de Sena, formando-se aos vinte e dois anos, abandonou a vida mundana e ingressou na Ordem de S\u00e3o Francisco, cujas regras abra\u00e7ou de forma entusiasmada e fiel. Apoiando o movimento chamado &#8220;observ\u00e2ncia&#8221;, que se firmava entre os franciscanos, no rigor da pr\u00e1tica da pobreza vivida por s\u00e3o Francisco de Assis, acabou sendo eleito vig\u00e1rio-geral de todos os conventos dos franciscanos da observ\u00e2ncia.<\/p>\n<p>Aos trinta e cinco anos de idade, come\u00e7ou o apostolado da prega\u00e7\u00e3o, exercido at\u00e9 a morte. E foi o mais brilhante de sua \u00e9poca. Viajou por toda a It\u00e1lia ensinando o Evangelho, com seus discursos sendo taquigrafados por um disc\u00edpulo com um m\u00e9todo inventado por ele. O seu legado nos chegou integralmente e seu estilo r\u00e1pido, bem acess\u00edvel, leve e contundente, se manteve atual at\u00e9 os nossos dias. Os temas freq\u00fcentes sobre a caridade, humildade, conc\u00f3rdia e justi\u00e7a, traziam palavras dur\u00edssimas para os que &#8220;renegam a Deus por uma cabe\u00e7a de alho&#8221; e pelas &#8220;feras de garras compridas que roem os ossos dos pobres&#8221;.<\/p>\n<p>Naquela \u00e9poca, a Europa vivia grandes calamidades, como a peste e as divis\u00f5es das fac\u00e7\u00f5es pol\u00edticas e religiosas, que provocavam morte e destrui\u00e7\u00e3o. Por onde passava, Bernardino restitu\u00eda a paz, com sua prega\u00e7\u00e3o insuper\u00e1vel, ardente, empolgante, at\u00e9 mesmo usando de recursos dram\u00e1ticos, como as fogueiras onde queimava livros impr\u00f3prios, em pra\u00e7a p\u00fablica. Al\u00e9m disso, como era grande devoto de Jesus, ele trazia as iniciais JHS &#8211; Jesus Salvador dos Homens &#8211; entalhadas num quadro de madeira, que oferecia para ser beijado pelos fi\u00e9is ap\u00f3s discursar.<\/p>\n<p>As prega\u00e7\u00f5es e penit\u00eancias constantes, a fraca alimenta\u00e7\u00e3o e pouco repouso enfraqueciam cada vez mais o seu f\u00edsico j\u00e1 envelhecido, mas ele nunca parava. Aos sessenta e quatro anos de idade, Bernardino morreu no convento de \u00c1quila, no dia 20 de maio de 1444. S\u00f3 assim ele parou de pregar.<\/p>\n<p>Tamanha foi a impress\u00e3o causada por essa vida fiel a Deus que, apenas seis anos depois, em 1450, foi canonizado. S\u00e3o Bernardino de Sena \u00e9 o patrono dos publicit\u00e1rios italianos e de todo o mundo.<\/p>\n<div id=\"themify_builder_content-9468\" data-postid=\"9468\" class=\"themify_builder_content themify_builder_content-9468 themify_builder themify_builder_front\">\n\t<\/div>\n<!-- \/themify_builder_content -->","protected":false},"excerpt":{"rendered":"<p>20 de Maio Na It\u00e1lia, Bernardino nasceu na nobre fam\u00edlia senense dos Albizzeschi, em 8 de setembro de 380, na pequena Massa Mar\u00edtima, em Carrara. Ficou \u00f3rf\u00e3o da m\u00e3e quando tinha tr\u00eas anos e do pai aos sete, sendo criado na cidade de Sena por duas tias extremamente religiosas, que o levaram a descobrir a [&hellip;]<\/p>\n","protected":false},"author":14,"featured_media":0,"comment_status":"open","ping_status":"open","sticky":false,"template":"","format":"standard","meta":{"ngg_post_thumbnail":0,"footnotes":""},"categories":[186],"tags":[],"yoast_head":"<!-- This site is optimized with the Yoast SEO plugin v23.5 - https:\/\/yoast.com\/wordpress\/plugins\/seo\/ -->\n<title>S\u00e3o Bernardino de Sena - O Arcanjo no ar<\/title>\n<meta name=\"robots\" content=\"index, follow, max-snippet:-1, max-image-preview:large, max-video-preview:-1\" \/>\n<link rel=\"canonical\" href=\"https:\/\/www.oarcanjo.net\/site\/sao-bernardino-de-sena\/\" \/>\n<meta property=\"og:locale\" content=\"pt_BR\" \/>\n<meta property=\"og:type\" content=\"article\" \/>\n<meta property=\"og:title\" content=\"S\u00e3o Bernardino de Sena - O Arcanjo no ar\" \/>\n<meta property=\"og:description\" content=\"20 de Maio Na It\u00e1lia, Bernardino nasceu na nobre fam\u00edlia senense dos Albizzeschi, em 8 de setembro de 380, na pequena Massa Mar\u00edtima, em Carrara. Ficou \u00f3rf\u00e3o da m\u00e3e quando tinha tr\u00eas anos e do pai aos sete, sendo criado na cidade de Sena por duas tias extremamente religiosas, que o levaram a descobrir a [&hellip;]\" \/>\n<meta property=\"og:url\" content=\"https:\/\/www.oarcanjo.net\/site\/sao-bernardino-de-sena\/\" \/>\n<meta property=\"og:site_name\" content=\"O Arcanjo no ar\" \/>\n<meta property=\"article:publisher\" content=\"https:\/\/www.facebook.com\/OArcanjoNoAr\/\" \/>\n<meta property=\"article:published_time\" content=\"2019-05-20T12:21:32+00:00\" \/>\n<meta property=\"article:modified_time\" content=\"2019-02-20T17:37:02+00:00\" \/>\n<meta property=\"og:image\" content=\"http:\/\/images.evangelizo.org\/images\/santibeati\/B\/San_Bernardino_da_Siena_Sacerdote\/San_Bernardino_da_Siena_AA.jpg\" \/>\n<meta name=\"author\" content=\"danilo\" \/>\n<meta name=\"twitter:card\" content=\"summary_large_image\" \/>\n<meta name=\"twitter:label1\" content=\"Escrito por\" \/>\n\t<meta name=\"twitter:data1\" content=\"danilo\" \/>\n\t<meta name=\"twitter:label2\" content=\"Est. tempo de leitura\" \/>\n\t<meta name=\"twitter:data2\" content=\"2 minutos\" \/>\n<script type=\"application\/ld+json\" class=\"yoast-schema-graph\">{\"@context\":\"https:\/\/schema.org\",\"@graph\":[{\"@type\":\"Article\",\"@id\":\"https:\/\/www.oarcanjo.net\/site\/sao-bernardino-de-sena\/#article\",\"isPartOf\":{\"@id\":\"https:\/\/www.oarcanjo.net\/site\/sao-bernardino-de-sena\/\"},\"author\":{\"name\":\"danilo\",\"@id\":\"https:\/\/www.oarcanjo.net\/site\/#\/schema\/person\/5eb9480bedd2f3c97e430ce128c29c6c\"},\"headline\":\"S\u00e3o Bernardino de Sena\",\"datePublished\":\"2019-05-20T12:21:32+00:00\",\"dateModified\":\"2019-02-20T17:37:02+00:00\",\"mainEntityOfPage\":{\"@id\":\"https:\/\/www.oarcanjo.net\/site\/sao-bernardino-de-sena\/\"},\"wordCount\":449,\"commentCount\":0,\"publisher\":{\"@id\":\"https:\/\/www.oarcanjo.net\/site\/#organization\"},\"image\":{\"@id\":\"https:\/\/www.oarcanjo.net\/site\/sao-bernardino-de-sena\/#primaryimage\"},\"thumbnailUrl\":\"http:\/\/images.evangelizo.org\/images\/santibeati\/B\/San_Bernardino_da_Siena_Sacerdote\/San_Bernardino_da_Siena_AA.jpg\",\"articleSection\":[\"Testemunhos\"],\"inLanguage\":\"pt-BR\",\"potentialAction\":[{\"@type\":\"CommentAction\",\"name\":\"Comment\",\"target\":[\"https:\/\/www.oarcanjo.net\/site\/sao-bernardino-de-sena\/#respond\"]}]},{\"@type\":\"WebPage\",\"@id\":\"https:\/\/www.oarcanjo.net\/site\/sao-bernardino-de-sena\/\",\"url\":\"https:\/\/www.oarcanjo.net\/site\/sao-bernardino-de-sena\/\",\"name\":\"S\u00e3o Bernardino de Sena - O Arcanjo no ar\",\"isPartOf\":{\"@id\":\"https:\/\/www.oarcanjo.net\/site\/#website\"},\"primaryImageOfPage\":{\"@id\":\"https:\/\/www.oarcanjo.net\/site\/sao-bernardino-de-sena\/#primaryimage\"},\"image\":{\"@id\":\"https:\/\/www.oarcanjo.net\/site\/sao-bernardino-de-sena\/#primaryimage\"},\"thumbnailUrl\":\"http:\/\/images.evangelizo.org\/images\/santibeati\/B\/San_Bernardino_da_Siena_Sacerdote\/San_Bernardino_da_Siena_AA.jpg\",\"datePublished\":\"2019-05-20T12:21:32+00:00\",\"dateModified\":\"2019-02-20T17:37:02+00:00\",\"breadcrumb\":{\"@id\":\"https:\/\/www.oarcanjo.net\/site\/sao-bernardino-de-sena\/#breadcrumb\"},\"inLanguage\":\"pt-BR\",\"potentialAction\":[{\"@type\":\"ReadAction\",\"target\":[\"https:\/\/www.oarcanjo.net\/site\/sao-bernardino-de-sena\/\"]}]},{\"@type\":\"ImageObject\",\"inLanguage\":\"pt-BR\",\"@id\":\"https:\/\/www.oarcanjo.net\/site\/sao-bernardino-de-sena\/#primaryimage\",\"url\":\"http:\/\/images.evangelizo.org\/images\/santibeati\/B\/San_Bernardino_da_Siena_Sacerdote\/San_Bernardino_da_Siena_AA.jpg\",\"contentUrl\":\"http:\/\/images.evangelizo.org\/images\/santibeati\/B\/San_Bernardino_da_Siena_Sacerdote\/San_Bernardino_da_Siena_AA.jpg\"},{\"@type\":\"BreadcrumbList\",\"@id\":\"https:\/\/www.oarcanjo.net\/site\/sao-bernardino-de-sena\/#breadcrumb\",\"itemListElement\":[{\"@type\":\"ListItem\",\"position\":1,\"name\":\"In\u00edcio\",\"item\":\"https:\/\/www.oarcanjo.net\/site\/\"},{\"@type\":\"ListItem\",\"position\":2,\"name\":\"S\u00e3o Bernardino de Sena\"}]},{\"@type\":\"WebSite\",\"@id\":\"https:\/\/www.oarcanjo.net\/site\/#website\",\"url\":\"https:\/\/www.oarcanjo.net\/site\/\",\"name\":\"O Arcanjo no ar\",\"description\":\"Site da Par\u00f3quia S\u00e3o Miguel Arcanjo (Arquidiocese de SP)\",\"publisher\":{\"@id\":\"https:\/\/www.oarcanjo.net\/site\/#organization\"},\"potentialAction\":[{\"@type\":\"SearchAction\",\"target\":{\"@type\":\"EntryPoint\",\"urlTemplate\":\"https:\/\/www.oarcanjo.net\/site\/?s={search_term_string}\"},\"query-input\":{\"@type\":\"PropertyValueSpecification\",\"valueRequired\":true,\"valueName\":\"search_term_string\"}}],\"inLanguage\":\"pt-BR\"},{\"@type\":\"Organization\",\"@id\":\"https:\/\/www.oarcanjo.net\/site\/#organization\",\"name\":\"Par\u00f3quia S\u00e3o Miguel Arcanjo\",\"url\":\"https:\/\/www.oarcanjo.net\/site\/\",\"logo\":{\"@type\":\"ImageObject\",\"inLanguage\":\"pt-BR\",\"@id\":\"https:\/\/www.oarcanjo.net\/site\/#\/schema\/logo\/image\/\",\"url\":\"https:\/\/www.oarcanjo.net\/site\/wp-content\/uploads\/LogoOArcanjo.png\",\"contentUrl\":\"https:\/\/www.oarcanjo.net\/site\/wp-content\/uploads\/LogoOArcanjo.png\",\"width\":319,\"height\":99,\"caption\":\"Par\u00f3quia S\u00e3o Miguel Arcanjo\"},\"image\":{\"@id\":\"https:\/\/www.oarcanjo.net\/site\/#\/schema\/logo\/image\/\"},\"sameAs\":[\"https:\/\/www.facebook.com\/OArcanjoNoAr\/\"]},{\"@type\":\"Person\",\"@id\":\"https:\/\/www.oarcanjo.net\/site\/#\/schema\/person\/5eb9480bedd2f3c97e430ce128c29c6c\",\"name\":\"danilo\"}]}<\/script>\n<!-- \/ Yoast SEO plugin. -->","yoast_head_json":{"title":"S\u00e3o Bernardino de Sena - O Arcanjo no ar","robots":{"index":"index","follow":"follow","max-snippet":"max-snippet:-1","max-image-preview":"max-image-preview:large","max-video-preview":"max-video-preview:-1"},"canonical":"https:\/\/www.oarcanjo.net\/site\/sao-bernardino-de-sena\/","og_locale":"pt_BR","og_type":"article","og_title":"S\u00e3o Bernardino de Sena - O Arcanjo no ar","og_description":"20 de Maio Na It\u00e1lia, Bernardino nasceu na nobre fam\u00edlia senense dos Albizzeschi, em 8 de setembro de 380, na pequena Massa Mar\u00edtima, em Carrara. Ficou \u00f3rf\u00e3o da m\u00e3e quando tinha tr\u00eas anos e do pai aos sete, sendo criado na cidade de Sena por duas tias extremamente religiosas, que o levaram a descobrir a [&hellip;]","og_url":"https:\/\/www.oarcanjo.net\/site\/sao-bernardino-de-sena\/","og_site_name":"O Arcanjo no ar","article_publisher":"https:\/\/www.facebook.com\/OArcanjoNoAr\/","article_published_time":"2019-05-20T12:21:32+00:00","article_modified_time":"2019-02-20T17:37:02+00:00","og_image":[{"url":"http:\/\/images.evangelizo.org\/images\/santibeati\/B\/San_Bernardino_da_Siena_Sacerdote\/San_Bernardino_da_Siena_AA.jpg"}],"author":"danilo","twitter_card":"summary_large_image","twitter_misc":{"Escrito por":"danilo","Est. tempo de leitura":"2 minutos"},"schema":{"@context":"https:\/\/schema.org","@graph":[{"@type":"Article","@id":"https:\/\/www.oarcanjo.net\/site\/sao-bernardino-de-sena\/#article","isPartOf":{"@id":"https:\/\/www.oarcanjo.net\/site\/sao-bernardino-de-sena\/"},"author":{"name":"danilo","@id":"https:\/\/www.oarcanjo.net\/site\/#\/schema\/person\/5eb9480bedd2f3c97e430ce128c29c6c"},"headline":"S\u00e3o Bernardino de Sena","datePublished":"2019-05-20T12:21:32+00:00","dateModified":"2019-02-20T17:37:02+00:00","mainEntityOfPage":{"@id":"https:\/\/www.oarcanjo.net\/site\/sao-bernardino-de-sena\/"},"wordCount":449,"commentCount":0,"publisher":{"@id":"https:\/\/www.oarcanjo.net\/site\/#organization"},"image":{"@id":"https:\/\/www.oarcanjo.net\/site\/sao-bernardino-de-sena\/#primaryimage"},"thumbnailUrl":"http:\/\/images.evangelizo.org\/images\/santibeati\/B\/San_Bernardino_da_Siena_Sacerdote\/San_Bernardino_da_Siena_AA.jpg","articleSection":["Testemunhos"],"inLanguage":"pt-BR","potentialAction":[{"@type":"CommentAction","name":"Comment","target":["https:\/\/www.oarcanjo.net\/site\/sao-bernardino-de-sena\/#respond"]}]},{"@type":"WebPage","@id":"https:\/\/www.oarcanjo.net\/site\/sao-bernardino-de-sena\/","url":"https:\/\/www.oarcanjo.net\/site\/sao-bernardino-de-sena\/","name":"S\u00e3o Bernardino de Sena - O Arcanjo no ar","isPartOf":{"@id":"https:\/\/www.oarcanjo.net\/site\/#website"},"primaryImageOfPage":{"@id":"https:\/\/www.oarcanjo.net\/site\/sao-bernardino-de-sena\/#primaryimage"},"image":{"@id":"https:\/\/www.oarcanjo.net\/site\/sao-bernardino-de-sena\/#primaryimage"},"thumbnailUrl":"http:\/\/images.evangelizo.org\/images\/santibeati\/B\/San_Bernardino_da_Siena_Sacerdote\/San_Bernardino_da_Siena_AA.jpg","datePublished":"2019-05-20T12:21:32+00:00","dateModified":"2019-02-20T17:37:02+00:00","breadcrumb":{"@id":"https:\/\/www.oarcanjo.net\/site\/sao-bernardino-de-sena\/#breadcrumb"},"inLanguage":"pt-BR","potentialAction":[{"@type":"ReadAction","target":["https:\/\/www.oarcanjo.net\/site\/sao-bernardino-de-sena\/"]}]},{"@type":"ImageObject","inLanguage":"pt-BR","@id":"https:\/\/www.oarcanjo.net\/site\/sao-bernardino-de-sena\/#primaryimage","url":"http:\/\/images.evangelizo.org\/images\/santibeati\/B\/San_Bernardino_da_Siena_Sacerdote\/San_Bernardino_da_Siena_AA.jpg","contentUrl":"http:\/\/images.evangelizo.org\/images\/santibeati\/B\/San_Bernardino_da_Siena_Sacerdote\/San_Bernardino_da_Siena_AA.jpg"},{"@type":"BreadcrumbList","@id":"https:\/\/www.oarcanjo.net\/site\/sao-bernardino-de-sena\/#breadcrumb","itemListElement":[{"@type":"ListItem","position":1,"name":"In\u00edcio","item":"https:\/\/www.oarcanjo.net\/site\/"},{"@type":"ListItem","position":2,"name":"S\u00e3o Bernardino de Sena"}]},{"@type":"WebSite","@id":"https:\/\/www.oarcanjo.net\/site\/#website","url":"https:\/\/www.oarcanjo.net\/site\/","name":"O Arcanjo no ar","description":"Site da Par\u00f3quia S\u00e3o Miguel Arcanjo (Arquidiocese de SP)","publisher":{"@id":"https:\/\/www.oarcanjo.net\/site\/#organization"},"potentialAction":[{"@type":"SearchAction","target":{"@type":"EntryPoint","urlTemplate":"https:\/\/www.oarcanjo.net\/site\/?s={search_term_string}"},"query-input":{"@type":"PropertyValueSpecification","valueRequired":true,"valueName":"search_term_string"}}],"inLanguage":"pt-BR"},{"@type":"Organization","@id":"https:\/\/www.oarcanjo.net\/site\/#organization","name":"Par\u00f3quia S\u00e3o Miguel Arcanjo","url":"https:\/\/www.oarcanjo.net\/site\/","logo":{"@type":"ImageObject","inLanguage":"pt-BR","@id":"https:\/\/www.oarcanjo.net\/site\/#\/schema\/logo\/image\/","url":"https:\/\/www.oarcanjo.net\/site\/wp-content\/uploads\/LogoOArcanjo.png","contentUrl":"https:\/\/www.oarcanjo.net\/site\/wp-content\/uploads\/LogoOArcanjo.png","width":319,"height":99,"caption":"Par\u00f3quia S\u00e3o Miguel Arcanjo"},"image":{"@id":"https:\/\/www.oarcanjo.net\/site\/#\/schema\/logo\/image\/"},"sameAs":["https:\/\/www.facebook.com\/OArcanjoNoAr\/"]},{"@type":"Person","@id":"https:\/\/www.oarcanjo.net\/site\/#\/schema\/person\/5eb9480bedd2f3c97e430ce128c29c6c","name":"danilo"}]}},"publishpress_future_action":{"enabled":false,"date":"2026-05-07 16:26:42","action":"category","newStatus":"draft","terms":[],"taxonomy":"category"},"publishpress_future_workflow_manual_trigger":{"enabledWorkflows":[]},"_links":{"self":[{"href":"https:\/\/www.oarcanjo.net\/site\/wp-json\/wp\/v2\/posts\/9468"}],"collection":[{"href":"https:\/\/www.oarcanjo.net\/site\/wp-json\/wp\/v2\/posts"}],"about":[{"href":"https:\/\/www.oarcanjo.net\/site\/wp-json\/wp\/v2\/types\/post"}],"author":[{"embeddable":true,"href":"https:\/\/www.oarcanjo.net\/site\/wp-json\/wp\/v2\/users\/14"}],"replies":[{"embeddable":true,"href":"https:\/\/www.oarcanjo.net\/site\/wp-json\/wp\/v2\/comments?post=9468"}],"version-history":[{"count":1,"href":"https:\/\/www.oarcanjo.net\/site\/wp-json\/wp\/v2\/posts\/9468\/revisions"}],"predecessor-version":[{"id":93066,"href":"https:\/\/www.oarcanjo.net\/site\/wp-json\/wp\/v2\/posts\/9468\/revisions\/93066"}],"wp:attachment":[{"href":"https:\/\/www.oarcanjo.net\/site\/wp-json\/wp\/v2\/media?parent=9468"}],"wp:term":[{"taxonomy":"category","embeddable":true,"href":"https:\/\/www.oarcanjo.net\/site\/wp-json\/wp\/v2\/categories?post=9468"},{"taxonomy":"post_tag","embeddable":true,"href":"https:\/\/www.oarcanjo.net\/site\/wp-json\/wp\/v2\/tags?post=9468"}],"curies":[{"name":"wp","href":"https:\/\/api.w.org\/{rel}","templated":true}]}}