
{"id":94682,"date":"2019-06-16T18:15:38","date_gmt":"2019-06-16T21:15:38","guid":{"rendered":"https:\/\/www.oarcanjo.net\/site\/?p=94682"},"modified":"2019-06-16T13:44:06","modified_gmt":"2019-06-16T16:44:06","slug":"corpus-christi-tera-missa-as-15h-seguida-de-procissao-2","status":"publish","type":"post","link":"https:\/\/www.oarcanjo.net\/site\/corpus-christi-tera-missa-as-15h-seguida-de-procissao-2\/","title":{"rendered":"Corpus Christi ter\u00e1 missa \u00e0s 15h seguida de prociss\u00e3o"},"content":{"rendered":"<p>Na quinta-feira, 20\/06, dia de Corpus Christi, haver\u00e1 missa \u00e0s 15h na capela da Universidade S\u00e3o Judas Tadeu. No final, os fieis sair\u00e3o em prociss\u00e3o pelo bairro, passando pelo tradicional tapete preparado pelos moradores do conjunto IAPI. Mais detalhes nos avisos paroquiais da semana, gravados no final da missa das 10h de 16\/06\/2019. Nesse dia, crian\u00e7as e adolescentes receberam a 1\u00aa Eucaristia e foram homegeados pela comunidade:<\/p>\n<p><iframe loading=\"lazy\" width=\"700\" height=\"394\" src=\"https:\/\/www.youtube.com\/embed\/_fsVLiWuT7w?rel=0\" frameborder=\"0\" allow=\"accelerometer; autoplay; encrypted-media; gyroscope; picture-in-picture\" allowfullscreen><\/iframe><\/p>\n<div id=\"themify_builder_content-94682\" data-postid=\"94682\" class=\"themify_builder_content themify_builder_content-94682 themify_builder themify_builder_front\">\n\t<\/div>\n<!-- \/themify_builder_content -->","protected":false},"excerpt":{"rendered":"<p>Celebra\u00e7\u00e3o ser\u00e1 na capela da Universidade S\u00e3o Judas Tadeu. Prociss\u00e3o ter\u00e1 o tradicional tapete feito pelos moradores do IAPI<\/p>\n","protected":false},"author":5,"featured_media":94683,"comment_status":"open","ping_status":"open","sticky":false,"template":"","format":"standard","meta":{"ngg_post_thumbnail":0,"footnotes":""},"categories":[476,3,8],"tags":[],"yoast_head":"<!-- This site is optimized with the Yoast SEO plugin v23.5 - https:\/\/yoast.com\/wordpress\/plugins\/seo\/ -->\n<title>Corpus Christi ter\u00e1 missa \u00e0s 15h seguida de prociss\u00e3o - O Arcanjo no ar<\/title>\n<meta name=\"robots\" content=\"index, follow, max-snippet:-1, max-image-preview:large, max-video-preview:-1\" \/>\n<link rel=\"canonical\" href=\"https:\/\/www.oarcanjo.net\/site\/corpus-christi-tera-missa-as-15h-seguida-de-procissao-2\/\" \/>\n<meta property=\"og:locale\" content=\"pt_BR\" \/>\n<meta property=\"og:type\" content=\"article\" \/>\n<meta property=\"og:title\" content=\"Corpus Christi ter\u00e1 missa \u00e0s 15h seguida de prociss\u00e3o - O Arcanjo no ar\" \/>\n<meta property=\"og:description\" content=\"Celebra\u00e7\u00e3o ser\u00e1 na capela da Universidade S\u00e3o Judas Tadeu. Prociss\u00e3o ter\u00e1 o tradicional tapete feito pelos moradores do IAPI\" \/>\n<meta property=\"og:url\" content=\"https:\/\/www.oarcanjo.net\/site\/corpus-christi-tera-missa-as-15h-seguida-de-procissao-2\/\" \/>\n<meta property=\"og:site_name\" content=\"O Arcanjo no ar\" \/>\n<meta property=\"article:publisher\" content=\"https:\/\/www.facebook.com\/OArcanjoNoAr\/\" \/>\n<meta property=\"article:published_time\" content=\"2019-06-16T21:15:38+00:00\" \/>\n<meta property=\"article:modified_time\" content=\"2019-06-16T16:44:06+00:00\" \/>\n<meta property=\"og:image\" content=\"https:\/\/www.oarcanjo.net\/site\/wp-content\/uploads\/20190616Avisos01.png\" \/>\n\t<meta property=\"og:image:width\" content=\"877\" \/>\n\t<meta property=\"og:image:height\" content=\"490\" \/>\n\t<meta property=\"og:image:type\" content=\"image\/png\" \/>\n<meta name=\"author\" content=\"editor\" \/>\n<meta name=\"twitter:card\" content=\"summary_large_image\" \/>\n<meta name=\"twitter:label1\" content=\"Escrito por\" \/>\n\t<meta name=\"twitter:data1\" content=\"editor\" \/>\n<script type=\"application\/ld+json\" class=\"yoast-schema-graph\">{\"@context\":\"https:\/\/schema.org\",\"@graph\":[{\"@type\":\"Article\",\"@id\":\"https:\/\/www.oarcanjo.net\/site\/corpus-christi-tera-missa-as-15h-seguida-de-procissao-2\/#article\",\"isPartOf\":{\"@id\":\"https:\/\/www.oarcanjo.net\/site\/corpus-christi-tera-missa-as-15h-seguida-de-procissao-2\/\"},\"author\":{\"name\":\"editor\",\"@id\":\"https:\/\/www.oarcanjo.net\/site\/#\/schema\/person\/f7024d007863202483a31326673a0838\"},\"headline\":\"Corpus Christi ter\u00e1 missa \u00e0s 15h seguida de prociss\u00e3o\",\"datePublished\":\"2019-06-16T21:15:38+00:00\",\"dateModified\":\"2019-06-16T16:44:06+00:00\",\"mainEntityOfPage\":{\"@id\":\"https:\/\/www.oarcanjo.net\/site\/corpus-christi-tera-missa-as-15h-seguida-de-procissao-2\/\"},\"wordCount\":78,\"commentCount\":0,\"publisher\":{\"@id\":\"https:\/\/www.oarcanjo.net\/site\/#organization\"},\"image\":{\"@id\":\"https:\/\/www.oarcanjo.net\/site\/corpus-christi-tera-missa-as-15h-seguida-de-procissao-2\/#primaryimage\"},\"thumbnailUrl\":\"https:\/\/www.oarcanjo.net\/site\/wp-content\/uploads\/20190616Avisos01.png\",\"articleSection\":[\"Avisos\",\"Destaques\",\"Not\u00edcias\"],\"inLanguage\":\"pt-BR\",\"potentialAction\":[{\"@type\":\"CommentAction\",\"name\":\"Comment\",\"target\":[\"https:\/\/www.oarcanjo.net\/site\/corpus-christi-tera-missa-as-15h-seguida-de-procissao-2\/#respond\"]}]},{\"@type\":\"WebPage\",\"@id\":\"https:\/\/www.oarcanjo.net\/site\/corpus-christi-tera-missa-as-15h-seguida-de-procissao-2\/\",\"url\":\"https:\/\/www.oarcanjo.net\/site\/corpus-christi-tera-missa-as-15h-seguida-de-procissao-2\/\",\"name\":\"Corpus Christi ter\u00e1 missa \u00e0s 15h seguida de prociss\u00e3o - O Arcanjo no ar\",\"isPartOf\":{\"@id\":\"https:\/\/www.oarcanjo.net\/site\/#website\"},\"primaryImageOfPage\":{\"@id\":\"https:\/\/www.oarcanjo.net\/site\/corpus-christi-tera-missa-as-15h-seguida-de-procissao-2\/#primaryimage\"},\"image\":{\"@id\":\"https:\/\/www.oarcanjo.net\/site\/corpus-christi-tera-missa-as-15h-seguida-de-procissao-2\/#primaryimage\"},\"thumbnailUrl\":\"https:\/\/www.oarcanjo.net\/site\/wp-content\/uploads\/20190616Avisos01.png\",\"datePublished\":\"2019-06-16T21:15:38+00:00\",\"dateModified\":\"2019-06-16T16:44:06+00:00\",\"breadcrumb\":{\"@id\":\"https:\/\/www.oarcanjo.net\/site\/corpus-christi-tera-missa-as-15h-seguida-de-procissao-2\/#breadcrumb\"},\"inLanguage\":\"pt-BR\",\"potentialAction\":[{\"@type\":\"ReadAction\",\"target\":[\"https:\/\/www.oarcanjo.net\/site\/corpus-christi-tera-missa-as-15h-seguida-de-procissao-2\/\"]}]},{\"@type\":\"ImageObject\",\"inLanguage\":\"pt-BR\",\"@id\":\"https:\/\/www.oarcanjo.net\/site\/corpus-christi-tera-missa-as-15h-seguida-de-procissao-2\/#primaryimage\",\"url\":\"https:\/\/www.oarcanjo.net\/site\/wp-content\/uploads\/20190616Avisos01.png\",\"contentUrl\":\"https:\/\/www.oarcanjo.net\/site\/wp-content\/uploads\/20190616Avisos01.png\",\"width\":877,\"height\":490},{\"@type\":\"BreadcrumbList\",\"@id\":\"https:\/\/www.oarcanjo.net\/site\/corpus-christi-tera-missa-as-15h-seguida-de-procissao-2\/#breadcrumb\",\"itemListElement\":[{\"@type\":\"ListItem\",\"position\":1,\"name\":\"In\u00edcio\",\"item\":\"https:\/\/www.oarcanjo.net\/site\/\"},{\"@type\":\"ListItem\",\"position\":2,\"name\":\"Corpus Christi ter\u00e1 missa \u00e0s 15h seguida de prociss\u00e3o\"}]},{\"@type\":\"WebSite\",\"@id\":\"https:\/\/www.oarcanjo.net\/site\/#website\",\"url\":\"https:\/\/www.oarcanjo.net\/site\/\",\"name\":\"O Arcanjo no ar\",\"description\":\"Site da Par\u00f3quia S\u00e3o Miguel Arcanjo (Arquidiocese de SP)\",\"publisher\":{\"@id\":\"https:\/\/www.oarcanjo.net\/site\/#organization\"},\"potentialAction\":[{\"@type\":\"SearchAction\",\"target\":{\"@type\":\"EntryPoint\",\"urlTemplate\":\"https:\/\/www.oarcanjo.net\/site\/?s={search_term_string}\"},\"query-input\":{\"@type\":\"PropertyValueSpecification\",\"valueRequired\":true,\"valueName\":\"search_term_string\"}}],\"inLanguage\":\"pt-BR\"},{\"@type\":\"Organization\",\"@id\":\"https:\/\/www.oarcanjo.net\/site\/#organization\",\"name\":\"Par\u00f3quia S\u00e3o Miguel Arcanjo\",\"url\":\"https:\/\/www.oarcanjo.net\/site\/\",\"logo\":{\"@type\":\"ImageObject\",\"inLanguage\":\"pt-BR\",\"@id\":\"https:\/\/www.oarcanjo.net\/site\/#\/schema\/logo\/image\/\",\"url\":\"https:\/\/www.oarcanjo.net\/site\/wp-content\/uploads\/LogoOArcanjo.png\",\"contentUrl\":\"https:\/\/www.oarcanjo.net\/site\/wp-content\/uploads\/LogoOArcanjo.png\",\"width\":319,\"height\":99,\"caption\":\"Par\u00f3quia S\u00e3o Miguel Arcanjo\"},\"image\":{\"@id\":\"https:\/\/www.oarcanjo.net\/site\/#\/schema\/logo\/image\/\"},\"sameAs\":[\"https:\/\/www.facebook.com\/OArcanjoNoAr\/\"]},{\"@type\":\"Person\",\"@id\":\"https:\/\/www.oarcanjo.net\/site\/#\/schema\/person\/f7024d007863202483a31326673a0838\",\"name\":\"editor\",\"sameAs\":[\"http:\/\/www.oarcanjo.net\"]}]}<\/script>\n<!-- \/ Yoast SEO plugin. -->","yoast_head_json":{"title":"Corpus Christi ter\u00e1 missa \u00e0s 15h seguida de prociss\u00e3o - O Arcanjo no ar","robots":{"index":"index","follow":"follow","max-snippet":"max-snippet:-1","max-image-preview":"max-image-preview:large","max-video-preview":"max-video-preview:-1"},"canonical":"https:\/\/www.oarcanjo.net\/site\/corpus-christi-tera-missa-as-15h-seguida-de-procissao-2\/","og_locale":"pt_BR","og_type":"article","og_title":"Corpus Christi ter\u00e1 missa \u00e0s 15h seguida de prociss\u00e3o - O Arcanjo no ar","og_description":"Celebra\u00e7\u00e3o ser\u00e1 na capela da Universidade S\u00e3o Judas Tadeu. Prociss\u00e3o ter\u00e1 o tradicional tapete feito pelos moradores do IAPI","og_url":"https:\/\/www.oarcanjo.net\/site\/corpus-christi-tera-missa-as-15h-seguida-de-procissao-2\/","og_site_name":"O Arcanjo no ar","article_publisher":"https:\/\/www.facebook.com\/OArcanjoNoAr\/","article_published_time":"2019-06-16T21:15:38+00:00","article_modified_time":"2019-06-16T16:44:06+00:00","og_image":[{"width":877,"height":490,"url":"https:\/\/www.oarcanjo.net\/site\/wp-content\/uploads\/20190616Avisos01.png","type":"image\/png"}],"author":"editor","twitter_card":"summary_large_image","twitter_misc":{"Escrito por":"editor"},"schema":{"@context":"https:\/\/schema.org","@graph":[{"@type":"Article","@id":"https:\/\/www.oarcanjo.net\/site\/corpus-christi-tera-missa-as-15h-seguida-de-procissao-2\/#article","isPartOf":{"@id":"https:\/\/www.oarcanjo.net\/site\/corpus-christi-tera-missa-as-15h-seguida-de-procissao-2\/"},"author":{"name":"editor","@id":"https:\/\/www.oarcanjo.net\/site\/#\/schema\/person\/f7024d007863202483a31326673a0838"},"headline":"Corpus Christi ter\u00e1 missa \u00e0s 15h seguida de prociss\u00e3o","datePublished":"2019-06-16T21:15:38+00:00","dateModified":"2019-06-16T16:44:06+00:00","mainEntityOfPage":{"@id":"https:\/\/www.oarcanjo.net\/site\/corpus-christi-tera-missa-as-15h-seguida-de-procissao-2\/"},"wordCount":78,"commentCount":0,"publisher":{"@id":"https:\/\/www.oarcanjo.net\/site\/#organization"},"image":{"@id":"https:\/\/www.oarcanjo.net\/site\/corpus-christi-tera-missa-as-15h-seguida-de-procissao-2\/#primaryimage"},"thumbnailUrl":"https:\/\/www.oarcanjo.net\/site\/wp-content\/uploads\/20190616Avisos01.png","articleSection":["Avisos","Destaques","Not\u00edcias"],"inLanguage":"pt-BR","potentialAction":[{"@type":"CommentAction","name":"Comment","target":["https:\/\/www.oarcanjo.net\/site\/corpus-christi-tera-missa-as-15h-seguida-de-procissao-2\/#respond"]}]},{"@type":"WebPage","@id":"https:\/\/www.oarcanjo.net\/site\/corpus-christi-tera-missa-as-15h-seguida-de-procissao-2\/","url":"https:\/\/www.oarcanjo.net\/site\/corpus-christi-tera-missa-as-15h-seguida-de-procissao-2\/","name":"Corpus Christi ter\u00e1 missa \u00e0s 15h seguida de prociss\u00e3o - O Arcanjo no ar","isPartOf":{"@id":"https:\/\/www.oarcanjo.net\/site\/#website"},"primaryImageOfPage":{"@id":"https:\/\/www.oarcanjo.net\/site\/corpus-christi-tera-missa-as-15h-seguida-de-procissao-2\/#primaryimage"},"image":{"@id":"https:\/\/www.oarcanjo.net\/site\/corpus-christi-tera-missa-as-15h-seguida-de-procissao-2\/#primaryimage"},"thumbnailUrl":"https:\/\/www.oarcanjo.net\/site\/wp-content\/uploads\/20190616Avisos01.png","datePublished":"2019-06-16T21:15:38+00:00","dateModified":"2019-06-16T16:44:06+00:00","breadcrumb":{"@id":"https:\/\/www.oarcanjo.net\/site\/corpus-christi-tera-missa-as-15h-seguida-de-procissao-2\/#breadcrumb"},"inLanguage":"pt-BR","potentialAction":[{"@type":"ReadAction","target":["https:\/\/www.oarcanjo.net\/site\/corpus-christi-tera-missa-as-15h-seguida-de-procissao-2\/"]}]},{"@type":"ImageObject","inLanguage":"pt-BR","@id":"https:\/\/www.oarcanjo.net\/site\/corpus-christi-tera-missa-as-15h-seguida-de-procissao-2\/#primaryimage","url":"https:\/\/www.oarcanjo.net\/site\/wp-content\/uploads\/20190616Avisos01.png","contentUrl":"https:\/\/www.oarcanjo.net\/site\/wp-content\/uploads\/20190616Avisos01.png","width":877,"height":490},{"@type":"BreadcrumbList","@id":"https:\/\/www.oarcanjo.net\/site\/corpus-christi-tera-missa-as-15h-seguida-de-procissao-2\/#breadcrumb","itemListElement":[{"@type":"ListItem","position":1,"name":"In\u00edcio","item":"https:\/\/www.oarcanjo.net\/site\/"},{"@type":"ListItem","position":2,"name":"Corpus Christi ter\u00e1 missa \u00e0s 15h seguida de prociss\u00e3o"}]},{"@type":"WebSite","@id":"https:\/\/www.oarcanjo.net\/site\/#website","url":"https:\/\/www.oarcanjo.net\/site\/","name":"O Arcanjo no ar","description":"Site da Par\u00f3quia S\u00e3o Miguel Arcanjo (Arquidiocese de SP)","publisher":{"@id":"https:\/\/www.oarcanjo.net\/site\/#organization"},"potentialAction":[{"@type":"SearchAction","target":{"@type":"EntryPoint","urlTemplate":"https:\/\/www.oarcanjo.net\/site\/?s={search_term_string}"},"query-input":{"@type":"PropertyValueSpecification","valueRequired":true,"valueName":"search_term_string"}}],"inLanguage":"pt-BR"},{"@type":"Organization","@id":"https:\/\/www.oarcanjo.net\/site\/#organization","name":"Par\u00f3quia S\u00e3o Miguel Arcanjo","url":"https:\/\/www.oarcanjo.net\/site\/","logo":{"@type":"ImageObject","inLanguage":"pt-BR","@id":"https:\/\/www.oarcanjo.net\/site\/#\/schema\/logo\/image\/","url":"https:\/\/www.oarcanjo.net\/site\/wp-content\/uploads\/LogoOArcanjo.png","contentUrl":"https:\/\/www.oarcanjo.net\/site\/wp-content\/uploads\/LogoOArcanjo.png","width":319,"height":99,"caption":"Par\u00f3quia S\u00e3o Miguel Arcanjo"},"image":{"@id":"https:\/\/www.oarcanjo.net\/site\/#\/schema\/logo\/image\/"},"sameAs":["https:\/\/www.facebook.com\/OArcanjoNoAr\/"]},{"@type":"Person","@id":"https:\/\/www.oarcanjo.net\/site\/#\/schema\/person\/f7024d007863202483a31326673a0838","name":"editor","sameAs":["http:\/\/www.oarcanjo.net"]}]}},"publishpress_future_action":{"enabled":false,"date":"2026-05-09 10:00:44","action":"category","newStatus":"draft","terms":[],"taxonomy":"category"},"publishpress_future_workflow_manual_trigger":{"enabledWorkflows":[]},"_links":{"self":[{"href":"https:\/\/www.oarcanjo.net\/site\/wp-json\/wp\/v2\/posts\/94682"}],"collection":[{"href":"https:\/\/www.oarcanjo.net\/site\/wp-json\/wp\/v2\/posts"}],"about":[{"href":"https:\/\/www.oarcanjo.net\/site\/wp-json\/wp\/v2\/types\/post"}],"author":[{"embeddable":true,"href":"https:\/\/www.oarcanjo.net\/site\/wp-json\/wp\/v2\/users\/5"}],"replies":[{"embeddable":true,"href":"https:\/\/www.oarcanjo.net\/site\/wp-json\/wp\/v2\/comments?post=94682"}],"version-history":[{"count":2,"href":"https:\/\/www.oarcanjo.net\/site\/wp-json\/wp\/v2\/posts\/94682\/revisions"}],"predecessor-version":[{"id":94685,"href":"https:\/\/www.oarcanjo.net\/site\/wp-json\/wp\/v2\/posts\/94682\/revisions\/94685"}],"wp:featuredmedia":[{"embeddable":true,"href":"https:\/\/www.oarcanjo.net\/site\/wp-json\/wp\/v2\/media\/94683"}],"wp:attachment":[{"href":"https:\/\/www.oarcanjo.net\/site\/wp-json\/wp\/v2\/media?parent=94682"}],"wp:term":[{"taxonomy":"category","embeddable":true,"href":"https:\/\/www.oarcanjo.net\/site\/wp-json\/wp\/v2\/categories?post=94682"},{"taxonomy":"post_tag","embeddable":true,"href":"https:\/\/www.oarcanjo.net\/site\/wp-json\/wp\/v2\/tags?post=94682"}],"curies":[{"name":"wp","href":"https:\/\/api.w.org\/{rel}","templated":true}]}}