
{"id":94705,"date":"2019-06-23T14:53:18","date_gmt":"2019-06-23T17:53:18","guid":{"rendered":"https:\/\/www.oarcanjo.net\/site\/?p=94705"},"modified":"2019-06-23T14:53:18","modified_gmt":"2019-06-23T17:53:18","slug":"festa-da-pastoral-da-crianca-sera-sabado-as-11h","status":"publish","type":"post","link":"https:\/\/www.oarcanjo.net\/site\/festa-da-pastoral-da-crianca-sera-sabado-as-11h\/","title":{"rendered":"Festa da Pastoral da Crian\u00e7a ser\u00e1 s\u00e1bado, \u00e0s 11h"},"content":{"rendered":"<p>No s\u00e1bado, 29\/06, haver\u00e1 a festa da Pastoral da Crian\u00e7a no Centro Comunit\u00e1rio da Igreja S\u00e3o Miguel Arcanjo, a partir das 11h. Mais detalhes nos avisos paroquiais da semana, gravados em 23\/06\/2019:<\/p>\n<p><iframe loading=\"lazy\" width=\"700\" height=\"394\" src=\"https:\/\/www.youtube.com\/embed\/3jHkLkugVh4?rel=0\" frameborder=\"0\" allow=\"accelerometer; autoplay; encrypted-media; gyroscope; picture-in-picture\" allowfullscreen><\/iframe><\/p>\n<div id=\"themify_builder_content-94705\" data-postid=\"94705\" class=\"themify_builder_content themify_builder_content-94705 themify_builder themify_builder_front\">\n\t<\/div>\n<!-- \/themify_builder_content -->","protected":false},"excerpt":{"rendered":"<p>Confira os detalhes nos avisos paroquiais da semana<\/p>\n","protected":false},"author":5,"featured_media":94706,"comment_status":"open","ping_status":"open","sticky":false,"template":"","format":"standard","meta":{"ngg_post_thumbnail":0,"footnotes":""},"categories":[476,3,8],"tags":[],"yoast_head":"<!-- This site is optimized with the Yoast SEO plugin v23.5 - https:\/\/yoast.com\/wordpress\/plugins\/seo\/ -->\n<title>Festa da Pastoral da Crian\u00e7a ser\u00e1 s\u00e1bado, \u00e0s 11h - O Arcanjo no ar<\/title>\n<meta name=\"robots\" content=\"index, follow, max-snippet:-1, max-image-preview:large, max-video-preview:-1\" \/>\n<link rel=\"canonical\" href=\"https:\/\/www.oarcanjo.net\/site\/festa-da-pastoral-da-crianca-sera-sabado-as-11h\/\" \/>\n<meta property=\"og:locale\" content=\"pt_BR\" \/>\n<meta property=\"og:type\" content=\"article\" \/>\n<meta property=\"og:title\" content=\"Festa da Pastoral da Crian\u00e7a ser\u00e1 s\u00e1bado, \u00e0s 11h - O Arcanjo no ar\" \/>\n<meta property=\"og:description\" content=\"Confira os detalhes nos avisos paroquiais da semana\" \/>\n<meta property=\"og:url\" content=\"https:\/\/www.oarcanjo.net\/site\/festa-da-pastoral-da-crianca-sera-sabado-as-11h\/\" \/>\n<meta property=\"og:site_name\" content=\"O Arcanjo no ar\" \/>\n<meta property=\"article:publisher\" content=\"https:\/\/www.facebook.com\/OArcanjoNoAr\/\" \/>\n<meta property=\"article:published_time\" content=\"2019-06-23T17:53:18+00:00\" \/>\n<meta property=\"og:image\" content=\"https:\/\/www.oarcanjo.net\/site\/wp-content\/uploads\/20190623Avisos01.png\" \/>\n\t<meta property=\"og:image:width\" content=\"983\" \/>\n\t<meta property=\"og:image:height\" content=\"554\" \/>\n\t<meta property=\"og:image:type\" content=\"image\/png\" \/>\n<meta name=\"author\" content=\"editor\" \/>\n<meta name=\"twitter:card\" content=\"summary_large_image\" \/>\n<meta name=\"twitter:label1\" content=\"Escrito por\" \/>\n\t<meta name=\"twitter:data1\" content=\"editor\" \/>\n<script type=\"application\/ld+json\" class=\"yoast-schema-graph\">{\"@context\":\"https:\/\/schema.org\",\"@graph\":[{\"@type\":\"Article\",\"@id\":\"https:\/\/www.oarcanjo.net\/site\/festa-da-pastoral-da-crianca-sera-sabado-as-11h\/#article\",\"isPartOf\":{\"@id\":\"https:\/\/www.oarcanjo.net\/site\/festa-da-pastoral-da-crianca-sera-sabado-as-11h\/\"},\"author\":{\"name\":\"editor\",\"@id\":\"https:\/\/www.oarcanjo.net\/site\/#\/schema\/person\/f7024d007863202483a31326673a0838\"},\"headline\":\"Festa da Pastoral da Crian\u00e7a ser\u00e1 s\u00e1bado, \u00e0s 11h\",\"datePublished\":\"2019-06-23T17:53:18+00:00\",\"dateModified\":\"2019-06-23T17:53:18+00:00\",\"mainEntityOfPage\":{\"@id\":\"https:\/\/www.oarcanjo.net\/site\/festa-da-pastoral-da-crianca-sera-sabado-as-11h\/\"},\"wordCount\":45,\"commentCount\":0,\"publisher\":{\"@id\":\"https:\/\/www.oarcanjo.net\/site\/#organization\"},\"image\":{\"@id\":\"https:\/\/www.oarcanjo.net\/site\/festa-da-pastoral-da-crianca-sera-sabado-as-11h\/#primaryimage\"},\"thumbnailUrl\":\"https:\/\/www.oarcanjo.net\/site\/wp-content\/uploads\/20190623Avisos01.png\",\"articleSection\":[\"Avisos\",\"Destaques\",\"Not\u00edcias\"],\"inLanguage\":\"pt-BR\",\"potentialAction\":[{\"@type\":\"CommentAction\",\"name\":\"Comment\",\"target\":[\"https:\/\/www.oarcanjo.net\/site\/festa-da-pastoral-da-crianca-sera-sabado-as-11h\/#respond\"]}]},{\"@type\":\"WebPage\",\"@id\":\"https:\/\/www.oarcanjo.net\/site\/festa-da-pastoral-da-crianca-sera-sabado-as-11h\/\",\"url\":\"https:\/\/www.oarcanjo.net\/site\/festa-da-pastoral-da-crianca-sera-sabado-as-11h\/\",\"name\":\"Festa da Pastoral da Crian\u00e7a ser\u00e1 s\u00e1bado, \u00e0s 11h - O Arcanjo no ar\",\"isPartOf\":{\"@id\":\"https:\/\/www.oarcanjo.net\/site\/#website\"},\"primaryImageOfPage\":{\"@id\":\"https:\/\/www.oarcanjo.net\/site\/festa-da-pastoral-da-crianca-sera-sabado-as-11h\/#primaryimage\"},\"image\":{\"@id\":\"https:\/\/www.oarcanjo.net\/site\/festa-da-pastoral-da-crianca-sera-sabado-as-11h\/#primaryimage\"},\"thumbnailUrl\":\"https:\/\/www.oarcanjo.net\/site\/wp-content\/uploads\/20190623Avisos01.png\",\"datePublished\":\"2019-06-23T17:53:18+00:00\",\"dateModified\":\"2019-06-23T17:53:18+00:00\",\"breadcrumb\":{\"@id\":\"https:\/\/www.oarcanjo.net\/site\/festa-da-pastoral-da-crianca-sera-sabado-as-11h\/#breadcrumb\"},\"inLanguage\":\"pt-BR\",\"potentialAction\":[{\"@type\":\"ReadAction\",\"target\":[\"https:\/\/www.oarcanjo.net\/site\/festa-da-pastoral-da-crianca-sera-sabado-as-11h\/\"]}]},{\"@type\":\"ImageObject\",\"inLanguage\":\"pt-BR\",\"@id\":\"https:\/\/www.oarcanjo.net\/site\/festa-da-pastoral-da-crianca-sera-sabado-as-11h\/#primaryimage\",\"url\":\"https:\/\/www.oarcanjo.net\/site\/wp-content\/uploads\/20190623Avisos01.png\",\"contentUrl\":\"https:\/\/www.oarcanjo.net\/site\/wp-content\/uploads\/20190623Avisos01.png\",\"width\":983,\"height\":554},{\"@type\":\"BreadcrumbList\",\"@id\":\"https:\/\/www.oarcanjo.net\/site\/festa-da-pastoral-da-crianca-sera-sabado-as-11h\/#breadcrumb\",\"itemListElement\":[{\"@type\":\"ListItem\",\"position\":1,\"name\":\"In\u00edcio\",\"item\":\"https:\/\/www.oarcanjo.net\/site\/\"},{\"@type\":\"ListItem\",\"position\":2,\"name\":\"Festa da Pastoral da Crian\u00e7a ser\u00e1 s\u00e1bado, \u00e0s 11h\"}]},{\"@type\":\"WebSite\",\"@id\":\"https:\/\/www.oarcanjo.net\/site\/#website\",\"url\":\"https:\/\/www.oarcanjo.net\/site\/\",\"name\":\"O Arcanjo no ar\",\"description\":\"Site da Par\u00f3quia S\u00e3o Miguel Arcanjo (Arquidiocese de SP)\",\"publisher\":{\"@id\":\"https:\/\/www.oarcanjo.net\/site\/#organization\"},\"potentialAction\":[{\"@type\":\"SearchAction\",\"target\":{\"@type\":\"EntryPoint\",\"urlTemplate\":\"https:\/\/www.oarcanjo.net\/site\/?s={search_term_string}\"},\"query-input\":{\"@type\":\"PropertyValueSpecification\",\"valueRequired\":true,\"valueName\":\"search_term_string\"}}],\"inLanguage\":\"pt-BR\"},{\"@type\":\"Organization\",\"@id\":\"https:\/\/www.oarcanjo.net\/site\/#organization\",\"name\":\"Par\u00f3quia S\u00e3o Miguel Arcanjo\",\"url\":\"https:\/\/www.oarcanjo.net\/site\/\",\"logo\":{\"@type\":\"ImageObject\",\"inLanguage\":\"pt-BR\",\"@id\":\"https:\/\/www.oarcanjo.net\/site\/#\/schema\/logo\/image\/\",\"url\":\"https:\/\/www.oarcanjo.net\/site\/wp-content\/uploads\/LogoOArcanjo.png\",\"contentUrl\":\"https:\/\/www.oarcanjo.net\/site\/wp-content\/uploads\/LogoOArcanjo.png\",\"width\":319,\"height\":99,\"caption\":\"Par\u00f3quia S\u00e3o Miguel Arcanjo\"},\"image\":{\"@id\":\"https:\/\/www.oarcanjo.net\/site\/#\/schema\/logo\/image\/\"},\"sameAs\":[\"https:\/\/www.facebook.com\/OArcanjoNoAr\/\"]},{\"@type\":\"Person\",\"@id\":\"https:\/\/www.oarcanjo.net\/site\/#\/schema\/person\/f7024d007863202483a31326673a0838\",\"name\":\"editor\",\"sameAs\":[\"http:\/\/www.oarcanjo.net\"]}]}<\/script>\n<!-- \/ Yoast SEO plugin. -->","yoast_head_json":{"title":"Festa da Pastoral da Crian\u00e7a ser\u00e1 s\u00e1bado, \u00e0s 11h - O Arcanjo no ar","robots":{"index":"index","follow":"follow","max-snippet":"max-snippet:-1","max-image-preview":"max-image-preview:large","max-video-preview":"max-video-preview:-1"},"canonical":"https:\/\/www.oarcanjo.net\/site\/festa-da-pastoral-da-crianca-sera-sabado-as-11h\/","og_locale":"pt_BR","og_type":"article","og_title":"Festa da Pastoral da Crian\u00e7a ser\u00e1 s\u00e1bado, \u00e0s 11h - O Arcanjo no ar","og_description":"Confira os detalhes nos avisos paroquiais da semana","og_url":"https:\/\/www.oarcanjo.net\/site\/festa-da-pastoral-da-crianca-sera-sabado-as-11h\/","og_site_name":"O Arcanjo no ar","article_publisher":"https:\/\/www.facebook.com\/OArcanjoNoAr\/","article_published_time":"2019-06-23T17:53:18+00:00","og_image":[{"width":983,"height":554,"url":"https:\/\/www.oarcanjo.net\/site\/wp-content\/uploads\/20190623Avisos01.png","type":"image\/png"}],"author":"editor","twitter_card":"summary_large_image","twitter_misc":{"Escrito por":"editor"},"schema":{"@context":"https:\/\/schema.org","@graph":[{"@type":"Article","@id":"https:\/\/www.oarcanjo.net\/site\/festa-da-pastoral-da-crianca-sera-sabado-as-11h\/#article","isPartOf":{"@id":"https:\/\/www.oarcanjo.net\/site\/festa-da-pastoral-da-crianca-sera-sabado-as-11h\/"},"author":{"name":"editor","@id":"https:\/\/www.oarcanjo.net\/site\/#\/schema\/person\/f7024d007863202483a31326673a0838"},"headline":"Festa da Pastoral da Crian\u00e7a ser\u00e1 s\u00e1bado, \u00e0s 11h","datePublished":"2019-06-23T17:53:18+00:00","dateModified":"2019-06-23T17:53:18+00:00","mainEntityOfPage":{"@id":"https:\/\/www.oarcanjo.net\/site\/festa-da-pastoral-da-crianca-sera-sabado-as-11h\/"},"wordCount":45,"commentCount":0,"publisher":{"@id":"https:\/\/www.oarcanjo.net\/site\/#organization"},"image":{"@id":"https:\/\/www.oarcanjo.net\/site\/festa-da-pastoral-da-crianca-sera-sabado-as-11h\/#primaryimage"},"thumbnailUrl":"https:\/\/www.oarcanjo.net\/site\/wp-content\/uploads\/20190623Avisos01.png","articleSection":["Avisos","Destaques","Not\u00edcias"],"inLanguage":"pt-BR","potentialAction":[{"@type":"CommentAction","name":"Comment","target":["https:\/\/www.oarcanjo.net\/site\/festa-da-pastoral-da-crianca-sera-sabado-as-11h\/#respond"]}]},{"@type":"WebPage","@id":"https:\/\/www.oarcanjo.net\/site\/festa-da-pastoral-da-crianca-sera-sabado-as-11h\/","url":"https:\/\/www.oarcanjo.net\/site\/festa-da-pastoral-da-crianca-sera-sabado-as-11h\/","name":"Festa da Pastoral da Crian\u00e7a ser\u00e1 s\u00e1bado, \u00e0s 11h - O Arcanjo no ar","isPartOf":{"@id":"https:\/\/www.oarcanjo.net\/site\/#website"},"primaryImageOfPage":{"@id":"https:\/\/www.oarcanjo.net\/site\/festa-da-pastoral-da-crianca-sera-sabado-as-11h\/#primaryimage"},"image":{"@id":"https:\/\/www.oarcanjo.net\/site\/festa-da-pastoral-da-crianca-sera-sabado-as-11h\/#primaryimage"},"thumbnailUrl":"https:\/\/www.oarcanjo.net\/site\/wp-content\/uploads\/20190623Avisos01.png","datePublished":"2019-06-23T17:53:18+00:00","dateModified":"2019-06-23T17:53:18+00:00","breadcrumb":{"@id":"https:\/\/www.oarcanjo.net\/site\/festa-da-pastoral-da-crianca-sera-sabado-as-11h\/#breadcrumb"},"inLanguage":"pt-BR","potentialAction":[{"@type":"ReadAction","target":["https:\/\/www.oarcanjo.net\/site\/festa-da-pastoral-da-crianca-sera-sabado-as-11h\/"]}]},{"@type":"ImageObject","inLanguage":"pt-BR","@id":"https:\/\/www.oarcanjo.net\/site\/festa-da-pastoral-da-crianca-sera-sabado-as-11h\/#primaryimage","url":"https:\/\/www.oarcanjo.net\/site\/wp-content\/uploads\/20190623Avisos01.png","contentUrl":"https:\/\/www.oarcanjo.net\/site\/wp-content\/uploads\/20190623Avisos01.png","width":983,"height":554},{"@type":"BreadcrumbList","@id":"https:\/\/www.oarcanjo.net\/site\/festa-da-pastoral-da-crianca-sera-sabado-as-11h\/#breadcrumb","itemListElement":[{"@type":"ListItem","position":1,"name":"In\u00edcio","item":"https:\/\/www.oarcanjo.net\/site\/"},{"@type":"ListItem","position":2,"name":"Festa da Pastoral da Crian\u00e7a ser\u00e1 s\u00e1bado, \u00e0s 11h"}]},{"@type":"WebSite","@id":"https:\/\/www.oarcanjo.net\/site\/#website","url":"https:\/\/www.oarcanjo.net\/site\/","name":"O Arcanjo no ar","description":"Site da Par\u00f3quia S\u00e3o Miguel Arcanjo (Arquidiocese de SP)","publisher":{"@id":"https:\/\/www.oarcanjo.net\/site\/#organization"},"potentialAction":[{"@type":"SearchAction","target":{"@type":"EntryPoint","urlTemplate":"https:\/\/www.oarcanjo.net\/site\/?s={search_term_string}"},"query-input":{"@type":"PropertyValueSpecification","valueRequired":true,"valueName":"search_term_string"}}],"inLanguage":"pt-BR"},{"@type":"Organization","@id":"https:\/\/www.oarcanjo.net\/site\/#organization","name":"Par\u00f3quia S\u00e3o Miguel Arcanjo","url":"https:\/\/www.oarcanjo.net\/site\/","logo":{"@type":"ImageObject","inLanguage":"pt-BR","@id":"https:\/\/www.oarcanjo.net\/site\/#\/schema\/logo\/image\/","url":"https:\/\/www.oarcanjo.net\/site\/wp-content\/uploads\/LogoOArcanjo.png","contentUrl":"https:\/\/www.oarcanjo.net\/site\/wp-content\/uploads\/LogoOArcanjo.png","width":319,"height":99,"caption":"Par\u00f3quia S\u00e3o Miguel Arcanjo"},"image":{"@id":"https:\/\/www.oarcanjo.net\/site\/#\/schema\/logo\/image\/"},"sameAs":["https:\/\/www.facebook.com\/OArcanjoNoAr\/"]},{"@type":"Person","@id":"https:\/\/www.oarcanjo.net\/site\/#\/schema\/person\/f7024d007863202483a31326673a0838","name":"editor","sameAs":["http:\/\/www.oarcanjo.net"]}]}},"publishpress_future_action":{"enabled":false,"date":"2026-05-09 06:41:54","action":"category","newStatus":"draft","terms":[],"taxonomy":"category"},"publishpress_future_workflow_manual_trigger":{"enabledWorkflows":[]},"_links":{"self":[{"href":"https:\/\/www.oarcanjo.net\/site\/wp-json\/wp\/v2\/posts\/94705"}],"collection":[{"href":"https:\/\/www.oarcanjo.net\/site\/wp-json\/wp\/v2\/posts"}],"about":[{"href":"https:\/\/www.oarcanjo.net\/site\/wp-json\/wp\/v2\/types\/post"}],"author":[{"embeddable":true,"href":"https:\/\/www.oarcanjo.net\/site\/wp-json\/wp\/v2\/users\/5"}],"replies":[{"embeddable":true,"href":"https:\/\/www.oarcanjo.net\/site\/wp-json\/wp\/v2\/comments?post=94705"}],"version-history":[{"count":1,"href":"https:\/\/www.oarcanjo.net\/site\/wp-json\/wp\/v2\/posts\/94705\/revisions"}],"predecessor-version":[{"id":94707,"href":"https:\/\/www.oarcanjo.net\/site\/wp-json\/wp\/v2\/posts\/94705\/revisions\/94707"}],"wp:featuredmedia":[{"embeddable":true,"href":"https:\/\/www.oarcanjo.net\/site\/wp-json\/wp\/v2\/media\/94706"}],"wp:attachment":[{"href":"https:\/\/www.oarcanjo.net\/site\/wp-json\/wp\/v2\/media?parent=94705"}],"wp:term":[{"taxonomy":"category","embeddable":true,"href":"https:\/\/www.oarcanjo.net\/site\/wp-json\/wp\/v2\/categories?post=94705"},{"taxonomy":"post_tag","embeddable":true,"href":"https:\/\/www.oarcanjo.net\/site\/wp-json\/wp\/v2\/tags?post=94705"}],"curies":[{"name":"wp","href":"https:\/\/api.w.org\/{rel}","templated":true}]}}