
{"id":9515,"date":"2019-05-30T00:22:24","date_gmt":"2019-05-30T03:22:24","guid":{"rendered":"http:\/\/www.oarcanjo.net\/site\/?p=9515"},"modified":"2019-02-20T14:38:39","modified_gmt":"2019-02-20T17:38:39","slug":"santa-joana-darc","status":"publish","type":"post","link":"https:\/\/www.oarcanjo.net\/site\/santa-joana-darc\/","title":{"rendered":"Santa Joana d&#8217;Arc"},"content":{"rendered":"<p><img loading=\"lazy\" decoding=\"async\" class=\"alignnone size-full wp-image-72802\" src=\"http:\/\/www.oarcanjo.net\/site\/wp-content\/uploads\/Santa-Joana-dArc.jpg\" alt=\"Santa Joana d'Arc\" width=\"338\" height=\"400\" srcset=\"https:\/\/www.oarcanjo.net\/site\/wp-content\/uploads\/Santa-Joana-dArc.jpg 338w, https:\/\/www.oarcanjo.net\/site\/wp-content\/uploads\/Santa-Joana-dArc-254x300.jpg 254w\" sizes=\"(max-width: 338px) 100vw, 338px\" \/><\/p>\n<p>30 de Maio<\/p>\n<p>Filha de Jaques d&#8217;Arc e Isabel, camponeses muito pobres, Joana nasceu em Domr\u00e9my, na regi\u00e3o francesa de Lorena, em 6 de janeiro de 1412. Cresceu no meio rural, piedosa, devota e analfabeta, assinava seu nome utilizando uma simples, mas significativa, cruz. Significativa porque j\u00e1 aos treze anos come\u00e7ou a viver experi\u00eancias m\u00edsticas.<\/p>\n<p>Ouvia as &#8220;vozes&#8221; do arcanjo Miguel, das santas Catarina de Alexandria e Margarida de Antioquia, avisando que ela teria uma importante miss\u00e3o pela frente e deveria preparar-se para ela. Os pais, no in\u00edcio, n\u00e3o deram import\u00e2ncia , depois acharam que estava louca e por fim acreditaram, mas temeram por Joana.<\/p>\n<p>A Fran\u00e7a vivia a Guerra dos Cem Anos com a Inglaterra, governada por Henrique VI. Os franceses estavam enfraquecidos com o rei deposto e os ingleses tentando firmar seus ex\u00e9rcitos para tomar de vez o trono. As mensagens que Joana recebia exigiam que ela expulsasse os invasores, reconquistasse a cidade de Orleans e reconduzisse ao trono o rei Carlos VII, para ser coroado na catedral de Reims, novamente como leg\u00edtimo rei da Fran\u00e7a. A ordem para ela n\u00e3o parecia imposs\u00edvel, bastava cumpri-la, pois tinha certeza de que Deus estava a seu lado. O problema maior era conseguir falar pessoalmente com o rei deposto.<\/p>\n<p>Conseguiu aos dezoito anos de idade. Carlos VII s\u00f3 concordou em seguir seus conselhos quando percebeu que ela realmente tinha por tr\u00e1s de si o sinal de Deus. Isso porque Joana falou com o rei sobre assuntos que na verdade eram segredos militares e de Estado, que ningu\u00e9m conhecia, a n\u00e3o ser ele. Deu-lhe, ent\u00e3o, a chefia de seus ex\u00e9rcitos. Joana vestiu armadura de a\u00e7o, empunhou como \u00fanica arma uma bandeira com a cruz e os nomes de Jesus e Maria nela bordados, chamando os comandantes \u00e0 luta pela p\u00e1tria e por Deus.<\/p>\n<p>E o que aconteceu na batalha que teve aquela figura feminina, jovem e m\u00edstica, que nada entendia de t\u00e1ticas ou estrat\u00e9gias militares, \u00e0 frente dos soldados, foi inenarr\u00e1vel. Os franceses sitiados reagiram e venceram os invasores ingleses, livrando o pa\u00eds da submiss\u00e3o.<\/p>\n<p>Carlos VII foi, ent\u00e3o, coroado na catedral de Reims, como era tradi\u00e7\u00e3o na realeza francesa.<\/p>\n<p>A luta pela reconquista demorara cerca de um ano e ela desejava voltar para sua vida simples no campo. Mas o rei exigiu que ela continuasse comandando os ex\u00e9rcitos na reconquista de Paris. Ela obedeceu, mas foi ferida e tamb\u00e9m tra\u00edda, sendo vendida para os ingleses, que decidiram julg\u00e1-la por heresia. Num processo religioso grotesco, completamente ilegal, foi condenada \u00e0 fogueira como &#8220;feiticeira, blasfema e her\u00e9tica&#8221;. Tinha dezenove anos e morreu murmurando os nomes de Jesus e Maria, em 30 de maio de 1431, diante da como\u00e7\u00e3o popular na pra\u00e7a do Mercado Vermelho, em Rouen.<\/p>\n<p>N\u00e3o fossem os fatos devidamente conhecidos e comprovados, seria dif\u00edcil crer na exist\u00eancia dessa jovem m\u00e1rtir, que sacrificou sua vida pela liberta\u00e7\u00e3o de sua p\u00e1tria e de seu povo. Vinte anos depois, o processo foi revisto pelo papa Calisto III, que constatou a injusti\u00e7a e a reabilitou. Joana d&#8217;Arc foi canonizada em 1920 pelo papa Bento XV, sendo proclamada padroeira da Fran\u00e7a. O dia de hoje \u00e9 comemorado na Fran\u00e7a como data nacional, em mem\u00f3ria de santa Joana d&#8217;Arc, m\u00e1rtir da p\u00e1tria e da f\u00e9.<\/p>\n<div id=\"themify_builder_content-9515\" data-postid=\"9515\" class=\"themify_builder_content themify_builder_content-9515 themify_builder themify_builder_front\">\n\t<\/div>\n<!-- \/themify_builder_content -->","protected":false},"excerpt":{"rendered":"<p>30 de Maio Filha de Jaques d&#8217;Arc e Isabel, camponeses muito pobres, Joana nasceu em Domr\u00e9my, na regi\u00e3o francesa de Lorena, em 6 de janeiro de 1412. Cresceu no meio rural, piedosa, devota e analfabeta, assinava seu nome utilizando uma simples, mas significativa, cruz. Significativa porque j\u00e1 aos treze anos come\u00e7ou a viver experi\u00eancias m\u00edsticas. [&hellip;]<\/p>\n","protected":false},"author":14,"featured_media":0,"comment_status":"open","ping_status":"open","sticky":false,"template":"","format":"standard","meta":{"ngg_post_thumbnail":0,"footnotes":""},"categories":[186],"tags":[],"yoast_head":"<!-- This site is optimized with the Yoast SEO plugin v23.5 - https:\/\/yoast.com\/wordpress\/plugins\/seo\/ -->\n<title>Santa Joana d&#039;Arc - O Arcanjo no ar<\/title>\n<meta name=\"robots\" content=\"index, follow, max-snippet:-1, max-image-preview:large, max-video-preview:-1\" \/>\n<link rel=\"canonical\" href=\"https:\/\/www.oarcanjo.net\/site\/santa-joana-darc\/\" \/>\n<meta property=\"og:locale\" content=\"pt_BR\" \/>\n<meta property=\"og:type\" content=\"article\" \/>\n<meta property=\"og:title\" content=\"Santa Joana d&#039;Arc - O Arcanjo no ar\" \/>\n<meta property=\"og:description\" content=\"30 de Maio Filha de Jaques d&#8217;Arc e Isabel, camponeses muito pobres, Joana nasceu em Domr\u00e9my, na regi\u00e3o francesa de Lorena, em 6 de janeiro de 1412. Cresceu no meio rural, piedosa, devota e analfabeta, assinava seu nome utilizando uma simples, mas significativa, cruz. Significativa porque j\u00e1 aos treze anos come\u00e7ou a viver experi\u00eancias m\u00edsticas. [&hellip;]\" \/>\n<meta property=\"og:url\" content=\"https:\/\/www.oarcanjo.net\/site\/santa-joana-darc\/\" \/>\n<meta property=\"og:site_name\" content=\"O Arcanjo no ar\" \/>\n<meta property=\"article:publisher\" content=\"https:\/\/www.facebook.com\/OArcanjoNoAr\/\" \/>\n<meta property=\"article:published_time\" content=\"2019-05-30T03:22:24+00:00\" \/>\n<meta property=\"article:modified_time\" content=\"2019-02-20T17:38:39+00:00\" \/>\n<meta property=\"og:image\" content=\"http:\/\/www.oarcanjo.net\/site\/wp-content\/uploads\/Santa-Joana-dArc.jpg\" \/>\n<meta name=\"author\" content=\"danilo\" \/>\n<meta name=\"twitter:card\" content=\"summary_large_image\" \/>\n<meta name=\"twitter:label1\" content=\"Escrito por\" \/>\n\t<meta name=\"twitter:data1\" content=\"danilo\" \/>\n\t<meta name=\"twitter:label2\" content=\"Est. tempo de leitura\" \/>\n\t<meta name=\"twitter:data2\" content=\"3 minutos\" \/>\n<script type=\"application\/ld+json\" class=\"yoast-schema-graph\">{\"@context\":\"https:\/\/schema.org\",\"@graph\":[{\"@type\":\"Article\",\"@id\":\"https:\/\/www.oarcanjo.net\/site\/santa-joana-darc\/#article\",\"isPartOf\":{\"@id\":\"https:\/\/www.oarcanjo.net\/site\/santa-joana-darc\/\"},\"author\":{\"name\":\"danilo\",\"@id\":\"https:\/\/www.oarcanjo.net\/site\/#\/schema\/person\/5eb9480bedd2f3c97e430ce128c29c6c\"},\"headline\":\"Santa Joana d&#8217;Arc\",\"datePublished\":\"2019-05-30T03:22:24+00:00\",\"dateModified\":\"2019-02-20T17:38:39+00:00\",\"mainEntityOfPage\":{\"@id\":\"https:\/\/www.oarcanjo.net\/site\/santa-joana-darc\/\"},\"wordCount\":579,\"commentCount\":1,\"publisher\":{\"@id\":\"https:\/\/www.oarcanjo.net\/site\/#organization\"},\"image\":{\"@id\":\"https:\/\/www.oarcanjo.net\/site\/santa-joana-darc\/#primaryimage\"},\"thumbnailUrl\":\"http:\/\/www.oarcanjo.net\/site\/wp-content\/uploads\/Santa-Joana-dArc.jpg\",\"articleSection\":[\"Testemunhos\"],\"inLanguage\":\"pt-BR\",\"potentialAction\":[{\"@type\":\"CommentAction\",\"name\":\"Comment\",\"target\":[\"https:\/\/www.oarcanjo.net\/site\/santa-joana-darc\/#respond\"]}]},{\"@type\":\"WebPage\",\"@id\":\"https:\/\/www.oarcanjo.net\/site\/santa-joana-darc\/\",\"url\":\"https:\/\/www.oarcanjo.net\/site\/santa-joana-darc\/\",\"name\":\"Santa Joana d'Arc - O Arcanjo no ar\",\"isPartOf\":{\"@id\":\"https:\/\/www.oarcanjo.net\/site\/#website\"},\"primaryImageOfPage\":{\"@id\":\"https:\/\/www.oarcanjo.net\/site\/santa-joana-darc\/#primaryimage\"},\"image\":{\"@id\":\"https:\/\/www.oarcanjo.net\/site\/santa-joana-darc\/#primaryimage\"},\"thumbnailUrl\":\"http:\/\/www.oarcanjo.net\/site\/wp-content\/uploads\/Santa-Joana-dArc.jpg\",\"datePublished\":\"2019-05-30T03:22:24+00:00\",\"dateModified\":\"2019-02-20T17:38:39+00:00\",\"breadcrumb\":{\"@id\":\"https:\/\/www.oarcanjo.net\/site\/santa-joana-darc\/#breadcrumb\"},\"inLanguage\":\"pt-BR\",\"potentialAction\":[{\"@type\":\"ReadAction\",\"target\":[\"https:\/\/www.oarcanjo.net\/site\/santa-joana-darc\/\"]}]},{\"@type\":\"ImageObject\",\"inLanguage\":\"pt-BR\",\"@id\":\"https:\/\/www.oarcanjo.net\/site\/santa-joana-darc\/#primaryimage\",\"url\":\"https:\/\/www.oarcanjo.net\/site\/wp-content\/uploads\/Santa-Joana-dArc.jpg\",\"contentUrl\":\"https:\/\/www.oarcanjo.net\/site\/wp-content\/uploads\/Santa-Joana-dArc.jpg\",\"width\":338,\"height\":400,\"caption\":\"Santa Joana d'Arc\"},{\"@type\":\"BreadcrumbList\",\"@id\":\"https:\/\/www.oarcanjo.net\/site\/santa-joana-darc\/#breadcrumb\",\"itemListElement\":[{\"@type\":\"ListItem\",\"position\":1,\"name\":\"In\u00edcio\",\"item\":\"https:\/\/www.oarcanjo.net\/site\/\"},{\"@type\":\"ListItem\",\"position\":2,\"name\":\"Santa Joana d&#8217;Arc\"}]},{\"@type\":\"WebSite\",\"@id\":\"https:\/\/www.oarcanjo.net\/site\/#website\",\"url\":\"https:\/\/www.oarcanjo.net\/site\/\",\"name\":\"O Arcanjo no ar\",\"description\":\"Site da Par\u00f3quia S\u00e3o Miguel Arcanjo (Arquidiocese de SP)\",\"publisher\":{\"@id\":\"https:\/\/www.oarcanjo.net\/site\/#organization\"},\"potentialAction\":[{\"@type\":\"SearchAction\",\"target\":{\"@type\":\"EntryPoint\",\"urlTemplate\":\"https:\/\/www.oarcanjo.net\/site\/?s={search_term_string}\"},\"query-input\":{\"@type\":\"PropertyValueSpecification\",\"valueRequired\":true,\"valueName\":\"search_term_string\"}}],\"inLanguage\":\"pt-BR\"},{\"@type\":\"Organization\",\"@id\":\"https:\/\/www.oarcanjo.net\/site\/#organization\",\"name\":\"Par\u00f3quia S\u00e3o Miguel Arcanjo\",\"url\":\"https:\/\/www.oarcanjo.net\/site\/\",\"logo\":{\"@type\":\"ImageObject\",\"inLanguage\":\"pt-BR\",\"@id\":\"https:\/\/www.oarcanjo.net\/site\/#\/schema\/logo\/image\/\",\"url\":\"https:\/\/www.oarcanjo.net\/site\/wp-content\/uploads\/LogoOArcanjo.png\",\"contentUrl\":\"https:\/\/www.oarcanjo.net\/site\/wp-content\/uploads\/LogoOArcanjo.png\",\"width\":319,\"height\":99,\"caption\":\"Par\u00f3quia S\u00e3o Miguel Arcanjo\"},\"image\":{\"@id\":\"https:\/\/www.oarcanjo.net\/site\/#\/schema\/logo\/image\/\"},\"sameAs\":[\"https:\/\/www.facebook.com\/OArcanjoNoAr\/\"]},{\"@type\":\"Person\",\"@id\":\"https:\/\/www.oarcanjo.net\/site\/#\/schema\/person\/5eb9480bedd2f3c97e430ce128c29c6c\",\"name\":\"danilo\"}]}<\/script>\n<!-- \/ Yoast SEO plugin. -->","yoast_head_json":{"title":"Santa Joana d'Arc - O Arcanjo no ar","robots":{"index":"index","follow":"follow","max-snippet":"max-snippet:-1","max-image-preview":"max-image-preview:large","max-video-preview":"max-video-preview:-1"},"canonical":"https:\/\/www.oarcanjo.net\/site\/santa-joana-darc\/","og_locale":"pt_BR","og_type":"article","og_title":"Santa Joana d'Arc - O Arcanjo no ar","og_description":"30 de Maio Filha de Jaques d&#8217;Arc e Isabel, camponeses muito pobres, Joana nasceu em Domr\u00e9my, na regi\u00e3o francesa de Lorena, em 6 de janeiro de 1412. Cresceu no meio rural, piedosa, devota e analfabeta, assinava seu nome utilizando uma simples, mas significativa, cruz. Significativa porque j\u00e1 aos treze anos come\u00e7ou a viver experi\u00eancias m\u00edsticas. [&hellip;]","og_url":"https:\/\/www.oarcanjo.net\/site\/santa-joana-darc\/","og_site_name":"O Arcanjo no ar","article_publisher":"https:\/\/www.facebook.com\/OArcanjoNoAr\/","article_published_time":"2019-05-30T03:22:24+00:00","article_modified_time":"2019-02-20T17:38:39+00:00","og_image":[{"url":"http:\/\/www.oarcanjo.net\/site\/wp-content\/uploads\/Santa-Joana-dArc.jpg"}],"author":"danilo","twitter_card":"summary_large_image","twitter_misc":{"Escrito por":"danilo","Est. tempo de leitura":"3 minutos"},"schema":{"@context":"https:\/\/schema.org","@graph":[{"@type":"Article","@id":"https:\/\/www.oarcanjo.net\/site\/santa-joana-darc\/#article","isPartOf":{"@id":"https:\/\/www.oarcanjo.net\/site\/santa-joana-darc\/"},"author":{"name":"danilo","@id":"https:\/\/www.oarcanjo.net\/site\/#\/schema\/person\/5eb9480bedd2f3c97e430ce128c29c6c"},"headline":"Santa Joana d&#8217;Arc","datePublished":"2019-05-30T03:22:24+00:00","dateModified":"2019-02-20T17:38:39+00:00","mainEntityOfPage":{"@id":"https:\/\/www.oarcanjo.net\/site\/santa-joana-darc\/"},"wordCount":579,"commentCount":1,"publisher":{"@id":"https:\/\/www.oarcanjo.net\/site\/#organization"},"image":{"@id":"https:\/\/www.oarcanjo.net\/site\/santa-joana-darc\/#primaryimage"},"thumbnailUrl":"http:\/\/www.oarcanjo.net\/site\/wp-content\/uploads\/Santa-Joana-dArc.jpg","articleSection":["Testemunhos"],"inLanguage":"pt-BR","potentialAction":[{"@type":"CommentAction","name":"Comment","target":["https:\/\/www.oarcanjo.net\/site\/santa-joana-darc\/#respond"]}]},{"@type":"WebPage","@id":"https:\/\/www.oarcanjo.net\/site\/santa-joana-darc\/","url":"https:\/\/www.oarcanjo.net\/site\/santa-joana-darc\/","name":"Santa Joana d'Arc - O Arcanjo no ar","isPartOf":{"@id":"https:\/\/www.oarcanjo.net\/site\/#website"},"primaryImageOfPage":{"@id":"https:\/\/www.oarcanjo.net\/site\/santa-joana-darc\/#primaryimage"},"image":{"@id":"https:\/\/www.oarcanjo.net\/site\/santa-joana-darc\/#primaryimage"},"thumbnailUrl":"http:\/\/www.oarcanjo.net\/site\/wp-content\/uploads\/Santa-Joana-dArc.jpg","datePublished":"2019-05-30T03:22:24+00:00","dateModified":"2019-02-20T17:38:39+00:00","breadcrumb":{"@id":"https:\/\/www.oarcanjo.net\/site\/santa-joana-darc\/#breadcrumb"},"inLanguage":"pt-BR","potentialAction":[{"@type":"ReadAction","target":["https:\/\/www.oarcanjo.net\/site\/santa-joana-darc\/"]}]},{"@type":"ImageObject","inLanguage":"pt-BR","@id":"https:\/\/www.oarcanjo.net\/site\/santa-joana-darc\/#primaryimage","url":"https:\/\/www.oarcanjo.net\/site\/wp-content\/uploads\/Santa-Joana-dArc.jpg","contentUrl":"https:\/\/www.oarcanjo.net\/site\/wp-content\/uploads\/Santa-Joana-dArc.jpg","width":338,"height":400,"caption":"Santa Joana d'Arc"},{"@type":"BreadcrumbList","@id":"https:\/\/www.oarcanjo.net\/site\/santa-joana-darc\/#breadcrumb","itemListElement":[{"@type":"ListItem","position":1,"name":"In\u00edcio","item":"https:\/\/www.oarcanjo.net\/site\/"},{"@type":"ListItem","position":2,"name":"Santa Joana d&#8217;Arc"}]},{"@type":"WebSite","@id":"https:\/\/www.oarcanjo.net\/site\/#website","url":"https:\/\/www.oarcanjo.net\/site\/","name":"O Arcanjo no ar","description":"Site da Par\u00f3quia S\u00e3o Miguel Arcanjo (Arquidiocese de SP)","publisher":{"@id":"https:\/\/www.oarcanjo.net\/site\/#organization"},"potentialAction":[{"@type":"SearchAction","target":{"@type":"EntryPoint","urlTemplate":"https:\/\/www.oarcanjo.net\/site\/?s={search_term_string}"},"query-input":{"@type":"PropertyValueSpecification","valueRequired":true,"valueName":"search_term_string"}}],"inLanguage":"pt-BR"},{"@type":"Organization","@id":"https:\/\/www.oarcanjo.net\/site\/#organization","name":"Par\u00f3quia S\u00e3o Miguel Arcanjo","url":"https:\/\/www.oarcanjo.net\/site\/","logo":{"@type":"ImageObject","inLanguage":"pt-BR","@id":"https:\/\/www.oarcanjo.net\/site\/#\/schema\/logo\/image\/","url":"https:\/\/www.oarcanjo.net\/site\/wp-content\/uploads\/LogoOArcanjo.png","contentUrl":"https:\/\/www.oarcanjo.net\/site\/wp-content\/uploads\/LogoOArcanjo.png","width":319,"height":99,"caption":"Par\u00f3quia S\u00e3o Miguel Arcanjo"},"image":{"@id":"https:\/\/www.oarcanjo.net\/site\/#\/schema\/logo\/image\/"},"sameAs":["https:\/\/www.facebook.com\/OArcanjoNoAr\/"]},{"@type":"Person","@id":"https:\/\/www.oarcanjo.net\/site\/#\/schema\/person\/5eb9480bedd2f3c97e430ce128c29c6c","name":"danilo"}]}},"publishpress_future_action":{"enabled":false,"date":"2026-05-09 10:25:04","action":"category","newStatus":"draft","terms":[],"taxonomy":"category"},"publishpress_future_workflow_manual_trigger":{"enabledWorkflows":[]},"_links":{"self":[{"href":"https:\/\/www.oarcanjo.net\/site\/wp-json\/wp\/v2\/posts\/9515"}],"collection":[{"href":"https:\/\/www.oarcanjo.net\/site\/wp-json\/wp\/v2\/posts"}],"about":[{"href":"https:\/\/www.oarcanjo.net\/site\/wp-json\/wp\/v2\/types\/post"}],"author":[{"embeddable":true,"href":"https:\/\/www.oarcanjo.net\/site\/wp-json\/wp\/v2\/users\/14"}],"replies":[{"embeddable":true,"href":"https:\/\/www.oarcanjo.net\/site\/wp-json\/wp\/v2\/comments?post=9515"}],"version-history":[{"count":1,"href":"https:\/\/www.oarcanjo.net\/site\/wp-json\/wp\/v2\/posts\/9515\/revisions"}],"predecessor-version":[{"id":93074,"href":"https:\/\/www.oarcanjo.net\/site\/wp-json\/wp\/v2\/posts\/9515\/revisions\/93074"}],"wp:attachment":[{"href":"https:\/\/www.oarcanjo.net\/site\/wp-json\/wp\/v2\/media?parent=9515"}],"wp:term":[{"taxonomy":"category","embeddable":true,"href":"https:\/\/www.oarcanjo.net\/site\/wp-json\/wp\/v2\/categories?post=9515"},{"taxonomy":"post_tag","embeddable":true,"href":"https:\/\/www.oarcanjo.net\/site\/wp-json\/wp\/v2\/tags?post=9515"}],"curies":[{"name":"wp","href":"https:\/\/api.w.org\/{rel}","templated":true}]}}