
{"id":9593,"date":"2019-06-02T00:45:41","date_gmt":"2019-06-02T03:45:41","guid":{"rendered":"http:\/\/www.oarcanjo.net\/site\/?p=9593"},"modified":"2019-02-20T07:57:13","modified_gmt":"2019-02-20T10:57:13","slug":"santos-marcelino-e-pedro","status":"publish","type":"post","link":"https:\/\/www.oarcanjo.net\/site\/santos-marcelino-e-pedro\/","title":{"rendered":"Santos Marcelino e Pedro"},"content":{"rendered":"<p><img decoding=\"async\" src=\"http:\/\/3.bp.blogspot.com\/_z-c0Sh5Zlrs\/SJv8GrITJFI\/AAAAAAAABhs\/FQKE-KDmwWk\/s400\/Santos+Marcelino+e+Pedro.jpg\" alt=\"\" \/><\/p>\n<p>2 de Julho<\/p>\n<p>Esta p\u00e1gina da hist\u00f3ria da Igreja foi-nos confirmada pelo pr\u00f3prio papa D\u00e2maso, que na \u00e9poca era um adolescente e testemunhou os acontecimentos. Foi assim que tudo passou.<\/p>\n<p>Na Roma dos tempos terr\u00edveis e sangrentos do imperador Diocleciano, padre Marcelino era um dos sacerdotes mais respeitados entre o clero romano. Por meio dele e de Pedro, outro sacerdote, exorcista, muitas convers\u00f5es ocorreram na capital do imp\u00e9rio. Como os dois se tornaram conhecidos por todos daquela comunidade, inclusive pelos pag\u00e3os, n\u00e3o demorou a serem denunciados como crist\u00e3os. Isso porque os mais visados eram os l\u00edderes da nova religi\u00e3o e os que se destacavam como exemplo entre a popula\u00e7\u00e3o. Intimados, Marcelino e Pedro foram presos para julgamento. No c\u00e1rcere, conheceram Art\u00eamio, o diretor da pris\u00e3o.<\/p>\n<p>Alguns dias depois notaram que Art\u00eamio andava triste. Conversaram com ele e o miliciano contou que sua filha Paulinha estava \u00e0 beira da morte, atacada por convuls\u00f5es e contor\u00e7\u00f5es espantosas, motivadas por um mal misterioso que os m\u00e9dicos n\u00e3o descobriam a causa. Para os dois, aquilo indicava uma possess\u00e3o demon\u00edaca. Falaram sobre o cristianismo, Deus e o dem\u00f4nio e sobre a liberta\u00e7\u00e3o dos males pela f\u00e9 em Jesus Cristo. Mas Art\u00eamino n\u00e3o lhes deu cr\u00e9dito. At\u00e9 que naquela noite presenciou um milagre que mudou seu destino.<\/p>\n<p>Segundo consta, um anjo libertou Pedro das correntes e ferros e o conduziu \u00e0 casa de Art\u00eamio. O miliciano, perplexo, apresentou-o \u00e0 sua esposa, C\u00e2ndida. Pedro, ent\u00e3o, disse ao casal que a cura da filha Paulinha dependeria de suas sinceras convers\u00f5es. Come\u00e7ou a pregar a Palavra de Cristo e pouco depois os dois se converteram. Paulinha se curou e se converteu tamb\u00e9m.<\/p>\n<p>Dias depois, Art\u00eamio libertou Marcelino e Pedro, provocando a ira de seus superiores. Os dois foram recapturados e condenados \u00e0 decapita\u00e7\u00e3o. Entrementes, Art\u00eamio, C\u00e2ndida e Paulinha foram escondidos pelos crist\u00e3os, mas eles passaram a evangelizar publicamente, conseguindo muitas convers\u00f5es. Assim, logo foram localizados e imediatamente executados. Art\u00eamio morreu decapitado, enquanto C\u00e2ndida e Paulinha foram colocadas vivas dentro de uma vala que foi sendo coberta por pedras at\u00e9 morrerem sufocadas.<\/p>\n<p>Quanto aos santos, o prefeito de Roma ordenou que fossem tamb\u00e9m decapitados, por\u00e9m fora da cidade, para que n\u00e3o houvesse como\u00e7\u00e3o popular. Foram levados para um bosque isolado onde lhes cortaram as cabe\u00e7as. Era o dia 2 de junho de 304.<\/p>\n<p>Os seus corpos ficaram escondidos numa gruta l\u00edmpida por muito tempo. Depois foram encontrados por uma rica e pia senhora, de nome Lucila, que desejava dar uma digna e crist\u00e3 sepultura aos santos de sua devo\u00e7\u00e3o. O culto dedicado a eles se espalhou no mundo cat\u00f3lico at\u00e9 que o imperador Constantino mandou construir sobre essas sepulturas uma igreja. Outros s\u00e9culos se passaram e, em 1751, no lugar da igreja foi erguida a bel\u00edssima bas\u00edlica de S\u00e3o Marcelino e S\u00e3o Pedro, para conservar a mem\u00f3ria dos dois santos m\u00e1rtires, a qual existe at\u00e9 hoje.<\/p>\n<table border=\"0\" cellspacing=\"0\" cellpadding=\"0\" width=\"100%\">\n<tbody>\n<tr>\n<td>\n<table border=\"0\" cellspacing=\"0\" cellpadding=\"0\" width=\"90%\" align=\"center\">\n<tbody>\n<tr>\n<td width=\"9\" height=\"9\" align=\"left\" valign=\"top\"><img loading=\"lazy\" decoding=\"async\" src=\"http:\/\/www.paulinas.org.br\/diafeliz\/img\/cp_bd_box-1.gif\" alt=\"\" width=\"9\" height=\"9\" \/><\/td>\n<td height=\"9\" valign=\"top\"><img loading=\"lazy\" decoding=\"async\" src=\"http:\/\/www.paulinas.org.br\/diafeliz\/img\/espaco.gif\" alt=\"\" width=\"10\" height=\"9\" \/><\/td>\n<td width=\"9\" height=\"9\" align=\"right\" valign=\"top\"><img loading=\"lazy\" decoding=\"async\" src=\"http:\/\/www.paulinas.org.br\/diafeliz\/img\/cp_bd_box-2.gif\" alt=\"\" width=\"9\" height=\"9\" \/><\/td>\n<\/tr>\n<tr>\n<td width=\"9\"><img loading=\"lazy\" decoding=\"async\" src=\"http:\/\/www.paulinas.org.br\/diafeliz\/img\/espaco.gif\" alt=\"\" width=\"9\" height=\"9\" \/><\/td>\n<td align=\"left\" valign=\"top\">\n<table border=\"0\" cellspacing=\"0\" cellpadding=\"4\" width=\"100%\">\n<tbody>\n<tr>\n<td align=\"center\">\u00a0<\/td>\n<\/tr>\n<\/tbody>\n<\/table>\n<\/td>\n<td width=\"9\"><img loading=\"lazy\" decoding=\"async\" src=\"http:\/\/www.paulinas.org.br\/diafeliz\/img\/espaco.gif\" alt=\"\" width=\"9\" height=\"9\" \/><\/td>\n<\/tr>\n<tr>\n<td width=\"9\" height=\"9\" align=\"left\" valign=\"bottom\"><img loading=\"lazy\" decoding=\"async\" src=\"http:\/\/www.paulinas.org.br\/diafeliz\/img\/cp_bd_box-4.gif\" alt=\"\" width=\"9\" height=\"9\" \/><\/td>\n<td height=\"9\" valign=\"bottom\"><img loading=\"lazy\" decoding=\"async\" src=\"http:\/\/www.paulinas.org.br\/diafeliz\/img\/espaco.gif\" alt=\"\" width=\"10\" height=\"9\" \/><\/td>\n<td width=\"9\" height=\"9\" align=\"right\" valign=\"baseline\"><img loading=\"lazy\" decoding=\"async\" src=\"http:\/\/www.paulinas.org.br\/diafeliz\/img\/cp_bd_box-3.gif\" alt=\"\" width=\"9\" height=\"9\" \/><\/td>\n<\/tr>\n<\/tbody>\n<\/table>\n<\/td>\n<\/tr>\n<\/tbody>\n<\/table>\n<div id=\"themify_builder_content-9593\" data-postid=\"9593\" class=\"themify_builder_content themify_builder_content-9593 themify_builder themify_builder_front\">\n\t<\/div>\n<!-- \/themify_builder_content -->","protected":false},"excerpt":{"rendered":"<p>2 de Julho Esta p\u00e1gina da hist\u00f3ria da Igreja foi-nos confirmada pelo pr\u00f3prio papa D\u00e2maso, que na \u00e9poca era um adolescente e testemunhou os acontecimentos. Foi assim que tudo passou. Na Roma dos tempos terr\u00edveis e sangrentos do imperador Diocleciano, padre Marcelino era um dos sacerdotes mais respeitados entre o clero romano. Por meio dele [&hellip;]<\/p>\n","protected":false},"author":14,"featured_media":0,"comment_status":"open","ping_status":"open","sticky":false,"template":"","format":"standard","meta":{"ngg_post_thumbnail":0,"footnotes":""},"categories":[186],"tags":[],"yoast_head":"<!-- This site is optimized with the Yoast SEO plugin v23.5 - https:\/\/yoast.com\/wordpress\/plugins\/seo\/ -->\n<title>Santos Marcelino e Pedro - O Arcanjo no ar<\/title>\n<meta name=\"robots\" content=\"index, follow, max-snippet:-1, max-image-preview:large, max-video-preview:-1\" \/>\n<link rel=\"canonical\" href=\"https:\/\/www.oarcanjo.net\/site\/santos-marcelino-e-pedro\/\" \/>\n<meta property=\"og:locale\" content=\"pt_BR\" \/>\n<meta property=\"og:type\" content=\"article\" \/>\n<meta property=\"og:title\" content=\"Santos Marcelino e Pedro - O Arcanjo no ar\" \/>\n<meta property=\"og:description\" content=\"2 de Julho Esta p\u00e1gina da hist\u00f3ria da Igreja foi-nos confirmada pelo pr\u00f3prio papa D\u00e2maso, que na \u00e9poca era um adolescente e testemunhou os acontecimentos. Foi assim que tudo passou. Na Roma dos tempos terr\u00edveis e sangrentos do imperador Diocleciano, padre Marcelino era um dos sacerdotes mais respeitados entre o clero romano. Por meio dele [&hellip;]\" \/>\n<meta property=\"og:url\" content=\"https:\/\/www.oarcanjo.net\/site\/santos-marcelino-e-pedro\/\" \/>\n<meta property=\"og:site_name\" content=\"O Arcanjo no ar\" \/>\n<meta property=\"article:publisher\" content=\"https:\/\/www.facebook.com\/OArcanjoNoAr\/\" \/>\n<meta property=\"article:published_time\" content=\"2019-06-02T03:45:41+00:00\" \/>\n<meta property=\"article:modified_time\" content=\"2019-02-20T10:57:13+00:00\" \/>\n<meta property=\"og:image\" content=\"http:\/\/3.bp.blogspot.com\/_z-c0Sh5Zlrs\/SJv8GrITJFI\/AAAAAAAABhs\/FQKE-KDmwWk\/s400\/Santos+Marcelino+e+Pedro.jpg\" \/>\n<meta name=\"author\" content=\"danilo\" \/>\n<meta name=\"twitter:card\" content=\"summary_large_image\" \/>\n<meta name=\"twitter:label1\" content=\"Escrito por\" \/>\n\t<meta name=\"twitter:data1\" content=\"danilo\" \/>\n\t<meta name=\"twitter:label2\" content=\"Est. tempo de leitura\" \/>\n\t<meta name=\"twitter:data2\" content=\"3 minutos\" \/>\n<script type=\"application\/ld+json\" class=\"yoast-schema-graph\">{\"@context\":\"https:\/\/schema.org\",\"@graph\":[{\"@type\":\"Article\",\"@id\":\"https:\/\/www.oarcanjo.net\/site\/santos-marcelino-e-pedro\/#article\",\"isPartOf\":{\"@id\":\"https:\/\/www.oarcanjo.net\/site\/santos-marcelino-e-pedro\/\"},\"author\":{\"name\":\"danilo\",\"@id\":\"https:\/\/www.oarcanjo.net\/site\/#\/schema\/person\/5eb9480bedd2f3c97e430ce128c29c6c\"},\"headline\":\"Santos Marcelino e Pedro\",\"datePublished\":\"2019-06-02T03:45:41+00:00\",\"dateModified\":\"2019-02-20T10:57:13+00:00\",\"mainEntityOfPage\":{\"@id\":\"https:\/\/www.oarcanjo.net\/site\/santos-marcelino-e-pedro\/\"},\"wordCount\":529,\"commentCount\":0,\"publisher\":{\"@id\":\"https:\/\/www.oarcanjo.net\/site\/#organization\"},\"image\":{\"@id\":\"https:\/\/www.oarcanjo.net\/site\/santos-marcelino-e-pedro\/#primaryimage\"},\"thumbnailUrl\":\"http:\/\/3.bp.blogspot.com\/_z-c0Sh5Zlrs\/SJv8GrITJFI\/AAAAAAAABhs\/FQKE-KDmwWk\/s400\/Santos+Marcelino+e+Pedro.jpg\",\"articleSection\":[\"Testemunhos\"],\"inLanguage\":\"pt-BR\",\"potentialAction\":[{\"@type\":\"CommentAction\",\"name\":\"Comment\",\"target\":[\"https:\/\/www.oarcanjo.net\/site\/santos-marcelino-e-pedro\/#respond\"]}]},{\"@type\":\"WebPage\",\"@id\":\"https:\/\/www.oarcanjo.net\/site\/santos-marcelino-e-pedro\/\",\"url\":\"https:\/\/www.oarcanjo.net\/site\/santos-marcelino-e-pedro\/\",\"name\":\"Santos Marcelino e Pedro - O Arcanjo no ar\",\"isPartOf\":{\"@id\":\"https:\/\/www.oarcanjo.net\/site\/#website\"},\"primaryImageOfPage\":{\"@id\":\"https:\/\/www.oarcanjo.net\/site\/santos-marcelino-e-pedro\/#primaryimage\"},\"image\":{\"@id\":\"https:\/\/www.oarcanjo.net\/site\/santos-marcelino-e-pedro\/#primaryimage\"},\"thumbnailUrl\":\"http:\/\/3.bp.blogspot.com\/_z-c0Sh5Zlrs\/SJv8GrITJFI\/AAAAAAAABhs\/FQKE-KDmwWk\/s400\/Santos+Marcelino+e+Pedro.jpg\",\"datePublished\":\"2019-06-02T03:45:41+00:00\",\"dateModified\":\"2019-02-20T10:57:13+00:00\",\"breadcrumb\":{\"@id\":\"https:\/\/www.oarcanjo.net\/site\/santos-marcelino-e-pedro\/#breadcrumb\"},\"inLanguage\":\"pt-BR\",\"potentialAction\":[{\"@type\":\"ReadAction\",\"target\":[\"https:\/\/www.oarcanjo.net\/site\/santos-marcelino-e-pedro\/\"]}]},{\"@type\":\"ImageObject\",\"inLanguage\":\"pt-BR\",\"@id\":\"https:\/\/www.oarcanjo.net\/site\/santos-marcelino-e-pedro\/#primaryimage\",\"url\":\"http:\/\/3.bp.blogspot.com\/_z-c0Sh5Zlrs\/SJv8GrITJFI\/AAAAAAAABhs\/FQKE-KDmwWk\/s400\/Santos+Marcelino+e+Pedro.jpg\",\"contentUrl\":\"http:\/\/3.bp.blogspot.com\/_z-c0Sh5Zlrs\/SJv8GrITJFI\/AAAAAAAABhs\/FQKE-KDmwWk\/s400\/Santos+Marcelino+e+Pedro.jpg\"},{\"@type\":\"BreadcrumbList\",\"@id\":\"https:\/\/www.oarcanjo.net\/site\/santos-marcelino-e-pedro\/#breadcrumb\",\"itemListElement\":[{\"@type\":\"ListItem\",\"position\":1,\"name\":\"In\u00edcio\",\"item\":\"https:\/\/www.oarcanjo.net\/site\/\"},{\"@type\":\"ListItem\",\"position\":2,\"name\":\"Santos Marcelino e Pedro\"}]},{\"@type\":\"WebSite\",\"@id\":\"https:\/\/www.oarcanjo.net\/site\/#website\",\"url\":\"https:\/\/www.oarcanjo.net\/site\/\",\"name\":\"O Arcanjo no ar\",\"description\":\"Site da Par\u00f3quia S\u00e3o Miguel Arcanjo (Arquidiocese de SP)\",\"publisher\":{\"@id\":\"https:\/\/www.oarcanjo.net\/site\/#organization\"},\"potentialAction\":[{\"@type\":\"SearchAction\",\"target\":{\"@type\":\"EntryPoint\",\"urlTemplate\":\"https:\/\/www.oarcanjo.net\/site\/?s={search_term_string}\"},\"query-input\":{\"@type\":\"PropertyValueSpecification\",\"valueRequired\":true,\"valueName\":\"search_term_string\"}}],\"inLanguage\":\"pt-BR\"},{\"@type\":\"Organization\",\"@id\":\"https:\/\/www.oarcanjo.net\/site\/#organization\",\"name\":\"Par\u00f3quia S\u00e3o Miguel Arcanjo\",\"url\":\"https:\/\/www.oarcanjo.net\/site\/\",\"logo\":{\"@type\":\"ImageObject\",\"inLanguage\":\"pt-BR\",\"@id\":\"https:\/\/www.oarcanjo.net\/site\/#\/schema\/logo\/image\/\",\"url\":\"https:\/\/www.oarcanjo.net\/site\/wp-content\/uploads\/LogoOArcanjo.png\",\"contentUrl\":\"https:\/\/www.oarcanjo.net\/site\/wp-content\/uploads\/LogoOArcanjo.png\",\"width\":319,\"height\":99,\"caption\":\"Par\u00f3quia S\u00e3o Miguel Arcanjo\"},\"image\":{\"@id\":\"https:\/\/www.oarcanjo.net\/site\/#\/schema\/logo\/image\/\"},\"sameAs\":[\"https:\/\/www.facebook.com\/OArcanjoNoAr\/\"]},{\"@type\":\"Person\",\"@id\":\"https:\/\/www.oarcanjo.net\/site\/#\/schema\/person\/5eb9480bedd2f3c97e430ce128c29c6c\",\"name\":\"danilo\"}]}<\/script>\n<!-- \/ Yoast SEO plugin. -->","yoast_head_json":{"title":"Santos Marcelino e Pedro - O Arcanjo no ar","robots":{"index":"index","follow":"follow","max-snippet":"max-snippet:-1","max-image-preview":"max-image-preview:large","max-video-preview":"max-video-preview:-1"},"canonical":"https:\/\/www.oarcanjo.net\/site\/santos-marcelino-e-pedro\/","og_locale":"pt_BR","og_type":"article","og_title":"Santos Marcelino e Pedro - O Arcanjo no ar","og_description":"2 de Julho Esta p\u00e1gina da hist\u00f3ria da Igreja foi-nos confirmada pelo pr\u00f3prio papa D\u00e2maso, que na \u00e9poca era um adolescente e testemunhou os acontecimentos. Foi assim que tudo passou. Na Roma dos tempos terr\u00edveis e sangrentos do imperador Diocleciano, padre Marcelino era um dos sacerdotes mais respeitados entre o clero romano. Por meio dele [&hellip;]","og_url":"https:\/\/www.oarcanjo.net\/site\/santos-marcelino-e-pedro\/","og_site_name":"O Arcanjo no ar","article_publisher":"https:\/\/www.facebook.com\/OArcanjoNoAr\/","article_published_time":"2019-06-02T03:45:41+00:00","article_modified_time":"2019-02-20T10:57:13+00:00","og_image":[{"url":"http:\/\/3.bp.blogspot.com\/_z-c0Sh5Zlrs\/SJv8GrITJFI\/AAAAAAAABhs\/FQKE-KDmwWk\/s400\/Santos+Marcelino+e+Pedro.jpg"}],"author":"danilo","twitter_card":"summary_large_image","twitter_misc":{"Escrito por":"danilo","Est. tempo de leitura":"3 minutos"},"schema":{"@context":"https:\/\/schema.org","@graph":[{"@type":"Article","@id":"https:\/\/www.oarcanjo.net\/site\/santos-marcelino-e-pedro\/#article","isPartOf":{"@id":"https:\/\/www.oarcanjo.net\/site\/santos-marcelino-e-pedro\/"},"author":{"name":"danilo","@id":"https:\/\/www.oarcanjo.net\/site\/#\/schema\/person\/5eb9480bedd2f3c97e430ce128c29c6c"},"headline":"Santos Marcelino e Pedro","datePublished":"2019-06-02T03:45:41+00:00","dateModified":"2019-02-20T10:57:13+00:00","mainEntityOfPage":{"@id":"https:\/\/www.oarcanjo.net\/site\/santos-marcelino-e-pedro\/"},"wordCount":529,"commentCount":0,"publisher":{"@id":"https:\/\/www.oarcanjo.net\/site\/#organization"},"image":{"@id":"https:\/\/www.oarcanjo.net\/site\/santos-marcelino-e-pedro\/#primaryimage"},"thumbnailUrl":"http:\/\/3.bp.blogspot.com\/_z-c0Sh5Zlrs\/SJv8GrITJFI\/AAAAAAAABhs\/FQKE-KDmwWk\/s400\/Santos+Marcelino+e+Pedro.jpg","articleSection":["Testemunhos"],"inLanguage":"pt-BR","potentialAction":[{"@type":"CommentAction","name":"Comment","target":["https:\/\/www.oarcanjo.net\/site\/santos-marcelino-e-pedro\/#respond"]}]},{"@type":"WebPage","@id":"https:\/\/www.oarcanjo.net\/site\/santos-marcelino-e-pedro\/","url":"https:\/\/www.oarcanjo.net\/site\/santos-marcelino-e-pedro\/","name":"Santos Marcelino e Pedro - O Arcanjo no ar","isPartOf":{"@id":"https:\/\/www.oarcanjo.net\/site\/#website"},"primaryImageOfPage":{"@id":"https:\/\/www.oarcanjo.net\/site\/santos-marcelino-e-pedro\/#primaryimage"},"image":{"@id":"https:\/\/www.oarcanjo.net\/site\/santos-marcelino-e-pedro\/#primaryimage"},"thumbnailUrl":"http:\/\/3.bp.blogspot.com\/_z-c0Sh5Zlrs\/SJv8GrITJFI\/AAAAAAAABhs\/FQKE-KDmwWk\/s400\/Santos+Marcelino+e+Pedro.jpg","datePublished":"2019-06-02T03:45:41+00:00","dateModified":"2019-02-20T10:57:13+00:00","breadcrumb":{"@id":"https:\/\/www.oarcanjo.net\/site\/santos-marcelino-e-pedro\/#breadcrumb"},"inLanguage":"pt-BR","potentialAction":[{"@type":"ReadAction","target":["https:\/\/www.oarcanjo.net\/site\/santos-marcelino-e-pedro\/"]}]},{"@type":"ImageObject","inLanguage":"pt-BR","@id":"https:\/\/www.oarcanjo.net\/site\/santos-marcelino-e-pedro\/#primaryimage","url":"http:\/\/3.bp.blogspot.com\/_z-c0Sh5Zlrs\/SJv8GrITJFI\/AAAAAAAABhs\/FQKE-KDmwWk\/s400\/Santos+Marcelino+e+Pedro.jpg","contentUrl":"http:\/\/3.bp.blogspot.com\/_z-c0Sh5Zlrs\/SJv8GrITJFI\/AAAAAAAABhs\/FQKE-KDmwWk\/s400\/Santos+Marcelino+e+Pedro.jpg"},{"@type":"BreadcrumbList","@id":"https:\/\/www.oarcanjo.net\/site\/santos-marcelino-e-pedro\/#breadcrumb","itemListElement":[{"@type":"ListItem","position":1,"name":"In\u00edcio","item":"https:\/\/www.oarcanjo.net\/site\/"},{"@type":"ListItem","position":2,"name":"Santos Marcelino e Pedro"}]},{"@type":"WebSite","@id":"https:\/\/www.oarcanjo.net\/site\/#website","url":"https:\/\/www.oarcanjo.net\/site\/","name":"O Arcanjo no ar","description":"Site da Par\u00f3quia S\u00e3o Miguel Arcanjo (Arquidiocese de SP)","publisher":{"@id":"https:\/\/www.oarcanjo.net\/site\/#organization"},"potentialAction":[{"@type":"SearchAction","target":{"@type":"EntryPoint","urlTemplate":"https:\/\/www.oarcanjo.net\/site\/?s={search_term_string}"},"query-input":{"@type":"PropertyValueSpecification","valueRequired":true,"valueName":"search_term_string"}}],"inLanguage":"pt-BR"},{"@type":"Organization","@id":"https:\/\/www.oarcanjo.net\/site\/#organization","name":"Par\u00f3quia S\u00e3o Miguel Arcanjo","url":"https:\/\/www.oarcanjo.net\/site\/","logo":{"@type":"ImageObject","inLanguage":"pt-BR","@id":"https:\/\/www.oarcanjo.net\/site\/#\/schema\/logo\/image\/","url":"https:\/\/www.oarcanjo.net\/site\/wp-content\/uploads\/LogoOArcanjo.png","contentUrl":"https:\/\/www.oarcanjo.net\/site\/wp-content\/uploads\/LogoOArcanjo.png","width":319,"height":99,"caption":"Par\u00f3quia S\u00e3o Miguel Arcanjo"},"image":{"@id":"https:\/\/www.oarcanjo.net\/site\/#\/schema\/logo\/image\/"},"sameAs":["https:\/\/www.facebook.com\/OArcanjoNoAr\/"]},{"@type":"Person","@id":"https:\/\/www.oarcanjo.net\/site\/#\/schema\/person\/5eb9480bedd2f3c97e430ce128c29c6c","name":"danilo"}]}},"publishpress_future_action":{"enabled":false,"date":"2026-05-09 09:04:03","action":"category","newStatus":"draft","terms":[],"taxonomy":"category"},"publishpress_future_workflow_manual_trigger":{"enabledWorkflows":[]},"_links":{"self":[{"href":"https:\/\/www.oarcanjo.net\/site\/wp-json\/wp\/v2\/posts\/9593"}],"collection":[{"href":"https:\/\/www.oarcanjo.net\/site\/wp-json\/wp\/v2\/posts"}],"about":[{"href":"https:\/\/www.oarcanjo.net\/site\/wp-json\/wp\/v2\/types\/post"}],"author":[{"embeddable":true,"href":"https:\/\/www.oarcanjo.net\/site\/wp-json\/wp\/v2\/users\/14"}],"replies":[{"embeddable":true,"href":"https:\/\/www.oarcanjo.net\/site\/wp-json\/wp\/v2\/comments?post=9593"}],"version-history":[{"count":1,"href":"https:\/\/www.oarcanjo.net\/site\/wp-json\/wp\/v2\/posts\/9593\/revisions"}],"predecessor-version":[{"id":92899,"href":"https:\/\/www.oarcanjo.net\/site\/wp-json\/wp\/v2\/posts\/9593\/revisions\/92899"}],"wp:attachment":[{"href":"https:\/\/www.oarcanjo.net\/site\/wp-json\/wp\/v2\/media?parent=9593"}],"wp:term":[{"taxonomy":"category","embeddable":true,"href":"https:\/\/www.oarcanjo.net\/site\/wp-json\/wp\/v2\/categories?post=9593"},{"taxonomy":"post_tag","embeddable":true,"href":"https:\/\/www.oarcanjo.net\/site\/wp-json\/wp\/v2\/tags?post=9593"}],"curies":[{"name":"wp","href":"https:\/\/api.w.org\/{rel}","templated":true}]}}