
{"id":96025,"date":"2019-08-11T20:27:09","date_gmt":"2019-08-11T23:27:09","guid":{"rendered":"https:\/\/www.oarcanjo.net\/site\/?p=96025"},"modified":"2019-08-11T20:27:09","modified_gmt":"2019-08-11T23:27:09","slug":"homilia-do-pe-julio-em-11-08-2019-a-igreja-de-jesus-tem-que-estar-cingida-pra-servir","status":"publish","type":"post","link":"https:\/\/www.oarcanjo.net\/site\/homilia-do-pe-julio-em-11-08-2019-a-igreja-de-jesus-tem-que-estar-cingida-pra-servir\/","title":{"rendered":"Homilia do Pe. Julio em 11\/08\/2019: A Igreja de Jesus tem que estar cingida pra servir"},"content":{"rendered":"<p>Uma Igreja que n\u00e3o est\u00e1 cingida pra servir n\u00e3o \u00e9 seguidora de Jesus! Uma Igreja moralista, uma Igreja de condena\u00e7\u00e3o, de absolutos que afastam as pessoas n\u00e3o \u00e9 de Jesus. Acompanhe a homilia do Pe. Julio no 19\u00ba Domingo do Tempo Comum, celebrado em 11\/08\/2019:<\/p>\n<p><iframe loading=\"lazy\" width=\"700\" height=\"394\" src=\"https:\/\/www.youtube.com\/embed\/wOwD5N1icUU?rel=0\" frameborder=\"0\" allow=\"accelerometer; autoplay; encrypted-media; gyroscope; picture-in-picture\" allowfullscreen><\/iframe><\/p>\n<p>Grava\u00e7\u00e3o realizada na missa das 10h na capela da Universidade S\u00e3o Judas Tadeu.<\/p>\n<div id=\"themify_builder_content-96025\" data-postid=\"96025\" class=\"themify_builder_content themify_builder_content-96025 themify_builder themify_builder_front\">\n\t<\/div>\n<!-- \/themify_builder_content -->","protected":false},"excerpt":{"rendered":"<p>Uma Igreja moralista, uma Igreja de condena\u00e7\u00e3o, de absolutos que afastam as pessoas n\u00e3o \u00e9 de Jesus<\/p>\n","protected":false},"author":5,"featured_media":96026,"comment_status":"open","ping_status":"open","sticky":false,"template":"","format":"standard","meta":{"ngg_post_thumbnail":0,"footnotes":""},"categories":[4,3,475],"tags":[],"yoast_head":"<!-- This site is optimized with the Yoast SEO plugin v23.5 - https:\/\/yoast.com\/wordpress\/plugins\/seo\/ -->\n<title>Homilia do Pe. Julio em 11\/08\/2019: A Igreja de Jesus tem que estar cingida pra servir - O Arcanjo no ar<\/title>\n<meta name=\"robots\" content=\"index, follow, max-snippet:-1, max-image-preview:large, max-video-preview:-1\" \/>\n<link rel=\"canonical\" href=\"https:\/\/www.oarcanjo.net\/site\/homilia-do-pe-julio-em-11-08-2019-a-igreja-de-jesus-tem-que-estar-cingida-pra-servir\/\" \/>\n<meta property=\"og:locale\" content=\"pt_BR\" \/>\n<meta property=\"og:type\" content=\"article\" \/>\n<meta property=\"og:title\" content=\"Homilia do Pe. Julio em 11\/08\/2019: A Igreja de Jesus tem que estar cingida pra servir - O Arcanjo no ar\" \/>\n<meta property=\"og:description\" content=\"Uma Igreja moralista, uma Igreja de condena\u00e7\u00e3o, de absolutos que afastam as pessoas n\u00e3o \u00e9 de Jesus\" \/>\n<meta property=\"og:url\" content=\"https:\/\/www.oarcanjo.net\/site\/homilia-do-pe-julio-em-11-08-2019-a-igreja-de-jesus-tem-que-estar-cingida-pra-servir\/\" \/>\n<meta property=\"og:site_name\" content=\"O Arcanjo no ar\" \/>\n<meta property=\"article:publisher\" content=\"https:\/\/www.facebook.com\/OArcanjoNoAr\/\" \/>\n<meta property=\"article:published_time\" content=\"2019-08-11T23:27:09+00:00\" \/>\n<meta property=\"og:image\" content=\"https:\/\/www.oarcanjo.net\/site\/wp-content\/uploads\/20190811Homilia03.png\" \/>\n\t<meta property=\"og:image:width\" content=\"872\" \/>\n\t<meta property=\"og:image:height\" content=\"488\" \/>\n\t<meta property=\"og:image:type\" content=\"image\/png\" \/>\n<meta name=\"author\" content=\"editor\" \/>\n<meta name=\"twitter:card\" content=\"summary_large_image\" \/>\n<meta name=\"twitter:label1\" content=\"Escrito por\" \/>\n\t<meta name=\"twitter:data1\" content=\"editor\" \/>\n<script type=\"application\/ld+json\" class=\"yoast-schema-graph\">{\"@context\":\"https:\/\/schema.org\",\"@graph\":[{\"@type\":\"Article\",\"@id\":\"https:\/\/www.oarcanjo.net\/site\/homilia-do-pe-julio-em-11-08-2019-a-igreja-de-jesus-tem-que-estar-cingida-pra-servir\/#article\",\"isPartOf\":{\"@id\":\"https:\/\/www.oarcanjo.net\/site\/homilia-do-pe-julio-em-11-08-2019-a-igreja-de-jesus-tem-que-estar-cingida-pra-servir\/\"},\"author\":{\"name\":\"editor\",\"@id\":\"https:\/\/www.oarcanjo.net\/site\/#\/schema\/person\/f7024d007863202483a31326673a0838\"},\"headline\":\"Homilia do Pe. Julio em 11\/08\/2019: A Igreja de Jesus tem que estar cingida pra servir\",\"datePublished\":\"2019-08-11T23:27:09+00:00\",\"dateModified\":\"2019-08-11T23:27:09+00:00\",\"mainEntityOfPage\":{\"@id\":\"https:\/\/www.oarcanjo.net\/site\/homilia-do-pe-julio-em-11-08-2019-a-igreja-de-jesus-tem-que-estar-cingida-pra-servir\/\"},\"wordCount\":75,\"commentCount\":0,\"publisher\":{\"@id\":\"https:\/\/www.oarcanjo.net\/site\/#organization\"},\"image\":{\"@id\":\"https:\/\/www.oarcanjo.net\/site\/homilia-do-pe-julio-em-11-08-2019-a-igreja-de-jesus-tem-que-estar-cingida-pra-servir\/#primaryimage\"},\"thumbnailUrl\":\"https:\/\/www.oarcanjo.net\/site\/wp-content\/uploads\/20190811Homilia03.png\",\"articleSection\":[\"Blog\",\"Destaques\",\"Homilias\"],\"inLanguage\":\"pt-BR\",\"potentialAction\":[{\"@type\":\"CommentAction\",\"name\":\"Comment\",\"target\":[\"https:\/\/www.oarcanjo.net\/site\/homilia-do-pe-julio-em-11-08-2019-a-igreja-de-jesus-tem-que-estar-cingida-pra-servir\/#respond\"]}]},{\"@type\":\"WebPage\",\"@id\":\"https:\/\/www.oarcanjo.net\/site\/homilia-do-pe-julio-em-11-08-2019-a-igreja-de-jesus-tem-que-estar-cingida-pra-servir\/\",\"url\":\"https:\/\/www.oarcanjo.net\/site\/homilia-do-pe-julio-em-11-08-2019-a-igreja-de-jesus-tem-que-estar-cingida-pra-servir\/\",\"name\":\"Homilia do Pe. Julio em 11\/08\/2019: A Igreja de Jesus tem que estar cingida pra servir - O Arcanjo no ar\",\"isPartOf\":{\"@id\":\"https:\/\/www.oarcanjo.net\/site\/#website\"},\"primaryImageOfPage\":{\"@id\":\"https:\/\/www.oarcanjo.net\/site\/homilia-do-pe-julio-em-11-08-2019-a-igreja-de-jesus-tem-que-estar-cingida-pra-servir\/#primaryimage\"},\"image\":{\"@id\":\"https:\/\/www.oarcanjo.net\/site\/homilia-do-pe-julio-em-11-08-2019-a-igreja-de-jesus-tem-que-estar-cingida-pra-servir\/#primaryimage\"},\"thumbnailUrl\":\"https:\/\/www.oarcanjo.net\/site\/wp-content\/uploads\/20190811Homilia03.png\",\"datePublished\":\"2019-08-11T23:27:09+00:00\",\"dateModified\":\"2019-08-11T23:27:09+00:00\",\"breadcrumb\":{\"@id\":\"https:\/\/www.oarcanjo.net\/site\/homilia-do-pe-julio-em-11-08-2019-a-igreja-de-jesus-tem-que-estar-cingida-pra-servir\/#breadcrumb\"},\"inLanguage\":\"pt-BR\",\"potentialAction\":[{\"@type\":\"ReadAction\",\"target\":[\"https:\/\/www.oarcanjo.net\/site\/homilia-do-pe-julio-em-11-08-2019-a-igreja-de-jesus-tem-que-estar-cingida-pra-servir\/\"]}]},{\"@type\":\"ImageObject\",\"inLanguage\":\"pt-BR\",\"@id\":\"https:\/\/www.oarcanjo.net\/site\/homilia-do-pe-julio-em-11-08-2019-a-igreja-de-jesus-tem-que-estar-cingida-pra-servir\/#primaryimage\",\"url\":\"https:\/\/www.oarcanjo.net\/site\/wp-content\/uploads\/20190811Homilia03.png\",\"contentUrl\":\"https:\/\/www.oarcanjo.net\/site\/wp-content\/uploads\/20190811Homilia03.png\",\"width\":872,\"height\":488},{\"@type\":\"BreadcrumbList\",\"@id\":\"https:\/\/www.oarcanjo.net\/site\/homilia-do-pe-julio-em-11-08-2019-a-igreja-de-jesus-tem-que-estar-cingida-pra-servir\/#breadcrumb\",\"itemListElement\":[{\"@type\":\"ListItem\",\"position\":1,\"name\":\"In\u00edcio\",\"item\":\"https:\/\/www.oarcanjo.net\/site\/\"},{\"@type\":\"ListItem\",\"position\":2,\"name\":\"Homilia do Pe. Julio em 11\/08\/2019: A Igreja de Jesus tem que estar cingida pra servir\"}]},{\"@type\":\"WebSite\",\"@id\":\"https:\/\/www.oarcanjo.net\/site\/#website\",\"url\":\"https:\/\/www.oarcanjo.net\/site\/\",\"name\":\"O Arcanjo no ar\",\"description\":\"Site da Par\u00f3quia S\u00e3o Miguel Arcanjo (Arquidiocese de SP)\",\"publisher\":{\"@id\":\"https:\/\/www.oarcanjo.net\/site\/#organization\"},\"potentialAction\":[{\"@type\":\"SearchAction\",\"target\":{\"@type\":\"EntryPoint\",\"urlTemplate\":\"https:\/\/www.oarcanjo.net\/site\/?s={search_term_string}\"},\"query-input\":{\"@type\":\"PropertyValueSpecification\",\"valueRequired\":true,\"valueName\":\"search_term_string\"}}],\"inLanguage\":\"pt-BR\"},{\"@type\":\"Organization\",\"@id\":\"https:\/\/www.oarcanjo.net\/site\/#organization\",\"name\":\"Par\u00f3quia S\u00e3o Miguel Arcanjo\",\"url\":\"https:\/\/www.oarcanjo.net\/site\/\",\"logo\":{\"@type\":\"ImageObject\",\"inLanguage\":\"pt-BR\",\"@id\":\"https:\/\/www.oarcanjo.net\/site\/#\/schema\/logo\/image\/\",\"url\":\"https:\/\/www.oarcanjo.net\/site\/wp-content\/uploads\/LogoOArcanjo.png\",\"contentUrl\":\"https:\/\/www.oarcanjo.net\/site\/wp-content\/uploads\/LogoOArcanjo.png\",\"width\":319,\"height\":99,\"caption\":\"Par\u00f3quia S\u00e3o Miguel Arcanjo\"},\"image\":{\"@id\":\"https:\/\/www.oarcanjo.net\/site\/#\/schema\/logo\/image\/\"},\"sameAs\":[\"https:\/\/www.facebook.com\/OArcanjoNoAr\/\"]},{\"@type\":\"Person\",\"@id\":\"https:\/\/www.oarcanjo.net\/site\/#\/schema\/person\/f7024d007863202483a31326673a0838\",\"name\":\"editor\",\"sameAs\":[\"http:\/\/www.oarcanjo.net\"]}]}<\/script>\n<!-- \/ Yoast SEO plugin. -->","yoast_head_json":{"title":"Homilia do Pe. Julio em 11\/08\/2019: A Igreja de Jesus tem que estar cingida pra servir - O Arcanjo no ar","robots":{"index":"index","follow":"follow","max-snippet":"max-snippet:-1","max-image-preview":"max-image-preview:large","max-video-preview":"max-video-preview:-1"},"canonical":"https:\/\/www.oarcanjo.net\/site\/homilia-do-pe-julio-em-11-08-2019-a-igreja-de-jesus-tem-que-estar-cingida-pra-servir\/","og_locale":"pt_BR","og_type":"article","og_title":"Homilia do Pe. Julio em 11\/08\/2019: A Igreja de Jesus tem que estar cingida pra servir - O Arcanjo no ar","og_description":"Uma Igreja moralista, uma Igreja de condena\u00e7\u00e3o, de absolutos que afastam as pessoas n\u00e3o \u00e9 de Jesus","og_url":"https:\/\/www.oarcanjo.net\/site\/homilia-do-pe-julio-em-11-08-2019-a-igreja-de-jesus-tem-que-estar-cingida-pra-servir\/","og_site_name":"O Arcanjo no ar","article_publisher":"https:\/\/www.facebook.com\/OArcanjoNoAr\/","article_published_time":"2019-08-11T23:27:09+00:00","og_image":[{"width":872,"height":488,"url":"https:\/\/www.oarcanjo.net\/site\/wp-content\/uploads\/20190811Homilia03.png","type":"image\/png"}],"author":"editor","twitter_card":"summary_large_image","twitter_misc":{"Escrito por":"editor"},"schema":{"@context":"https:\/\/schema.org","@graph":[{"@type":"Article","@id":"https:\/\/www.oarcanjo.net\/site\/homilia-do-pe-julio-em-11-08-2019-a-igreja-de-jesus-tem-que-estar-cingida-pra-servir\/#article","isPartOf":{"@id":"https:\/\/www.oarcanjo.net\/site\/homilia-do-pe-julio-em-11-08-2019-a-igreja-de-jesus-tem-que-estar-cingida-pra-servir\/"},"author":{"name":"editor","@id":"https:\/\/www.oarcanjo.net\/site\/#\/schema\/person\/f7024d007863202483a31326673a0838"},"headline":"Homilia do Pe. Julio em 11\/08\/2019: A Igreja de Jesus tem que estar cingida pra servir","datePublished":"2019-08-11T23:27:09+00:00","dateModified":"2019-08-11T23:27:09+00:00","mainEntityOfPage":{"@id":"https:\/\/www.oarcanjo.net\/site\/homilia-do-pe-julio-em-11-08-2019-a-igreja-de-jesus-tem-que-estar-cingida-pra-servir\/"},"wordCount":75,"commentCount":0,"publisher":{"@id":"https:\/\/www.oarcanjo.net\/site\/#organization"},"image":{"@id":"https:\/\/www.oarcanjo.net\/site\/homilia-do-pe-julio-em-11-08-2019-a-igreja-de-jesus-tem-que-estar-cingida-pra-servir\/#primaryimage"},"thumbnailUrl":"https:\/\/www.oarcanjo.net\/site\/wp-content\/uploads\/20190811Homilia03.png","articleSection":["Blog","Destaques","Homilias"],"inLanguage":"pt-BR","potentialAction":[{"@type":"CommentAction","name":"Comment","target":["https:\/\/www.oarcanjo.net\/site\/homilia-do-pe-julio-em-11-08-2019-a-igreja-de-jesus-tem-que-estar-cingida-pra-servir\/#respond"]}]},{"@type":"WebPage","@id":"https:\/\/www.oarcanjo.net\/site\/homilia-do-pe-julio-em-11-08-2019-a-igreja-de-jesus-tem-que-estar-cingida-pra-servir\/","url":"https:\/\/www.oarcanjo.net\/site\/homilia-do-pe-julio-em-11-08-2019-a-igreja-de-jesus-tem-que-estar-cingida-pra-servir\/","name":"Homilia do Pe. Julio em 11\/08\/2019: A Igreja de Jesus tem que estar cingida pra servir - O Arcanjo no ar","isPartOf":{"@id":"https:\/\/www.oarcanjo.net\/site\/#website"},"primaryImageOfPage":{"@id":"https:\/\/www.oarcanjo.net\/site\/homilia-do-pe-julio-em-11-08-2019-a-igreja-de-jesus-tem-que-estar-cingida-pra-servir\/#primaryimage"},"image":{"@id":"https:\/\/www.oarcanjo.net\/site\/homilia-do-pe-julio-em-11-08-2019-a-igreja-de-jesus-tem-que-estar-cingida-pra-servir\/#primaryimage"},"thumbnailUrl":"https:\/\/www.oarcanjo.net\/site\/wp-content\/uploads\/20190811Homilia03.png","datePublished":"2019-08-11T23:27:09+00:00","dateModified":"2019-08-11T23:27:09+00:00","breadcrumb":{"@id":"https:\/\/www.oarcanjo.net\/site\/homilia-do-pe-julio-em-11-08-2019-a-igreja-de-jesus-tem-que-estar-cingida-pra-servir\/#breadcrumb"},"inLanguage":"pt-BR","potentialAction":[{"@type":"ReadAction","target":["https:\/\/www.oarcanjo.net\/site\/homilia-do-pe-julio-em-11-08-2019-a-igreja-de-jesus-tem-que-estar-cingida-pra-servir\/"]}]},{"@type":"ImageObject","inLanguage":"pt-BR","@id":"https:\/\/www.oarcanjo.net\/site\/homilia-do-pe-julio-em-11-08-2019-a-igreja-de-jesus-tem-que-estar-cingida-pra-servir\/#primaryimage","url":"https:\/\/www.oarcanjo.net\/site\/wp-content\/uploads\/20190811Homilia03.png","contentUrl":"https:\/\/www.oarcanjo.net\/site\/wp-content\/uploads\/20190811Homilia03.png","width":872,"height":488},{"@type":"BreadcrumbList","@id":"https:\/\/www.oarcanjo.net\/site\/homilia-do-pe-julio-em-11-08-2019-a-igreja-de-jesus-tem-que-estar-cingida-pra-servir\/#breadcrumb","itemListElement":[{"@type":"ListItem","position":1,"name":"In\u00edcio","item":"https:\/\/www.oarcanjo.net\/site\/"},{"@type":"ListItem","position":2,"name":"Homilia do Pe. Julio em 11\/08\/2019: A Igreja de Jesus tem que estar cingida pra servir"}]},{"@type":"WebSite","@id":"https:\/\/www.oarcanjo.net\/site\/#website","url":"https:\/\/www.oarcanjo.net\/site\/","name":"O Arcanjo no ar","description":"Site da Par\u00f3quia S\u00e3o Miguel Arcanjo (Arquidiocese de SP)","publisher":{"@id":"https:\/\/www.oarcanjo.net\/site\/#organization"},"potentialAction":[{"@type":"SearchAction","target":{"@type":"EntryPoint","urlTemplate":"https:\/\/www.oarcanjo.net\/site\/?s={search_term_string}"},"query-input":{"@type":"PropertyValueSpecification","valueRequired":true,"valueName":"search_term_string"}}],"inLanguage":"pt-BR"},{"@type":"Organization","@id":"https:\/\/www.oarcanjo.net\/site\/#organization","name":"Par\u00f3quia S\u00e3o Miguel Arcanjo","url":"https:\/\/www.oarcanjo.net\/site\/","logo":{"@type":"ImageObject","inLanguage":"pt-BR","@id":"https:\/\/www.oarcanjo.net\/site\/#\/schema\/logo\/image\/","url":"https:\/\/www.oarcanjo.net\/site\/wp-content\/uploads\/LogoOArcanjo.png","contentUrl":"https:\/\/www.oarcanjo.net\/site\/wp-content\/uploads\/LogoOArcanjo.png","width":319,"height":99,"caption":"Par\u00f3quia S\u00e3o Miguel Arcanjo"},"image":{"@id":"https:\/\/www.oarcanjo.net\/site\/#\/schema\/logo\/image\/"},"sameAs":["https:\/\/www.facebook.com\/OArcanjoNoAr\/"]},{"@type":"Person","@id":"https:\/\/www.oarcanjo.net\/site\/#\/schema\/person\/f7024d007863202483a31326673a0838","name":"editor","sameAs":["http:\/\/www.oarcanjo.net"]}]}},"publishpress_future_action":{"enabled":false,"date":"2026-05-09 08:17:04","action":"category","newStatus":"draft","terms":[],"taxonomy":"category"},"publishpress_future_workflow_manual_trigger":{"enabledWorkflows":[]},"_links":{"self":[{"href":"https:\/\/www.oarcanjo.net\/site\/wp-json\/wp\/v2\/posts\/96025"}],"collection":[{"href":"https:\/\/www.oarcanjo.net\/site\/wp-json\/wp\/v2\/posts"}],"about":[{"href":"https:\/\/www.oarcanjo.net\/site\/wp-json\/wp\/v2\/types\/post"}],"author":[{"embeddable":true,"href":"https:\/\/www.oarcanjo.net\/site\/wp-json\/wp\/v2\/users\/5"}],"replies":[{"embeddable":true,"href":"https:\/\/www.oarcanjo.net\/site\/wp-json\/wp\/v2\/comments?post=96025"}],"version-history":[{"count":2,"href":"https:\/\/www.oarcanjo.net\/site\/wp-json\/wp\/v2\/posts\/96025\/revisions"}],"predecessor-version":[{"id":96028,"href":"https:\/\/www.oarcanjo.net\/site\/wp-json\/wp\/v2\/posts\/96025\/revisions\/96028"}],"wp:featuredmedia":[{"embeddable":true,"href":"https:\/\/www.oarcanjo.net\/site\/wp-json\/wp\/v2\/media\/96026"}],"wp:attachment":[{"href":"https:\/\/www.oarcanjo.net\/site\/wp-json\/wp\/v2\/media?parent=96025"}],"wp:term":[{"taxonomy":"category","embeddable":true,"href":"https:\/\/www.oarcanjo.net\/site\/wp-json\/wp\/v2\/categories?post=96025"},{"taxonomy":"post_tag","embeddable":true,"href":"https:\/\/www.oarcanjo.net\/site\/wp-json\/wp\/v2\/tags?post=96025"}],"curies":[{"name":"wp","href":"https:\/\/api.w.org\/{rel}","templated":true}]}}