
{"id":96187,"date":"2019-09-08T21:30:07","date_gmt":"2019-09-09T00:30:07","guid":{"rendered":"https:\/\/www.oarcanjo.net\/site\/?p=96187"},"modified":"2019-09-08T22:00:18","modified_gmt":"2019-09-09T01:00:18","slug":"festa-de-sao-miguel-tera-missas-as-7h30-10h-15h-e-18h","status":"publish","type":"post","link":"https:\/\/www.oarcanjo.net\/site\/festa-de-sao-miguel-tera-missas-as-7h30-10h-15h-e-18h\/","title":{"rendered":"Festa de S\u00e3o Miguel ter\u00e1 missas \u00e0s 7h30, 10h, 15h e 18h"},"content":{"rendered":"<p>Este ano, o dia de S\u00e3o Miguel Arcanjo ser\u00e1 um domingo. A festa do padroeiro ter\u00e1 quatro missas, tr\u00eas delas na igreja e uma na capela da Universidade S\u00e3o Judas Tadeu, \u00e0s 10h. A celebra\u00e7\u00e3o das 18h ser\u00e1 presidida por D. Luiz Carlos Dias, bispo auxiliar de S\u00e3o Paulo e Vig\u00e1rio Episcopal da Regi\u00e3o Bel\u00e9m. Mais detalhes nos avisos paroquiais da semana:<\/p>\n<p><iframe loading=\"lazy\" width=\"700\" height=\"394\" src=\"https:\/\/www.youtube.com\/embed\/QGsPNyX7Vx0?rel=0\" frameborder=\"0\" allow=\"accelerometer; autoplay; encrypted-media; gyroscope; picture-in-picture\" allowfullscreen><\/iframe><\/p>\n<p>Grava\u00e7\u00e3o realizada no final da missa das 18h de 08\/09\/2019.<\/p>\n<div id=\"themify_builder_content-96187\" data-postid=\"96187\" class=\"themify_builder_content themify_builder_content-96187 themify_builder themify_builder_front\">\n\t<\/div>\n<!-- \/themify_builder_content -->","protected":false},"excerpt":{"rendered":"<p>Tr\u00eas missas ser\u00e3o celebradas na igreja S\u00e3o Miguel e uma na capela da Universidade S\u00e3o Judas Tadeu, \u00e0s 10h<\/p>\n","protected":false},"author":5,"featured_media":96188,"comment_status":"open","ping_status":"open","sticky":false,"template":"","format":"standard","meta":{"ngg_post_thumbnail":0,"footnotes":""},"categories":[476,3,8],"tags":[],"yoast_head":"<!-- This site is optimized with the Yoast SEO plugin v23.5 - https:\/\/yoast.com\/wordpress\/plugins\/seo\/ -->\n<title>Festa de S\u00e3o Miguel ter\u00e1 missas \u00e0s 7h30, 10h, 15h e 18h - O Arcanjo no ar<\/title>\n<meta name=\"robots\" content=\"index, follow, max-snippet:-1, max-image-preview:large, max-video-preview:-1\" \/>\n<link rel=\"canonical\" href=\"https:\/\/www.oarcanjo.net\/site\/festa-de-sao-miguel-tera-missas-as-7h30-10h-15h-e-18h\/\" \/>\n<meta property=\"og:locale\" content=\"pt_BR\" \/>\n<meta property=\"og:type\" content=\"article\" \/>\n<meta property=\"og:title\" content=\"Festa de S\u00e3o Miguel ter\u00e1 missas \u00e0s 7h30, 10h, 15h e 18h - O Arcanjo no ar\" \/>\n<meta property=\"og:description\" content=\"Tr\u00eas missas ser\u00e3o celebradas na igreja S\u00e3o Miguel e uma na capela da Universidade S\u00e3o Judas Tadeu, \u00e0s 10h\" \/>\n<meta property=\"og:url\" content=\"https:\/\/www.oarcanjo.net\/site\/festa-de-sao-miguel-tera-missas-as-7h30-10h-15h-e-18h\/\" \/>\n<meta property=\"og:site_name\" content=\"O Arcanjo no ar\" \/>\n<meta property=\"article:publisher\" content=\"https:\/\/www.facebook.com\/OArcanjoNoAr\/\" \/>\n<meta property=\"article:published_time\" content=\"2019-09-09T00:30:07+00:00\" \/>\n<meta property=\"article:modified_time\" content=\"2019-09-09T01:00:18+00:00\" \/>\n<meta property=\"og:image\" content=\"https:\/\/www.oarcanjo.net\/site\/wp-content\/uploads\/20190908Avisos02.png\" \/>\n\t<meta property=\"og:image:width\" content=\"937\" \/>\n\t<meta property=\"og:image:height\" content=\"526\" \/>\n\t<meta property=\"og:image:type\" content=\"image\/png\" \/>\n<meta name=\"author\" content=\"editor\" \/>\n<meta name=\"twitter:card\" content=\"summary_large_image\" \/>\n<meta name=\"twitter:label1\" content=\"Escrito por\" \/>\n\t<meta name=\"twitter:data1\" content=\"editor\" \/>\n<script type=\"application\/ld+json\" class=\"yoast-schema-graph\">{\"@context\":\"https:\/\/schema.org\",\"@graph\":[{\"@type\":\"Article\",\"@id\":\"https:\/\/www.oarcanjo.net\/site\/festa-de-sao-miguel-tera-missas-as-7h30-10h-15h-e-18h\/#article\",\"isPartOf\":{\"@id\":\"https:\/\/www.oarcanjo.net\/site\/festa-de-sao-miguel-tera-missas-as-7h30-10h-15h-e-18h\/\"},\"author\":{\"name\":\"editor\",\"@id\":\"https:\/\/www.oarcanjo.net\/site\/#\/schema\/person\/f7024d007863202483a31326673a0838\"},\"headline\":\"Festa de S\u00e3o Miguel ter\u00e1 missas \u00e0s 7h30, 10h, 15h e 18h\",\"datePublished\":\"2019-09-09T00:30:07+00:00\",\"dateModified\":\"2019-09-09T01:00:18+00:00\",\"mainEntityOfPage\":{\"@id\":\"https:\/\/www.oarcanjo.net\/site\/festa-de-sao-miguel-tera-missas-as-7h30-10h-15h-e-18h\/\"},\"wordCount\":93,\"commentCount\":0,\"publisher\":{\"@id\":\"https:\/\/www.oarcanjo.net\/site\/#organization\"},\"image\":{\"@id\":\"https:\/\/www.oarcanjo.net\/site\/festa-de-sao-miguel-tera-missas-as-7h30-10h-15h-e-18h\/#primaryimage\"},\"thumbnailUrl\":\"https:\/\/www.oarcanjo.net\/site\/wp-content\/uploads\/20190908Avisos02.png\",\"articleSection\":[\"Avisos\",\"Destaques\",\"Not\u00edcias\"],\"inLanguage\":\"pt-BR\",\"potentialAction\":[{\"@type\":\"CommentAction\",\"name\":\"Comment\",\"target\":[\"https:\/\/www.oarcanjo.net\/site\/festa-de-sao-miguel-tera-missas-as-7h30-10h-15h-e-18h\/#respond\"]}]},{\"@type\":\"WebPage\",\"@id\":\"https:\/\/www.oarcanjo.net\/site\/festa-de-sao-miguel-tera-missas-as-7h30-10h-15h-e-18h\/\",\"url\":\"https:\/\/www.oarcanjo.net\/site\/festa-de-sao-miguel-tera-missas-as-7h30-10h-15h-e-18h\/\",\"name\":\"Festa de S\u00e3o Miguel ter\u00e1 missas \u00e0s 7h30, 10h, 15h e 18h - O Arcanjo no ar\",\"isPartOf\":{\"@id\":\"https:\/\/www.oarcanjo.net\/site\/#website\"},\"primaryImageOfPage\":{\"@id\":\"https:\/\/www.oarcanjo.net\/site\/festa-de-sao-miguel-tera-missas-as-7h30-10h-15h-e-18h\/#primaryimage\"},\"image\":{\"@id\":\"https:\/\/www.oarcanjo.net\/site\/festa-de-sao-miguel-tera-missas-as-7h30-10h-15h-e-18h\/#primaryimage\"},\"thumbnailUrl\":\"https:\/\/www.oarcanjo.net\/site\/wp-content\/uploads\/20190908Avisos02.png\",\"datePublished\":\"2019-09-09T00:30:07+00:00\",\"dateModified\":\"2019-09-09T01:00:18+00:00\",\"breadcrumb\":{\"@id\":\"https:\/\/www.oarcanjo.net\/site\/festa-de-sao-miguel-tera-missas-as-7h30-10h-15h-e-18h\/#breadcrumb\"},\"inLanguage\":\"pt-BR\",\"potentialAction\":[{\"@type\":\"ReadAction\",\"target\":[\"https:\/\/www.oarcanjo.net\/site\/festa-de-sao-miguel-tera-missas-as-7h30-10h-15h-e-18h\/\"]}]},{\"@type\":\"ImageObject\",\"inLanguage\":\"pt-BR\",\"@id\":\"https:\/\/www.oarcanjo.net\/site\/festa-de-sao-miguel-tera-missas-as-7h30-10h-15h-e-18h\/#primaryimage\",\"url\":\"https:\/\/www.oarcanjo.net\/site\/wp-content\/uploads\/20190908Avisos02.png\",\"contentUrl\":\"https:\/\/www.oarcanjo.net\/site\/wp-content\/uploads\/20190908Avisos02.png\",\"width\":937,\"height\":526},{\"@type\":\"BreadcrumbList\",\"@id\":\"https:\/\/www.oarcanjo.net\/site\/festa-de-sao-miguel-tera-missas-as-7h30-10h-15h-e-18h\/#breadcrumb\",\"itemListElement\":[{\"@type\":\"ListItem\",\"position\":1,\"name\":\"In\u00edcio\",\"item\":\"https:\/\/www.oarcanjo.net\/site\/\"},{\"@type\":\"ListItem\",\"position\":2,\"name\":\"Festa de S\u00e3o Miguel ter\u00e1 missas \u00e0s 7h30, 10h, 15h e 18h\"}]},{\"@type\":\"WebSite\",\"@id\":\"https:\/\/www.oarcanjo.net\/site\/#website\",\"url\":\"https:\/\/www.oarcanjo.net\/site\/\",\"name\":\"O Arcanjo no ar\",\"description\":\"Site da Par\u00f3quia S\u00e3o Miguel Arcanjo (Arquidiocese de SP)\",\"publisher\":{\"@id\":\"https:\/\/www.oarcanjo.net\/site\/#organization\"},\"potentialAction\":[{\"@type\":\"SearchAction\",\"target\":{\"@type\":\"EntryPoint\",\"urlTemplate\":\"https:\/\/www.oarcanjo.net\/site\/?s={search_term_string}\"},\"query-input\":{\"@type\":\"PropertyValueSpecification\",\"valueRequired\":true,\"valueName\":\"search_term_string\"}}],\"inLanguage\":\"pt-BR\"},{\"@type\":\"Organization\",\"@id\":\"https:\/\/www.oarcanjo.net\/site\/#organization\",\"name\":\"Par\u00f3quia S\u00e3o Miguel Arcanjo\",\"url\":\"https:\/\/www.oarcanjo.net\/site\/\",\"logo\":{\"@type\":\"ImageObject\",\"inLanguage\":\"pt-BR\",\"@id\":\"https:\/\/www.oarcanjo.net\/site\/#\/schema\/logo\/image\/\",\"url\":\"https:\/\/www.oarcanjo.net\/site\/wp-content\/uploads\/LogoOArcanjo.png\",\"contentUrl\":\"https:\/\/www.oarcanjo.net\/site\/wp-content\/uploads\/LogoOArcanjo.png\",\"width\":319,\"height\":99,\"caption\":\"Par\u00f3quia S\u00e3o Miguel Arcanjo\"},\"image\":{\"@id\":\"https:\/\/www.oarcanjo.net\/site\/#\/schema\/logo\/image\/\"},\"sameAs\":[\"https:\/\/www.facebook.com\/OArcanjoNoAr\/\"]},{\"@type\":\"Person\",\"@id\":\"https:\/\/www.oarcanjo.net\/site\/#\/schema\/person\/f7024d007863202483a31326673a0838\",\"name\":\"editor\",\"sameAs\":[\"http:\/\/www.oarcanjo.net\"]}]}<\/script>\n<!-- \/ Yoast SEO plugin. -->","yoast_head_json":{"title":"Festa de S\u00e3o Miguel ter\u00e1 missas \u00e0s 7h30, 10h, 15h e 18h - O Arcanjo no ar","robots":{"index":"index","follow":"follow","max-snippet":"max-snippet:-1","max-image-preview":"max-image-preview:large","max-video-preview":"max-video-preview:-1"},"canonical":"https:\/\/www.oarcanjo.net\/site\/festa-de-sao-miguel-tera-missas-as-7h30-10h-15h-e-18h\/","og_locale":"pt_BR","og_type":"article","og_title":"Festa de S\u00e3o Miguel ter\u00e1 missas \u00e0s 7h30, 10h, 15h e 18h - O Arcanjo no ar","og_description":"Tr\u00eas missas ser\u00e3o celebradas na igreja S\u00e3o Miguel e uma na capela da Universidade S\u00e3o Judas Tadeu, \u00e0s 10h","og_url":"https:\/\/www.oarcanjo.net\/site\/festa-de-sao-miguel-tera-missas-as-7h30-10h-15h-e-18h\/","og_site_name":"O Arcanjo no ar","article_publisher":"https:\/\/www.facebook.com\/OArcanjoNoAr\/","article_published_time":"2019-09-09T00:30:07+00:00","article_modified_time":"2019-09-09T01:00:18+00:00","og_image":[{"width":937,"height":526,"url":"https:\/\/www.oarcanjo.net\/site\/wp-content\/uploads\/20190908Avisos02.png","type":"image\/png"}],"author":"editor","twitter_card":"summary_large_image","twitter_misc":{"Escrito por":"editor"},"schema":{"@context":"https:\/\/schema.org","@graph":[{"@type":"Article","@id":"https:\/\/www.oarcanjo.net\/site\/festa-de-sao-miguel-tera-missas-as-7h30-10h-15h-e-18h\/#article","isPartOf":{"@id":"https:\/\/www.oarcanjo.net\/site\/festa-de-sao-miguel-tera-missas-as-7h30-10h-15h-e-18h\/"},"author":{"name":"editor","@id":"https:\/\/www.oarcanjo.net\/site\/#\/schema\/person\/f7024d007863202483a31326673a0838"},"headline":"Festa de S\u00e3o Miguel ter\u00e1 missas \u00e0s 7h30, 10h, 15h e 18h","datePublished":"2019-09-09T00:30:07+00:00","dateModified":"2019-09-09T01:00:18+00:00","mainEntityOfPage":{"@id":"https:\/\/www.oarcanjo.net\/site\/festa-de-sao-miguel-tera-missas-as-7h30-10h-15h-e-18h\/"},"wordCount":93,"commentCount":0,"publisher":{"@id":"https:\/\/www.oarcanjo.net\/site\/#organization"},"image":{"@id":"https:\/\/www.oarcanjo.net\/site\/festa-de-sao-miguel-tera-missas-as-7h30-10h-15h-e-18h\/#primaryimage"},"thumbnailUrl":"https:\/\/www.oarcanjo.net\/site\/wp-content\/uploads\/20190908Avisos02.png","articleSection":["Avisos","Destaques","Not\u00edcias"],"inLanguage":"pt-BR","potentialAction":[{"@type":"CommentAction","name":"Comment","target":["https:\/\/www.oarcanjo.net\/site\/festa-de-sao-miguel-tera-missas-as-7h30-10h-15h-e-18h\/#respond"]}]},{"@type":"WebPage","@id":"https:\/\/www.oarcanjo.net\/site\/festa-de-sao-miguel-tera-missas-as-7h30-10h-15h-e-18h\/","url":"https:\/\/www.oarcanjo.net\/site\/festa-de-sao-miguel-tera-missas-as-7h30-10h-15h-e-18h\/","name":"Festa de S\u00e3o Miguel ter\u00e1 missas \u00e0s 7h30, 10h, 15h e 18h - O Arcanjo no ar","isPartOf":{"@id":"https:\/\/www.oarcanjo.net\/site\/#website"},"primaryImageOfPage":{"@id":"https:\/\/www.oarcanjo.net\/site\/festa-de-sao-miguel-tera-missas-as-7h30-10h-15h-e-18h\/#primaryimage"},"image":{"@id":"https:\/\/www.oarcanjo.net\/site\/festa-de-sao-miguel-tera-missas-as-7h30-10h-15h-e-18h\/#primaryimage"},"thumbnailUrl":"https:\/\/www.oarcanjo.net\/site\/wp-content\/uploads\/20190908Avisos02.png","datePublished":"2019-09-09T00:30:07+00:00","dateModified":"2019-09-09T01:00:18+00:00","breadcrumb":{"@id":"https:\/\/www.oarcanjo.net\/site\/festa-de-sao-miguel-tera-missas-as-7h30-10h-15h-e-18h\/#breadcrumb"},"inLanguage":"pt-BR","potentialAction":[{"@type":"ReadAction","target":["https:\/\/www.oarcanjo.net\/site\/festa-de-sao-miguel-tera-missas-as-7h30-10h-15h-e-18h\/"]}]},{"@type":"ImageObject","inLanguage":"pt-BR","@id":"https:\/\/www.oarcanjo.net\/site\/festa-de-sao-miguel-tera-missas-as-7h30-10h-15h-e-18h\/#primaryimage","url":"https:\/\/www.oarcanjo.net\/site\/wp-content\/uploads\/20190908Avisos02.png","contentUrl":"https:\/\/www.oarcanjo.net\/site\/wp-content\/uploads\/20190908Avisos02.png","width":937,"height":526},{"@type":"BreadcrumbList","@id":"https:\/\/www.oarcanjo.net\/site\/festa-de-sao-miguel-tera-missas-as-7h30-10h-15h-e-18h\/#breadcrumb","itemListElement":[{"@type":"ListItem","position":1,"name":"In\u00edcio","item":"https:\/\/www.oarcanjo.net\/site\/"},{"@type":"ListItem","position":2,"name":"Festa de S\u00e3o Miguel ter\u00e1 missas \u00e0s 7h30, 10h, 15h e 18h"}]},{"@type":"WebSite","@id":"https:\/\/www.oarcanjo.net\/site\/#website","url":"https:\/\/www.oarcanjo.net\/site\/","name":"O Arcanjo no ar","description":"Site da Par\u00f3quia S\u00e3o Miguel Arcanjo (Arquidiocese de SP)","publisher":{"@id":"https:\/\/www.oarcanjo.net\/site\/#organization"},"potentialAction":[{"@type":"SearchAction","target":{"@type":"EntryPoint","urlTemplate":"https:\/\/www.oarcanjo.net\/site\/?s={search_term_string}"},"query-input":{"@type":"PropertyValueSpecification","valueRequired":true,"valueName":"search_term_string"}}],"inLanguage":"pt-BR"},{"@type":"Organization","@id":"https:\/\/www.oarcanjo.net\/site\/#organization","name":"Par\u00f3quia S\u00e3o Miguel Arcanjo","url":"https:\/\/www.oarcanjo.net\/site\/","logo":{"@type":"ImageObject","inLanguage":"pt-BR","@id":"https:\/\/www.oarcanjo.net\/site\/#\/schema\/logo\/image\/","url":"https:\/\/www.oarcanjo.net\/site\/wp-content\/uploads\/LogoOArcanjo.png","contentUrl":"https:\/\/www.oarcanjo.net\/site\/wp-content\/uploads\/LogoOArcanjo.png","width":319,"height":99,"caption":"Par\u00f3quia S\u00e3o Miguel Arcanjo"},"image":{"@id":"https:\/\/www.oarcanjo.net\/site\/#\/schema\/logo\/image\/"},"sameAs":["https:\/\/www.facebook.com\/OArcanjoNoAr\/"]},{"@type":"Person","@id":"https:\/\/www.oarcanjo.net\/site\/#\/schema\/person\/f7024d007863202483a31326673a0838","name":"editor","sameAs":["http:\/\/www.oarcanjo.net"]}]}},"publishpress_future_action":{"enabled":false,"date":"2026-05-08 05:33:54","action":"category","newStatus":"draft","terms":[],"taxonomy":"category"},"publishpress_future_workflow_manual_trigger":{"enabledWorkflows":[]},"_links":{"self":[{"href":"https:\/\/www.oarcanjo.net\/site\/wp-json\/wp\/v2\/posts\/96187"}],"collection":[{"href":"https:\/\/www.oarcanjo.net\/site\/wp-json\/wp\/v2\/posts"}],"about":[{"href":"https:\/\/www.oarcanjo.net\/site\/wp-json\/wp\/v2\/types\/post"}],"author":[{"embeddable":true,"href":"https:\/\/www.oarcanjo.net\/site\/wp-json\/wp\/v2\/users\/5"}],"replies":[{"embeddable":true,"href":"https:\/\/www.oarcanjo.net\/site\/wp-json\/wp\/v2\/comments?post=96187"}],"version-history":[{"count":2,"href":"https:\/\/www.oarcanjo.net\/site\/wp-json\/wp\/v2\/posts\/96187\/revisions"}],"predecessor-version":[{"id":96190,"href":"https:\/\/www.oarcanjo.net\/site\/wp-json\/wp\/v2\/posts\/96187\/revisions\/96190"}],"wp:featuredmedia":[{"embeddable":true,"href":"https:\/\/www.oarcanjo.net\/site\/wp-json\/wp\/v2\/media\/96188"}],"wp:attachment":[{"href":"https:\/\/www.oarcanjo.net\/site\/wp-json\/wp\/v2\/media?parent=96187"}],"wp:term":[{"taxonomy":"category","embeddable":true,"href":"https:\/\/www.oarcanjo.net\/site\/wp-json\/wp\/v2\/categories?post=96187"},{"taxonomy":"post_tag","embeddable":true,"href":"https:\/\/www.oarcanjo.net\/site\/wp-json\/wp\/v2\/tags?post=96187"}],"curies":[{"name":"wp","href":"https:\/\/api.w.org\/{rel}","templated":true}]}}