
{"id":9620,"date":"2019-06-06T07:51:56","date_gmt":"2019-06-06T10:51:56","guid":{"rendered":"http:\/\/www.oarcanjo.net\/site\/?p=9620"},"modified":"2019-02-20T14:34:22","modified_gmt":"2019-02-20T17:34:22","slug":"sao-norberto","status":"publish","type":"post","link":"https:\/\/www.oarcanjo.net\/site\/sao-norberto\/","title":{"rendered":"S\u00e3o Norberto"},"content":{"rendered":"<p><img decoding=\"async\" src=\"http:\/\/reporterdecristo.com\/wp-content\/uploads\/2008\/06\/sao-norberto-de-xanten.jpg\" alt=\"\" \/><\/p>\n<p>6 de Junho<\/p>\n<p>Fundou a Ordem dos C\u00f4negos Regulares Premonstratenses<\/p>\n<p>Sua convers\u00e3o deu-se de modo semelhante \u00e0 de S\u00e3o Paulo. De muito nobre estirpe, tornou-se grande pregador popular, flagelo das heresias, reformador de costumes e fundador de mosteiros<\/p>\n<p>Norberto nasceu em Xanten, na margem esquerda do Reno, pr\u00f3ximo de Col\u00f4nia, no ano 1080. Seu pai, Heriberto, era conde de Gennep e aparentado com a fam\u00edlia imperial; e sua m\u00e3e, Hadwige, pertencia \u00e0 Casa de Lorena.<\/p>\n<p>Seus pais o destinavam \u00e0 carreira eclesi\u00e1stica, e ele recebeu as ordens sacras at\u00e9 o subdiaconato. Por\u00e9m, rico, belo, inteligente, n\u00e3o queria sen\u00e3o levar boa vida, primeiro entre os pajens do Arcebispo de Col\u00f4nia, depois na corte do Imperador alem\u00e3o, Henrique IV.<\/p>\n<p>Assim passou alegre e superficialmente sua juventude at\u00e9 os 33 anos. \u201cEu era ent\u00e3o um \u00ednclito cidad\u00e3o de Babil\u00f4nia \u2014 declarar\u00e1 ele depois de convertido \u2013 escravo do prazer e prisioneiro dos meus caprichos. Os terrores do inferno, a beleza da virtude e a promessa da felicidade eterna me pareciam contos de velhas, ou f\u00e1bulas como as das mitologias antigas. S\u00f3 ouvia os aplausos dos que me rodeavam e que me lan\u00e7avam por caminhos laboriosos e dif\u00edceis, andando sempre sem tornar atr\u00e1s, vago e fugitivo, despencando-me de cimo em cimo com uma inconsci\u00eancia que hoje me cumula de terror\u201d.<\/p>\n<p><strong>Queda do cavalo e convers\u00e3o, como S\u00e3o Paulo<\/strong><\/p>\n<p>Isso at\u00e9 soar a hora da Provid\u00eancia. E esta chegou da maneira mais inesperada. Viajava ele um dia a cavalo, acompanhado de um pajem, para uma vila chamada Freten, na Westf\u00e1lia, atravessando bela pradaria. O c\u00e9u, l\u00edmpido e sereno, de repente cobriu-se de espessas nuvens negras e come\u00e7ou a cair uma tempestade com raios e trov\u00f5es pavorosos. O pajem, talvez inspirado por uma gra\u00e7a divina, gritou: \u201cSenhor, aonde vais? Retornai, senhor, retornai, pois a m\u00e3o de Deus est\u00e1 seguramente contra v\u00f3s\u201d. Mas Norberto seguia em frente, quando ouviu uma voz poderosa que lhe gritou do alto: \u201cNorberto, Norberto, por que me persegues? Eu te destinei a edificar minha Igreja, e tu escandalizas os fi\u00e9is!\u201d.<\/p>\n<p>Ao mesmo tempo um raio caiu a seus p\u00e9s, fazendo-o tombar do cavalo ao solo, onde permaneceu desacordado durante uma hora. Voltando a si, ainda assustado e considerando a vida que levara durante tanto tempo, foi tomado de arrependimento e perguntou, como o Ap\u00f3stolo: \u201cSenhor, que quereis que eu fa\u00e7a?\u201d. Ouviu ent\u00e3o a mesma voz: \u201cDeixa o mal e faze o bem; procura a paz e segue-a\u201d. Isso ocorreu em 1114.<\/p>\n<p><strong>O exemplo de sua vida convertia as almas<\/strong><\/p>\n<p>Norberto tornou-se um outro homem. Passou a amar aquilo que desprezara e a desprezar aquilo que amara; transformou-se num r\u00edgido asceta, num censor severo de quanto havia buscado e amado, num pregador intransigente da verdade.<\/p>\n<p>Para entregar-se com mais facilidade \u00e0 prega\u00e7\u00e3o, ordenou-se sacerdote, vendeu seu castelo e seus pertences, distribuiu tudo aos pobres. Enquanto isso, visitava freq\u00fcentemente o monge Conon, Abade de Seigberg, pr\u00f3ximo a Col\u00f4nia, de quem aprendeu os rudimentos da vida religiosa e os princ\u00edpios da vida espiritual, de modo que passou a receber de bom cora\u00e7\u00e3o tudo o que lhe acontecia de importuno e a mortificar suas m\u00e1s inclina\u00e7\u00f5es.<\/p>\n<p>Norberto transformou-se ent\u00e3o num pregador ambulante, indo de aldeia em aldeia, de cidade em cidade, fustigando o v\u00edcio e pregando a virtude. Andava descal\u00e7o em qualquer esta\u00e7\u00e3o do ano, mesmo com neve, vivia de esmolas, dormia em hospitais e mosteiros.<\/p>\n<p>Em suas prega\u00e7\u00f5es, n\u00e3o poupava nem mesmo os c\u00f4negos relaxados e os cl\u00e9rigos mundanos, combatendo a simonia, uma das pragas da \u00e9poca. Sua imponente presen\u00e7a impressionava; e quando contava sua hist\u00f3ria, comovia. Seu exemplo era mais eficaz que sua palavra. Mas muitas vezes foi v\u00edtima de agress\u00f5es e maus tratos de pecadores empedernidos.<\/p>\n<p><strong>Pregador do Evangelho e taumaturgo<\/strong><\/p>\n<p>Ele foi at\u00e9 a Abadia de Saint-Gilles, na diocese de Nimes, no Languedoc, onde o Papa Gel\u00e1sio II se havia retirado para fugir da persegui\u00e7\u00e3o do Imperador Henrique. Dele obteve um breve, para poder predicar como pregador evang\u00e9lico em todos os lugares.<\/p>\n<p>Estando em Valenciennes, encontrou-se com o bispo Burchard, seu par na corte do Imperador. O bispo ficou extremamente surpreso em ver o antigo e elegante cortes\u00e3o assim transformado. Abra\u00e7ou-o ternamente. Um de seus capel\u00e3es ficou t\u00e3o impressionado com a hist\u00f3ria de S\u00e3o Norberto, que quis segui-lo como disc\u00edpulo. Chamava-se Hugo, e absorveu t\u00e3o bem o esp\u00edrito de seu mestre, que foi seu sucessor na Ordem que Norberto fundaria.<\/p>\n<p>S\u00e3o Norberto recome\u00e7ou suas andan\u00e7as apost\u00f3licas, e sua palavra persuasiva era acompanhada de milagres. Um senhor flamengo, que depois de ouvir a palavra do Santo n\u00e3o quis reconciliar-se com seu vizinho, caiu nas m\u00e3os de seus inimigos e foi assassinado. Outro senhor, que quis partir para n\u00e3o se reconciliar com seu inimigo, seu cavalo n\u00e3o conseguia mover-se para lev\u00e1-lo. Ele reconheceu o milagre, pediu perd\u00e3o ao Santo e abra\u00e7ou seu ex-inimigo.<\/p>\n<p>Entretanto, tendo o Papa Gel\u00e1sio II falecido na Abadia de Cluny, foi eleito o Arcebispo Guy, de Vienne, sob o nome de Calixto II. S\u00e3o Norberto foi visit\u00e1-lo para obter a mesma permiss\u00e3o que seu antecessor lhe dera, para continuar pregando. Mas o bispo de Laon, que queria o grande pregador para sua diocese, suplicou ao Papa que o enviasse para reformar a Abadia de S\u00e3o Martinho de Laon, que pertencia a c\u00f4negos regulares. O Sumo Pont\u00edfice consentiu.<\/p>\n<p>Mas a empresa fracassou, porque os c\u00f4negos n\u00e3o quiseram abra\u00e7ar a reforma que Norberto lhes propunha, pois desejavam seguir o seu sistema de vida quase de seculares.<\/p>\n<p><strong>Funda\u00e7\u00e3o da Ordem dos Premonstratenses<\/strong><\/p>\n<p>O bispo, para n\u00e3o perder a colabora\u00e7\u00e3o do Santo, prop\u00f4s-lhe que fundasse um mosteiro em suas terras, onde poderia receber disc\u00edpulos e fundar uma nova Ordem religiosa. Norberto aceitou e escolheu um vale de dif\u00edcil acesso perto de Soissons, que se chamava Premostratum. Inspirado, ele exclamou: \u201cEste \u00e9 o lugar de meu descanso e o porto de minha salva\u00e7\u00e3o\u201d.<\/p>\n<p>No dia da convers\u00e3o de S\u00e3o Paulo do ano de 1120, o bispo trocou os trajes de penitente de S\u00e3o Norberto e de seu disc\u00edpulo Hugo por um h\u00e1bito branco, conforme a Sant\u00edssima Virgem tinha mostrado ao Santo. Come\u00e7ou assim a Ordem dos Premonstratenses, que depois se espalharia por toda a Europa.<\/p>\n<p>Norberto edificou uma ermida, conquistou novos disc\u00edpulos e deu-lhes o h\u00e1bito branco e as regras de Santo Agostinho, e um modo de ser que consistia em viver como monges e servir ao pr\u00f3ximo como cl\u00e9rigos.<\/p>\n<p>Ele era uma regra viva para seus monges e um modelo das virtudes religiosas. Recomendava-lhes freq\u00fcentemente tr\u00eas coisas: a pureza de cora\u00e7\u00e3o e a limpeza exterior no que concernia aos divinos of\u00edcios e ao servi\u00e7o do altar; a expia\u00e7\u00e3o de suas faltas e neglig\u00eancias no cap\u00edtulo; e a hospitalidade para com os pobres.<\/p>\n<p>S\u00e3o Norberto estabeleceu tamb\u00e9m em Premontr\u00e9 uma comunidade de jovens e vi\u00favas, para ser o bom odor de Jesus Cristo em sua Igreja.<\/p>\n<p>Sua fama espalhou-se por toda a regi\u00e3o. Muitos foram os nobres que lhe deram terras para fundar outros conventos, e n\u00e3o poucos os que o seguiram como religiosos.<\/p>\n<p>O conde Thibault de Champagne quis imitar o fervor de S\u00e3o Norberto como disc\u00edpulo seu. Mas o Santo lhe declarou que era vontade de Deus que ele O servisse no estado matrimonial. Mas, para que ele pertencesse \u00e0 Ordem, deu-lhe um pequeno escapul\u00e1rio branco para usar sob as vestes e lhe prescreveu uma regra para viver de maneira religiosa em meio ao mundo. Fazendo depois a mesma gra\u00e7a a in\u00fameras outras pessoas, surgiu assim a Ordem Terceira Premonstratense.<\/p>\n<p><strong>Combate \u00e0 heresia e \u00e0 charlatanice<\/strong><\/p>\n<p>Em Anvers, surgiu um pernicioso heresiarca, de nome Tanquelino, que se apresentou como profeta e reformador religioso. Simples leigo, ele combatia a exist\u00eancia de bispos e clero como coisa desnecess\u00e1ria e perniciosa. Pregava uma moral laxa e convertia as igrejas em lupanares. A bebedeira, a boa vida e a impureza imperavam entre seus disc\u00edpulos. Ele sabia t\u00e3o bem fanatiz\u00e1-los, que chegavam a beber a \u00e1gua na qual ele tinha tomado banho. Ningu\u00e9m ousava fazer face a esse inovador. Ningu\u00e9m, exceto S\u00e3o Norberto.<\/p>\n<p>Como um capit\u00e3o, ele organizou o ataque a esse \u00edmpio que queria destruir a Igreja de Jesus Cristo. Pregou ao povo com tanta eloq\u00fc\u00eancia, que os hereges come\u00e7aram, pouco a pouco, a pedir perd\u00e3o e penit\u00eancia para seus erros, entregando h\u00f3stias consagradas, que guardavam em suas casas para as escarnecer. De tal maneira refutou os erros de Tanquelino, que este n\u00e3o viu outro caminho sen\u00e3o fugir para outra cidade, onde fosse desconhecido.<\/p>\n<p>Ap\u00f3s a morte do Santo, seu corpo ficou exposto por v\u00e1rios dias sem nenhum sinal de corrup\u00e7\u00e3o.<\/p>\n<p><strong>Bispo de Magdeburgo \u2014 santa morte de S\u00e3o Norberto<\/strong><\/p>\n<p>Em 1126, Norberto foi aclamado bispo de Magdeburgo e entrou em sua diocese montado num asno. De uma bondade comovedora para com o pecador arrependido, o novo bispo era de uma intransig\u00eancia sem igual para com os recalcitrantes, usando a excomunh\u00e3o quando necess\u00e1rio. Foi amea\u00e7ado de morte e v\u00edtima de atentado, mas protegido pela Provid\u00eancia.<\/p>\n<p>Entretanto, apesar de ter apenas 52 anos de idade, seu corpo estava gasto pelos jejuns e penit\u00eancias, pelas andan\u00e7as apost\u00f3licas e pelo zelo. Depois de uma visita apost\u00f3lica em sua diocese, foi acometido de violenta doen\u00e7a que, quatro meses depois, o levou ao sepulcro.<\/p>\n<p>Um de seus religiosos viu sua alma transformar-se num l\u00edrio alv\u00edssimo, que os Anjos levaram para o C\u00e9u.<\/p>\n<p>Ele foi canonizado, em 1582, pelo papa Greg\u00f3rio XIII. Devido \u00e0 Reforma Protestante, suas rel\u00edquias foram trasladadas para a abadia de Strahov, na cidade de Praga, capital da Rep\u00fablica Tcheca, em 1627, onde est\u00e3o guardadas at\u00e9 hoje.<br \/>\nAo lado de s\u00e3o Bernardo, s\u00e3o Norberto \u00e9 considerado um dos maiores reformadores eclesi\u00e1sticos do s\u00e9culo XII. Atualmente, existem milhares de monges da Ordem de S\u00e3o Norberto, em v\u00e1rios mosteiros encontrados em muitos pa\u00edses de todos os continentes, inclusive no Brasil.<\/p>\n<div id=\"themify_builder_content-9620\" data-postid=\"9620\" class=\"themify_builder_content themify_builder_content-9620 themify_builder themify_builder_front\">\n\t<\/div>\n<!-- \/themify_builder_content -->","protected":false},"excerpt":{"rendered":"<p>6 de Junho Fundou a Ordem dos C\u00f4negos Regulares Premonstratenses Sua convers\u00e3o deu-se de modo semelhante \u00e0 de S\u00e3o Paulo. De muito nobre estirpe, tornou-se grande pregador popular, flagelo das heresias, reformador de costumes e fundador de mosteiros Norberto nasceu em Xanten, na margem esquerda do Reno, pr\u00f3ximo de Col\u00f4nia, no ano 1080. Seu pai, [&hellip;]<\/p>\n","protected":false},"author":14,"featured_media":0,"comment_status":"open","ping_status":"open","sticky":false,"template":"","format":"standard","meta":{"ngg_post_thumbnail":0,"footnotes":""},"categories":[186],"tags":[],"yoast_head":"<!-- This site is optimized with the Yoast SEO plugin v23.5 - https:\/\/yoast.com\/wordpress\/plugins\/seo\/ -->\n<title>S\u00e3o Norberto - O Arcanjo no ar<\/title>\n<meta name=\"robots\" content=\"index, follow, max-snippet:-1, max-image-preview:large, max-video-preview:-1\" \/>\n<link rel=\"canonical\" href=\"https:\/\/www.oarcanjo.net\/site\/sao-norberto\/\" \/>\n<meta property=\"og:locale\" content=\"pt_BR\" \/>\n<meta property=\"og:type\" content=\"article\" \/>\n<meta property=\"og:title\" content=\"S\u00e3o Norberto - O Arcanjo no ar\" \/>\n<meta property=\"og:description\" content=\"6 de Junho Fundou a Ordem dos C\u00f4negos Regulares Premonstratenses Sua convers\u00e3o deu-se de modo semelhante \u00e0 de S\u00e3o Paulo. De muito nobre estirpe, tornou-se grande pregador popular, flagelo das heresias, reformador de costumes e fundador de mosteiros Norberto nasceu em Xanten, na margem esquerda do Reno, pr\u00f3ximo de Col\u00f4nia, no ano 1080. Seu pai, [&hellip;]\" \/>\n<meta property=\"og:url\" content=\"https:\/\/www.oarcanjo.net\/site\/sao-norberto\/\" \/>\n<meta property=\"og:site_name\" content=\"O Arcanjo no ar\" \/>\n<meta property=\"article:publisher\" content=\"https:\/\/www.facebook.com\/OArcanjoNoAr\/\" \/>\n<meta property=\"article:published_time\" content=\"2019-06-06T10:51:56+00:00\" \/>\n<meta property=\"article:modified_time\" content=\"2019-02-20T17:34:22+00:00\" \/>\n<meta property=\"og:image\" content=\"http:\/\/reporterdecristo.com\/wp-content\/uploads\/2008\/06\/sao-norberto-de-xanten.jpg\" \/>\n<meta name=\"author\" content=\"danilo\" \/>\n<meta name=\"twitter:card\" content=\"summary_large_image\" \/>\n<meta name=\"twitter:label1\" content=\"Escrito por\" \/>\n\t<meta name=\"twitter:data1\" content=\"danilo\" \/>\n\t<meta name=\"twitter:label2\" content=\"Est. tempo de leitura\" \/>\n\t<meta name=\"twitter:data2\" content=\"9 minutos\" \/>\n<script type=\"application\/ld+json\" class=\"yoast-schema-graph\">{\"@context\":\"https:\/\/schema.org\",\"@graph\":[{\"@type\":\"Article\",\"@id\":\"https:\/\/www.oarcanjo.net\/site\/sao-norberto\/#article\",\"isPartOf\":{\"@id\":\"https:\/\/www.oarcanjo.net\/site\/sao-norberto\/\"},\"author\":{\"name\":\"danilo\",\"@id\":\"https:\/\/www.oarcanjo.net\/site\/#\/schema\/person\/5eb9480bedd2f3c97e430ce128c29c6c\"},\"headline\":\"S\u00e3o Norberto\",\"datePublished\":\"2019-06-06T10:51:56+00:00\",\"dateModified\":\"2019-02-20T17:34:22+00:00\",\"mainEntityOfPage\":{\"@id\":\"https:\/\/www.oarcanjo.net\/site\/sao-norberto\/\"},\"wordCount\":1771,\"commentCount\":0,\"publisher\":{\"@id\":\"https:\/\/www.oarcanjo.net\/site\/#organization\"},\"image\":{\"@id\":\"https:\/\/www.oarcanjo.net\/site\/sao-norberto\/#primaryimage\"},\"thumbnailUrl\":\"http:\/\/reporterdecristo.com\/wp-content\/uploads\/2008\/06\/sao-norberto-de-xanten.jpg\",\"articleSection\":[\"Testemunhos\"],\"inLanguage\":\"pt-BR\",\"potentialAction\":[{\"@type\":\"CommentAction\",\"name\":\"Comment\",\"target\":[\"https:\/\/www.oarcanjo.net\/site\/sao-norberto\/#respond\"]}]},{\"@type\":\"WebPage\",\"@id\":\"https:\/\/www.oarcanjo.net\/site\/sao-norberto\/\",\"url\":\"https:\/\/www.oarcanjo.net\/site\/sao-norberto\/\",\"name\":\"S\u00e3o Norberto - O Arcanjo no ar\",\"isPartOf\":{\"@id\":\"https:\/\/www.oarcanjo.net\/site\/#website\"},\"primaryImageOfPage\":{\"@id\":\"https:\/\/www.oarcanjo.net\/site\/sao-norberto\/#primaryimage\"},\"image\":{\"@id\":\"https:\/\/www.oarcanjo.net\/site\/sao-norberto\/#primaryimage\"},\"thumbnailUrl\":\"http:\/\/reporterdecristo.com\/wp-content\/uploads\/2008\/06\/sao-norberto-de-xanten.jpg\",\"datePublished\":\"2019-06-06T10:51:56+00:00\",\"dateModified\":\"2019-02-20T17:34:22+00:00\",\"breadcrumb\":{\"@id\":\"https:\/\/www.oarcanjo.net\/site\/sao-norberto\/#breadcrumb\"},\"inLanguage\":\"pt-BR\",\"potentialAction\":[{\"@type\":\"ReadAction\",\"target\":[\"https:\/\/www.oarcanjo.net\/site\/sao-norberto\/\"]}]},{\"@type\":\"ImageObject\",\"inLanguage\":\"pt-BR\",\"@id\":\"https:\/\/www.oarcanjo.net\/site\/sao-norberto\/#primaryimage\",\"url\":\"http:\/\/reporterdecristo.com\/wp-content\/uploads\/2008\/06\/sao-norberto-de-xanten.jpg\",\"contentUrl\":\"http:\/\/reporterdecristo.com\/wp-content\/uploads\/2008\/06\/sao-norberto-de-xanten.jpg\"},{\"@type\":\"BreadcrumbList\",\"@id\":\"https:\/\/www.oarcanjo.net\/site\/sao-norberto\/#breadcrumb\",\"itemListElement\":[{\"@type\":\"ListItem\",\"position\":1,\"name\":\"In\u00edcio\",\"item\":\"https:\/\/www.oarcanjo.net\/site\/\"},{\"@type\":\"ListItem\",\"position\":2,\"name\":\"S\u00e3o Norberto\"}]},{\"@type\":\"WebSite\",\"@id\":\"https:\/\/www.oarcanjo.net\/site\/#website\",\"url\":\"https:\/\/www.oarcanjo.net\/site\/\",\"name\":\"O Arcanjo no ar\",\"description\":\"Site da Par\u00f3quia S\u00e3o Miguel Arcanjo (Arquidiocese de SP)\",\"publisher\":{\"@id\":\"https:\/\/www.oarcanjo.net\/site\/#organization\"},\"potentialAction\":[{\"@type\":\"SearchAction\",\"target\":{\"@type\":\"EntryPoint\",\"urlTemplate\":\"https:\/\/www.oarcanjo.net\/site\/?s={search_term_string}\"},\"query-input\":{\"@type\":\"PropertyValueSpecification\",\"valueRequired\":true,\"valueName\":\"search_term_string\"}}],\"inLanguage\":\"pt-BR\"},{\"@type\":\"Organization\",\"@id\":\"https:\/\/www.oarcanjo.net\/site\/#organization\",\"name\":\"Par\u00f3quia S\u00e3o Miguel Arcanjo\",\"url\":\"https:\/\/www.oarcanjo.net\/site\/\",\"logo\":{\"@type\":\"ImageObject\",\"inLanguage\":\"pt-BR\",\"@id\":\"https:\/\/www.oarcanjo.net\/site\/#\/schema\/logo\/image\/\",\"url\":\"https:\/\/www.oarcanjo.net\/site\/wp-content\/uploads\/LogoOArcanjo.png\",\"contentUrl\":\"https:\/\/www.oarcanjo.net\/site\/wp-content\/uploads\/LogoOArcanjo.png\",\"width\":319,\"height\":99,\"caption\":\"Par\u00f3quia S\u00e3o Miguel Arcanjo\"},\"image\":{\"@id\":\"https:\/\/www.oarcanjo.net\/site\/#\/schema\/logo\/image\/\"},\"sameAs\":[\"https:\/\/www.facebook.com\/OArcanjoNoAr\/\"]},{\"@type\":\"Person\",\"@id\":\"https:\/\/www.oarcanjo.net\/site\/#\/schema\/person\/5eb9480bedd2f3c97e430ce128c29c6c\",\"name\":\"danilo\"}]}<\/script>\n<!-- \/ Yoast SEO plugin. -->","yoast_head_json":{"title":"S\u00e3o Norberto - O Arcanjo no ar","robots":{"index":"index","follow":"follow","max-snippet":"max-snippet:-1","max-image-preview":"max-image-preview:large","max-video-preview":"max-video-preview:-1"},"canonical":"https:\/\/www.oarcanjo.net\/site\/sao-norberto\/","og_locale":"pt_BR","og_type":"article","og_title":"S\u00e3o Norberto - O Arcanjo no ar","og_description":"6 de Junho Fundou a Ordem dos C\u00f4negos Regulares Premonstratenses Sua convers\u00e3o deu-se de modo semelhante \u00e0 de S\u00e3o Paulo. De muito nobre estirpe, tornou-se grande pregador popular, flagelo das heresias, reformador de costumes e fundador de mosteiros Norberto nasceu em Xanten, na margem esquerda do Reno, pr\u00f3ximo de Col\u00f4nia, no ano 1080. Seu pai, [&hellip;]","og_url":"https:\/\/www.oarcanjo.net\/site\/sao-norberto\/","og_site_name":"O Arcanjo no ar","article_publisher":"https:\/\/www.facebook.com\/OArcanjoNoAr\/","article_published_time":"2019-06-06T10:51:56+00:00","article_modified_time":"2019-02-20T17:34:22+00:00","og_image":[{"url":"http:\/\/reporterdecristo.com\/wp-content\/uploads\/2008\/06\/sao-norberto-de-xanten.jpg"}],"author":"danilo","twitter_card":"summary_large_image","twitter_misc":{"Escrito por":"danilo","Est. tempo de leitura":"9 minutos"},"schema":{"@context":"https:\/\/schema.org","@graph":[{"@type":"Article","@id":"https:\/\/www.oarcanjo.net\/site\/sao-norberto\/#article","isPartOf":{"@id":"https:\/\/www.oarcanjo.net\/site\/sao-norberto\/"},"author":{"name":"danilo","@id":"https:\/\/www.oarcanjo.net\/site\/#\/schema\/person\/5eb9480bedd2f3c97e430ce128c29c6c"},"headline":"S\u00e3o Norberto","datePublished":"2019-06-06T10:51:56+00:00","dateModified":"2019-02-20T17:34:22+00:00","mainEntityOfPage":{"@id":"https:\/\/www.oarcanjo.net\/site\/sao-norberto\/"},"wordCount":1771,"commentCount":0,"publisher":{"@id":"https:\/\/www.oarcanjo.net\/site\/#organization"},"image":{"@id":"https:\/\/www.oarcanjo.net\/site\/sao-norberto\/#primaryimage"},"thumbnailUrl":"http:\/\/reporterdecristo.com\/wp-content\/uploads\/2008\/06\/sao-norberto-de-xanten.jpg","articleSection":["Testemunhos"],"inLanguage":"pt-BR","potentialAction":[{"@type":"CommentAction","name":"Comment","target":["https:\/\/www.oarcanjo.net\/site\/sao-norberto\/#respond"]}]},{"@type":"WebPage","@id":"https:\/\/www.oarcanjo.net\/site\/sao-norberto\/","url":"https:\/\/www.oarcanjo.net\/site\/sao-norberto\/","name":"S\u00e3o Norberto - O Arcanjo no ar","isPartOf":{"@id":"https:\/\/www.oarcanjo.net\/site\/#website"},"primaryImageOfPage":{"@id":"https:\/\/www.oarcanjo.net\/site\/sao-norberto\/#primaryimage"},"image":{"@id":"https:\/\/www.oarcanjo.net\/site\/sao-norberto\/#primaryimage"},"thumbnailUrl":"http:\/\/reporterdecristo.com\/wp-content\/uploads\/2008\/06\/sao-norberto-de-xanten.jpg","datePublished":"2019-06-06T10:51:56+00:00","dateModified":"2019-02-20T17:34:22+00:00","breadcrumb":{"@id":"https:\/\/www.oarcanjo.net\/site\/sao-norberto\/#breadcrumb"},"inLanguage":"pt-BR","potentialAction":[{"@type":"ReadAction","target":["https:\/\/www.oarcanjo.net\/site\/sao-norberto\/"]}]},{"@type":"ImageObject","inLanguage":"pt-BR","@id":"https:\/\/www.oarcanjo.net\/site\/sao-norberto\/#primaryimage","url":"http:\/\/reporterdecristo.com\/wp-content\/uploads\/2008\/06\/sao-norberto-de-xanten.jpg","contentUrl":"http:\/\/reporterdecristo.com\/wp-content\/uploads\/2008\/06\/sao-norberto-de-xanten.jpg"},{"@type":"BreadcrumbList","@id":"https:\/\/www.oarcanjo.net\/site\/sao-norberto\/#breadcrumb","itemListElement":[{"@type":"ListItem","position":1,"name":"In\u00edcio","item":"https:\/\/www.oarcanjo.net\/site\/"},{"@type":"ListItem","position":2,"name":"S\u00e3o Norberto"}]},{"@type":"WebSite","@id":"https:\/\/www.oarcanjo.net\/site\/#website","url":"https:\/\/www.oarcanjo.net\/site\/","name":"O Arcanjo no ar","description":"Site da Par\u00f3quia S\u00e3o Miguel Arcanjo (Arquidiocese de SP)","publisher":{"@id":"https:\/\/www.oarcanjo.net\/site\/#organization"},"potentialAction":[{"@type":"SearchAction","target":{"@type":"EntryPoint","urlTemplate":"https:\/\/www.oarcanjo.net\/site\/?s={search_term_string}"},"query-input":{"@type":"PropertyValueSpecification","valueRequired":true,"valueName":"search_term_string"}}],"inLanguage":"pt-BR"},{"@type":"Organization","@id":"https:\/\/www.oarcanjo.net\/site\/#organization","name":"Par\u00f3quia S\u00e3o Miguel Arcanjo","url":"https:\/\/www.oarcanjo.net\/site\/","logo":{"@type":"ImageObject","inLanguage":"pt-BR","@id":"https:\/\/www.oarcanjo.net\/site\/#\/schema\/logo\/image\/","url":"https:\/\/www.oarcanjo.net\/site\/wp-content\/uploads\/LogoOArcanjo.png","contentUrl":"https:\/\/www.oarcanjo.net\/site\/wp-content\/uploads\/LogoOArcanjo.png","width":319,"height":99,"caption":"Par\u00f3quia S\u00e3o Miguel Arcanjo"},"image":{"@id":"https:\/\/www.oarcanjo.net\/site\/#\/schema\/logo\/image\/"},"sameAs":["https:\/\/www.facebook.com\/OArcanjoNoAr\/"]},{"@type":"Person","@id":"https:\/\/www.oarcanjo.net\/site\/#\/schema\/person\/5eb9480bedd2f3c97e430ce128c29c6c","name":"danilo"}]}},"publishpress_future_action":{"enabled":false,"date":"2026-05-09 08:15:56","action":"category","newStatus":"draft","terms":[],"taxonomy":"category"},"publishpress_future_workflow_manual_trigger":{"enabledWorkflows":[]},"_links":{"self":[{"href":"https:\/\/www.oarcanjo.net\/site\/wp-json\/wp\/v2\/posts\/9620"}],"collection":[{"href":"https:\/\/www.oarcanjo.net\/site\/wp-json\/wp\/v2\/posts"}],"about":[{"href":"https:\/\/www.oarcanjo.net\/site\/wp-json\/wp\/v2\/types\/post"}],"author":[{"embeddable":true,"href":"https:\/\/www.oarcanjo.net\/site\/wp-json\/wp\/v2\/users\/14"}],"replies":[{"embeddable":true,"href":"https:\/\/www.oarcanjo.net\/site\/wp-json\/wp\/v2\/comments?post=9620"}],"version-history":[{"count":1,"href":"https:\/\/www.oarcanjo.net\/site\/wp-json\/wp\/v2\/posts\/9620\/revisions"}],"predecessor-version":[{"id":93044,"href":"https:\/\/www.oarcanjo.net\/site\/wp-json\/wp\/v2\/posts\/9620\/revisions\/93044"}],"wp:attachment":[{"href":"https:\/\/www.oarcanjo.net\/site\/wp-json\/wp\/v2\/media?parent=9620"}],"wp:term":[{"taxonomy":"category","embeddable":true,"href":"https:\/\/www.oarcanjo.net\/site\/wp-json\/wp\/v2\/categories?post=9620"},{"taxonomy":"post_tag","embeddable":true,"href":"https:\/\/www.oarcanjo.net\/site\/wp-json\/wp\/v2\/tags?post=9620"}],"curies":[{"name":"wp","href":"https:\/\/api.w.org\/{rel}","templated":true}]}}