
{"id":9624,"date":"2019-06-06T07:58:12","date_gmt":"2019-06-06T10:58:12","guid":{"rendered":"http:\/\/www.oarcanjo.net\/site\/?p=9624"},"modified":"2019-02-20T07:57:39","modified_gmt":"2019-02-20T10:57:39","slug":"sao-marcelino-champagnat","status":"publish","type":"post","link":"https:\/\/www.oarcanjo.net\/site\/sao-marcelino-champagnat\/","title":{"rendered":"S\u00e3o Marcelino Champagnat"},"content":{"rendered":"<p><img decoding=\"async\" src=\"http:\/\/www.maristas.org.br\/portal\/img\/sis_noticias\/2009\/mar%C3%A7o\/2009_3_26_champagnat1.jpg\" alt=\"\" \/><\/p>\n<p>6 de Junho<\/p>\n<p>Fundou a congrega\u00e7\u00e3o dos Irm\u00e3os Maristas<\/p>\n<p>Nasceu a 20 de maio de 1789 no povoado chamado Le Rosey, par\u00f3quia de Marlhes, situada a sudoeste de Lyon, na Fran\u00e7a. Profundamente crist\u00e3os, os seus pais, Jo\u00e3o Batista Champagnat e Maria Chirat, quiseram que fosse batizado no dia seguinte, esta da Ascens\u00e3o do Senhor. O seu nome ficou Marcelino Jos\u00e9 Bento Champagnat, nome de seu tio e padrinho. No ano em que Marcelino nasceu, estava acontecendo<\/p>\n<p>a Revolu\u00e7\u00e3o Francesa. Esse foi um tempo muito dif\u00edcil para a Igreja, muitos padres deixaram o sacerd\u00f3cio e os fi\u00e9is f<a title=\"S\u00e3o Marcelino Champagnat\" href=\"http:\/\/marista.edu.br\/smchampagnat\/files\/2009\/06\/sao-marcelino.jpg\"><\/a>icaram abandonados. Maria Chirat era um modelo exemplar de mulher, era devot\u00edssima da Virgem Sant\u00edssima. Alguns dias ap\u00f3s o seu nascimento, Marcelino foi consagrado \u00e0 Virgem Sant\u00edssima. Maria Chirat tinha todo o cuidado na educa\u00e7\u00e3o dos filhos. Proibia-lhes de andar com os meninos da rua e procurava inculcar neles virtudes sociais, modelarlhes o car\u00e1ter, corrigir-lhes os defeitos e fomentar em todos a piedade e as pr\u00e1ticas religiosas. A tia Rosa entusiasmava o sobrinho com o relato da vida dos santos. Certa vez, perguntou para a tia:\u00a0\u00a0\u00a0\u00a0\u00a0<\/p>\n<p>\u00a0\u00a0\u00a0 \u00a0\u00a0\u00a0\u00a0\u00a0\u00a0\u00a0 \u2013\u2013 Tia, a Revolu\u00e7\u00e3o \u00e9 uma pessoa ou \u00e9 uma fera?<\/p>\n<p>\u00a0\u00a0\u00a0\u00a0\u00a0\u00a0\u00a0\u00a0\u00a0\u00a0\u00a0 \u2013\u2013 Meu filho, n\u00e3o h\u00e1 no mundo fera mais cruel.<\/p>\n<p>A tia foi quem lhe ensinou a Doutrina e o preparou para a Primeira Comunh\u00e3o Marcelino foi para a escola. Como era t\u00edmido, certo dia, o professor teve o cuidado de o chamar para junto de si a fim de dar a li\u00e7\u00e3o de leitura. Marcelino ia come\u00e7ar a ler. Outro menino, por\u00e9m, correu para ler primeiro. O professor, irritado, deu-lhe uma bofetada e mandou-o para o fundo da sala. Marcelino tremeu de medo. T\u00e3o duro procedimento ofendeu-lhe profundamente, e n\u00e3o quis mais voltar \u00e0 escola do tal professor. Feita a Primeira Comunh\u00e3o, Marcelino ajudava os pais nos afazeres da propriedade: trabalhos de pastor, de pedreiro, de carpinteiro, de moleiro, de lavrador, etc. Um padre estava andando na zona rural a procura de novas voca\u00e7\u00f5es. Marcelino respondeu \u201csim\u201d com toda convic\u00e7\u00e3o. \u201cassim Deus o quer\u201d.<\/p>\n<p>Marcelino tinha dificuldades com os estudos. A m\u00e3e encorajava-o na luta. A Sant\u00edssima Virgem protegia-o visivelmente.<\/p>\n<p>Apesar de sua condi\u00e7\u00e3o econ\u00f4mica e o seu baixo grau de escolaridade, foi admitido no semin\u00e1rio de Verri\u00e8rres. Por\u00e9m, a partir da\u00ed, dedicou-se aos estudos enfrentando muitas dificuldades. Aos vinte e sete anos, em 1816, recebeu o diploma e foi ordenado sacerdote no semin\u00e1rio de Lion.<\/p>\n<p>Talvez por influ\u00eancia da sua dura inf\u00e2ncia, mas movido pelo Esp\u00edrito Santo, acabou se dedicando aos problemas e \u00e0 situa\u00e7\u00e3o de abandono por que passavam os jovens de sua \u00e9poca, no campo da religi\u00e3o e dos estudos. Marcelino rezou e meditou em busca de uma resposta a esses problemas que antecederam e anunciavam a Revolu\u00e7\u00e3o Francesa.<\/p>\n<p>Numa visita a um rapaz doente, descobriu que este, al\u00e9m de analfabeto, nada sabia sobre Deus e sobre religi\u00e3o. Sua alma estava angustiada com tantas vidas sem sentido e sem guia vagando sem rumo. Foi ent\u00e3o que liderou um grupo de jovens para a educa\u00e7\u00e3o da juventude. Nascia, ent\u00e3o, a futura Congrega\u00e7\u00e3o dos Irm\u00e3os Maristas, tamb\u00e9m chamada de Fam\u00edlia Marista, uma Ordem Terceira que leva o nome de Maria e sua prote\u00e7\u00e3o.<\/p>\n<p>Sua obra tomou tanto vulto que Marcelino acabou por desligar-se de suas atividades paroquiais, para dedicar-se, completamente, a essa miss\u00e3o apost\u00f3lica. Determinou que os membros da Congrega\u00e7\u00e3o n\u00e3o deveriam ser sacerdotes, mas simples irm\u00e3os leigos, a fim de assumirem a miss\u00e3o de catequizar e alfabetizar as crian\u00e7as, jovens e adultos, nas escolas paroquiais.<\/p>\n<p>Ainda vivo, Marcelino teve a gra\u00e7a de ver sua Fam\u00edlia Marista crescendo, dando frutos e sendo bem aceita em todos os pa\u00edses aonde chegaram. Ainda hoje, temos como refer\u00eancia a criteriosa e moderna educa\u00e7\u00e3o marista presente nas melhores escolas do mundo.<\/p>\n<p>Marcelino Champagnat morreu aos cinq\u00fcenta e um anos, em 6 de junho de 1840. Foi beatificado em 1955 <a title=\"&lt;a href=&quot;..\/images1\/mundo\/casaGeneral\/2010_05_28_Marcelino1955\/images\/scansione0080d.jpg&quot; mce_href=&quot;..\/images1\/mundo\/casaGeneral\/2010_05_28_Marcelino1955\/images\/scansione0080d.jpg&quot; target=&quot;_blank&quot;&gt;Baixar foto&lt;\/a&gt;\" rel=\"lightbox[g1]\" href=\"http:\/\/www.champagnat.org\/images1\/mundo\/casaGeneral\/2010_05_28_Marcelino1955\/small\/scansione0080d.jpg\"><img decoding=\"async\" src=\"http:\/\/www.champagnat.org\/images1\/mundo\/casaGeneral\/2010_05_28_Marcelino1955\/thumbnails\/scansione0080d.jpg\" border=\"0\" alt=\"29 de maio de 1955 - Beatifica\u00e7\u00e3o de Marcelino Champagnat \" \/><\/a>e proclamado santo pelo papa Jo\u00e3o Paulo II em 1999. Ele \u00e9 considerado o &#8220;Santo da Escola&#8221; e um grande precursor dos modernos m\u00e9todos pedag\u00f3gicos, que excluem todo tipo de castigo no educando.<\/p>\n<table border=\"0\" cellspacing=\"0\" cellpadding=\"0\" width=\"95%\" align=\"center\">\n<tbody>\n<tr>\n<td>Carta de Marcelino &#8211; 001<br \/>\n1823-12-01<\/td>\n<\/tr>\n<tr>\n<td height=\"8\">\u00a0<\/td>\n<\/tr>\n<tr>\n<td>\n<div><img loading=\"lazy\" decoding=\"async\" src=\"http:\/\/www.champagnat.org\/pt\/layout\/spacer.gif\" alt=\"\" width=\"1\" height=\"9\" \/><a href=\"http:\/\/www.champagnat.org\/pt\/210201014.asp?id=1\">Texto original em franc\u00eas<\/a>\u00a0<\/div>\n<\/td>\n<\/tr>\n<tr>\n<td height=\"8\">\u00a0<\/td>\n<\/tr>\n<tr>\n<td bgcolor=\"#f5f5f5\"><strong>Tipo:<\/strong> Cartas e circulares aos irm\u00e3os<br \/>\n<strong>Destinat\u00e1rio:<\/strong> Fr. Jean-Marie Granjon<\/td>\n<\/tr>\n<tr>\n<td height=\"8\" bgcolor=\"#f5f5f5\">\u00a0<\/td>\n<\/tr>\n<tr>\n<td bgcolor=\"#f5f5f5\">\n<div><strong>Vers\u00e3o<\/strong><br \/>\nT\u00edtulo original: Lettres de Marcellin J. B. Champagnat (1789-1840) Fondateur de l\u2019Institut des Fr\u00e8res Maristes, pr\u00e9sent\u00e9s par Fr\u00e8re Paul Sester. Rome, Casa Generalizia dei Fratelli Maristi, 1985.<br \/>\nTradu\u00e7\u00e3o: Ir. Sulp\u00edcio Jos\u00e9 e Ir. Ireneu Martim<\/div>\n<\/td>\n<\/tr>\n<tr>\n<td height=\"8\" bgcolor=\"#f5f5f5\">\u00a0<\/td>\n<\/tr>\n<tr>\n<td bgcolor=\"#f5f5f5\"><em>O Irm\u00e3o Jean-Marie Granjon, nomeado pelo Padre Champagnat em 2 de janeiro de 1822 como encarregado de dirigir a Escola de Bourg-Argental, abandonou o posto pouco tempo depois de ser nomeado. \u201cDeixou a escola com 200 alunos nas m\u00e3os de um Irm\u00e3ozinho de 15 anos\u201d. &#8220;Enfiou na cabe\u00e7a que devia entrar na trapa&#8221;, diz o Irm\u00e3o Avit (cf. Vida de M. Champagnat, Edi\u00e7\u00e3o do Bicenten\u00e1rio, p. 140).<br \/>\nDepois de um m\u00eas de retiro na trapa, resolveu voltar a l&#8217;Hermitage, para ir prostrar-se aos p\u00e9s do Padre e pedir-lhe perd\u00e3o. Magn\u00e2nimo e caridoso, o Padre Champagnat n\u00e3o s\u00f3 perdoou o extravio moment\u00e2neo do disc\u00edpulo, como tamb\u00e9m demonstrou confiar nos protestos que este lhe fazia de n\u00e3o mais cometer outra. No outono de 1823, o piedoso Fundador confiou-lhe a dire\u00e7\u00e3o da escola de Saint-Symphorien-le-Ch\u00e2teau; foi para l\u00e1 que Champagnat mandou a carta que abaixo vem transcrita.<br \/>\nO Irm\u00e3o Jean Fran\u00e7ois (\u00c9tienne Roumesy) n\u00e3o gostou de ser tirado de Saint Sauveur, onde lecionava. O Padre Champagnat o encarregava de se ocupar do andamento dos trabalhos da casa de l\u2019Hermitage.<br \/>\nO Padre Colomb, com quem o Irm\u00e3o Jean Fran\u00e7ois se relacionava freq\u00fcentemente, estava empenhado na funda\u00e7\u00e3o de uma obra destinada a \u00f3rf\u00e3os e abandonados. Convidou o Irm\u00e3o Jean Fran\u00e7ois a se associar a ele. Contrariando os conselhos do Padre Champagnat, Roumesy abandonou a casa sem aviso pr\u00e9vio. O Padre Colomb o acolheu de bra\u00e7os abertos, mas em quest\u00e3o de dois anos se desentenderam e a obra foi \u00e1gua abaixo.<\/em><\/td>\n<\/tr>\n<tr>\n<td height=\"5\" bgcolor=\"#f5f5f5\">\u00a0<\/td>\n<\/tr>\n<tr>\n<td>\n<div>Caros filhos em Jesus e Maria!<br \/>\nDemorei at\u00e9 hoje para escrever a voc\u00eas, a fim de poder dar-lhes not\u00edcias dos outros estabelecimentos que visitei na semana passada. Todos v\u00e3o bem de sa\u00fade e ficaram muito satisfeitos em saber not\u00edcias suas.<br \/>\nEm Bourg-Argental, o Irm\u00e3o Michel se desincumbe a contento de suas fun\u00e7\u00f5es; a escola dos Irm\u00e3os at\u00e9 que n\u00e3o vai mal, entretanto, s\u00f3 conta com 90 alunos por enquanto, mas todos os dias est\u00e3o chegando outros. Continuam por\u00e9m muito mal instalados; pior ainda, proibiram-lhes o acesso ao quintal, que lhes seria muito \u00fatil! N\u00e3o estou zangado com isso. Falei com o senhor Deplain\u00e9 e com o senhor Sablon; fiz ver a eles que a constru\u00e7\u00e3o n\u00e3o estava adaptada \u00e0 escola e se n\u00e3o se podia esperar qualquer coisa melhor para o futuro. Prometeram; mas, sei l\u00e1 eu o que ir\u00e3o fazer. N\u00e3o t\u00eam pressa de efetuar os pagamentos.<br \/>\nEm Boulieu, as coisas v\u00e3o de vento em popa. J\u00e1 s\u00e3o mais de cem alunos. Est\u00e3o pedindo com insist\u00eancia um terceiro Irm\u00e3o. Ainda n\u00e3o sei quem vou mandar para l\u00e1. O p\u00e1roco se diz muito satisfeito. Disse-me que sonhava conosco toda noite, tal o desejo que nutria de nos atrair para o seu departamento e sua diocese, fazendo-nos entrever grandes vantagens, atrav\u00e9s da benevol\u00eancia do senhor Duque de Vogu\u00e9, do qual se diz apenas o int\u00e9rprete.<br \/>\nPe\u00e7amos a Deus que nos fa\u00e7a conhecer sua santa vontade e declaremo-nos sempre servos in\u00fateis.<br \/>\nO Irm\u00e3o Louren\u00e7o parece estar contente em Vanosc, mas os meios que os Irm\u00e3os t\u00eam \u00e0 disposi\u00e7\u00e3o continuam m\u00f3dicos.<br \/>\nA escola de Saint Sauveur continua a crescer, embora o Irm\u00e3o Jean Fran\u00e7ois n\u00e3o lecione mais l\u00e1. Aos poucos, parece que j\u00e1 d\u00e1 mostras de resignar-se. N\u00e3o gostei muito que voc\u00ea lhe tenha anunciado qual o novo trabalho para o qual estava sendo designado.<br \/>\nAo ver chegar tr\u00eas Irm\u00e3os no munic\u00edpio, o Padre Colomb desconfiou do que se tratava e me escreveu a respeito da mudan\u00e7a. Tenho f\u00e9 de que, apesar da oposi\u00e7\u00e3o de parte e de outra, terei ganho de causa, pois quando para l\u00e1 viajei, apresentei as raz\u00f5es pelas quais agia daquela maneira.<br \/>\nEm casa do Padre Colomb e sem a presen\u00e7a do prefeito, todos me pareceram estar de acordo com isso.<br \/>\nEm Tarentaise, tamb\u00e9m vai tudo muito bem. Os meninos dizem que o Irm\u00e3o Louren\u00e7o era muito legal, mas que este \u00e9 mais ainda.<br \/>\nQuanto a Lavalla, acho que teremos muitos alunos e tamb\u00e9m muitos pobres. Gra\u00e7as a Deus! Faremos o poss\u00edvel para aliment\u00e1-los.<br \/>\nApresentam-se igualmente muitos novi\u00e7os, mas a maioria deles s\u00e3o pobres e muito crian\u00e7as. Contudo, h\u00e1 tr\u00eas que t\u00eam a idade da raz\u00e3o, pois j\u00e1 passam dos trinta. Um deles \u00e9 homem de neg\u00f3cios, outro \u00e9 sapateiro e o terceiro, esse n\u00e3o \u00e9 nada. Mas, \u00e9 com nada que Deus realiza grandes coisas.<br \/>\nSe voc\u00ea precisar de um terceiro membro para sua comunidade, eu poderei mand\u00e1-lo, bastando para isso que o senhor p\u00e1roco fa\u00e7a o pedido.<br \/>\nComo tenho inten\u00e7\u00e3o de lhe escrever em outra ocasi\u00e3o, termino aqui. Asseguro-lhe que sempre serei com muita satisfa\u00e7\u00e3o seu atencioso pai em Jesus e Maria.<\/div>\n<p>Lavalla, 1\u00ba dezembro de 1823.<\/p>\n<p>Minha respeitosa homenagem ao Senhor P\u00e1roco ao qual tenciono escrever.<\/p>\n<p><a title=\"&lt;a href=&quot;..\/images1\/champagnat\/vaticano\/images\/a18.jpg&quot; mce_href=&quot;..\/images1\/champagnat\/vaticano\/images\/a18.jpg&quot; target=&quot;_blank&quot;&gt;Baixar foto&lt;\/a&gt;\" rel=\"lightbox[g1]\" href=\"http:\/\/www.champagnat.org\/images1\/champagnat\/vaticano\/small\/a18.jpg\"><img loading=\"lazy\" decoding=\"async\" src=\"http:\/\/www.champagnat.org\/images1\/champagnat\/vaticano\/thumbnails\/a18.jpg\" border=\"0\" alt=\"Est\u00e1tua de Marcelino no Vaticano (20 de setembro de 2000)\" width=\"107\" height=\"169\" \/><\/a><\/td>\n<\/tr>\n<\/tbody>\n<\/table>\n<div id=\"themify_builder_content-9624\" data-postid=\"9624\" class=\"themify_builder_content themify_builder_content-9624 themify_builder themify_builder_front\">\n\t<\/div>\n<!-- \/themify_builder_content -->","protected":false},"excerpt":{"rendered":"<p>6 de Junho Fundou a congrega\u00e7\u00e3o dos Irm\u00e3os Maristas Nasceu a 20 de maio de 1789 no povoado chamado Le Rosey, par\u00f3quia de Marlhes, situada a sudoeste de Lyon, na Fran\u00e7a. Profundamente crist\u00e3os, os seus pais, Jo\u00e3o Batista Champagnat e Maria Chirat, quiseram que fosse batizado no dia seguinte, esta da Ascens\u00e3o do Senhor. O [&hellip;]<\/p>\n","protected":false},"author":14,"featured_media":0,"comment_status":"open","ping_status":"open","sticky":false,"template":"","format":"standard","meta":{"ngg_post_thumbnail":0,"footnotes":""},"categories":[186],"tags":[],"yoast_head":"<!-- This site is optimized with the Yoast SEO plugin v23.5 - https:\/\/yoast.com\/wordpress\/plugins\/seo\/ -->\n<title>S\u00e3o Marcelino Champagnat - O Arcanjo no ar<\/title>\n<meta name=\"robots\" content=\"index, follow, max-snippet:-1, max-image-preview:large, max-video-preview:-1\" \/>\n<link rel=\"canonical\" href=\"https:\/\/www.oarcanjo.net\/site\/sao-marcelino-champagnat\/\" \/>\n<meta property=\"og:locale\" content=\"pt_BR\" \/>\n<meta property=\"og:type\" content=\"article\" \/>\n<meta property=\"og:title\" content=\"S\u00e3o Marcelino Champagnat - O Arcanjo no ar\" \/>\n<meta property=\"og:description\" content=\"6 de Junho Fundou a congrega\u00e7\u00e3o dos Irm\u00e3os Maristas Nasceu a 20 de maio de 1789 no povoado chamado Le Rosey, par\u00f3quia de Marlhes, situada a sudoeste de Lyon, na Fran\u00e7a. Profundamente crist\u00e3os, os seus pais, Jo\u00e3o Batista Champagnat e Maria Chirat, quiseram que fosse batizado no dia seguinte, esta da Ascens\u00e3o do Senhor. O [&hellip;]\" \/>\n<meta property=\"og:url\" content=\"https:\/\/www.oarcanjo.net\/site\/sao-marcelino-champagnat\/\" \/>\n<meta property=\"og:site_name\" content=\"O Arcanjo no ar\" \/>\n<meta property=\"article:publisher\" content=\"https:\/\/www.facebook.com\/OArcanjoNoAr\/\" \/>\n<meta property=\"article:published_time\" content=\"2019-06-06T10:58:12+00:00\" \/>\n<meta property=\"article:modified_time\" content=\"2019-02-20T10:57:39+00:00\" \/>\n<meta property=\"og:image\" content=\"http:\/\/www.maristas.org.br\/portal\/img\/sis_noticias\/2009\/mar%C3%A7o\/2009_3_26_champagnat1.jpg\" \/>\n<meta name=\"author\" content=\"danilo\" \/>\n<meta name=\"twitter:card\" content=\"summary_large_image\" \/>\n<meta name=\"twitter:label1\" content=\"Escrito por\" \/>\n\t<meta name=\"twitter:data1\" content=\"danilo\" \/>\n\t<meta name=\"twitter:label2\" content=\"Est. tempo de leitura\" \/>\n\t<meta name=\"twitter:data2\" content=\"8 minutos\" \/>\n<script type=\"application\/ld+json\" class=\"yoast-schema-graph\">{\"@context\":\"https:\/\/schema.org\",\"@graph\":[{\"@type\":\"Article\",\"@id\":\"https:\/\/www.oarcanjo.net\/site\/sao-marcelino-champagnat\/#article\",\"isPartOf\":{\"@id\":\"https:\/\/www.oarcanjo.net\/site\/sao-marcelino-champagnat\/\"},\"author\":{\"name\":\"danilo\",\"@id\":\"https:\/\/www.oarcanjo.net\/site\/#\/schema\/person\/5eb9480bedd2f3c97e430ce128c29c6c\"},\"headline\":\"S\u00e3o Marcelino Champagnat\",\"datePublished\":\"2019-06-06T10:58:12+00:00\",\"dateModified\":\"2019-02-20T10:57:39+00:00\",\"mainEntityOfPage\":{\"@id\":\"https:\/\/www.oarcanjo.net\/site\/sao-marcelino-champagnat\/\"},\"wordCount\":1660,\"commentCount\":1,\"publisher\":{\"@id\":\"https:\/\/www.oarcanjo.net\/site\/#organization\"},\"image\":{\"@id\":\"https:\/\/www.oarcanjo.net\/site\/sao-marcelino-champagnat\/#primaryimage\"},\"thumbnailUrl\":\"http:\/\/www.maristas.org.br\/portal\/img\/sis_noticias\/2009\/mar%C3%A7o\/2009_3_26_champagnat1.jpg\",\"articleSection\":[\"Testemunhos\"],\"inLanguage\":\"pt-BR\",\"potentialAction\":[{\"@type\":\"CommentAction\",\"name\":\"Comment\",\"target\":[\"https:\/\/www.oarcanjo.net\/site\/sao-marcelino-champagnat\/#respond\"]}]},{\"@type\":\"WebPage\",\"@id\":\"https:\/\/www.oarcanjo.net\/site\/sao-marcelino-champagnat\/\",\"url\":\"https:\/\/www.oarcanjo.net\/site\/sao-marcelino-champagnat\/\",\"name\":\"S\u00e3o Marcelino Champagnat - O Arcanjo no ar\",\"isPartOf\":{\"@id\":\"https:\/\/www.oarcanjo.net\/site\/#website\"},\"primaryImageOfPage\":{\"@id\":\"https:\/\/www.oarcanjo.net\/site\/sao-marcelino-champagnat\/#primaryimage\"},\"image\":{\"@id\":\"https:\/\/www.oarcanjo.net\/site\/sao-marcelino-champagnat\/#primaryimage\"},\"thumbnailUrl\":\"http:\/\/www.maristas.org.br\/portal\/img\/sis_noticias\/2009\/mar%C3%A7o\/2009_3_26_champagnat1.jpg\",\"datePublished\":\"2019-06-06T10:58:12+00:00\",\"dateModified\":\"2019-02-20T10:57:39+00:00\",\"breadcrumb\":{\"@id\":\"https:\/\/www.oarcanjo.net\/site\/sao-marcelino-champagnat\/#breadcrumb\"},\"inLanguage\":\"pt-BR\",\"potentialAction\":[{\"@type\":\"ReadAction\",\"target\":[\"https:\/\/www.oarcanjo.net\/site\/sao-marcelino-champagnat\/\"]}]},{\"@type\":\"ImageObject\",\"inLanguage\":\"pt-BR\",\"@id\":\"https:\/\/www.oarcanjo.net\/site\/sao-marcelino-champagnat\/#primaryimage\",\"url\":\"http:\/\/www.maristas.org.br\/portal\/img\/sis_noticias\/2009\/mar%C3%A7o\/2009_3_26_champagnat1.jpg\",\"contentUrl\":\"http:\/\/www.maristas.org.br\/portal\/img\/sis_noticias\/2009\/mar%C3%A7o\/2009_3_26_champagnat1.jpg\"},{\"@type\":\"BreadcrumbList\",\"@id\":\"https:\/\/www.oarcanjo.net\/site\/sao-marcelino-champagnat\/#breadcrumb\",\"itemListElement\":[{\"@type\":\"ListItem\",\"position\":1,\"name\":\"In\u00edcio\",\"item\":\"https:\/\/www.oarcanjo.net\/site\/\"},{\"@type\":\"ListItem\",\"position\":2,\"name\":\"S\u00e3o Marcelino Champagnat\"}]},{\"@type\":\"WebSite\",\"@id\":\"https:\/\/www.oarcanjo.net\/site\/#website\",\"url\":\"https:\/\/www.oarcanjo.net\/site\/\",\"name\":\"O Arcanjo no ar\",\"description\":\"Site da Par\u00f3quia S\u00e3o Miguel Arcanjo (Arquidiocese de SP)\",\"publisher\":{\"@id\":\"https:\/\/www.oarcanjo.net\/site\/#organization\"},\"potentialAction\":[{\"@type\":\"SearchAction\",\"target\":{\"@type\":\"EntryPoint\",\"urlTemplate\":\"https:\/\/www.oarcanjo.net\/site\/?s={search_term_string}\"},\"query-input\":{\"@type\":\"PropertyValueSpecification\",\"valueRequired\":true,\"valueName\":\"search_term_string\"}}],\"inLanguage\":\"pt-BR\"},{\"@type\":\"Organization\",\"@id\":\"https:\/\/www.oarcanjo.net\/site\/#organization\",\"name\":\"Par\u00f3quia S\u00e3o Miguel Arcanjo\",\"url\":\"https:\/\/www.oarcanjo.net\/site\/\",\"logo\":{\"@type\":\"ImageObject\",\"inLanguage\":\"pt-BR\",\"@id\":\"https:\/\/www.oarcanjo.net\/site\/#\/schema\/logo\/image\/\",\"url\":\"https:\/\/www.oarcanjo.net\/site\/wp-content\/uploads\/LogoOArcanjo.png\",\"contentUrl\":\"https:\/\/www.oarcanjo.net\/site\/wp-content\/uploads\/LogoOArcanjo.png\",\"width\":319,\"height\":99,\"caption\":\"Par\u00f3quia S\u00e3o Miguel Arcanjo\"},\"image\":{\"@id\":\"https:\/\/www.oarcanjo.net\/site\/#\/schema\/logo\/image\/\"},\"sameAs\":[\"https:\/\/www.facebook.com\/OArcanjoNoAr\/\"]},{\"@type\":\"Person\",\"@id\":\"https:\/\/www.oarcanjo.net\/site\/#\/schema\/person\/5eb9480bedd2f3c97e430ce128c29c6c\",\"name\":\"danilo\"}]}<\/script>\n<!-- \/ Yoast SEO plugin. -->","yoast_head_json":{"title":"S\u00e3o Marcelino Champagnat - O Arcanjo no ar","robots":{"index":"index","follow":"follow","max-snippet":"max-snippet:-1","max-image-preview":"max-image-preview:large","max-video-preview":"max-video-preview:-1"},"canonical":"https:\/\/www.oarcanjo.net\/site\/sao-marcelino-champagnat\/","og_locale":"pt_BR","og_type":"article","og_title":"S\u00e3o Marcelino Champagnat - O Arcanjo no ar","og_description":"6 de Junho Fundou a congrega\u00e7\u00e3o dos Irm\u00e3os Maristas Nasceu a 20 de maio de 1789 no povoado chamado Le Rosey, par\u00f3quia de Marlhes, situada a sudoeste de Lyon, na Fran\u00e7a. Profundamente crist\u00e3os, os seus pais, Jo\u00e3o Batista Champagnat e Maria Chirat, quiseram que fosse batizado no dia seguinte, esta da Ascens\u00e3o do Senhor. O [&hellip;]","og_url":"https:\/\/www.oarcanjo.net\/site\/sao-marcelino-champagnat\/","og_site_name":"O Arcanjo no ar","article_publisher":"https:\/\/www.facebook.com\/OArcanjoNoAr\/","article_published_time":"2019-06-06T10:58:12+00:00","article_modified_time":"2019-02-20T10:57:39+00:00","og_image":[{"url":"http:\/\/www.maristas.org.br\/portal\/img\/sis_noticias\/2009\/mar%C3%A7o\/2009_3_26_champagnat1.jpg"}],"author":"danilo","twitter_card":"summary_large_image","twitter_misc":{"Escrito por":"danilo","Est. tempo de leitura":"8 minutos"},"schema":{"@context":"https:\/\/schema.org","@graph":[{"@type":"Article","@id":"https:\/\/www.oarcanjo.net\/site\/sao-marcelino-champagnat\/#article","isPartOf":{"@id":"https:\/\/www.oarcanjo.net\/site\/sao-marcelino-champagnat\/"},"author":{"name":"danilo","@id":"https:\/\/www.oarcanjo.net\/site\/#\/schema\/person\/5eb9480bedd2f3c97e430ce128c29c6c"},"headline":"S\u00e3o Marcelino Champagnat","datePublished":"2019-06-06T10:58:12+00:00","dateModified":"2019-02-20T10:57:39+00:00","mainEntityOfPage":{"@id":"https:\/\/www.oarcanjo.net\/site\/sao-marcelino-champagnat\/"},"wordCount":1660,"commentCount":1,"publisher":{"@id":"https:\/\/www.oarcanjo.net\/site\/#organization"},"image":{"@id":"https:\/\/www.oarcanjo.net\/site\/sao-marcelino-champagnat\/#primaryimage"},"thumbnailUrl":"http:\/\/www.maristas.org.br\/portal\/img\/sis_noticias\/2009\/mar%C3%A7o\/2009_3_26_champagnat1.jpg","articleSection":["Testemunhos"],"inLanguage":"pt-BR","potentialAction":[{"@type":"CommentAction","name":"Comment","target":["https:\/\/www.oarcanjo.net\/site\/sao-marcelino-champagnat\/#respond"]}]},{"@type":"WebPage","@id":"https:\/\/www.oarcanjo.net\/site\/sao-marcelino-champagnat\/","url":"https:\/\/www.oarcanjo.net\/site\/sao-marcelino-champagnat\/","name":"S\u00e3o Marcelino Champagnat - O Arcanjo no ar","isPartOf":{"@id":"https:\/\/www.oarcanjo.net\/site\/#website"},"primaryImageOfPage":{"@id":"https:\/\/www.oarcanjo.net\/site\/sao-marcelino-champagnat\/#primaryimage"},"image":{"@id":"https:\/\/www.oarcanjo.net\/site\/sao-marcelino-champagnat\/#primaryimage"},"thumbnailUrl":"http:\/\/www.maristas.org.br\/portal\/img\/sis_noticias\/2009\/mar%C3%A7o\/2009_3_26_champagnat1.jpg","datePublished":"2019-06-06T10:58:12+00:00","dateModified":"2019-02-20T10:57:39+00:00","breadcrumb":{"@id":"https:\/\/www.oarcanjo.net\/site\/sao-marcelino-champagnat\/#breadcrumb"},"inLanguage":"pt-BR","potentialAction":[{"@type":"ReadAction","target":["https:\/\/www.oarcanjo.net\/site\/sao-marcelino-champagnat\/"]}]},{"@type":"ImageObject","inLanguage":"pt-BR","@id":"https:\/\/www.oarcanjo.net\/site\/sao-marcelino-champagnat\/#primaryimage","url":"http:\/\/www.maristas.org.br\/portal\/img\/sis_noticias\/2009\/mar%C3%A7o\/2009_3_26_champagnat1.jpg","contentUrl":"http:\/\/www.maristas.org.br\/portal\/img\/sis_noticias\/2009\/mar%C3%A7o\/2009_3_26_champagnat1.jpg"},{"@type":"BreadcrumbList","@id":"https:\/\/www.oarcanjo.net\/site\/sao-marcelino-champagnat\/#breadcrumb","itemListElement":[{"@type":"ListItem","position":1,"name":"In\u00edcio","item":"https:\/\/www.oarcanjo.net\/site\/"},{"@type":"ListItem","position":2,"name":"S\u00e3o Marcelino Champagnat"}]},{"@type":"WebSite","@id":"https:\/\/www.oarcanjo.net\/site\/#website","url":"https:\/\/www.oarcanjo.net\/site\/","name":"O Arcanjo no ar","description":"Site da Par\u00f3quia S\u00e3o Miguel Arcanjo (Arquidiocese de SP)","publisher":{"@id":"https:\/\/www.oarcanjo.net\/site\/#organization"},"potentialAction":[{"@type":"SearchAction","target":{"@type":"EntryPoint","urlTemplate":"https:\/\/www.oarcanjo.net\/site\/?s={search_term_string}"},"query-input":{"@type":"PropertyValueSpecification","valueRequired":true,"valueName":"search_term_string"}}],"inLanguage":"pt-BR"},{"@type":"Organization","@id":"https:\/\/www.oarcanjo.net\/site\/#organization","name":"Par\u00f3quia S\u00e3o Miguel Arcanjo","url":"https:\/\/www.oarcanjo.net\/site\/","logo":{"@type":"ImageObject","inLanguage":"pt-BR","@id":"https:\/\/www.oarcanjo.net\/site\/#\/schema\/logo\/image\/","url":"https:\/\/www.oarcanjo.net\/site\/wp-content\/uploads\/LogoOArcanjo.png","contentUrl":"https:\/\/www.oarcanjo.net\/site\/wp-content\/uploads\/LogoOArcanjo.png","width":319,"height":99,"caption":"Par\u00f3quia S\u00e3o Miguel Arcanjo"},"image":{"@id":"https:\/\/www.oarcanjo.net\/site\/#\/schema\/logo\/image\/"},"sameAs":["https:\/\/www.facebook.com\/OArcanjoNoAr\/"]},{"@type":"Person","@id":"https:\/\/www.oarcanjo.net\/site\/#\/schema\/person\/5eb9480bedd2f3c97e430ce128c29c6c","name":"danilo"}]}},"publishpress_future_action":{"enabled":false,"date":"2026-05-09 09:38:16","action":"category","newStatus":"draft","terms":[],"taxonomy":"category"},"publishpress_future_workflow_manual_trigger":{"enabledWorkflows":[]},"_links":{"self":[{"href":"https:\/\/www.oarcanjo.net\/site\/wp-json\/wp\/v2\/posts\/9624"}],"collection":[{"href":"https:\/\/www.oarcanjo.net\/site\/wp-json\/wp\/v2\/posts"}],"about":[{"href":"https:\/\/www.oarcanjo.net\/site\/wp-json\/wp\/v2\/types\/post"}],"author":[{"embeddable":true,"href":"https:\/\/www.oarcanjo.net\/site\/wp-json\/wp\/v2\/users\/14"}],"replies":[{"embeddable":true,"href":"https:\/\/www.oarcanjo.net\/site\/wp-json\/wp\/v2\/comments?post=9624"}],"version-history":[{"count":1,"href":"https:\/\/www.oarcanjo.net\/site\/wp-json\/wp\/v2\/posts\/9624\/revisions"}],"predecessor-version":[{"id":92903,"href":"https:\/\/www.oarcanjo.net\/site\/wp-json\/wp\/v2\/posts\/9624\/revisions\/92903"}],"wp:attachment":[{"href":"https:\/\/www.oarcanjo.net\/site\/wp-json\/wp\/v2\/media?parent=9624"}],"wp:term":[{"taxonomy":"category","embeddable":true,"href":"https:\/\/www.oarcanjo.net\/site\/wp-json\/wp\/v2\/categories?post=9624"},{"taxonomy":"post_tag","embeddable":true,"href":"https:\/\/www.oarcanjo.net\/site\/wp-json\/wp\/v2\/tags?post=9624"}],"curies":[{"name":"wp","href":"https:\/\/api.w.org\/{rel}","templated":true}]}}