
{"id":9635,"date":"2019-06-08T00:18:47","date_gmt":"2019-06-08T03:18:47","guid":{"rendered":"http:\/\/www.oarcanjo.net\/site\/?p=9635"},"modified":"2019-02-20T07:57:50","modified_gmt":"2019-02-20T10:57:50","slug":"bem-aventurado-pacifico-de-cerano","status":"publish","type":"post","link":"https:\/\/www.oarcanjo.net\/site\/bem-aventurado-pacifico-de-cerano\/","title":{"rendered":"Bem Aventurado Pac\u00edfico de Cerano"},"content":{"rendered":"<p><img decoding=\"async\" src=\"http:\/\/4.bp.blogspot.com\/_z-c0Sh5Zlrs\/SJv-m1Xv0PI\/AAAAAAAABjE\/14x9o0eQ2_0\/s400\/Pac%C3%ADfico+de+Cerano.jpg\" alt=\"\" \/><\/p>\n<p>8 de Junho<\/p>\n<p>Pac\u00edfico Ramati nasceu no ano de 1424 em Cerano, na cidade de Novara, It\u00e1lia. Muito cedo ficou \u00f3rf\u00e3o dos pais, sendo educado e formado pelo superior dos beneditinos do Mosteiro de S\u00e3o Lorenzo de Novara.<\/p>\n<p>Ap\u00f3s a morte do seu benfeitor beneditino, ele decidiu seguir a vida religiosa, mas preferiu ingressar na Ordem dos Irm\u00e3os Menores Franciscanos, no Convento de S\u00e3o Naz\u00e1rio, dos ilustres Jo\u00e3o Capristano e Bernardino de Siena, hoje ambos santos da Igreja. Em 1444, com vinte anos de idade e no ano da morte de s\u00e3o Bernardino, tomou o h\u00e1bito franciscano. Em seguida, foi enviado para completar os estudos na Universidade de Sorbone, em Paris, regressando para a It\u00e1lia com o t\u00edtulo de doutor.<\/p>\n<p>Desde ent\u00e3o se dedicou \u00e0 prega\u00e7\u00e3o e percorreu in\u00fameras regi\u00f5es da It\u00e1lia entre os anos de 1445 e 1471, com tal \u00eaxito que era considerado &#8220;um novo s\u00e3o Bernardino&#8221;. O seu apostolado era combater a ignor\u00e2ncia religiosa, tanto entre os leigos como no meio do clero, especialmente em rela\u00e7\u00e3o ao sacramento da penit\u00eancia. E n\u00e3o se contentou apenas com as prega\u00e7\u00f5es verbais. Escreveu com compet\u00eancia e clareza a &#8220;Suma Pac\u00edfica da Consci\u00eancia&#8221;, publicada em 1474 na linguagem popular, para que todos tivessem acesso, fato raro e uma ousadia para a \u00e9poca.<\/p>\n<p>Pac\u00edfico amava a sua cidade natal, visitando-a sempre que podia, por isso mandou construir uma igreja em homenagem \u00e0 Virgem, para aumentar a devo\u00e7\u00e3o \u00e0 M\u00e3e de Deus. Entretanto, a sua principal ocupa\u00e7\u00e3o foi com a prega\u00e7\u00e3o do Evangelho por meio de uma ret\u00f3rica veemente e clara, na qual se tornou famoso.<\/p>\n<p>Esse foi um per\u00edodo de maravilhosa floresc\u00eancia para a Ordem franciscana, com os conventos se multiplicando, n\u00e3o somente na pen\u00ednsula italiana, mas tamb\u00e9m nas ilhas da Sic\u00edlia e Sardenha. Como visitador e comiss\u00e1rio geral da Ordem, Pac\u00edfico teve a tarefa de peregrinar por todos eles, como pregador da paz e do evangelho de Cristo. Em 1471, o papa Xisto IV o enviou em miss\u00e3o \u00e0 Sardenha e depois, outra vez, em 1480, durante a invas\u00e3o dos \u00e1rabes mu\u00e7ulmanos, a fim de organizar uma cruzada especial para expuls\u00e1-los.<\/p>\n<p>Na ocasi\u00e3o, Pac\u00edfico sentiu que n\u00e3o tinha muito tempo de vida. De fato, logo no in\u00edcio da cruzada caiu gravemente enfermo. N\u00e3o resistindo, morreu, aos cinq\u00fcenta e oito anos, no dia 4 de junho de 1482, em Sassari, na Sardenha, longe de sua querida cidade natal. Por\u00e9m foi sepultado na igreja franciscana de Cerano, atendendo o desejo que expressara em vida.<\/p>\n<p>O papa Bento XIV beatificou-o em 1746, indicando o dia 8 de junho para sua festa lit\u00fargica. Bem-aventurado Pac\u00edfico de Cerano \u00e9 considerado pelos te\u00f3logos &#8220;insigne por sua doutrina e santidade, consolo e protetor de sua p\u00e1tria&#8221;.<\/p>\n<div id=\"themify_builder_content-9635\" data-postid=\"9635\" class=\"themify_builder_content themify_builder_content-9635 themify_builder themify_builder_front\">\n\t<\/div>\n<!-- \/themify_builder_content -->","protected":false},"excerpt":{"rendered":"<p>8 de Junho Pac\u00edfico Ramati nasceu no ano de 1424 em Cerano, na cidade de Novara, It\u00e1lia. Muito cedo ficou \u00f3rf\u00e3o dos pais, sendo educado e formado pelo superior dos beneditinos do Mosteiro de S\u00e3o Lorenzo de Novara. Ap\u00f3s a morte do seu benfeitor beneditino, ele decidiu seguir a vida religiosa, mas preferiu ingressar na [&hellip;]<\/p>\n","protected":false},"author":14,"featured_media":0,"comment_status":"open","ping_status":"open","sticky":false,"template":"","format":"standard","meta":{"ngg_post_thumbnail":0,"footnotes":""},"categories":[186],"tags":[],"yoast_head":"<!-- This site is optimized with the Yoast SEO plugin v23.5 - https:\/\/yoast.com\/wordpress\/plugins\/seo\/ -->\n<title>Bem Aventurado Pac\u00edfico de Cerano - O Arcanjo no ar<\/title>\n<meta name=\"robots\" content=\"index, follow, max-snippet:-1, max-image-preview:large, max-video-preview:-1\" \/>\n<link rel=\"canonical\" href=\"https:\/\/www.oarcanjo.net\/site\/bem-aventurado-pacifico-de-cerano\/\" \/>\n<meta property=\"og:locale\" content=\"pt_BR\" \/>\n<meta property=\"og:type\" content=\"article\" \/>\n<meta property=\"og:title\" content=\"Bem Aventurado Pac\u00edfico de Cerano - O Arcanjo no ar\" \/>\n<meta property=\"og:description\" content=\"8 de Junho Pac\u00edfico Ramati nasceu no ano de 1424 em Cerano, na cidade de Novara, It\u00e1lia. Muito cedo ficou \u00f3rf\u00e3o dos pais, sendo educado e formado pelo superior dos beneditinos do Mosteiro de S\u00e3o Lorenzo de Novara. Ap\u00f3s a morte do seu benfeitor beneditino, ele decidiu seguir a vida religiosa, mas preferiu ingressar na [&hellip;]\" \/>\n<meta property=\"og:url\" content=\"https:\/\/www.oarcanjo.net\/site\/bem-aventurado-pacifico-de-cerano\/\" \/>\n<meta property=\"og:site_name\" content=\"O Arcanjo no ar\" \/>\n<meta property=\"article:publisher\" content=\"https:\/\/www.facebook.com\/OArcanjoNoAr\/\" \/>\n<meta property=\"article:published_time\" content=\"2019-06-08T03:18:47+00:00\" \/>\n<meta property=\"article:modified_time\" content=\"2019-02-20T10:57:50+00:00\" \/>\n<meta property=\"og:image\" content=\"http:\/\/4.bp.blogspot.com\/_z-c0Sh5Zlrs\/SJv-m1Xv0PI\/AAAAAAAABjE\/14x9o0eQ2_0\/s400\/Pac%C3%ADfico+de+Cerano.jpg\" \/>\n<meta name=\"author\" content=\"danilo\" \/>\n<meta name=\"twitter:card\" content=\"summary_large_image\" \/>\n<meta name=\"twitter:label1\" content=\"Escrito por\" \/>\n\t<meta name=\"twitter:data1\" content=\"danilo\" \/>\n\t<meta name=\"twitter:label2\" content=\"Est. tempo de leitura\" \/>\n\t<meta name=\"twitter:data2\" content=\"2 minutos\" \/>\n<script type=\"application\/ld+json\" class=\"yoast-schema-graph\">{\"@context\":\"https:\/\/schema.org\",\"@graph\":[{\"@type\":\"Article\",\"@id\":\"https:\/\/www.oarcanjo.net\/site\/bem-aventurado-pacifico-de-cerano\/#article\",\"isPartOf\":{\"@id\":\"https:\/\/www.oarcanjo.net\/site\/bem-aventurado-pacifico-de-cerano\/\"},\"author\":{\"name\":\"danilo\",\"@id\":\"https:\/\/www.oarcanjo.net\/site\/#\/schema\/person\/5eb9480bedd2f3c97e430ce128c29c6c\"},\"headline\":\"Bem Aventurado Pac\u00edfico de Cerano\",\"datePublished\":\"2019-06-08T03:18:47+00:00\",\"dateModified\":\"2019-02-20T10:57:50+00:00\",\"mainEntityOfPage\":{\"@id\":\"https:\/\/www.oarcanjo.net\/site\/bem-aventurado-pacifico-de-cerano\/\"},\"wordCount\":493,\"commentCount\":0,\"publisher\":{\"@id\":\"https:\/\/www.oarcanjo.net\/site\/#organization\"},\"image\":{\"@id\":\"https:\/\/www.oarcanjo.net\/site\/bem-aventurado-pacifico-de-cerano\/#primaryimage\"},\"thumbnailUrl\":\"http:\/\/4.bp.blogspot.com\/_z-c0Sh5Zlrs\/SJv-m1Xv0PI\/AAAAAAAABjE\/14x9o0eQ2_0\/s400\/Pac%C3%ADfico+de+Cerano.jpg\",\"articleSection\":[\"Testemunhos\"],\"inLanguage\":\"pt-BR\",\"potentialAction\":[{\"@type\":\"CommentAction\",\"name\":\"Comment\",\"target\":[\"https:\/\/www.oarcanjo.net\/site\/bem-aventurado-pacifico-de-cerano\/#respond\"]}]},{\"@type\":\"WebPage\",\"@id\":\"https:\/\/www.oarcanjo.net\/site\/bem-aventurado-pacifico-de-cerano\/\",\"url\":\"https:\/\/www.oarcanjo.net\/site\/bem-aventurado-pacifico-de-cerano\/\",\"name\":\"Bem Aventurado Pac\u00edfico de Cerano - O Arcanjo no ar\",\"isPartOf\":{\"@id\":\"https:\/\/www.oarcanjo.net\/site\/#website\"},\"primaryImageOfPage\":{\"@id\":\"https:\/\/www.oarcanjo.net\/site\/bem-aventurado-pacifico-de-cerano\/#primaryimage\"},\"image\":{\"@id\":\"https:\/\/www.oarcanjo.net\/site\/bem-aventurado-pacifico-de-cerano\/#primaryimage\"},\"thumbnailUrl\":\"http:\/\/4.bp.blogspot.com\/_z-c0Sh5Zlrs\/SJv-m1Xv0PI\/AAAAAAAABjE\/14x9o0eQ2_0\/s400\/Pac%C3%ADfico+de+Cerano.jpg\",\"datePublished\":\"2019-06-08T03:18:47+00:00\",\"dateModified\":\"2019-02-20T10:57:50+00:00\",\"breadcrumb\":{\"@id\":\"https:\/\/www.oarcanjo.net\/site\/bem-aventurado-pacifico-de-cerano\/#breadcrumb\"},\"inLanguage\":\"pt-BR\",\"potentialAction\":[{\"@type\":\"ReadAction\",\"target\":[\"https:\/\/www.oarcanjo.net\/site\/bem-aventurado-pacifico-de-cerano\/\"]}]},{\"@type\":\"ImageObject\",\"inLanguage\":\"pt-BR\",\"@id\":\"https:\/\/www.oarcanjo.net\/site\/bem-aventurado-pacifico-de-cerano\/#primaryimage\",\"url\":\"http:\/\/4.bp.blogspot.com\/_z-c0Sh5Zlrs\/SJv-m1Xv0PI\/AAAAAAAABjE\/14x9o0eQ2_0\/s400\/Pac%C3%ADfico+de+Cerano.jpg\",\"contentUrl\":\"http:\/\/4.bp.blogspot.com\/_z-c0Sh5Zlrs\/SJv-m1Xv0PI\/AAAAAAAABjE\/14x9o0eQ2_0\/s400\/Pac%C3%ADfico+de+Cerano.jpg\"},{\"@type\":\"BreadcrumbList\",\"@id\":\"https:\/\/www.oarcanjo.net\/site\/bem-aventurado-pacifico-de-cerano\/#breadcrumb\",\"itemListElement\":[{\"@type\":\"ListItem\",\"position\":1,\"name\":\"In\u00edcio\",\"item\":\"https:\/\/www.oarcanjo.net\/site\/\"},{\"@type\":\"ListItem\",\"position\":2,\"name\":\"Bem Aventurado Pac\u00edfico de Cerano\"}]},{\"@type\":\"WebSite\",\"@id\":\"https:\/\/www.oarcanjo.net\/site\/#website\",\"url\":\"https:\/\/www.oarcanjo.net\/site\/\",\"name\":\"O Arcanjo no ar\",\"description\":\"Site da Par\u00f3quia S\u00e3o Miguel Arcanjo (Arquidiocese de SP)\",\"publisher\":{\"@id\":\"https:\/\/www.oarcanjo.net\/site\/#organization\"},\"potentialAction\":[{\"@type\":\"SearchAction\",\"target\":{\"@type\":\"EntryPoint\",\"urlTemplate\":\"https:\/\/www.oarcanjo.net\/site\/?s={search_term_string}\"},\"query-input\":{\"@type\":\"PropertyValueSpecification\",\"valueRequired\":true,\"valueName\":\"search_term_string\"}}],\"inLanguage\":\"pt-BR\"},{\"@type\":\"Organization\",\"@id\":\"https:\/\/www.oarcanjo.net\/site\/#organization\",\"name\":\"Par\u00f3quia S\u00e3o Miguel Arcanjo\",\"url\":\"https:\/\/www.oarcanjo.net\/site\/\",\"logo\":{\"@type\":\"ImageObject\",\"inLanguage\":\"pt-BR\",\"@id\":\"https:\/\/www.oarcanjo.net\/site\/#\/schema\/logo\/image\/\",\"url\":\"https:\/\/www.oarcanjo.net\/site\/wp-content\/uploads\/LogoOArcanjo.png\",\"contentUrl\":\"https:\/\/www.oarcanjo.net\/site\/wp-content\/uploads\/LogoOArcanjo.png\",\"width\":319,\"height\":99,\"caption\":\"Par\u00f3quia S\u00e3o Miguel Arcanjo\"},\"image\":{\"@id\":\"https:\/\/www.oarcanjo.net\/site\/#\/schema\/logo\/image\/\"},\"sameAs\":[\"https:\/\/www.facebook.com\/OArcanjoNoAr\/\"]},{\"@type\":\"Person\",\"@id\":\"https:\/\/www.oarcanjo.net\/site\/#\/schema\/person\/5eb9480bedd2f3c97e430ce128c29c6c\",\"name\":\"danilo\"}]}<\/script>\n<!-- \/ Yoast SEO plugin. -->","yoast_head_json":{"title":"Bem Aventurado Pac\u00edfico de Cerano - O Arcanjo no ar","robots":{"index":"index","follow":"follow","max-snippet":"max-snippet:-1","max-image-preview":"max-image-preview:large","max-video-preview":"max-video-preview:-1"},"canonical":"https:\/\/www.oarcanjo.net\/site\/bem-aventurado-pacifico-de-cerano\/","og_locale":"pt_BR","og_type":"article","og_title":"Bem Aventurado Pac\u00edfico de Cerano - O Arcanjo no ar","og_description":"8 de Junho Pac\u00edfico Ramati nasceu no ano de 1424 em Cerano, na cidade de Novara, It\u00e1lia. Muito cedo ficou \u00f3rf\u00e3o dos pais, sendo educado e formado pelo superior dos beneditinos do Mosteiro de S\u00e3o Lorenzo de Novara. Ap\u00f3s a morte do seu benfeitor beneditino, ele decidiu seguir a vida religiosa, mas preferiu ingressar na [&hellip;]","og_url":"https:\/\/www.oarcanjo.net\/site\/bem-aventurado-pacifico-de-cerano\/","og_site_name":"O Arcanjo no ar","article_publisher":"https:\/\/www.facebook.com\/OArcanjoNoAr\/","article_published_time":"2019-06-08T03:18:47+00:00","article_modified_time":"2019-02-20T10:57:50+00:00","og_image":[{"url":"http:\/\/4.bp.blogspot.com\/_z-c0Sh5Zlrs\/SJv-m1Xv0PI\/AAAAAAAABjE\/14x9o0eQ2_0\/s400\/Pac%C3%ADfico+de+Cerano.jpg"}],"author":"danilo","twitter_card":"summary_large_image","twitter_misc":{"Escrito por":"danilo","Est. tempo de leitura":"2 minutos"},"schema":{"@context":"https:\/\/schema.org","@graph":[{"@type":"Article","@id":"https:\/\/www.oarcanjo.net\/site\/bem-aventurado-pacifico-de-cerano\/#article","isPartOf":{"@id":"https:\/\/www.oarcanjo.net\/site\/bem-aventurado-pacifico-de-cerano\/"},"author":{"name":"danilo","@id":"https:\/\/www.oarcanjo.net\/site\/#\/schema\/person\/5eb9480bedd2f3c97e430ce128c29c6c"},"headline":"Bem Aventurado Pac\u00edfico de Cerano","datePublished":"2019-06-08T03:18:47+00:00","dateModified":"2019-02-20T10:57:50+00:00","mainEntityOfPage":{"@id":"https:\/\/www.oarcanjo.net\/site\/bem-aventurado-pacifico-de-cerano\/"},"wordCount":493,"commentCount":0,"publisher":{"@id":"https:\/\/www.oarcanjo.net\/site\/#organization"},"image":{"@id":"https:\/\/www.oarcanjo.net\/site\/bem-aventurado-pacifico-de-cerano\/#primaryimage"},"thumbnailUrl":"http:\/\/4.bp.blogspot.com\/_z-c0Sh5Zlrs\/SJv-m1Xv0PI\/AAAAAAAABjE\/14x9o0eQ2_0\/s400\/Pac%C3%ADfico+de+Cerano.jpg","articleSection":["Testemunhos"],"inLanguage":"pt-BR","potentialAction":[{"@type":"CommentAction","name":"Comment","target":["https:\/\/www.oarcanjo.net\/site\/bem-aventurado-pacifico-de-cerano\/#respond"]}]},{"@type":"WebPage","@id":"https:\/\/www.oarcanjo.net\/site\/bem-aventurado-pacifico-de-cerano\/","url":"https:\/\/www.oarcanjo.net\/site\/bem-aventurado-pacifico-de-cerano\/","name":"Bem Aventurado Pac\u00edfico de Cerano - O Arcanjo no ar","isPartOf":{"@id":"https:\/\/www.oarcanjo.net\/site\/#website"},"primaryImageOfPage":{"@id":"https:\/\/www.oarcanjo.net\/site\/bem-aventurado-pacifico-de-cerano\/#primaryimage"},"image":{"@id":"https:\/\/www.oarcanjo.net\/site\/bem-aventurado-pacifico-de-cerano\/#primaryimage"},"thumbnailUrl":"http:\/\/4.bp.blogspot.com\/_z-c0Sh5Zlrs\/SJv-m1Xv0PI\/AAAAAAAABjE\/14x9o0eQ2_0\/s400\/Pac%C3%ADfico+de+Cerano.jpg","datePublished":"2019-06-08T03:18:47+00:00","dateModified":"2019-02-20T10:57:50+00:00","breadcrumb":{"@id":"https:\/\/www.oarcanjo.net\/site\/bem-aventurado-pacifico-de-cerano\/#breadcrumb"},"inLanguage":"pt-BR","potentialAction":[{"@type":"ReadAction","target":["https:\/\/www.oarcanjo.net\/site\/bem-aventurado-pacifico-de-cerano\/"]}]},{"@type":"ImageObject","inLanguage":"pt-BR","@id":"https:\/\/www.oarcanjo.net\/site\/bem-aventurado-pacifico-de-cerano\/#primaryimage","url":"http:\/\/4.bp.blogspot.com\/_z-c0Sh5Zlrs\/SJv-m1Xv0PI\/AAAAAAAABjE\/14x9o0eQ2_0\/s400\/Pac%C3%ADfico+de+Cerano.jpg","contentUrl":"http:\/\/4.bp.blogspot.com\/_z-c0Sh5Zlrs\/SJv-m1Xv0PI\/AAAAAAAABjE\/14x9o0eQ2_0\/s400\/Pac%C3%ADfico+de+Cerano.jpg"},{"@type":"BreadcrumbList","@id":"https:\/\/www.oarcanjo.net\/site\/bem-aventurado-pacifico-de-cerano\/#breadcrumb","itemListElement":[{"@type":"ListItem","position":1,"name":"In\u00edcio","item":"https:\/\/www.oarcanjo.net\/site\/"},{"@type":"ListItem","position":2,"name":"Bem Aventurado Pac\u00edfico de Cerano"}]},{"@type":"WebSite","@id":"https:\/\/www.oarcanjo.net\/site\/#website","url":"https:\/\/www.oarcanjo.net\/site\/","name":"O Arcanjo no ar","description":"Site da Par\u00f3quia S\u00e3o Miguel Arcanjo (Arquidiocese de SP)","publisher":{"@id":"https:\/\/www.oarcanjo.net\/site\/#organization"},"potentialAction":[{"@type":"SearchAction","target":{"@type":"EntryPoint","urlTemplate":"https:\/\/www.oarcanjo.net\/site\/?s={search_term_string}"},"query-input":{"@type":"PropertyValueSpecification","valueRequired":true,"valueName":"search_term_string"}}],"inLanguage":"pt-BR"},{"@type":"Organization","@id":"https:\/\/www.oarcanjo.net\/site\/#organization","name":"Par\u00f3quia S\u00e3o Miguel Arcanjo","url":"https:\/\/www.oarcanjo.net\/site\/","logo":{"@type":"ImageObject","inLanguage":"pt-BR","@id":"https:\/\/www.oarcanjo.net\/site\/#\/schema\/logo\/image\/","url":"https:\/\/www.oarcanjo.net\/site\/wp-content\/uploads\/LogoOArcanjo.png","contentUrl":"https:\/\/www.oarcanjo.net\/site\/wp-content\/uploads\/LogoOArcanjo.png","width":319,"height":99,"caption":"Par\u00f3quia S\u00e3o Miguel Arcanjo"},"image":{"@id":"https:\/\/www.oarcanjo.net\/site\/#\/schema\/logo\/image\/"},"sameAs":["https:\/\/www.facebook.com\/OArcanjoNoAr\/"]},{"@type":"Person","@id":"https:\/\/www.oarcanjo.net\/site\/#\/schema\/person\/5eb9480bedd2f3c97e430ce128c29c6c","name":"danilo"}]}},"publishpress_future_action":{"enabled":false,"date":"2026-05-08 12:31:44","action":"category","newStatus":"draft","terms":[],"taxonomy":"category"},"publishpress_future_workflow_manual_trigger":{"enabledWorkflows":[]},"_links":{"self":[{"href":"https:\/\/www.oarcanjo.net\/site\/wp-json\/wp\/v2\/posts\/9635"}],"collection":[{"href":"https:\/\/www.oarcanjo.net\/site\/wp-json\/wp\/v2\/posts"}],"about":[{"href":"https:\/\/www.oarcanjo.net\/site\/wp-json\/wp\/v2\/types\/post"}],"author":[{"embeddable":true,"href":"https:\/\/www.oarcanjo.net\/site\/wp-json\/wp\/v2\/users\/14"}],"replies":[{"embeddable":true,"href":"https:\/\/www.oarcanjo.net\/site\/wp-json\/wp\/v2\/comments?post=9635"}],"version-history":[{"count":1,"href":"https:\/\/www.oarcanjo.net\/site\/wp-json\/wp\/v2\/posts\/9635\/revisions"}],"predecessor-version":[{"id":92906,"href":"https:\/\/www.oarcanjo.net\/site\/wp-json\/wp\/v2\/posts\/9635\/revisions\/92906"}],"wp:attachment":[{"href":"https:\/\/www.oarcanjo.net\/site\/wp-json\/wp\/v2\/media?parent=9635"}],"wp:term":[{"taxonomy":"category","embeddable":true,"href":"https:\/\/www.oarcanjo.net\/site\/wp-json\/wp\/v2\/categories?post=9635"},{"taxonomy":"post_tag","embeddable":true,"href":"https:\/\/www.oarcanjo.net\/site\/wp-json\/wp\/v2\/tags?post=9635"}],"curies":[{"name":"wp","href":"https:\/\/api.w.org\/{rel}","templated":true}]}}