
{"id":9638,"date":"2010-05-31T20:47:13","date_gmt":"2010-05-31T23:47:13","guid":{"rendered":"http:\/\/www.oarcanjo.net\/site\/?p=9638"},"modified":"2010-06-23T04:37:41","modified_gmt":"2010-06-23T07:37:41","slug":"leigos-da-sao-miguel-arcanjo-se-reunem-para-refletir-temas-do-congresso","status":"publish","type":"post","link":"https:\/\/www.oarcanjo.net\/site\/leigos-da-sao-miguel-arcanjo-se-reunem-para-refletir-temas-do-congresso\/","title":{"rendered":"Leigos da S\u00e3o Miguel Arcanjo se re\u00fanem para refletir temas do congresso"},"content":{"rendered":"<p><em>Por Alexandre Nunes<\/em><\/p>\n<p><img loading=\"lazy\" decoding=\"async\" class=\"alignleft size-full wp-image-9642\" title=\"Reuni\u00e3o Congresso de Leigos - Par\u00f3quia S\u00e3o Miguel Arcanjo\" src=\"http:\/\/www.oarcanjo.net\/site\/wp-content\/uploads\/congresso-leigos-encontro-001.jpg\" alt=\"Reuni\u00e3o Congresso de Leigos - Par\u00f3quia S\u00e3o Miguel Arcanjo\" width=\"450\" height=\"300\" srcset=\"https:\/\/www.oarcanjo.net\/site\/wp-content\/uploads\/congresso-leigos-encontro-001.jpg 450w, https:\/\/www.oarcanjo.net\/site\/wp-content\/uploads\/congresso-leigos-encontro-001-300x200.jpg 300w\" sizes=\"(max-width: 450px) 100vw, 450px\" \/><\/p>\n<p>Na noite da \u00faltima sexta-feira, dia 28 de maio, as equipes que participam do 1\u00ba Congresso de Leigos da Arquidiocese de S\u00e3o Paulo, se reuniram para expor as reflex\u00f5es extra\u00eddas do manual do Congresso.<\/p>\n<p><img loading=\"lazy\" decoding=\"async\" class=\"alignleft size-full wp-image-9643\" title=\"Reuni\u00e3o Congresso de Leigos - Par\u00f3quia S\u00e3o Miguel Arcanjo\" src=\"http:\/\/www.oarcanjo.net\/site\/wp-content\/uploads\/congresso-leigos-encontro-002.jpg\" alt=\"Reuni\u00e3o Congresso de Leigos - Par\u00f3quia S\u00e3o Miguel Arcanjo\" width=\"450\" height=\"300\" srcset=\"https:\/\/www.oarcanjo.net\/site\/wp-content\/uploads\/congresso-leigos-encontro-002.jpg 450w, https:\/\/www.oarcanjo.net\/site\/wp-content\/uploads\/congresso-leigos-encontro-002-300x200.jpg 300w\" sizes=\"(max-width: 450px) 100vw, 450px\" \/><\/p>\n<p>Os sete grupos apresentaram as s\u00ednteses dos encontros propostos para discuss\u00e3o. Cada grupo se aprofundou mais em um dos encontros e gerou documento a partir da discuss\u00e3o. Foi consenso para todos a necessidade de nossa sociedade se \u201chumanizar\u201d e sermos agentes em todos os meios pra participar dessa miss\u00e3o.<\/p>\n<p>Veja abaixo os documentos gerados pelas equipes (arquivos em PDF):<\/p>\n<p>Equipe 1 &#8211; <a href=\"http:\/\/www.oarcanjo.net\/site\/wp-content\/uploads\/PrimeiroCongressodeLeigos-SaoMiguelArcanjo-PrimeiroEncontro.pdf\" target=\"_blank\">http:\/\/www.oarcanjo.net\/site\/wp-content\/uploads\/PrimeiroCongressodeLeigos-SaoMiguelArcanjo-PrimeiroEncontro.pdf<\/a><\/p>\n<p>Equipe 2 &#8211; <a href=\"http:\/\/www.oarcanjo.net\/site\/wp-content\/uploads\/PrimeiroCongressodeLeigos-SaoMiguelArcanjo-SegundoEncontro.pdf\" target=\"_blank\">http:\/\/www.oarcanjo.net\/site\/wp-content\/uploads\/PrimeiroCongressodeLeigos-SaoMiguelArcanjo-SegundoEncontro.pdf<\/a><\/p>\n<p>Equipe 3 &#8211; <a href=\"http:\/\/www.oarcanjo.net\/site\/wp-content\/uploads\/PrimeiroCongressodeLeigos-SaoMiguelArcanjo-TerceiroEncontro.pdf\" target=\"_blank\">http:\/\/www.oarcanjo.net\/site\/wp-content\/uploads\/PrimeiroCongressodeLeigos-SaoMiguelArcanjo-TerceiroEncontro.pdf<\/a><\/p>\n<p>Equipe 5 &#8211;\u00a0<a href=\"http:\/\/www.oarcanjo.net\/site\/wp-content\/uploads\/PrimeiroCongressodeLeigos-SaoMiguelArcanjo-QuintoEncontro.pdf\" target=\"_blank\">http:\/\/www.oarcanjo.net\/site\/wp-content\/uploads\/PrimeiroCongressodeLeigos-SaoMiguelArcanjo-QuintoEncontro.pdf<\/a><\/p>\n<p>Equipe 7 &#8211; <a href=\"http:\/\/www.oarcanjo.net\/site\/wp-content\/uploads\/PrimeiroCongressodeLeigos-SaoMiguelArcanjo-SetimoEncontro.pdf\" target=\"_blank\">http:\/\/www.oarcanjo.net\/site\/wp-content\/uploads\/PrimeiroCongressodeLeigos-SaoMiguelArcanjo-SetimoEncontro.pdf<\/a><\/p>\n<p><img loading=\"lazy\" decoding=\"async\" class=\"alignleft size-full wp-image-9644\" title=\"Reuni\u00e3o Congresso de Leigos - Par\u00f3quia S\u00e3o Miguel Arcanjo\" src=\"http:\/\/www.oarcanjo.net\/site\/wp-content\/uploads\/congresso-leigos-encontro-003.jpg\" alt=\"Reuni\u00e3o Congresso de Leigos - Par\u00f3quia S\u00e3o Miguel Arcanjo\" width=\"450\" height=\"300\" srcset=\"https:\/\/www.oarcanjo.net\/site\/wp-content\/uploads\/congresso-leigos-encontro-003.jpg 450w, https:\/\/www.oarcanjo.net\/site\/wp-content\/uploads\/congresso-leigos-encontro-003-300x200.jpg 300w\" sizes=\"(max-width: 450px) 100vw, 450px\" \/><\/p>\n<p><img loading=\"lazy\" decoding=\"async\" class=\"alignleft size-full wp-image-9645\" title=\"Reuni\u00e3o Congresso de Leigos - Par\u00f3quia S\u00e3o Miguel Arcanjo\" src=\"http:\/\/www.oarcanjo.net\/site\/wp-content\/uploads\/congresso-leigos-encontro-004.jpg\" alt=\"Reuni\u00e3o Congresso de Leigos - Par\u00f3quia S\u00e3o Miguel Arcanjo\" width=\"450\" height=\"300\" srcset=\"https:\/\/www.oarcanjo.net\/site\/wp-content\/uploads\/congresso-leigos-encontro-004.jpg 450w, https:\/\/www.oarcanjo.net\/site\/wp-content\/uploads\/congresso-leigos-encontro-004-300x200.jpg 300w\" sizes=\"(max-width: 450px) 100vw, 450px\" \/><\/p>\n<p><img loading=\"lazy\" decoding=\"async\" class=\"alignleft size-full wp-image-9650\" title=\"Reuni\u00e3o Congresso de Leigos - Par\u00f3quia S\u00e3o Miguel Arcanjo\" src=\"http:\/\/www.oarcanjo.net\/site\/wp-content\/uploads\/congresso-leigos-encontro-005.jpg\" alt=\"Reuni\u00e3o Congresso de Leigos - Par\u00f3quia S\u00e3o Miguel Arcanjo\" width=\"450\" height=\"300\" srcset=\"https:\/\/www.oarcanjo.net\/site\/wp-content\/uploads\/congresso-leigos-encontro-005.jpg 450w, https:\/\/www.oarcanjo.net\/site\/wp-content\/uploads\/congresso-leigos-encontro-005-300x200.jpg 300w\" sizes=\"(max-width: 450px) 100vw, 450px\" \/><\/p>\n<p>Nossos leigos v\u00e3o organizar a oficina local &#8220;Miss\u00e3o do leigo na vida e na Anima\u00e7\u00e3o da Comunidade Eclesial&#8221; e se dividiu para participar das oficinas tem\u00e1ticas na regi\u00e3o:<\/p>\n<p>OFICINA: Vida e miss\u00e3o do leigo na educa\u00e7\u00e3o em todos os n\u00edveis<br \/>\nPARTICIPANTE: Maria In\u00eas<\/p>\n<p>OFICINA: Vida e miss\u00e3o do leigo nas Responsabilidades P\u00fablicas<br \/>\nPARTICIPANTE: Zeneide<\/p>\n<p>OFICINA: Vida e miss\u00e3o do leigo no mundo do Trabalho<br \/>\nPARTICIPANTES: Oct\u00e1vio e Mauro<\/p>\n<p>OFICINA: Vida e miss\u00e3o do leigo na Fam\u00edlia<br \/>\nPARTICIPANTES: Ang\u00e9lica, Alexandre Leone e Noeli<\/p>\n<p>OFICINA: Vida e miss\u00e3o do leigo junto \u00e0 Juventude<br \/>\nPARTICIPANTE: Alexandre Leone<\/p>\n<p>OFICINA: Vida e miss\u00e3o do leigo e os Problemas da Cidade (centro e periferia)<br \/>\nPARTICIPANTE: Carlos Alberto Beatriz<\/p>\n<p>OFICINA: Vida e miss\u00e3o do leigo na promo\u00e7\u00e3o da Justi\u00e7a e da Paz<br \/>\nPARTICIPANTES: Evaniza e Silvia<\/p>\n<p>OFICINA: Vida e miss\u00e3o do leigo no mundo da Comunica\u00e7\u00e3o Social<br \/>\nPARTICIPANTES: Miriam e Alexandre Nunes<\/p>\n<p>OFICINA: Vida e miss\u00e3o do leigo no mundo da Comunica\u00e7\u00e3o Social<br \/>\nPARTICIPANTE: Miriam e Alexandre Nunes<\/p>\n<p>OFICINA: Vida e miss\u00e3o do leigo na Promo\u00e7\u00e3o da Caridade<br \/>\nPARTICIPANTE: Deolinda e Luiz Carlos<\/p>\n<p>OFICINA: O leigo como sujeito da miss\u00e3o da Igreja<br \/>\nPARTICIPANTE: Rinalda<\/p>\n<p>OFICINA: Vida e miss\u00e3o do leigo no processo de Inicia\u00e7\u00e3o \u00e0 Vida Crist\u00e3<br \/>\nPARTICIPANTE: In\u00eas e Rosely<\/p>\n<p>OFICINA: Vida e miss\u00e3o do leigo no an\u00fancio Querigm\u00e1tico de Jesus Cristo<br \/>\nPARTICIPANTE: Norma e Carlos<\/p>\n<p>OFICINA: Vida e miss\u00e3o do leigo nos desafios ambientais<br \/>\nPARTICIPANTE: Mariana e Assu\u00e7ena<\/p>\n<p><img loading=\"lazy\" decoding=\"async\" class=\"alignleft size-full wp-image-9651\" title=\"Reuni\u00e3o Congresso de Leigos - Par\u00f3quia S\u00e3o Miguel Arcanjo\" src=\"http:\/\/www.oarcanjo.net\/site\/wp-content\/uploads\/congresso-leigos-encontro-006.jpg\" alt=\"Reuni\u00e3o Congresso de Leigos - Par\u00f3quia S\u00e3o Miguel Arcanjo\" width=\"450\" height=\"300\" srcset=\"https:\/\/www.oarcanjo.net\/site\/wp-content\/uploads\/congresso-leigos-encontro-006.jpg 450w, https:\/\/www.oarcanjo.net\/site\/wp-content\/uploads\/congresso-leigos-encontro-006-300x200.jpg 300w\" sizes=\"(max-width: 450px) 100vw, 450px\" \/><\/p>\n<p><img loading=\"lazy\" decoding=\"async\" class=\"alignleft size-full wp-image-9652\" title=\"Reuni\u00e3o Congresso de Leigos - Par\u00f3quia S\u00e3o Miguel Arcanjo\" src=\"http:\/\/www.oarcanjo.net\/site\/wp-content\/uploads\/congresso-leigos-encontro-007.jpg\" alt=\"Reuni\u00e3o Congresso de Leigos - Par\u00f3quia S\u00e3o Miguel Arcanjo\" width=\"450\" height=\"300\" srcset=\"https:\/\/www.oarcanjo.net\/site\/wp-content\/uploads\/congresso-leigos-encontro-007.jpg 450w, https:\/\/www.oarcanjo.net\/site\/wp-content\/uploads\/congresso-leigos-encontro-007-300x200.jpg 300w\" sizes=\"(max-width: 450px) 100vw, 450px\" \/><\/p>\n<p><img loading=\"lazy\" decoding=\"async\" class=\"alignleft size-full wp-image-9653\" title=\"Reuni\u00e3o Congresso de Leigos - Par\u00f3quia S\u00e3o Miguel Arcanjo\" src=\"http:\/\/www.oarcanjo.net\/site\/wp-content\/uploads\/congresso-leigos-encontro-008.jpg\" alt=\"Reuni\u00e3o Congresso de Leigos - Par\u00f3quia S\u00e3o Miguel Arcanjo\" width=\"450\" height=\"300\" srcset=\"https:\/\/www.oarcanjo.net\/site\/wp-content\/uploads\/congresso-leigos-encontro-008.jpg 450w, https:\/\/www.oarcanjo.net\/site\/wp-content\/uploads\/congresso-leigos-encontro-008-300x200.jpg 300w\" sizes=\"(max-width: 450px) 100vw, 450px\" \/><\/p>\n<p><img loading=\"lazy\" decoding=\"async\" class=\"alignleft size-full wp-image-9654\" title=\"Reuni\u00e3o Congresso de Leigos - Par\u00f3quia S\u00e3o Miguel Arcanjo\" src=\"http:\/\/www.oarcanjo.net\/site\/wp-content\/uploads\/congresso-leigos-encontro-009.jpg\" alt=\"Reuni\u00e3o Congresso de Leigos - Par\u00f3quia S\u00e3o Miguel Arcanjo\" width=\"450\" height=\"300\" srcset=\"https:\/\/www.oarcanjo.net\/site\/wp-content\/uploads\/congresso-leigos-encontro-009.jpg 450w, https:\/\/www.oarcanjo.net\/site\/wp-content\/uploads\/congresso-leigos-encontro-009-300x200.jpg 300w\" sizes=\"(max-width: 450px) 100vw, 450px\" \/><br \/>\n<img loading=\"lazy\" decoding=\"async\" class=\"alignleft size-full wp-image-9655\" title=\"Reuni\u00e3o Congresso de Leigos - Par\u00f3quia S\u00e3o Miguel Arcanjo\" src=\"http:\/\/www.oarcanjo.net\/site\/wp-content\/uploads\/congresso-leigos-encontro-010.jpg\" alt=\"Reuni\u00e3o Congresso de Leigos - Par\u00f3quia S\u00e3o Miguel Arcanjo\" width=\"450\" height=\"300\" srcset=\"https:\/\/www.oarcanjo.net\/site\/wp-content\/uploads\/congresso-leigos-encontro-010.jpg 450w, https:\/\/www.oarcanjo.net\/site\/wp-content\/uploads\/congresso-leigos-encontro-010-300x200.jpg 300w\" sizes=\"(max-width: 450px) 100vw, 450px\" \/><\/p>\n<p>Para obter mais informa\u00e7\u00f5es sobre o Congresso de Leigos, acesse o site: <a title=\"http:\/\/www.congressodeleigos.org.br\" href=\"http:\/\/www.congressodeleigos.org.br\" target=\"_blank\">http:\/\/www.congressodeleigos.org.br<\/a>.<\/p>\n<p><em>Fotos de Carlos Alberto Beatriz<\/em><\/p>\n<div id=\"themify_builder_content-9638\" data-postid=\"9638\" class=\"themify_builder_content themify_builder_content-9638 themify_builder themify_builder_front\">\n\t<\/div>\n<!-- \/themify_builder_content -->","protected":false},"excerpt":{"rendered":"<p>Por Alexandre Nunes Na noite da \u00faltima sexta-feira, dia 28 de maio, as equipes que participam do 1\u00ba Congresso de Leigos da Arquidiocese de S\u00e3o Paulo, se reuniram para expor as reflex\u00f5es extra\u00eddas do manual do Congresso. Os sete grupos apresentaram as s\u00ednteses dos encontros propostos para discuss\u00e3o. Cada grupo se aprofundou mais em um [&hellip;]<\/p>\n","protected":false},"author":5,"featured_media":0,"comment_status":"open","ping_status":"open","sticky":false,"template":"","format":"standard","meta":{"ngg_post_thumbnail":0,"footnotes":""},"categories":[8,7],"tags":[1434],"yoast_head":"<!-- This site is optimized with the Yoast SEO plugin v23.5 - https:\/\/yoast.com\/wordpress\/plugins\/seo\/ -->\n<title>Leigos da S\u00e3o Miguel Arcanjo se re\u00fanem para refletir temas do congresso - O Arcanjo no ar<\/title>\n<meta name=\"robots\" content=\"index, follow, max-snippet:-1, max-image-preview:large, max-video-preview:-1\" \/>\n<link rel=\"canonical\" href=\"https:\/\/www.oarcanjo.net\/site\/leigos-da-sao-miguel-arcanjo-se-reunem-para-refletir-temas-do-congresso\/\" \/>\n<meta property=\"og:locale\" content=\"pt_BR\" \/>\n<meta property=\"og:type\" content=\"article\" \/>\n<meta property=\"og:title\" content=\"Leigos da S\u00e3o Miguel Arcanjo se re\u00fanem para refletir temas do congresso - O Arcanjo no ar\" \/>\n<meta property=\"og:description\" content=\"Por Alexandre Nunes Na noite da \u00faltima sexta-feira, dia 28 de maio, as equipes que participam do 1\u00ba Congresso de Leigos da Arquidiocese de S\u00e3o Paulo, se reuniram para expor as reflex\u00f5es extra\u00eddas do manual do Congresso. Os sete grupos apresentaram as s\u00ednteses dos encontros propostos para discuss\u00e3o. Cada grupo se aprofundou mais em um [&hellip;]\" \/>\n<meta property=\"og:url\" content=\"https:\/\/www.oarcanjo.net\/site\/leigos-da-sao-miguel-arcanjo-se-reunem-para-refletir-temas-do-congresso\/\" \/>\n<meta property=\"og:site_name\" content=\"O Arcanjo no ar\" \/>\n<meta property=\"article:publisher\" content=\"https:\/\/www.facebook.com\/OArcanjoNoAr\/\" \/>\n<meta property=\"article:published_time\" content=\"2010-05-31T23:47:13+00:00\" \/>\n<meta property=\"article:modified_time\" content=\"2010-06-23T07:37:41+00:00\" \/>\n<meta property=\"og:image\" content=\"http:\/\/www.oarcanjo.net\/site\/wp-content\/uploads\/congresso-leigos-encontro-001.jpg\" \/>\n<meta name=\"author\" content=\"editor\" \/>\n<meta name=\"twitter:card\" content=\"summary_large_image\" \/>\n<meta name=\"twitter:label1\" content=\"Escrito por\" \/>\n\t<meta name=\"twitter:data1\" content=\"editor\" \/>\n\t<meta name=\"twitter:label2\" content=\"Est. tempo de leitura\" \/>\n\t<meta name=\"twitter:data2\" content=\"2 minutos\" \/>\n<script type=\"application\/ld+json\" class=\"yoast-schema-graph\">{\"@context\":\"https:\/\/schema.org\",\"@graph\":[{\"@type\":\"Article\",\"@id\":\"https:\/\/www.oarcanjo.net\/site\/leigos-da-sao-miguel-arcanjo-se-reunem-para-refletir-temas-do-congresso\/#article\",\"isPartOf\":{\"@id\":\"https:\/\/www.oarcanjo.net\/site\/leigos-da-sao-miguel-arcanjo-se-reunem-para-refletir-temas-do-congresso\/\"},\"author\":{\"name\":\"editor\",\"@id\":\"https:\/\/www.oarcanjo.net\/site\/#\/schema\/person\/f7024d007863202483a31326673a0838\"},\"headline\":\"Leigos da S\u00e3o Miguel Arcanjo se re\u00fanem para refletir temas do congresso\",\"datePublished\":\"2010-05-31T23:47:13+00:00\",\"dateModified\":\"2010-06-23T07:37:41+00:00\",\"mainEntityOfPage\":{\"@id\":\"https:\/\/www.oarcanjo.net\/site\/leigos-da-sao-miguel-arcanjo-se-reunem-para-refletir-temas-do-congresso\/\"},\"wordCount\":460,\"commentCount\":1,\"publisher\":{\"@id\":\"https:\/\/www.oarcanjo.net\/site\/#organization\"},\"image\":{\"@id\":\"https:\/\/www.oarcanjo.net\/site\/leigos-da-sao-miguel-arcanjo-se-reunem-para-refletir-temas-do-congresso\/#primaryimage\"},\"thumbnailUrl\":\"http:\/\/www.oarcanjo.net\/site\/wp-content\/uploads\/congresso-leigos-encontro-001.jpg\",\"keywords\":[\"Congresso de Leigos\"],\"articleSection\":[\"Not\u00edcias\",\"Rosto da comunidade\"],\"inLanguage\":\"pt-BR\",\"potentialAction\":[{\"@type\":\"CommentAction\",\"name\":\"Comment\",\"target\":[\"https:\/\/www.oarcanjo.net\/site\/leigos-da-sao-miguel-arcanjo-se-reunem-para-refletir-temas-do-congresso\/#respond\"]}]},{\"@type\":\"WebPage\",\"@id\":\"https:\/\/www.oarcanjo.net\/site\/leigos-da-sao-miguel-arcanjo-se-reunem-para-refletir-temas-do-congresso\/\",\"url\":\"https:\/\/www.oarcanjo.net\/site\/leigos-da-sao-miguel-arcanjo-se-reunem-para-refletir-temas-do-congresso\/\",\"name\":\"Leigos da S\u00e3o Miguel Arcanjo se re\u00fanem para refletir temas do congresso - O Arcanjo no ar\",\"isPartOf\":{\"@id\":\"https:\/\/www.oarcanjo.net\/site\/#website\"},\"primaryImageOfPage\":{\"@id\":\"https:\/\/www.oarcanjo.net\/site\/leigos-da-sao-miguel-arcanjo-se-reunem-para-refletir-temas-do-congresso\/#primaryimage\"},\"image\":{\"@id\":\"https:\/\/www.oarcanjo.net\/site\/leigos-da-sao-miguel-arcanjo-se-reunem-para-refletir-temas-do-congresso\/#primaryimage\"},\"thumbnailUrl\":\"http:\/\/www.oarcanjo.net\/site\/wp-content\/uploads\/congresso-leigos-encontro-001.jpg\",\"datePublished\":\"2010-05-31T23:47:13+00:00\",\"dateModified\":\"2010-06-23T07:37:41+00:00\",\"breadcrumb\":{\"@id\":\"https:\/\/www.oarcanjo.net\/site\/leigos-da-sao-miguel-arcanjo-se-reunem-para-refletir-temas-do-congresso\/#breadcrumb\"},\"inLanguage\":\"pt-BR\",\"potentialAction\":[{\"@type\":\"ReadAction\",\"target\":[\"https:\/\/www.oarcanjo.net\/site\/leigos-da-sao-miguel-arcanjo-se-reunem-para-refletir-temas-do-congresso\/\"]}]},{\"@type\":\"ImageObject\",\"inLanguage\":\"pt-BR\",\"@id\":\"https:\/\/www.oarcanjo.net\/site\/leigos-da-sao-miguel-arcanjo-se-reunem-para-refletir-temas-do-congresso\/#primaryimage\",\"url\":\"https:\/\/www.oarcanjo.net\/site\/wp-content\/uploads\/congresso-leigos-encontro-001.jpg\",\"contentUrl\":\"https:\/\/www.oarcanjo.net\/site\/wp-content\/uploads\/congresso-leigos-encontro-001.jpg\",\"width\":\"450\",\"height\":\"300\",\"caption\":\"Reuni\u00e3o Congresso de Leigos - Par\u00f3quia S\u00e3o Miguel Arcanjo\"},{\"@type\":\"BreadcrumbList\",\"@id\":\"https:\/\/www.oarcanjo.net\/site\/leigos-da-sao-miguel-arcanjo-se-reunem-para-refletir-temas-do-congresso\/#breadcrumb\",\"itemListElement\":[{\"@type\":\"ListItem\",\"position\":1,\"name\":\"In\u00edcio\",\"item\":\"https:\/\/www.oarcanjo.net\/site\/\"},{\"@type\":\"ListItem\",\"position\":2,\"name\":\"Leigos da S\u00e3o Miguel Arcanjo se re\u00fanem para refletir temas do congresso\"}]},{\"@type\":\"WebSite\",\"@id\":\"https:\/\/www.oarcanjo.net\/site\/#website\",\"url\":\"https:\/\/www.oarcanjo.net\/site\/\",\"name\":\"O Arcanjo no ar\",\"description\":\"Site da Par\u00f3quia S\u00e3o Miguel Arcanjo (Arquidiocese de SP)\",\"publisher\":{\"@id\":\"https:\/\/www.oarcanjo.net\/site\/#organization\"},\"potentialAction\":[{\"@type\":\"SearchAction\",\"target\":{\"@type\":\"EntryPoint\",\"urlTemplate\":\"https:\/\/www.oarcanjo.net\/site\/?s={search_term_string}\"},\"query-input\":{\"@type\":\"PropertyValueSpecification\",\"valueRequired\":true,\"valueName\":\"search_term_string\"}}],\"inLanguage\":\"pt-BR\"},{\"@type\":\"Organization\",\"@id\":\"https:\/\/www.oarcanjo.net\/site\/#organization\",\"name\":\"Par\u00f3quia S\u00e3o Miguel Arcanjo\",\"url\":\"https:\/\/www.oarcanjo.net\/site\/\",\"logo\":{\"@type\":\"ImageObject\",\"inLanguage\":\"pt-BR\",\"@id\":\"https:\/\/www.oarcanjo.net\/site\/#\/schema\/logo\/image\/\",\"url\":\"https:\/\/www.oarcanjo.net\/site\/wp-content\/uploads\/LogoOArcanjo.png\",\"contentUrl\":\"https:\/\/www.oarcanjo.net\/site\/wp-content\/uploads\/LogoOArcanjo.png\",\"width\":319,\"height\":99,\"caption\":\"Par\u00f3quia S\u00e3o Miguel Arcanjo\"},\"image\":{\"@id\":\"https:\/\/www.oarcanjo.net\/site\/#\/schema\/logo\/image\/\"},\"sameAs\":[\"https:\/\/www.facebook.com\/OArcanjoNoAr\/\"]},{\"@type\":\"Person\",\"@id\":\"https:\/\/www.oarcanjo.net\/site\/#\/schema\/person\/f7024d007863202483a31326673a0838\",\"name\":\"editor\",\"sameAs\":[\"http:\/\/www.oarcanjo.net\"]}]}<\/script>\n<!-- \/ Yoast SEO plugin. -->","yoast_head_json":{"title":"Leigos da S\u00e3o Miguel Arcanjo se re\u00fanem para refletir temas do congresso - O Arcanjo no ar","robots":{"index":"index","follow":"follow","max-snippet":"max-snippet:-1","max-image-preview":"max-image-preview:large","max-video-preview":"max-video-preview:-1"},"canonical":"https:\/\/www.oarcanjo.net\/site\/leigos-da-sao-miguel-arcanjo-se-reunem-para-refletir-temas-do-congresso\/","og_locale":"pt_BR","og_type":"article","og_title":"Leigos da S\u00e3o Miguel Arcanjo se re\u00fanem para refletir temas do congresso - O Arcanjo no ar","og_description":"Por Alexandre Nunes Na noite da \u00faltima sexta-feira, dia 28 de maio, as equipes que participam do 1\u00ba Congresso de Leigos da Arquidiocese de S\u00e3o Paulo, se reuniram para expor as reflex\u00f5es extra\u00eddas do manual do Congresso. Os sete grupos apresentaram as s\u00ednteses dos encontros propostos para discuss\u00e3o. Cada grupo se aprofundou mais em um [&hellip;]","og_url":"https:\/\/www.oarcanjo.net\/site\/leigos-da-sao-miguel-arcanjo-se-reunem-para-refletir-temas-do-congresso\/","og_site_name":"O Arcanjo no ar","article_publisher":"https:\/\/www.facebook.com\/OArcanjoNoAr\/","article_published_time":"2010-05-31T23:47:13+00:00","article_modified_time":"2010-06-23T07:37:41+00:00","og_image":[{"url":"http:\/\/www.oarcanjo.net\/site\/wp-content\/uploads\/congresso-leigos-encontro-001.jpg"}],"author":"editor","twitter_card":"summary_large_image","twitter_misc":{"Escrito por":"editor","Est. tempo de leitura":"2 minutos"},"schema":{"@context":"https:\/\/schema.org","@graph":[{"@type":"Article","@id":"https:\/\/www.oarcanjo.net\/site\/leigos-da-sao-miguel-arcanjo-se-reunem-para-refletir-temas-do-congresso\/#article","isPartOf":{"@id":"https:\/\/www.oarcanjo.net\/site\/leigos-da-sao-miguel-arcanjo-se-reunem-para-refletir-temas-do-congresso\/"},"author":{"name":"editor","@id":"https:\/\/www.oarcanjo.net\/site\/#\/schema\/person\/f7024d007863202483a31326673a0838"},"headline":"Leigos da S\u00e3o Miguel Arcanjo se re\u00fanem para refletir temas do congresso","datePublished":"2010-05-31T23:47:13+00:00","dateModified":"2010-06-23T07:37:41+00:00","mainEntityOfPage":{"@id":"https:\/\/www.oarcanjo.net\/site\/leigos-da-sao-miguel-arcanjo-se-reunem-para-refletir-temas-do-congresso\/"},"wordCount":460,"commentCount":1,"publisher":{"@id":"https:\/\/www.oarcanjo.net\/site\/#organization"},"image":{"@id":"https:\/\/www.oarcanjo.net\/site\/leigos-da-sao-miguel-arcanjo-se-reunem-para-refletir-temas-do-congresso\/#primaryimage"},"thumbnailUrl":"http:\/\/www.oarcanjo.net\/site\/wp-content\/uploads\/congresso-leigos-encontro-001.jpg","keywords":["Congresso de Leigos"],"articleSection":["Not\u00edcias","Rosto da comunidade"],"inLanguage":"pt-BR","potentialAction":[{"@type":"CommentAction","name":"Comment","target":["https:\/\/www.oarcanjo.net\/site\/leigos-da-sao-miguel-arcanjo-se-reunem-para-refletir-temas-do-congresso\/#respond"]}]},{"@type":"WebPage","@id":"https:\/\/www.oarcanjo.net\/site\/leigos-da-sao-miguel-arcanjo-se-reunem-para-refletir-temas-do-congresso\/","url":"https:\/\/www.oarcanjo.net\/site\/leigos-da-sao-miguel-arcanjo-se-reunem-para-refletir-temas-do-congresso\/","name":"Leigos da S\u00e3o Miguel Arcanjo se re\u00fanem para refletir temas do congresso - O Arcanjo no ar","isPartOf":{"@id":"https:\/\/www.oarcanjo.net\/site\/#website"},"primaryImageOfPage":{"@id":"https:\/\/www.oarcanjo.net\/site\/leigos-da-sao-miguel-arcanjo-se-reunem-para-refletir-temas-do-congresso\/#primaryimage"},"image":{"@id":"https:\/\/www.oarcanjo.net\/site\/leigos-da-sao-miguel-arcanjo-se-reunem-para-refletir-temas-do-congresso\/#primaryimage"},"thumbnailUrl":"http:\/\/www.oarcanjo.net\/site\/wp-content\/uploads\/congresso-leigos-encontro-001.jpg","datePublished":"2010-05-31T23:47:13+00:00","dateModified":"2010-06-23T07:37:41+00:00","breadcrumb":{"@id":"https:\/\/www.oarcanjo.net\/site\/leigos-da-sao-miguel-arcanjo-se-reunem-para-refletir-temas-do-congresso\/#breadcrumb"},"inLanguage":"pt-BR","potentialAction":[{"@type":"ReadAction","target":["https:\/\/www.oarcanjo.net\/site\/leigos-da-sao-miguel-arcanjo-se-reunem-para-refletir-temas-do-congresso\/"]}]},{"@type":"ImageObject","inLanguage":"pt-BR","@id":"https:\/\/www.oarcanjo.net\/site\/leigos-da-sao-miguel-arcanjo-se-reunem-para-refletir-temas-do-congresso\/#primaryimage","url":"https:\/\/www.oarcanjo.net\/site\/wp-content\/uploads\/congresso-leigos-encontro-001.jpg","contentUrl":"https:\/\/www.oarcanjo.net\/site\/wp-content\/uploads\/congresso-leigos-encontro-001.jpg","width":"450","height":"300","caption":"Reuni\u00e3o Congresso de Leigos - Par\u00f3quia S\u00e3o Miguel Arcanjo"},{"@type":"BreadcrumbList","@id":"https:\/\/www.oarcanjo.net\/site\/leigos-da-sao-miguel-arcanjo-se-reunem-para-refletir-temas-do-congresso\/#breadcrumb","itemListElement":[{"@type":"ListItem","position":1,"name":"In\u00edcio","item":"https:\/\/www.oarcanjo.net\/site\/"},{"@type":"ListItem","position":2,"name":"Leigos da S\u00e3o Miguel Arcanjo se re\u00fanem para refletir temas do congresso"}]},{"@type":"WebSite","@id":"https:\/\/www.oarcanjo.net\/site\/#website","url":"https:\/\/www.oarcanjo.net\/site\/","name":"O Arcanjo no ar","description":"Site da Par\u00f3quia S\u00e3o Miguel Arcanjo (Arquidiocese de SP)","publisher":{"@id":"https:\/\/www.oarcanjo.net\/site\/#organization"},"potentialAction":[{"@type":"SearchAction","target":{"@type":"EntryPoint","urlTemplate":"https:\/\/www.oarcanjo.net\/site\/?s={search_term_string}"},"query-input":{"@type":"PropertyValueSpecification","valueRequired":true,"valueName":"search_term_string"}}],"inLanguage":"pt-BR"},{"@type":"Organization","@id":"https:\/\/www.oarcanjo.net\/site\/#organization","name":"Par\u00f3quia S\u00e3o Miguel Arcanjo","url":"https:\/\/www.oarcanjo.net\/site\/","logo":{"@type":"ImageObject","inLanguage":"pt-BR","@id":"https:\/\/www.oarcanjo.net\/site\/#\/schema\/logo\/image\/","url":"https:\/\/www.oarcanjo.net\/site\/wp-content\/uploads\/LogoOArcanjo.png","contentUrl":"https:\/\/www.oarcanjo.net\/site\/wp-content\/uploads\/LogoOArcanjo.png","width":319,"height":99,"caption":"Par\u00f3quia S\u00e3o Miguel Arcanjo"},"image":{"@id":"https:\/\/www.oarcanjo.net\/site\/#\/schema\/logo\/image\/"},"sameAs":["https:\/\/www.facebook.com\/OArcanjoNoAr\/"]},{"@type":"Person","@id":"https:\/\/www.oarcanjo.net\/site\/#\/schema\/person\/f7024d007863202483a31326673a0838","name":"editor","sameAs":["http:\/\/www.oarcanjo.net"]}]}},"publishpress_future_action":{"enabled":false,"date":"2026-05-08 16:36:34","action":"category","newStatus":"draft","terms":[],"taxonomy":"category"},"publishpress_future_workflow_manual_trigger":{"enabledWorkflows":[]},"_links":{"self":[{"href":"https:\/\/www.oarcanjo.net\/site\/wp-json\/wp\/v2\/posts\/9638"}],"collection":[{"href":"https:\/\/www.oarcanjo.net\/site\/wp-json\/wp\/v2\/posts"}],"about":[{"href":"https:\/\/www.oarcanjo.net\/site\/wp-json\/wp\/v2\/types\/post"}],"author":[{"embeddable":true,"href":"https:\/\/www.oarcanjo.net\/site\/wp-json\/wp\/v2\/users\/5"}],"replies":[{"embeddable":true,"href":"https:\/\/www.oarcanjo.net\/site\/wp-json\/wp\/v2\/comments?post=9638"}],"version-history":[{"count":0,"href":"https:\/\/www.oarcanjo.net\/site\/wp-json\/wp\/v2\/posts\/9638\/revisions"}],"wp:attachment":[{"href":"https:\/\/www.oarcanjo.net\/site\/wp-json\/wp\/v2\/media?parent=9638"}],"wp:term":[{"taxonomy":"category","embeddable":true,"href":"https:\/\/www.oarcanjo.net\/site\/wp-json\/wp\/v2\/categories?post=9638"},{"taxonomy":"post_tag","embeddable":true,"href":"https:\/\/www.oarcanjo.net\/site\/wp-json\/wp\/v2\/tags?post=9638"}],"curies":[{"name":"wp","href":"https:\/\/api.w.org\/{rel}","templated":true}]}}