
{"id":9664,"date":"2010-05-31T23:36:17","date_gmt":"2010-06-01T02:36:17","guid":{"rendered":"http:\/\/www.oarcanjo.net\/site\/?p=9664"},"modified":"2010-05-31T23:41:33","modified_gmt":"2010-06-01T02:41:33","slug":"consumo-o-novo-alvo","status":"publish","type":"post","link":"https:\/\/www.oarcanjo.net\/site\/consumo-o-novo-alvo\/","title":{"rendered":"Consumo: o novo alvo?"},"content":{"rendered":"<p>Jung Mo Sung<\/p>\n<p>Por conta do tema da Campanha da Fraternidade, eu participei de v\u00e1rios eventos que debateram o tema da f\u00e9 crist\u00e3 e economia ou da economia e vida e, assim, pude entrar em contato com diversos grupos e ler diversos textos e cartilhas. Nesses contatos eu pude perceber que h\u00e1 uma posi\u00e7\u00e3o que est\u00e1 tomando for\u00e7a: a cr\u00edtica ao consumo.<\/p>\n<p>At\u00e9 recentemente, as cr\u00edticas ao capitalismo ou \u00e0 situa\u00e7\u00e3o de injusti\u00e7a social tinha como o alvo principal o neoliberalismo e a idolatria do mercado. Muitas vezes as pessoas confundiam a cr\u00edtica \u00e0 idolatria do mercado (a absolutiza\u00e7\u00e3o ou a sacraliza\u00e7\u00e3o das leis do mercado que leva a justificar sacrif\u00edcios e sofrimentos de vidas humanas em nome do mercado) com a cr\u00edtica do mercado como tal. Isto \u00e9, n\u00e3o percebiam que a cr\u00edtica teol\u00f3gica feita por autores como Hugo Assmann e Franz Hinkelammert ao sistema de mercado capitalista n\u00e3o era uma cr\u00edtica ao mercado em si, mas \u00e0 sua sacraliza\u00e7\u00e3o, \u00e0 l\u00f3gica do sistema que v\u00ea o mercado como algo sagrado.<\/p>\n<p>Recentemente, em um pequeno curso dado em Vit\u00f3ria, ES, um jovem come\u00e7ou a sua pergunta falando do car\u00e1ter idol\u00e1trico do mercado. Eu tive que lhe explicar que o mercado n\u00e3o tem um car\u00e1ter idol\u00e1trico, pois o mercado \u00e9 o espa\u00e7o de trocas de bens econ\u00f4micos e existe h\u00e1 muitos s\u00e9culos, bem antes do capitalismo e existir\u00e1 mesmo depois do fim do capitalismo. O problema \u00e9 que o sistema capitalista produz a idolatria do mercado, assim como outros grupos sociais ou sistemas transformam ou podem transformar algo ou alguma institui\u00e7\u00e3o em algo sagrado, um \u00eddolo. Assim, por ex., podemos ter idolatria do mercado, a idolatria do Estado socialista ou a idolatria da Igreja.<\/p>\n<p>Ultimamente, com a crise do neoliberalismo, as cr\u00edticas que alguns setores do cristianismo fazem ao sistema econ\u00f4mico capitalista foram se dirigindo a um novo alvo: o consumo. Eu penso que isso se deve, pelo menos em parte, a dois fatores: a) o capitalismo criou a cultura de consumo e a obsess\u00e3o do consumismo; b) a consci\u00eancia ecol\u00f3gica est\u00e1 criticando fortemente essa obsess\u00e3o do consumo por causa do seu car\u00e1ter destrutivo do meio ambiente. Por\u00e9m, eu penso que \u00e9 preciso ter cuidado para n\u00e3o confundir a cr\u00edtica \u00e0 cultura de consumo, com a sua espiritualidade de consumo, com a cr\u00edtica ao consumo como tal.<\/p>\n<p>Quando falo da espiritualidade de consumo, quero dizer que uma das for\u00e7as que move a vida das pessoas e da sociedade, d\u00e1 sentido de vida &#8211; e com isso o senso de dire\u00e7\u00e3o nas decis\u00f5es concretas- e serve de crit\u00e9rio para classificar a dignidade ou o valor das pessoas ou o processo de humaniza\u00e7\u00e3o \u00e9 o desejo de consumo. As pessoas constroem a sua auto-imagem e classificam hierarquicamente os grupos sociais pela sua capacidade de consumo e por o que consume. Para quem acha muito estranho falar de espiritualidade em campo econ\u00f4mico, n\u00e3o podemos esquecer que j\u00e1 Max Weber tinha diagnosticado que o capitalismo \u00e9 movido pelo esp\u00edrito capitalista.<\/p>\n<p>Entretanto, a cr\u00edtica a essa espiritualidade de consumo (com a apresenta\u00e7\u00e3o de outro tipo de espiritualidade realmente humanizadora) n\u00e3o pode significar a cr\u00edtica ao consumo como tal. Pois, consumir faz parte do viver humano. N\u00e3o conseguimos viver sem consumir alimentos, bebida, habita\u00e7\u00e3o, vestimentas, etc. E para celebrar amizades precisamos tamb\u00e9m de boa comida e boa bebida, em torno do qual nos reunimos. Mais importante \u00e9 que a nossa luta em favor dos mais pobres \u00e9 para que essas pessoas possam consumir melhor e mais.<\/p>\n<p>Se confundirmos a cr\u00edtica \u00e0 espiritualidade de consumo do sistema capitalista com a cr\u00edtica ao consumo como tal, n\u00e3o poderemos nos alegrar quando os pobres usufruem melhor as suas vidas tamb\u00e9m porque conseguem consumir mais e melhor. Uma cr\u00edtica nascida de boa inten\u00e7\u00e3o (a de criticar a injusti\u00e7a social e a obsess\u00e3o pelo consumo) pode gerar em n\u00f3s uma atitude negativista frente \u00e0 vida. Sobre isso, Hugo Assmann, no seu \u00faltimo texto inacabado, escreveu: &#8220;Em vez de alegrar-se com uma certa difus\u00e3o da renda e do poder aquisitivo, os negativistas anti-mercado despejam o seu moralismo contra o que me d\u00e1 enorme alegria, ver o povo comprando e fruindo do prazer de comprar&#8221;.<\/p>\n<div id=\"themify_builder_content-9664\" data-postid=\"9664\" class=\"themify_builder_content themify_builder_content-9664 themify_builder themify_builder_front\">\n\t<\/div>\n<!-- \/themify_builder_content -->","protected":false},"excerpt":{"rendered":"<p>Jung Mo Sung Por conta do tema da Campanha da Fraternidade, eu participei de v\u00e1rios eventos que debateram o tema da f\u00e9 crist\u00e3 e economia ou da economia e vida e, assim, pude entrar em contato com diversos grupos e ler diversos textos e cartilhas. Nesses contatos eu pude perceber que h\u00e1 uma posi\u00e7\u00e3o que [&hellip;]<\/p>\n","protected":false},"author":5,"featured_media":0,"comment_status":"open","ping_status":"open","sticky":false,"template":"","format":"standard","meta":{"ngg_post_thumbnail":0,"footnotes":""},"categories":[9],"tags":[229,633,106,754,320,1621,318],"yoast_head":"<!-- This site is optimized with the Yoast SEO plugin v23.5 - https:\/\/yoast.com\/wordpress\/plugins\/seo\/ -->\n<title>Consumo: o novo alvo? - O Arcanjo no ar<\/title>\n<meta name=\"robots\" content=\"index, follow, max-snippet:-1, max-image-preview:large, max-video-preview:-1\" \/>\n<link rel=\"canonical\" href=\"https:\/\/www.oarcanjo.net\/site\/consumo-o-novo-alvo\/\" \/>\n<meta property=\"og:locale\" content=\"pt_BR\" \/>\n<meta property=\"og:type\" content=\"article\" \/>\n<meta property=\"og:title\" content=\"Consumo: o novo alvo? - O Arcanjo no ar\" \/>\n<meta property=\"og:description\" content=\"Jung Mo Sung Por conta do tema da Campanha da Fraternidade, eu participei de v\u00e1rios eventos que debateram o tema da f\u00e9 crist\u00e3 e economia ou da economia e vida e, assim, pude entrar em contato com diversos grupos e ler diversos textos e cartilhas. Nesses contatos eu pude perceber que h\u00e1 uma posi\u00e7\u00e3o que [&hellip;]\" \/>\n<meta property=\"og:url\" content=\"https:\/\/www.oarcanjo.net\/site\/consumo-o-novo-alvo\/\" \/>\n<meta property=\"og:site_name\" content=\"O Arcanjo no ar\" \/>\n<meta property=\"article:publisher\" content=\"https:\/\/www.facebook.com\/OArcanjoNoAr\/\" \/>\n<meta property=\"article:published_time\" content=\"2010-06-01T02:36:17+00:00\" \/>\n<meta property=\"article:modified_time\" content=\"2010-06-01T02:41:33+00:00\" \/>\n<meta property=\"og:image\" content=\"https:\/\/www.oarcanjo.net\/site\/wp-content\/uploads\/logo-o-arcanjo-no-ar-facebook.png\" \/>\n\t<meta property=\"og:image:width\" content=\"300\" \/>\n\t<meta property=\"og:image:height\" content=\"300\" \/>\n\t<meta property=\"og:image:type\" content=\"image\/png\" \/>\n<meta name=\"author\" content=\"editor\" \/>\n<meta name=\"twitter:card\" content=\"summary_large_image\" \/>\n<meta name=\"twitter:label1\" content=\"Escrito por\" \/>\n\t<meta name=\"twitter:data1\" content=\"editor\" \/>\n\t<meta name=\"twitter:label2\" content=\"Est. tempo de leitura\" \/>\n\t<meta name=\"twitter:data2\" content=\"4 minutos\" \/>\n<script type=\"application\/ld+json\" class=\"yoast-schema-graph\">{\"@context\":\"https:\/\/schema.org\",\"@graph\":[{\"@type\":\"Article\",\"@id\":\"https:\/\/www.oarcanjo.net\/site\/consumo-o-novo-alvo\/#article\",\"isPartOf\":{\"@id\":\"https:\/\/www.oarcanjo.net\/site\/consumo-o-novo-alvo\/\"},\"author\":{\"name\":\"editor\",\"@id\":\"https:\/\/www.oarcanjo.net\/site\/#\/schema\/person\/f7024d007863202483a31326673a0838\"},\"headline\":\"Consumo: o novo alvo?\",\"datePublished\":\"2010-06-01T02:36:17+00:00\",\"dateModified\":\"2010-06-01T02:41:33+00:00\",\"mainEntityOfPage\":{\"@id\":\"https:\/\/www.oarcanjo.net\/site\/consumo-o-novo-alvo\/\"},\"wordCount\":747,\"commentCount\":0,\"publisher\":{\"@id\":\"https:\/\/www.oarcanjo.net\/site\/#organization\"},\"keywords\":[\"Campanha da Fraternidade\",\"capitalismo\",\"consumismo\",\"consumo\",\"economia\",\"Hugo Assmann\",\"mercado\"],\"articleSection\":[\"Reflex\u00f5es\"],\"inLanguage\":\"pt-BR\",\"potentialAction\":[{\"@type\":\"CommentAction\",\"name\":\"Comment\",\"target\":[\"https:\/\/www.oarcanjo.net\/site\/consumo-o-novo-alvo\/#respond\"]}]},{\"@type\":\"WebPage\",\"@id\":\"https:\/\/www.oarcanjo.net\/site\/consumo-o-novo-alvo\/\",\"url\":\"https:\/\/www.oarcanjo.net\/site\/consumo-o-novo-alvo\/\",\"name\":\"Consumo: o novo alvo? - O Arcanjo no ar\",\"isPartOf\":{\"@id\":\"https:\/\/www.oarcanjo.net\/site\/#website\"},\"datePublished\":\"2010-06-01T02:36:17+00:00\",\"dateModified\":\"2010-06-01T02:41:33+00:00\",\"breadcrumb\":{\"@id\":\"https:\/\/www.oarcanjo.net\/site\/consumo-o-novo-alvo\/#breadcrumb\"},\"inLanguage\":\"pt-BR\",\"potentialAction\":[{\"@type\":\"ReadAction\",\"target\":[\"https:\/\/www.oarcanjo.net\/site\/consumo-o-novo-alvo\/\"]}]},{\"@type\":\"BreadcrumbList\",\"@id\":\"https:\/\/www.oarcanjo.net\/site\/consumo-o-novo-alvo\/#breadcrumb\",\"itemListElement\":[{\"@type\":\"ListItem\",\"position\":1,\"name\":\"In\u00edcio\",\"item\":\"https:\/\/www.oarcanjo.net\/site\/\"},{\"@type\":\"ListItem\",\"position\":2,\"name\":\"Consumo: o novo alvo?\"}]},{\"@type\":\"WebSite\",\"@id\":\"https:\/\/www.oarcanjo.net\/site\/#website\",\"url\":\"https:\/\/www.oarcanjo.net\/site\/\",\"name\":\"O Arcanjo no ar\",\"description\":\"Site da Par\u00f3quia S\u00e3o Miguel Arcanjo (Arquidiocese de SP)\",\"publisher\":{\"@id\":\"https:\/\/www.oarcanjo.net\/site\/#organization\"},\"potentialAction\":[{\"@type\":\"SearchAction\",\"target\":{\"@type\":\"EntryPoint\",\"urlTemplate\":\"https:\/\/www.oarcanjo.net\/site\/?s={search_term_string}\"},\"query-input\":{\"@type\":\"PropertyValueSpecification\",\"valueRequired\":true,\"valueName\":\"search_term_string\"}}],\"inLanguage\":\"pt-BR\"},{\"@type\":\"Organization\",\"@id\":\"https:\/\/www.oarcanjo.net\/site\/#organization\",\"name\":\"Par\u00f3quia S\u00e3o Miguel Arcanjo\",\"url\":\"https:\/\/www.oarcanjo.net\/site\/\",\"logo\":{\"@type\":\"ImageObject\",\"inLanguage\":\"pt-BR\",\"@id\":\"https:\/\/www.oarcanjo.net\/site\/#\/schema\/logo\/image\/\",\"url\":\"https:\/\/www.oarcanjo.net\/site\/wp-content\/uploads\/LogoOArcanjo.png\",\"contentUrl\":\"https:\/\/www.oarcanjo.net\/site\/wp-content\/uploads\/LogoOArcanjo.png\",\"width\":319,\"height\":99,\"caption\":\"Par\u00f3quia S\u00e3o Miguel Arcanjo\"},\"image\":{\"@id\":\"https:\/\/www.oarcanjo.net\/site\/#\/schema\/logo\/image\/\"},\"sameAs\":[\"https:\/\/www.facebook.com\/OArcanjoNoAr\/\"]},{\"@type\":\"Person\",\"@id\":\"https:\/\/www.oarcanjo.net\/site\/#\/schema\/person\/f7024d007863202483a31326673a0838\",\"name\":\"editor\",\"sameAs\":[\"http:\/\/www.oarcanjo.net\"]}]}<\/script>\n<!-- \/ Yoast SEO plugin. -->","yoast_head_json":{"title":"Consumo: o novo alvo? - O Arcanjo no ar","robots":{"index":"index","follow":"follow","max-snippet":"max-snippet:-1","max-image-preview":"max-image-preview:large","max-video-preview":"max-video-preview:-1"},"canonical":"https:\/\/www.oarcanjo.net\/site\/consumo-o-novo-alvo\/","og_locale":"pt_BR","og_type":"article","og_title":"Consumo: o novo alvo? - O Arcanjo no ar","og_description":"Jung Mo Sung Por conta do tema da Campanha da Fraternidade, eu participei de v\u00e1rios eventos que debateram o tema da f\u00e9 crist\u00e3 e economia ou da economia e vida e, assim, pude entrar em contato com diversos grupos e ler diversos textos e cartilhas. Nesses contatos eu pude perceber que h\u00e1 uma posi\u00e7\u00e3o que [&hellip;]","og_url":"https:\/\/www.oarcanjo.net\/site\/consumo-o-novo-alvo\/","og_site_name":"O Arcanjo no ar","article_publisher":"https:\/\/www.facebook.com\/OArcanjoNoAr\/","article_published_time":"2010-06-01T02:36:17+00:00","article_modified_time":"2010-06-01T02:41:33+00:00","og_image":[{"width":300,"height":300,"url":"https:\/\/www.oarcanjo.net\/site\/wp-content\/uploads\/logo-o-arcanjo-no-ar-facebook.png","type":"image\/png"}],"author":"editor","twitter_card":"summary_large_image","twitter_misc":{"Escrito por":"editor","Est. tempo de leitura":"4 minutos"},"schema":{"@context":"https:\/\/schema.org","@graph":[{"@type":"Article","@id":"https:\/\/www.oarcanjo.net\/site\/consumo-o-novo-alvo\/#article","isPartOf":{"@id":"https:\/\/www.oarcanjo.net\/site\/consumo-o-novo-alvo\/"},"author":{"name":"editor","@id":"https:\/\/www.oarcanjo.net\/site\/#\/schema\/person\/f7024d007863202483a31326673a0838"},"headline":"Consumo: o novo alvo?","datePublished":"2010-06-01T02:36:17+00:00","dateModified":"2010-06-01T02:41:33+00:00","mainEntityOfPage":{"@id":"https:\/\/www.oarcanjo.net\/site\/consumo-o-novo-alvo\/"},"wordCount":747,"commentCount":0,"publisher":{"@id":"https:\/\/www.oarcanjo.net\/site\/#organization"},"keywords":["Campanha da Fraternidade","capitalismo","consumismo","consumo","economia","Hugo Assmann","mercado"],"articleSection":["Reflex\u00f5es"],"inLanguage":"pt-BR","potentialAction":[{"@type":"CommentAction","name":"Comment","target":["https:\/\/www.oarcanjo.net\/site\/consumo-o-novo-alvo\/#respond"]}]},{"@type":"WebPage","@id":"https:\/\/www.oarcanjo.net\/site\/consumo-o-novo-alvo\/","url":"https:\/\/www.oarcanjo.net\/site\/consumo-o-novo-alvo\/","name":"Consumo: o novo alvo? - O Arcanjo no ar","isPartOf":{"@id":"https:\/\/www.oarcanjo.net\/site\/#website"},"datePublished":"2010-06-01T02:36:17+00:00","dateModified":"2010-06-01T02:41:33+00:00","breadcrumb":{"@id":"https:\/\/www.oarcanjo.net\/site\/consumo-o-novo-alvo\/#breadcrumb"},"inLanguage":"pt-BR","potentialAction":[{"@type":"ReadAction","target":["https:\/\/www.oarcanjo.net\/site\/consumo-o-novo-alvo\/"]}]},{"@type":"BreadcrumbList","@id":"https:\/\/www.oarcanjo.net\/site\/consumo-o-novo-alvo\/#breadcrumb","itemListElement":[{"@type":"ListItem","position":1,"name":"In\u00edcio","item":"https:\/\/www.oarcanjo.net\/site\/"},{"@type":"ListItem","position":2,"name":"Consumo: o novo alvo?"}]},{"@type":"WebSite","@id":"https:\/\/www.oarcanjo.net\/site\/#website","url":"https:\/\/www.oarcanjo.net\/site\/","name":"O Arcanjo no ar","description":"Site da Par\u00f3quia S\u00e3o Miguel Arcanjo (Arquidiocese de SP)","publisher":{"@id":"https:\/\/www.oarcanjo.net\/site\/#organization"},"potentialAction":[{"@type":"SearchAction","target":{"@type":"EntryPoint","urlTemplate":"https:\/\/www.oarcanjo.net\/site\/?s={search_term_string}"},"query-input":{"@type":"PropertyValueSpecification","valueRequired":true,"valueName":"search_term_string"}}],"inLanguage":"pt-BR"},{"@type":"Organization","@id":"https:\/\/www.oarcanjo.net\/site\/#organization","name":"Par\u00f3quia S\u00e3o Miguel Arcanjo","url":"https:\/\/www.oarcanjo.net\/site\/","logo":{"@type":"ImageObject","inLanguage":"pt-BR","@id":"https:\/\/www.oarcanjo.net\/site\/#\/schema\/logo\/image\/","url":"https:\/\/www.oarcanjo.net\/site\/wp-content\/uploads\/LogoOArcanjo.png","contentUrl":"https:\/\/www.oarcanjo.net\/site\/wp-content\/uploads\/LogoOArcanjo.png","width":319,"height":99,"caption":"Par\u00f3quia S\u00e3o Miguel Arcanjo"},"image":{"@id":"https:\/\/www.oarcanjo.net\/site\/#\/schema\/logo\/image\/"},"sameAs":["https:\/\/www.facebook.com\/OArcanjoNoAr\/"]},{"@type":"Person","@id":"https:\/\/www.oarcanjo.net\/site\/#\/schema\/person\/f7024d007863202483a31326673a0838","name":"editor","sameAs":["http:\/\/www.oarcanjo.net"]}]}},"publishpress_future_action":{"enabled":false,"date":"2026-05-10 05:37:23","action":"category","newStatus":"draft","terms":[],"taxonomy":"category"},"publishpress_future_workflow_manual_trigger":{"enabledWorkflows":[]},"_links":{"self":[{"href":"https:\/\/www.oarcanjo.net\/site\/wp-json\/wp\/v2\/posts\/9664"}],"collection":[{"href":"https:\/\/www.oarcanjo.net\/site\/wp-json\/wp\/v2\/posts"}],"about":[{"href":"https:\/\/www.oarcanjo.net\/site\/wp-json\/wp\/v2\/types\/post"}],"author":[{"embeddable":true,"href":"https:\/\/www.oarcanjo.net\/site\/wp-json\/wp\/v2\/users\/5"}],"replies":[{"embeddable":true,"href":"https:\/\/www.oarcanjo.net\/site\/wp-json\/wp\/v2\/comments?post=9664"}],"version-history":[{"count":0,"href":"https:\/\/www.oarcanjo.net\/site\/wp-json\/wp\/v2\/posts\/9664\/revisions"}],"wp:attachment":[{"href":"https:\/\/www.oarcanjo.net\/site\/wp-json\/wp\/v2\/media?parent=9664"}],"wp:term":[{"taxonomy":"category","embeddable":true,"href":"https:\/\/www.oarcanjo.net\/site\/wp-json\/wp\/v2\/categories?post=9664"},{"taxonomy":"post_tag","embeddable":true,"href":"https:\/\/www.oarcanjo.net\/site\/wp-json\/wp\/v2\/tags?post=9664"}],"curies":[{"name":"wp","href":"https:\/\/api.w.org\/{rel}","templated":true}]}}