
{"id":9685,"date":"2019-06-09T10:35:38","date_gmt":"2019-06-09T13:35:38","guid":{"rendered":"http:\/\/www.oarcanjo.net\/site\/?p=9685"},"modified":"2021-03-04T10:38:51","modified_gmt":"2021-03-04T13:38:51","slug":"santo-efrem","status":"publish","type":"post","link":"https:\/\/www.oarcanjo.net\/site\/santo-efrem\/","title":{"rendered":"Santo Efr\u00e9m"},"content":{"rendered":"<p><img loading=\"lazy\" decoding=\"async\" class=\"alignnone size-full wp-image-106548\" src=\"https:\/\/www.oarcanjo.net\/site\/wp-content\/uploads\/Sao-Efrem.jpg\" alt=\"\" width=\"299\" height=\"450\" srcset=\"https:\/\/www.oarcanjo.net\/site\/wp-content\/uploads\/Sao-Efrem.jpg 299w, https:\/\/www.oarcanjo.net\/site\/wp-content\/uploads\/Sao-Efrem-199x300.jpg 199w\" sizes=\"(max-width: 299px) 100vw, 299px\" \/><\/p>\n<p>9 de Junho<\/p>\n<p>Efr\u00e9m nasceu no ano 306, bem no in\u00edcio do s\u00e9culo IV, na cidade de Nisibi, atual Turquia. Cresceu em meio a graves conflitos de ordem religiosa, al\u00e9m das heresias que surgiam tentando abalar a unidade da Igreja. Mas todos eles s\u00f3 serviram de fermento para que sua f\u00e9 em Cristo e sua ardente devo\u00e7\u00e3o \u00e0 Virgem Maria vigorassem e se firmassem.<\/p>\n<p>O pai de Efr\u00e9m era sacerdote pag\u00e3o, embora sua m\u00e3e, crist\u00e3, defendesse a liberdade religiosa educando o filho dentro dos preceitos da palavra de Cristo. Ele foi educado na inf\u00e2ncia entre a dualidade do paganismo do pai e do cristianismo da m\u00e3e, pois o Edito de Mil\u00e3o, autorizando a liberdade de culto, s\u00f3 entrou em vigor quando ele j\u00e1 tinha sete anos de idade. Mas o patriarca da fam\u00edlia jamais aceitou a f\u00e9 professada pelo filho. Como n\u00e3o o venceu nem com a for\u00e7a, nem com argumentos, expulsou-o de casa. Efr\u00e9m foi batizado aos dezoito anos e viveu do seu pr\u00f3prio sustento, trabalhando num balne\u00e1rio local.<\/p>\n<p>No ano 338, Nisibi foi invadida pelos persas. Efr\u00e9m, ent\u00e3o di\u00e1cono, deslocou-se para a cidade de Edessa, tamb\u00e9m atual Turquia. Os poucos registros sobre sua vida contam-nos que era muito austero. Ele dirigiu e lecionou uma escola que pregava e defendia os princ\u00edpios crist\u00e3os, escrevendo v\u00e1rias obras sobre o tema. Como n\u00e3o sabia grego, sua obra ficou isenta da influ\u00eancia dos te\u00f3logos seus contempor\u00e2neos, inclinados \u00e0 controv\u00e9rsia da Trindade. Efr\u00e9m foi um ardente defensor da genu\u00edna doutrina crist\u00e3 antiga.<\/p>\n<p>Com veia po\u00e9tica, seus serm\u00f5es atraiam multid\u00f5es e sua escola era muito concorrida pelo conte\u00fado did\u00e1tico simples e exortativo, atingindo diretamente o povo mais humilde. Na sua \u00e9poca estava-se organizando o canto religioso alternado nas igrejas. Esse movimento foi iniciado pelos bispos Ambr\u00f3sio de Mil\u00e3o e Diodoro da Antioquia. A colabora\u00e7\u00e3o do di\u00e1cono Efr\u00e9m de Nisibi foram poesias na l\u00edngua nativa pr\u00f3prias para o canto coletivo, o que permitiu uma r\u00e1pida divulga\u00e7\u00e3o.<\/p>\n<p>Por sua linguagem po\u00e9tica recebeu o apelido carinhoso de &#8220;Harpa do Esp\u00edrito Santo&#8221;. Somente a Nossa Senhora dedicou mais de vinte poemas, transformados em hinos. Suas poesias eram t\u00e3o populares e empolgantes que da S\u00edria espalharam-se e chegaram at\u00e9 o Oriente mediterr\u00e2neo, gra\u00e7as a uma cuidadosa e fiel tradu\u00e7\u00e3o em grego.<\/p>\n<p>Efr\u00e9m morreu no dia 9 de junho de 373, em Edessa, sem ter sido ordenado sacerdote. Desde ent\u00e3o, \u00e9 venerado neste dia por sua santidade, tanto pelos cat\u00f3licos do Oriente como do Ocidente. O papa Bento XV declarou-o doutor da Igreja em 1920.<\/p>\n<div id=\"themify_builder_content-9685\" data-postid=\"9685\" class=\"themify_builder_content themify_builder_content-9685 themify_builder themify_builder_front\">\n\t<\/div>\n<!-- \/themify_builder_content -->","protected":false},"excerpt":{"rendered":"<p>9 de Junho Efr\u00e9m nasceu no ano 306, bem no in\u00edcio do s\u00e9culo IV, na cidade de Nisibi, atual Turquia. Cresceu em meio a graves conflitos de ordem religiosa, al\u00e9m das heresias que surgiam tentando abalar a unidade da Igreja. Mas todos eles s\u00f3 serviram de fermento para que sua f\u00e9 em Cristo e sua [&hellip;]<\/p>\n","protected":false},"author":14,"featured_media":0,"comment_status":"open","ping_status":"open","sticky":false,"template":"","format":"standard","meta":{"ngg_post_thumbnail":0,"footnotes":""},"categories":[186],"tags":[],"yoast_head":"<!-- This site is optimized with the Yoast SEO plugin v23.5 - https:\/\/yoast.com\/wordpress\/plugins\/seo\/ -->\n<title>Santo Efr\u00e9m - O Arcanjo no ar<\/title>\n<meta name=\"robots\" content=\"index, follow, max-snippet:-1, max-image-preview:large, max-video-preview:-1\" \/>\n<link rel=\"canonical\" href=\"https:\/\/www.oarcanjo.net\/site\/santo-efrem\/\" \/>\n<meta property=\"og:locale\" content=\"pt_BR\" \/>\n<meta property=\"og:type\" content=\"article\" \/>\n<meta property=\"og:title\" content=\"Santo Efr\u00e9m - O Arcanjo no ar\" \/>\n<meta property=\"og:description\" content=\"9 de Junho Efr\u00e9m nasceu no ano 306, bem no in\u00edcio do s\u00e9culo IV, na cidade de Nisibi, atual Turquia. Cresceu em meio a graves conflitos de ordem religiosa, al\u00e9m das heresias que surgiam tentando abalar a unidade da Igreja. Mas todos eles s\u00f3 serviram de fermento para que sua f\u00e9 em Cristo e sua [&hellip;]\" \/>\n<meta property=\"og:url\" content=\"https:\/\/www.oarcanjo.net\/site\/santo-efrem\/\" \/>\n<meta property=\"og:site_name\" content=\"O Arcanjo no ar\" \/>\n<meta property=\"article:publisher\" content=\"https:\/\/www.facebook.com\/OArcanjoNoAr\/\" \/>\n<meta property=\"article:published_time\" content=\"2019-06-09T13:35:38+00:00\" \/>\n<meta property=\"article:modified_time\" content=\"2021-03-04T13:38:51+00:00\" \/>\n<meta property=\"og:image\" content=\"https:\/\/www.oarcanjo.net\/site\/wp-content\/uploads\/Sao-Efrem.jpg\" \/>\n<meta name=\"author\" content=\"danilo\" \/>\n<meta name=\"twitter:card\" content=\"summary_large_image\" \/>\n<meta name=\"twitter:label1\" content=\"Escrito por\" \/>\n\t<meta name=\"twitter:data1\" content=\"danilo\" \/>\n\t<meta name=\"twitter:label2\" content=\"Est. tempo de leitura\" \/>\n\t<meta name=\"twitter:data2\" content=\"2 minutos\" \/>\n<script type=\"application\/ld+json\" class=\"yoast-schema-graph\">{\"@context\":\"https:\/\/schema.org\",\"@graph\":[{\"@type\":\"Article\",\"@id\":\"https:\/\/www.oarcanjo.net\/site\/santo-efrem\/#article\",\"isPartOf\":{\"@id\":\"https:\/\/www.oarcanjo.net\/site\/santo-efrem\/\"},\"author\":{\"name\":\"danilo\",\"@id\":\"https:\/\/www.oarcanjo.net\/site\/#\/schema\/person\/5eb9480bedd2f3c97e430ce128c29c6c\"},\"headline\":\"Santo Efr\u00e9m\",\"datePublished\":\"2019-06-09T13:35:38+00:00\",\"dateModified\":\"2021-03-04T13:38:51+00:00\",\"mainEntityOfPage\":{\"@id\":\"https:\/\/www.oarcanjo.net\/site\/santo-efrem\/\"},\"wordCount\":464,\"commentCount\":0,\"publisher\":{\"@id\":\"https:\/\/www.oarcanjo.net\/site\/#organization\"},\"image\":{\"@id\":\"https:\/\/www.oarcanjo.net\/site\/santo-efrem\/#primaryimage\"},\"thumbnailUrl\":\"https:\/\/www.oarcanjo.net\/site\/wp-content\/uploads\/Sao-Efrem.jpg\",\"articleSection\":[\"Testemunhos\"],\"inLanguage\":\"pt-BR\",\"potentialAction\":[{\"@type\":\"CommentAction\",\"name\":\"Comment\",\"target\":[\"https:\/\/www.oarcanjo.net\/site\/santo-efrem\/#respond\"]}]},{\"@type\":\"WebPage\",\"@id\":\"https:\/\/www.oarcanjo.net\/site\/santo-efrem\/\",\"url\":\"https:\/\/www.oarcanjo.net\/site\/santo-efrem\/\",\"name\":\"Santo Efr\u00e9m - O Arcanjo no ar\",\"isPartOf\":{\"@id\":\"https:\/\/www.oarcanjo.net\/site\/#website\"},\"primaryImageOfPage\":{\"@id\":\"https:\/\/www.oarcanjo.net\/site\/santo-efrem\/#primaryimage\"},\"image\":{\"@id\":\"https:\/\/www.oarcanjo.net\/site\/santo-efrem\/#primaryimage\"},\"thumbnailUrl\":\"https:\/\/www.oarcanjo.net\/site\/wp-content\/uploads\/Sao-Efrem.jpg\",\"datePublished\":\"2019-06-09T13:35:38+00:00\",\"dateModified\":\"2021-03-04T13:38:51+00:00\",\"breadcrumb\":{\"@id\":\"https:\/\/www.oarcanjo.net\/site\/santo-efrem\/#breadcrumb\"},\"inLanguage\":\"pt-BR\",\"potentialAction\":[{\"@type\":\"ReadAction\",\"target\":[\"https:\/\/www.oarcanjo.net\/site\/santo-efrem\/\"]}]},{\"@type\":\"ImageObject\",\"inLanguage\":\"pt-BR\",\"@id\":\"https:\/\/www.oarcanjo.net\/site\/santo-efrem\/#primaryimage\",\"url\":\"https:\/\/www.oarcanjo.net\/site\/wp-content\/uploads\/Sao-Efrem.jpg\",\"contentUrl\":\"https:\/\/www.oarcanjo.net\/site\/wp-content\/uploads\/Sao-Efrem.jpg\",\"width\":299,\"height\":450},{\"@type\":\"BreadcrumbList\",\"@id\":\"https:\/\/www.oarcanjo.net\/site\/santo-efrem\/#breadcrumb\",\"itemListElement\":[{\"@type\":\"ListItem\",\"position\":1,\"name\":\"In\u00edcio\",\"item\":\"https:\/\/www.oarcanjo.net\/site\/\"},{\"@type\":\"ListItem\",\"position\":2,\"name\":\"Santo Efr\u00e9m\"}]},{\"@type\":\"WebSite\",\"@id\":\"https:\/\/www.oarcanjo.net\/site\/#website\",\"url\":\"https:\/\/www.oarcanjo.net\/site\/\",\"name\":\"O Arcanjo no ar\",\"description\":\"Site da Par\u00f3quia S\u00e3o Miguel Arcanjo (Arquidiocese de SP)\",\"publisher\":{\"@id\":\"https:\/\/www.oarcanjo.net\/site\/#organization\"},\"potentialAction\":[{\"@type\":\"SearchAction\",\"target\":{\"@type\":\"EntryPoint\",\"urlTemplate\":\"https:\/\/www.oarcanjo.net\/site\/?s={search_term_string}\"},\"query-input\":{\"@type\":\"PropertyValueSpecification\",\"valueRequired\":true,\"valueName\":\"search_term_string\"}}],\"inLanguage\":\"pt-BR\"},{\"@type\":\"Organization\",\"@id\":\"https:\/\/www.oarcanjo.net\/site\/#organization\",\"name\":\"Par\u00f3quia S\u00e3o Miguel Arcanjo\",\"url\":\"https:\/\/www.oarcanjo.net\/site\/\",\"logo\":{\"@type\":\"ImageObject\",\"inLanguage\":\"pt-BR\",\"@id\":\"https:\/\/www.oarcanjo.net\/site\/#\/schema\/logo\/image\/\",\"url\":\"https:\/\/www.oarcanjo.net\/site\/wp-content\/uploads\/LogoOArcanjo.png\",\"contentUrl\":\"https:\/\/www.oarcanjo.net\/site\/wp-content\/uploads\/LogoOArcanjo.png\",\"width\":319,\"height\":99,\"caption\":\"Par\u00f3quia S\u00e3o Miguel Arcanjo\"},\"image\":{\"@id\":\"https:\/\/www.oarcanjo.net\/site\/#\/schema\/logo\/image\/\"},\"sameAs\":[\"https:\/\/www.facebook.com\/OArcanjoNoAr\/\"]},{\"@type\":\"Person\",\"@id\":\"https:\/\/www.oarcanjo.net\/site\/#\/schema\/person\/5eb9480bedd2f3c97e430ce128c29c6c\",\"name\":\"danilo\"}]}<\/script>\n<!-- \/ Yoast SEO plugin. -->","yoast_head_json":{"title":"Santo Efr\u00e9m - O Arcanjo no ar","robots":{"index":"index","follow":"follow","max-snippet":"max-snippet:-1","max-image-preview":"max-image-preview:large","max-video-preview":"max-video-preview:-1"},"canonical":"https:\/\/www.oarcanjo.net\/site\/santo-efrem\/","og_locale":"pt_BR","og_type":"article","og_title":"Santo Efr\u00e9m - O Arcanjo no ar","og_description":"9 de Junho Efr\u00e9m nasceu no ano 306, bem no in\u00edcio do s\u00e9culo IV, na cidade de Nisibi, atual Turquia. Cresceu em meio a graves conflitos de ordem religiosa, al\u00e9m das heresias que surgiam tentando abalar a unidade da Igreja. Mas todos eles s\u00f3 serviram de fermento para que sua f\u00e9 em Cristo e sua [&hellip;]","og_url":"https:\/\/www.oarcanjo.net\/site\/santo-efrem\/","og_site_name":"O Arcanjo no ar","article_publisher":"https:\/\/www.facebook.com\/OArcanjoNoAr\/","article_published_time":"2019-06-09T13:35:38+00:00","article_modified_time":"2021-03-04T13:38:51+00:00","og_image":[{"url":"https:\/\/www.oarcanjo.net\/site\/wp-content\/uploads\/Sao-Efrem.jpg"}],"author":"danilo","twitter_card":"summary_large_image","twitter_misc":{"Escrito por":"danilo","Est. tempo de leitura":"2 minutos"},"schema":{"@context":"https:\/\/schema.org","@graph":[{"@type":"Article","@id":"https:\/\/www.oarcanjo.net\/site\/santo-efrem\/#article","isPartOf":{"@id":"https:\/\/www.oarcanjo.net\/site\/santo-efrem\/"},"author":{"name":"danilo","@id":"https:\/\/www.oarcanjo.net\/site\/#\/schema\/person\/5eb9480bedd2f3c97e430ce128c29c6c"},"headline":"Santo Efr\u00e9m","datePublished":"2019-06-09T13:35:38+00:00","dateModified":"2021-03-04T13:38:51+00:00","mainEntityOfPage":{"@id":"https:\/\/www.oarcanjo.net\/site\/santo-efrem\/"},"wordCount":464,"commentCount":0,"publisher":{"@id":"https:\/\/www.oarcanjo.net\/site\/#organization"},"image":{"@id":"https:\/\/www.oarcanjo.net\/site\/santo-efrem\/#primaryimage"},"thumbnailUrl":"https:\/\/www.oarcanjo.net\/site\/wp-content\/uploads\/Sao-Efrem.jpg","articleSection":["Testemunhos"],"inLanguage":"pt-BR","potentialAction":[{"@type":"CommentAction","name":"Comment","target":["https:\/\/www.oarcanjo.net\/site\/santo-efrem\/#respond"]}]},{"@type":"WebPage","@id":"https:\/\/www.oarcanjo.net\/site\/santo-efrem\/","url":"https:\/\/www.oarcanjo.net\/site\/santo-efrem\/","name":"Santo Efr\u00e9m - O Arcanjo no ar","isPartOf":{"@id":"https:\/\/www.oarcanjo.net\/site\/#website"},"primaryImageOfPage":{"@id":"https:\/\/www.oarcanjo.net\/site\/santo-efrem\/#primaryimage"},"image":{"@id":"https:\/\/www.oarcanjo.net\/site\/santo-efrem\/#primaryimage"},"thumbnailUrl":"https:\/\/www.oarcanjo.net\/site\/wp-content\/uploads\/Sao-Efrem.jpg","datePublished":"2019-06-09T13:35:38+00:00","dateModified":"2021-03-04T13:38:51+00:00","breadcrumb":{"@id":"https:\/\/www.oarcanjo.net\/site\/santo-efrem\/#breadcrumb"},"inLanguage":"pt-BR","potentialAction":[{"@type":"ReadAction","target":["https:\/\/www.oarcanjo.net\/site\/santo-efrem\/"]}]},{"@type":"ImageObject","inLanguage":"pt-BR","@id":"https:\/\/www.oarcanjo.net\/site\/santo-efrem\/#primaryimage","url":"https:\/\/www.oarcanjo.net\/site\/wp-content\/uploads\/Sao-Efrem.jpg","contentUrl":"https:\/\/www.oarcanjo.net\/site\/wp-content\/uploads\/Sao-Efrem.jpg","width":299,"height":450},{"@type":"BreadcrumbList","@id":"https:\/\/www.oarcanjo.net\/site\/santo-efrem\/#breadcrumb","itemListElement":[{"@type":"ListItem","position":1,"name":"In\u00edcio","item":"https:\/\/www.oarcanjo.net\/site\/"},{"@type":"ListItem","position":2,"name":"Santo Efr\u00e9m"}]},{"@type":"WebSite","@id":"https:\/\/www.oarcanjo.net\/site\/#website","url":"https:\/\/www.oarcanjo.net\/site\/","name":"O Arcanjo no ar","description":"Site da Par\u00f3quia S\u00e3o Miguel Arcanjo (Arquidiocese de SP)","publisher":{"@id":"https:\/\/www.oarcanjo.net\/site\/#organization"},"potentialAction":[{"@type":"SearchAction","target":{"@type":"EntryPoint","urlTemplate":"https:\/\/www.oarcanjo.net\/site\/?s={search_term_string}"},"query-input":{"@type":"PropertyValueSpecification","valueRequired":true,"valueName":"search_term_string"}}],"inLanguage":"pt-BR"},{"@type":"Organization","@id":"https:\/\/www.oarcanjo.net\/site\/#organization","name":"Par\u00f3quia S\u00e3o Miguel Arcanjo","url":"https:\/\/www.oarcanjo.net\/site\/","logo":{"@type":"ImageObject","inLanguage":"pt-BR","@id":"https:\/\/www.oarcanjo.net\/site\/#\/schema\/logo\/image\/","url":"https:\/\/www.oarcanjo.net\/site\/wp-content\/uploads\/LogoOArcanjo.png","contentUrl":"https:\/\/www.oarcanjo.net\/site\/wp-content\/uploads\/LogoOArcanjo.png","width":319,"height":99,"caption":"Par\u00f3quia S\u00e3o Miguel Arcanjo"},"image":{"@id":"https:\/\/www.oarcanjo.net\/site\/#\/schema\/logo\/image\/"},"sameAs":["https:\/\/www.facebook.com\/OArcanjoNoAr\/"]},{"@type":"Person","@id":"https:\/\/www.oarcanjo.net\/site\/#\/schema\/person\/5eb9480bedd2f3c97e430ce128c29c6c","name":"danilo"}]}},"publishpress_future_action":{"enabled":false,"date":"2026-05-08 13:11:43","action":"category","newStatus":"draft","terms":[],"taxonomy":"category"},"publishpress_future_workflow_manual_trigger":{"enabledWorkflows":[]},"_links":{"self":[{"href":"https:\/\/www.oarcanjo.net\/site\/wp-json\/wp\/v2\/posts\/9685"}],"collection":[{"href":"https:\/\/www.oarcanjo.net\/site\/wp-json\/wp\/v2\/posts"}],"about":[{"href":"https:\/\/www.oarcanjo.net\/site\/wp-json\/wp\/v2\/types\/post"}],"author":[{"embeddable":true,"href":"https:\/\/www.oarcanjo.net\/site\/wp-json\/wp\/v2\/users\/14"}],"replies":[{"embeddable":true,"href":"https:\/\/www.oarcanjo.net\/site\/wp-json\/wp\/v2\/comments?post=9685"}],"version-history":[{"count":3,"href":"https:\/\/www.oarcanjo.net\/site\/wp-json\/wp\/v2\/posts\/9685\/revisions"}],"predecessor-version":[{"id":106547,"href":"https:\/\/www.oarcanjo.net\/site\/wp-json\/wp\/v2\/posts\/9685\/revisions\/106547"}],"wp:attachment":[{"href":"https:\/\/www.oarcanjo.net\/site\/wp-json\/wp\/v2\/media?parent=9685"}],"wp:term":[{"taxonomy":"category","embeddable":true,"href":"https:\/\/www.oarcanjo.net\/site\/wp-json\/wp\/v2\/categories?post=9685"},{"taxonomy":"post_tag","embeddable":true,"href":"https:\/\/www.oarcanjo.net\/site\/wp-json\/wp\/v2\/tags?post=9685"}],"curies":[{"name":"wp","href":"https:\/\/api.w.org\/{rel}","templated":true}]}}